{"id":987,"date":"2024-10-25T06:35:24","date_gmt":"2024-10-25T06:35:24","guid":{"rendered":"https:\/\/www.diario21.tv\/noticias\/atencion-proximo-apagon-de-la-tdt-descubre-si-debes-cambiar-tu-televisor\/"},"modified":"2024-10-25T06:35:26","modified_gmt":"2024-10-25T06:35:26","slug":"atencion-proximo-apagon-de-la-tdt-descubre-si-debes-cambiar-tu-televisor","status":"publish","type":"post","link":"https:\/\/www.diario21.tv\/noticias\/atencion-proximo-apagon-de-la-tdt-descubre-si-debes-cambiar-tu-televisor\/","title":{"rendered":"\u00a1Atenci\u00f3n! Pr\u00f3ximo apag\u00f3n de la TDT: Descubre si debes cambiar tu televisor"},"content":{"rendered":"<h2>Nueva Interrupci\u00f3n en la TDT: Fechas y Afectados por el Cambio de Televisores<\/h2>\n<p>Con los avances tecnol\u00f3gicos y la constante evoluci\u00f3n en la transmisi\u00f3n de televisi\u00f3n digital, se ha anunciado una nueva fase de interrupciones en la TDT (Televisi\u00f3n Digital Terrestre). Este cambio est\u00e1 programado para optimizar y mejorar la calidad de la se\u00f1al televisiva, afectando a diversos usuarios que deber\u00e1n adaptarse a las nuevas necesidades tecnol\u00f3gicas. Aqu\u00ed te explicamos cu\u00e1ndo ocurrir\u00e1 este cambio y qui\u00e9nes ser\u00e1n los m\u00e1s afectados.<\/p>\n<h3>\u00bfCu\u00e1ndo suceder\u00e1 el nuevo apag\u00f3n de la TDT?<\/h3>\n<p>El nuevo cese de la antigua se\u00f1al de TDT est\u00e1 programado para llevarse a cabo progresivamente en diferentes etapas. Este proceso comenzar\u00e1 en el pr\u00f3ximo a\u00f1o y se espera que se complete en su totalidad a mediados de la d\u00e9cada. La transici\u00f3n ser\u00e1 gradual, asegurando que todos los usuarios tengan tiempo suficiente para realizar los ajustes necesarios en sus equipos de recepci\u00f3n de televisi\u00f3n.<\/p>\n<h3>\u00bfQui\u00e9nes necesitan cambiar sus televisores?<\/h3>\n<p>No todos los usuarios de la TDT se ver\u00e1n obligados a cambiar sus televisores. Sin embargo, aquellos que cuenten con equipos m\u00e1s antiguos, que no sean compatibles con las nuevas tecnolog\u00edas de transmisi\u00f3n, necesitar\u00e1n adquirir nuevos dispositivos que s\u00ed lo sean. Espec\u00edficamente, se requerir\u00e1 que los televisores tengan capacidad para recibir la se\u00f1al bajo el nuevo est\u00e1ndar, que promete mejorar la calidad de la imagen y del sonido.<\/p>\n<p>Para determinar si es necesario cambiar tu televisor, es aconsejable consultar el manual del usuario o contactar directamente con el fabricante. Ellos podr\u00e1n proporcionarte la informaci\u00f3n espec\u00edfica sobre la compatibilidad de tu modelo con las nuevas normativas de transmisi\u00f3n digital.<\/p>\n<h3>Beneficios de la actualizaci\u00f3n tecnol\u00f3gica en la TDT<\/h3>\n<p>La principal ventaja de esta actualizaci\u00f3n es la significativa mejora en la calidad de la transmisi\u00f3n. Los espectadores podr\u00e1n disfrutar de una mayor claridad en la imagen y fidelidad en el sonido. Adem\u00e1s, este cambio permitir\u00e1 una mejor recepci\u00f3n en \u00e1reas que anteriormente ten\u00edan se\u00f1al limitada o de baja calidad.<\/p>\n<p>Otro beneficio importante es la liberaci\u00f3n de frecuencias que anteriormente estaban ocupadas por la TDT. Estas frecuencias ser\u00e1n utilizadas para expandir y mejorar los servicios de telecomunicaciones m\u00f3viles, como la implementaci\u00f3n de redes 5G, que requieren de un espectro m\u00e1s amplio para funcionar eficientemente.<\/p>\n<h3>Recomendaciones para los usuarios de la TDT<\/h3>\n<p>Para los usuarios que se ver\u00e1n afectados por este cambio, es recomendable comenzar a planificar con anticipaci\u00f3n. Revisar la compatibilidad de sus televisores actuales y considerar la compra de nuevos equipos si es necesario. Adem\u00e1s, estar atentos a las campa\u00f1as de informaci\u00f3n que las autoridades y los proveedores de servicios de televisi\u00f3n lanzar\u00e1n para facilitar esta transici\u00f3n.<\/p>\n<p>Aunque el cambio pueda parecer un inconveniente inicialmente, a largo plazo, la actualizaci\u00f3n de la TDT representa un paso adelante hacia una mejor calidad de servicio y una mayor oferta de opciones de entretenimiento para los televidentes.<\/p>\n\n\n<div class=\"kk-star-ratings kksr-auto kksr-align-left kksr-valign-bottom\"\n    data-payload='{&quot;align&quot;:&quot;left&quot;,&quot;id&quot;:&quot;987&quot;,&quot;slug&quot;:&quot;default&quot;,&quot;valign&quot;:&quot;bottom&quot;,&quot;ignore&quot;:&quot;&quot;,&quot;reference&quot;:&quot;auto&quot;,&quot;class&quot;:&quot;&quot;,&quot;count&quot;:&quot;0&quot;,&quot;legendonly&quot;:&quot;&quot;,&quot;readonly&quot;:&quot;&quot;,&quot;score&quot;:&quot;0&quot;,&quot;starsonly&quot;:&quot;&quot;,&quot;best&quot;:&quot;5&quot;,&quot;gap&quot;:&quot;5&quot;,&quot;greet&quot;:&quot;Valora este post&quot;,&quot;legend&quot;:&quot;0\\\/5 - (0 votes)&quot;,&quot;size&quot;:&quot;22&quot;,&quot;title&quot;:&quot;\u00a1Atenci\u00f3n! Pr\u00f3ximo apag\u00f3n de la TDT: Descubre si debes cambiar tu televisor&quot;,&quot;width&quot;:&quot;0&quot;,&quot;_legend&quot;:&quot;{score}\\\/{best} - ({count} {votes})&quot;,&quot;font_factor&quot;:&quot;1.25&quot;}'>\n            \n<div class=\"kksr-stars\">\n    \n<div class=\"kksr-stars-inactive\">\n            <div class=\"kksr-star\" data-star=\"1\" style=\"padding-right: 5px\">\n            \n\n<div class=\"kksr-icon\" style=\"width: 22px; height: 22px;\"><\/div>\n        <\/div>\n            <div class=\"kksr-star\" data-star=\"2\" style=\"padding-right: 5px\">\n            \n\n<div class=\"kksr-icon\" style=\"width: 22px; height: 22px;\"><\/div>\n        <\/div>\n            <div class=\"kksr-star\" data-star=\"3\" style=\"padding-right: 5px\">\n            \n\n<div class=\"kksr-icon\" style=\"width: 22px; height: 22px;\"><\/div>\n        <\/div>\n            <div class=\"kksr-star\" data-star=\"4\" style=\"padding-right: 5px\">\n            \n\n<div class=\"kksr-icon\" style=\"width: 22px; height: 22px;\"><\/div>\n        <\/div>\n            <div class=\"kksr-star\" data-star=\"5\" style=\"padding-right: 5px\">\n            \n\n<div class=\"kksr-icon\" style=\"width: 22px; height: 22px;\"><\/div>\n        <\/div>\n    <\/div>\n    \n<div class=\"kksr-stars-active\" style=\"width: 0px;\">\n            <div class=\"kksr-star\" style=\"padding-right: 5px\">\n            \n\n<div class=\"kksr-icon\" style=\"width: 22px; height: 22px;\"><\/div>\n        <\/div>\n            <div class=\"kksr-star\" style=\"padding-right: 5px\">\n            \n\n<div class=\"kksr-icon\" style=\"width: 22px; height: 22px;\"><\/div>\n        <\/div>\n            <div class=\"kksr-star\" style=\"padding-right: 5px\">\n            \n\n<div class=\"kksr-icon\" style=\"width: 22px; height: 22px;\"><\/div>\n        <\/div>\n            <div class=\"kksr-star\" style=\"padding-right: 5px\">\n            \n\n<div class=\"kksr-icon\" style=\"width: 22px; height: 22px;\"><\/div>\n        <\/div>\n            <div class=\"kksr-star\" style=\"padding-right: 5px\">\n            \n\n<div class=\"kksr-icon\" style=\"width: 22px; height: 22px;\"><\/div>\n        <\/div>\n    <\/div>\n<\/div>\n                \n\n<div class=\"kksr-legend\" style=\"font-size: 17.6px;\">\n            <span class=\"kksr-muted\">Valora este post<\/span>\n    <\/div>\n    <\/div>\n","protected":false},"excerpt":{"rendered":"<p>Nueva Interrupci\u00f3n en la TDT: Fechas y Afectados por el Cambio de Televisores Con los avances tecnol\u00f3gicos y la constante evoluci\u00f3n en la transmisi\u00f3n de televisi\u00f3n &#8230; <a title=\"\u00a1Atenci\u00f3n! Pr\u00f3ximo apag\u00f3n de la TDT: Descubre si debes cambiar tu televisor\" class=\"read-more\" href=\"https:\/\/www.diario21.tv\/noticias\/atencion-proximo-apagon-de-la-tdt-descubre-si-debes-cambiar-tu-televisor\/\" aria-label=\"Leer m\u00e1s sobre \u00a1Atenci\u00f3n! Pr\u00f3ximo apag\u00f3n de la TDT: Descubre si debes cambiar tu televisor\">Seguir leyendo &rarr;<\/a><\/p>\n","protected":false},"author":20,"featured_media":988,"comment_status":"open","ping_status":"open","sticky":false,"template":"","format":"standard","meta":{"footnotes":""},"categories":[13],"tags":[],"class_list":["post-987","post","type-post","status-publish","format-standard","has-post-thumbnail","hentry","category-portada"],"yoast_head":"<!-- This site is optimized with the Yoast SEO plugin v25.6 - https:\/\/yoast.com\/wordpress\/plugins\/seo\/ -->\n<title>\u00a1Atenci\u00f3n! Pr\u00f3ximo apag\u00f3n de la TDT: Descubre si debes cambiar tu televisor - Diario 21<\/title>\n<meta name=\"robots\" content=\"index, follow, max-snippet:-1, max-image-preview:large, max-video-preview:-1\" \/>\n<link rel=\"canonical\" href=\"https:\/\/www.diario21.tv\/noticias\/atencion-proximo-apagon-de-la-tdt-descubre-si-debes-cambiar-tu-televisor\/\" \/>\n<meta property=\"og:locale\" content=\"es_ES\" \/>\n<meta property=\"og:type\" content=\"article\" \/>\n<meta property=\"og:title\" content=\"\u00a1Atenci\u00f3n! Pr\u00f3ximo apag\u00f3n de la TDT: Descubre si debes cambiar tu televisor - Diario 21\" \/>\n<meta property=\"og:description\" content=\"Nueva Interrupci\u00f3n en la TDT: Fechas y Afectados por el Cambio de Televisores Con los avances tecnol\u00f3gicos y la constante evoluci\u00f3n en la transmisi\u00f3n de televisi\u00f3n ... Seguir leyendo &rarr;\" \/>\n<meta property=\"og:url\" content=\"https:\/\/www.diario21.tv\/noticias\/atencion-proximo-apagon-de-la-tdt-descubre-si-debes-cambiar-tu-televisor\/\" \/>\n<meta property=\"og:site_name\" content=\"Diario 21\" \/>\n<meta property=\"article:published_time\" content=\"2024-10-25T06:35:24+00:00\" \/>\n<meta property=\"article:modified_time\" content=\"2024-10-25T06:35:26+00:00\" \/>\n<meta property=\"og:image\" content=\"https:\/\/www.diario21.tv\/noticias\/wp-content\/uploads\/2024\/10\/\u00a1Atencion-Proximo-apagon-de-la-TDT-Descubre-si-debes-cambiar.jpg\" \/>\n\t<meta property=\"og:image:width\" content=\"1913\" \/>\n\t<meta property=\"og:image:height\" content=\"1080\" \/>\n\t<meta property=\"og:image:type\" content=\"image\/jpeg\" \/>\n<meta name=\"author\" content=\"Juan P\u00e9rez\" \/>\n<meta name=\"twitter:card\" content=\"summary_large_image\" \/>\n<meta name=\"twitter:label1\" content=\"Escrito por\" \/>\n\t<meta name=\"twitter:data1\" content=\"Juan P\u00e9rez\" \/>\n\t<meta name=\"twitter:label2\" content=\"Tiempo de lectura\" \/>\n\t<meta name=\"twitter:data2\" content=\"3 minutos\" \/>\n<script type=\"application\/ld+json\" class=\"yoast-schema-graph\">{\"@context\":\"https:\/\/schema.org\",\"@graph\":[{\"@type\":\"WebPage\",\"@id\":\"https:\/\/www.diario21.tv\/noticias\/atencion-proximo-apagon-de-la-tdt-descubre-si-debes-cambiar-tu-televisor\/\",\"url\":\"https:\/\/www.diario21.tv\/noticias\/atencion-proximo-apagon-de-la-tdt-descubre-si-debes-cambiar-tu-televisor\/\",\"name\":\"\u00a1Atenci\u00f3n! Pr\u00f3ximo apag\u00f3n de la TDT: Descubre si debes cambiar tu televisor - Diario 21\",\"isPartOf\":{\"@id\":\"https:\/\/www.diario21.tv\/noticias\/#website\"},\"primaryImageOfPage\":{\"@id\":\"https:\/\/www.diario21.tv\/noticias\/atencion-proximo-apagon-de-la-tdt-descubre-si-debes-cambiar-tu-televisor\/#primaryimage\"},\"image\":{\"@id\":\"https:\/\/www.diario21.tv\/noticias\/atencion-proximo-apagon-de-la-tdt-descubre-si-debes-cambiar-tu-televisor\/#primaryimage\"},\"thumbnailUrl\":\"https:\/\/www.diario21.tv\/noticias\/wp-content\/uploads\/2024\/10\/\u00a1Atencion-Proximo-apagon-de-la-TDT-Descubre-si-debes-cambiar.jpg\",\"datePublished\":\"2024-10-25T06:35:24+00:00\",\"dateModified\":\"2024-10-25T06:35:26+00:00\",\"author\":{\"@id\":\"https:\/\/www.diario21.tv\/noticias\/#\/schema\/person\/dfb778f73814d8f09f302618446a526b\"},\"breadcrumb\":{\"@id\":\"https:\/\/www.diario21.tv\/noticias\/atencion-proximo-apagon-de-la-tdt-descubre-si-debes-cambiar-tu-televisor\/#breadcrumb\"},\"inLanguage\":\"es-AR\",\"potentialAction\":[{\"@type\":\"ReadAction\",\"target\":[\"https:\/\/www.diario21.tv\/noticias\/atencion-proximo-apagon-de-la-tdt-descubre-si-debes-cambiar-tu-televisor\/\"]}]},{\"@type\":\"ImageObject\",\"inLanguage\":\"es-AR\",\"@id\":\"https:\/\/www.diario21.tv\/noticias\/atencion-proximo-apagon-de-la-tdt-descubre-si-debes-cambiar-tu-televisor\/#primaryimage\",\"url\":\"https:\/\/www.diario21.tv\/noticias\/wp-content\/uploads\/2024\/10\/\u00a1Atencion-Proximo-apagon-de-la-TDT-Descubre-si-debes-cambiar.jpg\",\"contentUrl\":\"https:\/\/www.diario21.tv\/noticias\/wp-content\/uploads\/2024\/10\/\u00a1Atencion-Proximo-apagon-de-la-TDT-Descubre-si-debes-cambiar.jpg\",\"width\":1913,\"height\":1080,\"caption\":\"Nuevo apag\u00f3n de la TDT: Cu\u00e1ndo y qui\u00e9n tendr\u00e1 que cambiar sus televisores\"},{\"@type\":\"BreadcrumbList\",\"@id\":\"https:\/\/www.diario21.tv\/noticias\/atencion-proximo-apagon-de-la-tdt-descubre-si-debes-cambiar-tu-televisor\/#breadcrumb\",\"itemListElement\":[{\"@type\":\"ListItem\",\"position\":1,\"name\":\"Accueil\",\"item\":\"https:\/\/www.diario21.tv\/noticias\/\"},{\"@type\":\"ListItem\",\"position\":2,\"name\":\"\u00a1Atenci\u00f3n! Pr\u00f3ximo apag\u00f3n de la TDT: Descubre si debes cambiar tu televisor\"}]},{\"@type\":\"WebSite\",\"@id\":\"https:\/\/www.diario21.tv\/noticias\/#website\",\"url\":\"https:\/\/www.diario21.tv\/noticias\/\",\"name\":\"Diario 21\",\"description\":\"\",\"potentialAction\":[{\"@type\":\"SearchAction\",\"target\":{\"@type\":\"EntryPoint\",\"urlTemplate\":\"https:\/\/www.diario21.tv\/noticias\/?s={search_term_string}\"},\"query-input\":{\"@type\":\"PropertyValueSpecification\",\"valueRequired\":true,\"valueName\":\"search_term_string\"}}],\"inLanguage\":\"es-AR\"},{\"@type\":\"Person\",\"@id\":\"https:\/\/www.diario21.tv\/noticias\/#\/schema\/person\/dfb778f73814d8f09f302618446a526b\",\"name\":\"Juan P\u00e9rez\",\"image\":{\"@type\":\"ImageObject\",\"inLanguage\":\"es-AR\",\"@id\":\"https:\/\/www.diario21.tv\/noticias\/#\/schema\/person\/image\/\",\"url\":\"https:\/\/secure.gravatar.com\/avatar\/c478a405bd10621167f4c3167cc770f5?s=96&d=mm&r=g\",\"contentUrl\":\"https:\/\/secure.gravatar.com\/avatar\/c478a405bd10621167f4c3167cc770f5?s=96&d=mm&r=g\",\"caption\":\"Juan P\u00e9rez\"},\"description\":\"Juan P\u00e9rez es el redactor en jefe de Diario 21. Con m\u00e1s de 10 a\u00f1os de experiencia en el periodismo, se especializa en pol\u00edtica nacional y an\u00e1lisis socioecon\u00f3mico. Su enfoque cr\u00edtico y riguroso aporta una perspectiva \u00fanica a cada art\u00edculo.\",\"sameAs\":[\"https:\/\/www.diario21.tv\/noticias\/\"],\"url\":\"https:\/\/www.diario21.tv\/noticias\/author\/juan-perez\/\"}]}<\/script>\n<!-- \/ Yoast SEO plugin. -->","yoast_head_json":{"title":"\u00a1Atenci\u00f3n! Pr\u00f3ximo apag\u00f3n de la TDT: Descubre si debes cambiar tu televisor - Diario 21","robots":{"index":"index","follow":"follow","max-snippet":"max-snippet:-1","max-image-preview":"max-image-preview:large","max-video-preview":"max-video-preview:-1"},"canonical":"https:\/\/www.diario21.tv\/noticias\/atencion-proximo-apagon-de-la-tdt-descubre-si-debes-cambiar-tu-televisor\/","og_locale":"es_ES","og_type":"article","og_title":"\u00a1Atenci\u00f3n! Pr\u00f3ximo apag\u00f3n de la TDT: Descubre si debes cambiar tu televisor - Diario 21","og_description":"Nueva Interrupci\u00f3n en la TDT: Fechas y Afectados por el Cambio de Televisores Con los avances tecnol\u00f3gicos y la constante evoluci\u00f3n en la transmisi\u00f3n de televisi\u00f3n ... Seguir leyendo &rarr;","og_url":"https:\/\/www.diario21.tv\/noticias\/atencion-proximo-apagon-de-la-tdt-descubre-si-debes-cambiar-tu-televisor\/","og_site_name":"Diario 21","article_published_time":"2024-10-25T06:35:24+00:00","article_modified_time":"2024-10-25T06:35:26+00:00","og_image":[{"width":1913,"height":1080,"url":"https:\/\/www.diario21.tv\/noticias\/wp-content\/uploads\/2024\/10\/\u00a1Atencion-Proximo-apagon-de-la-TDT-Descubre-si-debes-cambiar.jpg","type":"image\/jpeg"}],"author":"Juan P\u00e9rez","twitter_card":"summary_large_image","twitter_misc":{"Escrito por":"Juan P\u00e9rez","Tiempo de lectura":"3 minutos"},"schema":{"@context":"https:\/\/schema.org","@graph":[{"@type":"WebPage","@id":"https:\/\/www.diario21.tv\/noticias\/atencion-proximo-apagon-de-la-tdt-descubre-si-debes-cambiar-tu-televisor\/","url":"https:\/\/www.diario21.tv\/noticias\/atencion-proximo-apagon-de-la-tdt-descubre-si-debes-cambiar-tu-televisor\/","name":"\u00a1Atenci\u00f3n! Pr\u00f3ximo apag\u00f3n de la TDT: Descubre si debes cambiar tu televisor - Diario 21","isPartOf":{"@id":"https:\/\/www.diario21.tv\/noticias\/#website"},"primaryImageOfPage":{"@id":"https:\/\/www.diario21.tv\/noticias\/atencion-proximo-apagon-de-la-tdt-descubre-si-debes-cambiar-tu-televisor\/#primaryimage"},"image":{"@id":"https:\/\/www.diario21.tv\/noticias\/atencion-proximo-apagon-de-la-tdt-descubre-si-debes-cambiar-tu-televisor\/#primaryimage"},"thumbnailUrl":"https:\/\/www.diario21.tv\/noticias\/wp-content\/uploads\/2024\/10\/\u00a1Atencion-Proximo-apagon-de-la-TDT-Descubre-si-debes-cambiar.jpg","datePublished":"2024-10-25T06:35:24+00:00","dateModified":"2024-10-25T06:35:26+00:00","author":{"@id":"https:\/\/www.diario21.tv\/noticias\/#\/schema\/person\/dfb778f73814d8f09f302618446a526b"},"breadcrumb":{"@id":"https:\/\/www.diario21.tv\/noticias\/atencion-proximo-apagon-de-la-tdt-descubre-si-debes-cambiar-tu-televisor\/#breadcrumb"},"inLanguage":"es-AR","potentialAction":[{"@type":"ReadAction","target":["https:\/\/www.diario21.tv\/noticias\/atencion-proximo-apagon-de-la-tdt-descubre-si-debes-cambiar-tu-televisor\/"]}]},{"@type":"ImageObject","inLanguage":"es-AR","@id":"https:\/\/www.diario21.tv\/noticias\/atencion-proximo-apagon-de-la-tdt-descubre-si-debes-cambiar-tu-televisor\/#primaryimage","url":"https:\/\/www.diario21.tv\/noticias\/wp-content\/uploads\/2024\/10\/\u00a1Atencion-Proximo-apagon-de-la-TDT-Descubre-si-debes-cambiar.jpg","contentUrl":"https:\/\/www.diario21.tv\/noticias\/wp-content\/uploads\/2024\/10\/\u00a1Atencion-Proximo-apagon-de-la-TDT-Descubre-si-debes-cambiar.jpg","width":1913,"height":1080,"caption":"Nuevo apag\u00f3n de la TDT: Cu\u00e1ndo y qui\u00e9n tendr\u00e1 que cambiar sus televisores"},{"@type":"BreadcrumbList","@id":"https:\/\/www.diario21.tv\/noticias\/atencion-proximo-apagon-de-la-tdt-descubre-si-debes-cambiar-tu-televisor\/#breadcrumb","itemListElement":[{"@type":"ListItem","position":1,"name":"Accueil","item":"https:\/\/www.diario21.tv\/noticias\/"},{"@type":"ListItem","position":2,"name":"\u00a1Atenci\u00f3n! Pr\u00f3ximo apag\u00f3n de la TDT: Descubre si debes cambiar tu televisor"}]},{"@type":"WebSite","@id":"https:\/\/www.diario21.tv\/noticias\/#website","url":"https:\/\/www.diario21.tv\/noticias\/","name":"Diario 21","description":"","potentialAction":[{"@type":"SearchAction","target":{"@type":"EntryPoint","urlTemplate":"https:\/\/www.diario21.tv\/noticias\/?s={search_term_string}"},"query-input":{"@type":"PropertyValueSpecification","valueRequired":true,"valueName":"search_term_string"}}],"inLanguage":"es-AR"},{"@type":"Person","@id":"https:\/\/www.diario21.tv\/noticias\/#\/schema\/person\/dfb778f73814d8f09f302618446a526b","name":"Juan P\u00e9rez","image":{"@type":"ImageObject","inLanguage":"es-AR","@id":"https:\/\/www.diario21.tv\/noticias\/#\/schema\/person\/image\/","url":"https:\/\/secure.gravatar.com\/avatar\/c478a405bd10621167f4c3167cc770f5?s=96&d=mm&r=g","contentUrl":"https:\/\/secure.gravatar.com\/avatar\/c478a405bd10621167f4c3167cc770f5?s=96&d=mm&r=g","caption":"Juan P\u00e9rez"},"description":"Juan P\u00e9rez es el redactor en jefe de Diario 21. Con m\u00e1s de 10 a\u00f1os de experiencia en el periodismo, se especializa en pol\u00edtica nacional y an\u00e1lisis socioecon\u00f3mico. Su enfoque cr\u00edtico y riguroso aporta una perspectiva \u00fanica a cada art\u00edculo.","sameAs":["https:\/\/www.diario21.tv\/noticias\/"],"url":"https:\/\/www.diario21.tv\/noticias\/author\/juan-perez\/"}]}},"_links":{"self":[{"href":"https:\/\/www.diario21.tv\/noticias\/wp-json\/wp\/v2\/posts\/987"}],"collection":[{"href":"https:\/\/www.diario21.tv\/noticias\/wp-json\/wp\/v2\/posts"}],"about":[{"href":"https:\/\/www.diario21.tv\/noticias\/wp-json\/wp\/v2\/types\/post"}],"author":[{"embeddable":true,"href":"https:\/\/www.diario21.tv\/noticias\/wp-json\/wp\/v2\/users\/20"}],"replies":[{"embeddable":true,"href":"https:\/\/www.diario21.tv\/noticias\/wp-json\/wp\/v2\/comments?post=987"}],"version-history":[{"count":1,"href":"https:\/\/www.diario21.tv\/noticias\/wp-json\/wp\/v2\/posts\/987\/revisions"}],"predecessor-version":[{"id":989,"href":"https:\/\/www.diario21.tv\/noticias\/wp-json\/wp\/v2\/posts\/987\/revisions\/989"}],"wp:featuredmedia":[{"embeddable":true,"href":"https:\/\/www.diario21.tv\/noticias\/wp-json\/wp\/v2\/media\/988"}],"wp:attachment":[{"href":"https:\/\/www.diario21.tv\/noticias\/wp-json\/wp\/v2\/media?parent=987"}],"wp:term":[{"taxonomy":"category","embeddable":true,"href":"https:\/\/www.diario21.tv\/noticias\/wp-json\/wp\/v2\/categories?post=987"},{"taxonomy":"post_tag","embeddable":true,"href":"https:\/\/www.diario21.tv\/noticias\/wp-json\/wp\/v2\/tags?post=987"}],"curies":[{"name":"wp","href":"https:\/\/api.w.org\/{rel}","templated":true}]}}