{"id":984,"date":"2024-10-25T00:12:03","date_gmt":"2024-10-25T00:12:03","guid":{"rendered":"https:\/\/www.diario21.tv\/noticias\/alerta-solo-4-de-cada-10-espanoles-se-hacen-el-test-de-cancer-colorrectal\/"},"modified":"2024-10-25T00:12:05","modified_gmt":"2024-10-25T00:12:05","slug":"alerta-solo-4-de-cada-10-espanoles-se-hacen-el-test-de-cancer-colorrectal","status":"publish","type":"post","link":"https:\/\/www.diario21.tv\/noticias\/alerta-solo-4-de-cada-10-espanoles-se-hacen-el-test-de-cancer-colorrectal\/","title":{"rendered":"\u00a1Alerta! Solo 4 de cada 10 espa\u00f1oles se hacen el test de c\u00e1ncer colorrectal"},"content":{"rendered":"<h2>Escasa participaci\u00f3n de espa\u00f1oles en detecci\u00f3n precoz de c\u00e1ncer colorrectal<\/h2>\n<p>El c\u00e1ncer colorrectal representa un serio desaf\u00edo de salud p\u00fablica en Espa\u00f1a, sin embargo, menos de la mitad de los ciudadanos participan en los programas de detecci\u00f3n temprana. Seg\u00fan datos recientes, solo el 40% de los espa\u00f1oles se somete a las pruebas de cribado destinadas a identificar esta enfermedad en sus etapas iniciales, cuando el tratamiento puede ser m\u00e1s efectivo y menos invasivo.<\/p>\n<h3>Importancia del cribado en la prevenci\u00f3n del c\u00e1ncer colorrectal<\/h3>\n<p>El cribado del c\u00e1ncer colorrectal es fundamental para reducir las tasas de mortalidad asociadas a esta enfermedad, ya que permite detectar tanto precursores del c\u00e1ncer, como p\u00f3lipos, como el c\u00e1ncer en s\u00ed en una fase temprana. La detecci\u00f3n precoz es crucial porque las posibilidades de curaci\u00f3n son considerablemente m\u00e1s altas antes de que el c\u00e1ncer se disemine a otras partes del cuerpo.<\/p>\n<h3>Factores detr\u00e1s de la baja participaci\u00f3n<\/h3>\n<p>Varios factores contribuyen a la baja tasa de participaci\u00f3n en los programas de cribado. Uno de los principales obst\u00e1culos es la falta de conciencia y entendimiento sobre la importancia de estas pruebas. Muchas personas no est\u00e1n informadas adecuadamente sobre los beneficios del cribado o tienen miedo de los procedimientos y posibles resultados. Adem\u00e1s, existen disparidades en el acceso a los programas de cribado, que pueden ser menos accesibles en \u00e1reas rurales o para ciertos grupos socioecon\u00f3micos.<\/p>\n<h3>Estrategias para mejorar la participaci\u00f3n<\/h3>\n<p>Para aumentar la participaci\u00f3n en estos programas vitales, es esencial implementar estrategias de educaci\u00f3n y concienciaci\u00f3n dirigidas tanto a la poblaci\u00f3n general como a los profesionales de la salud. Las campa\u00f1as p\u00fablicas pueden ayudar a desmitificar el proceso del cribado y destacar su importancia, mientras que la formaci\u00f3n m\u00e9dica continua es crucial para asegurar que los profesionales de la salud recomienden estas pruebas a sus pacientes de manera proactiva.<\/p>\n<p>Adem\u00e1s, mejorar el acceso a los programas de cribado en todas las regiones y entre todos los grupos socioecon\u00f3micos tambi\u00e9n es fundamental. Esto podr\u00eda incluir la implementaci\u00f3n de servicios m\u00f3viles de cribado o la oferta de pruebas en horarios m\u00e1s flexibles para acomodar a aquellos que pueden tener dificultades para asistir durante el horario laboral habitual.<\/p>\n<h3>Conclusi\u00f3n<\/h3>\n<p>La participaci\u00f3n en los programas de cribado de c\u00e1ncer colorrectal en Espa\u00f1a es preocupantemente baja, lo que subraya la necesidad de acciones coordinadas para promover la detecci\u00f3n temprana. Al aumentar la conciencia sobre su importancia y mejorar el acceso a las pruebas, se pueden salvar m\u00e1s vidas y mejorar la calidad de vida de muchas personas. La lucha contra el c\u00e1ncer colorrectal requiere un compromiso continuo de todos los sectores de la sociedad para lograr un cambio significativo en la salud p\u00fablica.<\/p>\n\n\n<div class=\"kk-star-ratings kksr-auto kksr-align-left kksr-valign-bottom\"\n    data-payload='{&quot;align&quot;:&quot;left&quot;,&quot;id&quot;:&quot;984&quot;,&quot;slug&quot;:&quot;default&quot;,&quot;valign&quot;:&quot;bottom&quot;,&quot;ignore&quot;:&quot;&quot;,&quot;reference&quot;:&quot;auto&quot;,&quot;class&quot;:&quot;&quot;,&quot;count&quot;:&quot;0&quot;,&quot;legendonly&quot;:&quot;&quot;,&quot;readonly&quot;:&quot;&quot;,&quot;score&quot;:&quot;0&quot;,&quot;starsonly&quot;:&quot;&quot;,&quot;best&quot;:&quot;5&quot;,&quot;gap&quot;:&quot;5&quot;,&quot;greet&quot;:&quot;Valora este post&quot;,&quot;legend&quot;:&quot;0\\\/5 - (0 votes)&quot;,&quot;size&quot;:&quot;22&quot;,&quot;title&quot;:&quot;\u00a1Alerta! Solo 4 de cada 10 espa\u00f1oles se hacen el test de c\u00e1ncer colorrectal&quot;,&quot;width&quot;:&quot;0&quot;,&quot;_legend&quot;:&quot;{score}\\\/{best} - ({count} {votes})&quot;,&quot;font_factor&quot;:&quot;1.25&quot;}'>\n            \n<div class=\"kksr-stars\">\n    \n<div class=\"kksr-stars-inactive\">\n            <div class=\"kksr-star\" data-star=\"1\" style=\"padding-right: 5px\">\n            \n\n<div class=\"kksr-icon\" style=\"width: 22px; height: 22px;\"><\/div>\n        <\/div>\n            <div class=\"kksr-star\" data-star=\"2\" style=\"padding-right: 5px\">\n            \n\n<div class=\"kksr-icon\" style=\"width: 22px; height: 22px;\"><\/div>\n        <\/div>\n            <div class=\"kksr-star\" data-star=\"3\" style=\"padding-right: 5px\">\n            \n\n<div class=\"kksr-icon\" style=\"width: 22px; height: 22px;\"><\/div>\n        <\/div>\n            <div class=\"kksr-star\" data-star=\"4\" style=\"padding-right: 5px\">\n            \n\n<div class=\"kksr-icon\" style=\"width: 22px; height: 22px;\"><\/div>\n        <\/div>\n            <div class=\"kksr-star\" data-star=\"5\" style=\"padding-right: 5px\">\n            \n\n<div class=\"kksr-icon\" style=\"width: 22px; height: 22px;\"><\/div>\n        <\/div>\n    <\/div>\n    \n<div class=\"kksr-stars-active\" style=\"width: 0px;\">\n            <div class=\"kksr-star\" style=\"padding-right: 5px\">\n            \n\n<div class=\"kksr-icon\" style=\"width: 22px; height: 22px;\"><\/div>\n        <\/div>\n            <div class=\"kksr-star\" style=\"padding-right: 5px\">\n            \n\n<div class=\"kksr-icon\" style=\"width: 22px; height: 22px;\"><\/div>\n        <\/div>\n            <div class=\"kksr-star\" style=\"padding-right: 5px\">\n            \n\n<div class=\"kksr-icon\" style=\"width: 22px; height: 22px;\"><\/div>\n        <\/div>\n            <div class=\"kksr-star\" style=\"padding-right: 5px\">\n            \n\n<div class=\"kksr-icon\" style=\"width: 22px; height: 22px;\"><\/div>\n        <\/div>\n            <div class=\"kksr-star\" style=\"padding-right: 5px\">\n            \n\n<div class=\"kksr-icon\" style=\"width: 22px; height: 22px;\"><\/div>\n        <\/div>\n    <\/div>\n<\/div>\n                \n\n<div class=\"kksr-legend\" style=\"font-size: 17.6px;\">\n            <span class=\"kksr-muted\">Valora este post<\/span>\n    <\/div>\n    <\/div>\n","protected":false},"excerpt":{"rendered":"<p>Escasa participaci\u00f3n de espa\u00f1oles en detecci\u00f3n precoz de c\u00e1ncer colorrectal El c\u00e1ncer colorrectal representa un serio desaf\u00edo de salud p\u00fablica en Espa\u00f1a, sin embargo, menos de &#8230; <a title=\"\u00a1Alerta! Solo 4 de cada 10 espa\u00f1oles se hacen el test de c\u00e1ncer colorrectal\" class=\"read-more\" href=\"https:\/\/www.diario21.tv\/noticias\/alerta-solo-4-de-cada-10-espanoles-se-hacen-el-test-de-cancer-colorrectal\/\" aria-label=\"Leer m\u00e1s sobre \u00a1Alerta! Solo 4 de cada 10 espa\u00f1oles se hacen el test de c\u00e1ncer colorrectal\">Seguir leyendo &rarr;<\/a><\/p>\n","protected":false},"author":20,"featured_media":985,"comment_status":"open","ping_status":"open","sticky":false,"template":"","format":"standard","meta":{"footnotes":""},"categories":[13],"tags":[],"class_list":["post-984","post","type-post","status-publish","format-standard","has-post-thumbnail","hentry","category-portada"],"yoast_head":"<!-- This site is optimized with the Yoast SEO plugin v25.6 - https:\/\/yoast.com\/wordpress\/plugins\/seo\/ -->\n<title>\u00a1Alerta! Solo 4 de cada 10 espa\u00f1oles se hacen el test de c\u00e1ncer colorrectal - Diario 21<\/title>\n<meta name=\"robots\" content=\"index, follow, max-snippet:-1, max-image-preview:large, max-video-preview:-1\" \/>\n<link rel=\"canonical\" href=\"https:\/\/www.diario21.tv\/noticias\/alerta-solo-4-de-cada-10-espanoles-se-hacen-el-test-de-cancer-colorrectal\/\" \/>\n<meta property=\"og:locale\" content=\"es_ES\" \/>\n<meta property=\"og:type\" content=\"article\" \/>\n<meta property=\"og:title\" content=\"\u00a1Alerta! Solo 4 de cada 10 espa\u00f1oles se hacen el test de c\u00e1ncer colorrectal - Diario 21\" \/>\n<meta property=\"og:description\" content=\"Escasa participaci\u00f3n de espa\u00f1oles en detecci\u00f3n precoz de c\u00e1ncer colorrectal El c\u00e1ncer colorrectal representa un serio desaf\u00edo de salud p\u00fablica en Espa\u00f1a, sin embargo, menos de ... Seguir leyendo &rarr;\" \/>\n<meta property=\"og:url\" content=\"https:\/\/www.diario21.tv\/noticias\/alerta-solo-4-de-cada-10-espanoles-se-hacen-el-test-de-cancer-colorrectal\/\" \/>\n<meta property=\"og:site_name\" content=\"Diario 21\" \/>\n<meta property=\"article:published_time\" content=\"2024-10-25T00:12:03+00:00\" \/>\n<meta property=\"article:modified_time\" content=\"2024-10-25T00:12:05+00:00\" \/>\n<meta property=\"og:image\" content=\"https:\/\/www.diario21.tv\/noticias\/wp-content\/uploads\/2024\/10\/\u00a1Alerta-Solo-4-de-cada-10-espanoles-se-hacen-el.jpg\" \/>\n\t<meta property=\"og:image:width\" content=\"1920\" \/>\n\t<meta property=\"og:image:height\" content=\"1080\" \/>\n\t<meta property=\"og:image:type\" content=\"image\/jpeg\" \/>\n<meta name=\"author\" content=\"Juan P\u00e9rez\" \/>\n<meta name=\"twitter:card\" content=\"summary_large_image\" \/>\n<meta name=\"twitter:label1\" content=\"Escrito por\" \/>\n\t<meta name=\"twitter:data1\" content=\"Juan P\u00e9rez\" \/>\n\t<meta name=\"twitter:label2\" content=\"Tiempo de lectura\" \/>\n\t<meta name=\"twitter:data2\" content=\"2 minutos\" \/>\n<script type=\"application\/ld+json\" class=\"yoast-schema-graph\">{\"@context\":\"https:\/\/schema.org\",\"@graph\":[{\"@type\":\"WebPage\",\"@id\":\"https:\/\/www.diario21.tv\/noticias\/alerta-solo-4-de-cada-10-espanoles-se-hacen-el-test-de-cancer-colorrectal\/\",\"url\":\"https:\/\/www.diario21.tv\/noticias\/alerta-solo-4-de-cada-10-espanoles-se-hacen-el-test-de-cancer-colorrectal\/\",\"name\":\"\u00a1Alerta! Solo 4 de cada 10 espa\u00f1oles se hacen el test de c\u00e1ncer colorrectal - Diario 21\",\"isPartOf\":{\"@id\":\"https:\/\/www.diario21.tv\/noticias\/#website\"},\"primaryImageOfPage\":{\"@id\":\"https:\/\/www.diario21.tv\/noticias\/alerta-solo-4-de-cada-10-espanoles-se-hacen-el-test-de-cancer-colorrectal\/#primaryimage\"},\"image\":{\"@id\":\"https:\/\/www.diario21.tv\/noticias\/alerta-solo-4-de-cada-10-espanoles-se-hacen-el-test-de-cancer-colorrectal\/#primaryimage\"},\"thumbnailUrl\":\"https:\/\/www.diario21.tv\/noticias\/wp-content\/uploads\/2024\/10\/\u00a1Alerta-Solo-4-de-cada-10-espanoles-se-hacen-el.jpg\",\"datePublished\":\"2024-10-25T00:12:03+00:00\",\"dateModified\":\"2024-10-25T00:12:05+00:00\",\"author\":{\"@id\":\"https:\/\/www.diario21.tv\/noticias\/#\/schema\/person\/dfb778f73814d8f09f302618446a526b\"},\"breadcrumb\":{\"@id\":\"https:\/\/www.diario21.tv\/noticias\/alerta-solo-4-de-cada-10-espanoles-se-hacen-el-test-de-cancer-colorrectal\/#breadcrumb\"},\"inLanguage\":\"es-AR\",\"potentialAction\":[{\"@type\":\"ReadAction\",\"target\":[\"https:\/\/www.diario21.tv\/noticias\/alerta-solo-4-de-cada-10-espanoles-se-hacen-el-test-de-cancer-colorrectal\/\"]}]},{\"@type\":\"ImageObject\",\"inLanguage\":\"es-AR\",\"@id\":\"https:\/\/www.diario21.tv\/noticias\/alerta-solo-4-de-cada-10-espanoles-se-hacen-el-test-de-cancer-colorrectal\/#primaryimage\",\"url\":\"https:\/\/www.diario21.tv\/noticias\/wp-content\/uploads\/2024\/10\/\u00a1Alerta-Solo-4-de-cada-10-espanoles-se-hacen-el.jpg\",\"contentUrl\":\"https:\/\/www.diario21.tv\/noticias\/wp-content\/uploads\/2024\/10\/\u00a1Alerta-Solo-4-de-cada-10-espanoles-se-hacen-el.jpg\",\"width\":1920,\"height\":1080,\"caption\":\"Solo cuatro de cada diez espa\u00f1oles se someten a un cribado de c\u00e1ncer colorrectal\"},{\"@type\":\"BreadcrumbList\",\"@id\":\"https:\/\/www.diario21.tv\/noticias\/alerta-solo-4-de-cada-10-espanoles-se-hacen-el-test-de-cancer-colorrectal\/#breadcrumb\",\"itemListElement\":[{\"@type\":\"ListItem\",\"position\":1,\"name\":\"Accueil\",\"item\":\"https:\/\/www.diario21.tv\/noticias\/\"},{\"@type\":\"ListItem\",\"position\":2,\"name\":\"\u00a1Alerta! Solo 4 de cada 10 espa\u00f1oles se hacen el test de c\u00e1ncer colorrectal\"}]},{\"@type\":\"WebSite\",\"@id\":\"https:\/\/www.diario21.tv\/noticias\/#website\",\"url\":\"https:\/\/www.diario21.tv\/noticias\/\",\"name\":\"Diario 21\",\"description\":\"\",\"potentialAction\":[{\"@type\":\"SearchAction\",\"target\":{\"@type\":\"EntryPoint\",\"urlTemplate\":\"https:\/\/www.diario21.tv\/noticias\/?s={search_term_string}\"},\"query-input\":{\"@type\":\"PropertyValueSpecification\",\"valueRequired\":true,\"valueName\":\"search_term_string\"}}],\"inLanguage\":\"es-AR\"},{\"@type\":\"Person\",\"@id\":\"https:\/\/www.diario21.tv\/noticias\/#\/schema\/person\/dfb778f73814d8f09f302618446a526b\",\"name\":\"Juan P\u00e9rez\",\"image\":{\"@type\":\"ImageObject\",\"inLanguage\":\"es-AR\",\"@id\":\"https:\/\/www.diario21.tv\/noticias\/#\/schema\/person\/image\/\",\"url\":\"https:\/\/secure.gravatar.com\/avatar\/c478a405bd10621167f4c3167cc770f5?s=96&d=mm&r=g\",\"contentUrl\":\"https:\/\/secure.gravatar.com\/avatar\/c478a405bd10621167f4c3167cc770f5?s=96&d=mm&r=g\",\"caption\":\"Juan P\u00e9rez\"},\"description\":\"Juan P\u00e9rez es el redactor en jefe de Diario 21. Con m\u00e1s de 10 a\u00f1os de experiencia en el periodismo, se especializa en pol\u00edtica nacional y an\u00e1lisis socioecon\u00f3mico. Su enfoque cr\u00edtico y riguroso aporta una perspectiva \u00fanica a cada art\u00edculo.\",\"sameAs\":[\"https:\/\/www.diario21.tv\/noticias\/\"],\"url\":\"https:\/\/www.diario21.tv\/noticias\/author\/juan-perez\/\"}]}<\/script>\n<!-- \/ Yoast SEO plugin. -->","yoast_head_json":{"title":"\u00a1Alerta! Solo 4 de cada 10 espa\u00f1oles se hacen el test de c\u00e1ncer colorrectal - Diario 21","robots":{"index":"index","follow":"follow","max-snippet":"max-snippet:-1","max-image-preview":"max-image-preview:large","max-video-preview":"max-video-preview:-1"},"canonical":"https:\/\/www.diario21.tv\/noticias\/alerta-solo-4-de-cada-10-espanoles-se-hacen-el-test-de-cancer-colorrectal\/","og_locale":"es_ES","og_type":"article","og_title":"\u00a1Alerta! Solo 4 de cada 10 espa\u00f1oles se hacen el test de c\u00e1ncer colorrectal - Diario 21","og_description":"Escasa participaci\u00f3n de espa\u00f1oles en detecci\u00f3n precoz de c\u00e1ncer colorrectal El c\u00e1ncer colorrectal representa un serio desaf\u00edo de salud p\u00fablica en Espa\u00f1a, sin embargo, menos de ... Seguir leyendo &rarr;","og_url":"https:\/\/www.diario21.tv\/noticias\/alerta-solo-4-de-cada-10-espanoles-se-hacen-el-test-de-cancer-colorrectal\/","og_site_name":"Diario 21","article_published_time":"2024-10-25T00:12:03+00:00","article_modified_time":"2024-10-25T00:12:05+00:00","og_image":[{"width":1920,"height":1080,"url":"https:\/\/www.diario21.tv\/noticias\/wp-content\/uploads\/2024\/10\/\u00a1Alerta-Solo-4-de-cada-10-espanoles-se-hacen-el.jpg","type":"image\/jpeg"}],"author":"Juan P\u00e9rez","twitter_card":"summary_large_image","twitter_misc":{"Escrito por":"Juan P\u00e9rez","Tiempo de lectura":"2 minutos"},"schema":{"@context":"https:\/\/schema.org","@graph":[{"@type":"WebPage","@id":"https:\/\/www.diario21.tv\/noticias\/alerta-solo-4-de-cada-10-espanoles-se-hacen-el-test-de-cancer-colorrectal\/","url":"https:\/\/www.diario21.tv\/noticias\/alerta-solo-4-de-cada-10-espanoles-se-hacen-el-test-de-cancer-colorrectal\/","name":"\u00a1Alerta! Solo 4 de cada 10 espa\u00f1oles se hacen el test de c\u00e1ncer colorrectal - Diario 21","isPartOf":{"@id":"https:\/\/www.diario21.tv\/noticias\/#website"},"primaryImageOfPage":{"@id":"https:\/\/www.diario21.tv\/noticias\/alerta-solo-4-de-cada-10-espanoles-se-hacen-el-test-de-cancer-colorrectal\/#primaryimage"},"image":{"@id":"https:\/\/www.diario21.tv\/noticias\/alerta-solo-4-de-cada-10-espanoles-se-hacen-el-test-de-cancer-colorrectal\/#primaryimage"},"thumbnailUrl":"https:\/\/www.diario21.tv\/noticias\/wp-content\/uploads\/2024\/10\/\u00a1Alerta-Solo-4-de-cada-10-espanoles-se-hacen-el.jpg","datePublished":"2024-10-25T00:12:03+00:00","dateModified":"2024-10-25T00:12:05+00:00","author":{"@id":"https:\/\/www.diario21.tv\/noticias\/#\/schema\/person\/dfb778f73814d8f09f302618446a526b"},"breadcrumb":{"@id":"https:\/\/www.diario21.tv\/noticias\/alerta-solo-4-de-cada-10-espanoles-se-hacen-el-test-de-cancer-colorrectal\/#breadcrumb"},"inLanguage":"es-AR","potentialAction":[{"@type":"ReadAction","target":["https:\/\/www.diario21.tv\/noticias\/alerta-solo-4-de-cada-10-espanoles-se-hacen-el-test-de-cancer-colorrectal\/"]}]},{"@type":"ImageObject","inLanguage":"es-AR","@id":"https:\/\/www.diario21.tv\/noticias\/alerta-solo-4-de-cada-10-espanoles-se-hacen-el-test-de-cancer-colorrectal\/#primaryimage","url":"https:\/\/www.diario21.tv\/noticias\/wp-content\/uploads\/2024\/10\/\u00a1Alerta-Solo-4-de-cada-10-espanoles-se-hacen-el.jpg","contentUrl":"https:\/\/www.diario21.tv\/noticias\/wp-content\/uploads\/2024\/10\/\u00a1Alerta-Solo-4-de-cada-10-espanoles-se-hacen-el.jpg","width":1920,"height":1080,"caption":"Solo cuatro de cada diez espa\u00f1oles se someten a un cribado de c\u00e1ncer colorrectal"},{"@type":"BreadcrumbList","@id":"https:\/\/www.diario21.tv\/noticias\/alerta-solo-4-de-cada-10-espanoles-se-hacen-el-test-de-cancer-colorrectal\/#breadcrumb","itemListElement":[{"@type":"ListItem","position":1,"name":"Accueil","item":"https:\/\/www.diario21.tv\/noticias\/"},{"@type":"ListItem","position":2,"name":"\u00a1Alerta! Solo 4 de cada 10 espa\u00f1oles se hacen el test de c\u00e1ncer colorrectal"}]},{"@type":"WebSite","@id":"https:\/\/www.diario21.tv\/noticias\/#website","url":"https:\/\/www.diario21.tv\/noticias\/","name":"Diario 21","description":"","potentialAction":[{"@type":"SearchAction","target":{"@type":"EntryPoint","urlTemplate":"https:\/\/www.diario21.tv\/noticias\/?s={search_term_string}"},"query-input":{"@type":"PropertyValueSpecification","valueRequired":true,"valueName":"search_term_string"}}],"inLanguage":"es-AR"},{"@type":"Person","@id":"https:\/\/www.diario21.tv\/noticias\/#\/schema\/person\/dfb778f73814d8f09f302618446a526b","name":"Juan P\u00e9rez","image":{"@type":"ImageObject","inLanguage":"es-AR","@id":"https:\/\/www.diario21.tv\/noticias\/#\/schema\/person\/image\/","url":"https:\/\/secure.gravatar.com\/avatar\/c478a405bd10621167f4c3167cc770f5?s=96&d=mm&r=g","contentUrl":"https:\/\/secure.gravatar.com\/avatar\/c478a405bd10621167f4c3167cc770f5?s=96&d=mm&r=g","caption":"Juan P\u00e9rez"},"description":"Juan P\u00e9rez es el redactor en jefe de Diario 21. Con m\u00e1s de 10 a\u00f1os de experiencia en el periodismo, se especializa en pol\u00edtica nacional y an\u00e1lisis socioecon\u00f3mico. Su enfoque cr\u00edtico y riguroso aporta una perspectiva \u00fanica a cada art\u00edculo.","sameAs":["https:\/\/www.diario21.tv\/noticias\/"],"url":"https:\/\/www.diario21.tv\/noticias\/author\/juan-perez\/"}]}},"_links":{"self":[{"href":"https:\/\/www.diario21.tv\/noticias\/wp-json\/wp\/v2\/posts\/984"}],"collection":[{"href":"https:\/\/www.diario21.tv\/noticias\/wp-json\/wp\/v2\/posts"}],"about":[{"href":"https:\/\/www.diario21.tv\/noticias\/wp-json\/wp\/v2\/types\/post"}],"author":[{"embeddable":true,"href":"https:\/\/www.diario21.tv\/noticias\/wp-json\/wp\/v2\/users\/20"}],"replies":[{"embeddable":true,"href":"https:\/\/www.diario21.tv\/noticias\/wp-json\/wp\/v2\/comments?post=984"}],"version-history":[{"count":1,"href":"https:\/\/www.diario21.tv\/noticias\/wp-json\/wp\/v2\/posts\/984\/revisions"}],"predecessor-version":[{"id":986,"href":"https:\/\/www.diario21.tv\/noticias\/wp-json\/wp\/v2\/posts\/984\/revisions\/986"}],"wp:featuredmedia":[{"embeddable":true,"href":"https:\/\/www.diario21.tv\/noticias\/wp-json\/wp\/v2\/media\/985"}],"wp:attachment":[{"href":"https:\/\/www.diario21.tv\/noticias\/wp-json\/wp\/v2\/media?parent=984"}],"wp:term":[{"taxonomy":"category","embeddable":true,"href":"https:\/\/www.diario21.tv\/noticias\/wp-json\/wp\/v2\/categories?post=984"},{"taxonomy":"post_tag","embeddable":true,"href":"https:\/\/www.diario21.tv\/noticias\/wp-json\/wp\/v2\/tags?post=984"}],"curies":[{"name":"wp","href":"https:\/\/api.w.org\/{rel}","templated":true}]}}