{"id":978,"date":"2024-10-24T05:09:14","date_gmt":"2024-10-24T05:09:14","guid":{"rendered":"https:\/\/www.diario21.tv\/noticias\/descubre-como-la-escuela-se-transforma-para-cultivar-una-cultura-democratica\/"},"modified":"2024-10-24T05:09:16","modified_gmt":"2024-10-24T05:09:16","slug":"descubre-como-la-escuela-se-transforma-para-cultivar-una-cultura-democratica","status":"publish","type":"post","link":"https:\/\/www.diario21.tv\/noticias\/descubre-como-la-escuela-se-transforma-para-cultivar-una-cultura-democratica\/","title":{"rendered":"\u00a1Descubre c\u00f3mo la escuela se transforma para cultivar una cultura democr\u00e1tica!"},"content":{"rendered":"<h2>La educaci\u00f3n debe reestructurarse para fomentar una cultura democr\u00e1tica<\/h2>\n<p>En un mundo donde los desaf\u00edos sociales y pol\u00edticos est\u00e1n a la orden del d\u00eda, la educaci\u00f3n emerge como un pilar fundamental para la construcci\u00f3n de una sociedad m\u00e1s democr\u00e1tica. Esto implica una revisi\u00f3n profunda de los m\u00e9todos y enfoques actuales en las instituciones educativas para asegurarse de que no solo ense\u00f1en conocimientos acad\u00e9micos, sino que tambi\u00e9n inculquen valores democr\u00e1ticos esenciales.<\/p>\n<h3>Adaptando el curr\u00edculo educativo<\/h3>\n<p>Es indispensable que los planes de estudio no se limiten a transmitir informaci\u00f3n, sino que se dise\u00f1en para desarrollar habilidades cr\u00edticas y fomentar el entendimiento y respeto por las diferencias. Esto incluye integrar en el curr\u00edculo actividades que promuevan la participaci\u00f3n activa de los estudiantes en la sociedad y que les ense\u00f1en el valor de la justicia y la igualdad.<\/p>\n<h3>Fomentando un ambiente de respeto y di\u00e1logo<\/h3>\n<p>Las escuelas deben transformarse en espacios donde el respeto mutuo y el di\u00e1logo sean la norma. Esto se logra no solo a trav\u00e9s de las pol\u00edticas institucionales, sino tambi\u00e9n mediante la pr\u00e1ctica diaria de la comunicaci\u00f3n y la resoluci\u00f3n de conflictos. Los educadores deben ser capacitados para guiar a los estudiantes en la exploraci\u00f3n de diversas perspectivas y en la construcci\u00f3n de consensos.<\/p>\n<h3>Incorporaci\u00f3n de tecnolog\u00eda con prop\u00f3sito<\/h3>\n<p>En la era digital, la tecnolog\u00eda juega un papel crucial en la educaci\u00f3n. Sin embargo, su uso debe estar orientado a fortalecer la ense\u00f1anza de la democracia. Esto puede incluir desde foros en l\u00ednea que fomenten debates constructivos hasta el uso de simulaciones que permitan a los estudiantes experimentar los procesos democr\u00e1ticos de manera virtual.<\/p>\n<h3>La evaluaci\u00f3n como herramienta para el cambio<\/h3>\n<p>La manera en que se eval\u00faa a los estudiantes tambi\u00e9n necesita una revisi\u00f3n. En lugar de centrarse \u00fanicamente en resultados acad\u00e9micos, las evaluaciones deben contemplar c\u00f3mo los estudiantes aplican los valores democr\u00e1ticos en situaciones reales. Esto no solo ayuda a reforzar estos valores, sino que tambi\u00e9n prepara a los estudiantes para enfrentar y mejorar la sociedad en la que viven.<\/p>\n<p>En conclusi\u00f3n, la restructuraci\u00f3n de las escuelas para promover una cultura de democracia es un proceso complejo que requiere cambios en m\u00faltiples niveles de la educaci\u00f3n. Sin embargo, es un paso esencial para asegurar que la democracia no solo se ense\u00f1e, sino que se viva y respire dentro y fuera de las aulas.<\/p>\n\n\n<div class=\"kk-star-ratings kksr-auto kksr-align-left kksr-valign-bottom\"\n    data-payload='{&quot;align&quot;:&quot;left&quot;,&quot;id&quot;:&quot;978&quot;,&quot;slug&quot;:&quot;default&quot;,&quot;valign&quot;:&quot;bottom&quot;,&quot;ignore&quot;:&quot;&quot;,&quot;reference&quot;:&quot;auto&quot;,&quot;class&quot;:&quot;&quot;,&quot;count&quot;:&quot;0&quot;,&quot;legendonly&quot;:&quot;&quot;,&quot;readonly&quot;:&quot;&quot;,&quot;score&quot;:&quot;0&quot;,&quot;starsonly&quot;:&quot;&quot;,&quot;best&quot;:&quot;5&quot;,&quot;gap&quot;:&quot;5&quot;,&quot;greet&quot;:&quot;Valora este post&quot;,&quot;legend&quot;:&quot;0\\\/5 - (0 votes)&quot;,&quot;size&quot;:&quot;22&quot;,&quot;title&quot;:&quot;\u00a1Descubre c\u00f3mo la escuela se transforma para cultivar una cultura democr\u00e1tica!&quot;,&quot;width&quot;:&quot;0&quot;,&quot;_legend&quot;:&quot;{score}\\\/{best} - ({count} {votes})&quot;,&quot;font_factor&quot;:&quot;1.25&quot;}'>\n            \n<div class=\"kksr-stars\">\n    \n<div class=\"kksr-stars-inactive\">\n            <div class=\"kksr-star\" data-star=\"1\" style=\"padding-right: 5px\">\n            \n\n<div class=\"kksr-icon\" style=\"width: 22px; height: 22px;\"><\/div>\n        <\/div>\n            <div class=\"kksr-star\" data-star=\"2\" style=\"padding-right: 5px\">\n            \n\n<div class=\"kksr-icon\" style=\"width: 22px; height: 22px;\"><\/div>\n        <\/div>\n            <div class=\"kksr-star\" data-star=\"3\" style=\"padding-right: 5px\">\n            \n\n<div class=\"kksr-icon\" style=\"width: 22px; height: 22px;\"><\/div>\n        <\/div>\n            <div class=\"kksr-star\" data-star=\"4\" style=\"padding-right: 5px\">\n            \n\n<div class=\"kksr-icon\" style=\"width: 22px; height: 22px;\"><\/div>\n        <\/div>\n            <div class=\"kksr-star\" data-star=\"5\" style=\"padding-right: 5px\">\n            \n\n<div class=\"kksr-icon\" style=\"width: 22px; height: 22px;\"><\/div>\n        <\/div>\n    <\/div>\n    \n<div class=\"kksr-stars-active\" style=\"width: 0px;\">\n            <div class=\"kksr-star\" style=\"padding-right: 5px\">\n            \n\n<div class=\"kksr-icon\" style=\"width: 22px; height: 22px;\"><\/div>\n        <\/div>\n            <div class=\"kksr-star\" style=\"padding-right: 5px\">\n            \n\n<div class=\"kksr-icon\" style=\"width: 22px; height: 22px;\"><\/div>\n        <\/div>\n            <div class=\"kksr-star\" style=\"padding-right: 5px\">\n            \n\n<div class=\"kksr-icon\" style=\"width: 22px; height: 22px;\"><\/div>\n        <\/div>\n            <div class=\"kksr-star\" style=\"padding-right: 5px\">\n            \n\n<div class=\"kksr-icon\" style=\"width: 22px; height: 22px;\"><\/div>\n        <\/div>\n            <div class=\"kksr-star\" style=\"padding-right: 5px\">\n            \n\n<div class=\"kksr-icon\" style=\"width: 22px; height: 22px;\"><\/div>\n        <\/div>\n    <\/div>\n<\/div>\n                \n\n<div class=\"kksr-legend\" style=\"font-size: 17.6px;\">\n            <span class=\"kksr-muted\">Valora este post<\/span>\n    <\/div>\n    <\/div>\n","protected":false},"excerpt":{"rendered":"<p>La educaci\u00f3n debe reestructurarse para fomentar una cultura democr\u00e1tica En un mundo donde los desaf\u00edos sociales y pol\u00edticos est\u00e1n a la orden del d\u00eda, la educaci\u00f3n &#8230; <a title=\"\u00a1Descubre c\u00f3mo la escuela se transforma para cultivar una cultura democr\u00e1tica!\" class=\"read-more\" href=\"https:\/\/www.diario21.tv\/noticias\/descubre-como-la-escuela-se-transforma-para-cultivar-una-cultura-democratica\/\" aria-label=\"Leer m\u00e1s sobre \u00a1Descubre c\u00f3mo la escuela se transforma para cultivar una cultura democr\u00e1tica!\">Seguir leyendo &rarr;<\/a><\/p>\n","protected":false},"author":20,"featured_media":979,"comment_status":"open","ping_status":"open","sticky":false,"template":"","format":"standard","meta":{"footnotes":""},"categories":[13],"tags":[],"class_list":["post-978","post","type-post","status-publish","format-standard","has-post-thumbnail","hentry","category-portada"],"yoast_head":"<!-- This site is optimized with the Yoast SEO plugin v25.6 - https:\/\/yoast.com\/wordpress\/plugins\/seo\/ -->\n<title>\u00a1Descubre c\u00f3mo la escuela se transforma para cultivar una cultura democr\u00e1tica! - Diario 21<\/title>\n<meta name=\"robots\" content=\"index, follow, max-snippet:-1, max-image-preview:large, max-video-preview:-1\" \/>\n<link rel=\"canonical\" href=\"https:\/\/www.diario21.tv\/noticias\/descubre-como-la-escuela-se-transforma-para-cultivar-una-cultura-democratica\/\" \/>\n<meta property=\"og:locale\" content=\"es_ES\" \/>\n<meta property=\"og:type\" content=\"article\" \/>\n<meta property=\"og:title\" content=\"\u00a1Descubre c\u00f3mo la escuela se transforma para cultivar una cultura democr\u00e1tica! - Diario 21\" \/>\n<meta property=\"og:description\" content=\"La educaci\u00f3n debe reestructurarse para fomentar una cultura democr\u00e1tica En un mundo donde los desaf\u00edos sociales y pol\u00edticos est\u00e1n a la orden del d\u00eda, la educaci\u00f3n ... Seguir leyendo &rarr;\" \/>\n<meta property=\"og:url\" content=\"https:\/\/www.diario21.tv\/noticias\/descubre-como-la-escuela-se-transforma-para-cultivar-una-cultura-democratica\/\" \/>\n<meta property=\"og:site_name\" content=\"Diario 21\" \/>\n<meta property=\"article:published_time\" content=\"2024-10-24T05:09:14+00:00\" \/>\n<meta property=\"article:modified_time\" content=\"2024-10-24T05:09:16+00:00\" \/>\n<meta property=\"og:image\" content=\"https:\/\/www.diario21.tv\/noticias\/wp-content\/uploads\/2024\/10\/\u00a1Descubre-como-la-escuela-se-transforma-para-cultivar-una-cultura.jpg\" \/>\n\t<meta property=\"og:image:width\" content=\"1920\" \/>\n\t<meta property=\"og:image:height\" content=\"1080\" \/>\n\t<meta property=\"og:image:type\" content=\"image\/jpeg\" \/>\n<meta name=\"author\" content=\"Juan P\u00e9rez\" \/>\n<meta name=\"twitter:card\" content=\"summary_large_image\" \/>\n<meta name=\"twitter:label1\" content=\"Escrito por\" \/>\n\t<meta name=\"twitter:data1\" content=\"Juan P\u00e9rez\" \/>\n\t<meta name=\"twitter:label2\" content=\"Tiempo de lectura\" \/>\n\t<meta name=\"twitter:data2\" content=\"2 minutos\" \/>\n<script type=\"application\/ld+json\" class=\"yoast-schema-graph\">{\"@context\":\"https:\/\/schema.org\",\"@graph\":[{\"@type\":\"WebPage\",\"@id\":\"https:\/\/www.diario21.tv\/noticias\/descubre-como-la-escuela-se-transforma-para-cultivar-una-cultura-democratica\/\",\"url\":\"https:\/\/www.diario21.tv\/noticias\/descubre-como-la-escuela-se-transforma-para-cultivar-una-cultura-democratica\/\",\"name\":\"\u00a1Descubre c\u00f3mo la escuela se transforma para cultivar una cultura democr\u00e1tica! - Diario 21\",\"isPartOf\":{\"@id\":\"https:\/\/www.diario21.tv\/noticias\/#website\"},\"primaryImageOfPage\":{\"@id\":\"https:\/\/www.diario21.tv\/noticias\/descubre-como-la-escuela-se-transforma-para-cultivar-una-cultura-democratica\/#primaryimage\"},\"image\":{\"@id\":\"https:\/\/www.diario21.tv\/noticias\/descubre-como-la-escuela-se-transforma-para-cultivar-una-cultura-democratica\/#primaryimage\"},\"thumbnailUrl\":\"https:\/\/www.diario21.tv\/noticias\/wp-content\/uploads\/2024\/10\/\u00a1Descubre-como-la-escuela-se-transforma-para-cultivar-una-cultura.jpg\",\"datePublished\":\"2024-10-24T05:09:14+00:00\",\"dateModified\":\"2024-10-24T05:09:16+00:00\",\"author\":{\"@id\":\"https:\/\/www.diario21.tv\/noticias\/#\/schema\/person\/dfb778f73814d8f09f302618446a526b\"},\"breadcrumb\":{\"@id\":\"https:\/\/www.diario21.tv\/noticias\/descubre-como-la-escuela-se-transforma-para-cultivar-una-cultura-democratica\/#breadcrumb\"},\"inLanguage\":\"es-AR\",\"potentialAction\":[{\"@type\":\"ReadAction\",\"target\":[\"https:\/\/www.diario21.tv\/noticias\/descubre-como-la-escuela-se-transforma-para-cultivar-una-cultura-democratica\/\"]}]},{\"@type\":\"ImageObject\",\"inLanguage\":\"es-AR\",\"@id\":\"https:\/\/www.diario21.tv\/noticias\/descubre-como-la-escuela-se-transforma-para-cultivar-una-cultura-democratica\/#primaryimage\",\"url\":\"https:\/\/www.diario21.tv\/noticias\/wp-content\/uploads\/2024\/10\/\u00a1Descubre-como-la-escuela-se-transforma-para-cultivar-una-cultura.jpg\",\"contentUrl\":\"https:\/\/www.diario21.tv\/noticias\/wp-content\/uploads\/2024\/10\/\u00a1Descubre-como-la-escuela-se-transforma-para-cultivar-una-cultura.jpg\",\"width\":1920,\"height\":1080,\"caption\":\"\u00abLa escuela tiene que rearmarse para forjar una cultura de democracia\u00bb\"},{\"@type\":\"BreadcrumbList\",\"@id\":\"https:\/\/www.diario21.tv\/noticias\/descubre-como-la-escuela-se-transforma-para-cultivar-una-cultura-democratica\/#breadcrumb\",\"itemListElement\":[{\"@type\":\"ListItem\",\"position\":1,\"name\":\"Accueil\",\"item\":\"https:\/\/www.diario21.tv\/noticias\/\"},{\"@type\":\"ListItem\",\"position\":2,\"name\":\"\u00a1Descubre c\u00f3mo la escuela se transforma para cultivar una cultura democr\u00e1tica!\"}]},{\"@type\":\"WebSite\",\"@id\":\"https:\/\/www.diario21.tv\/noticias\/#website\",\"url\":\"https:\/\/www.diario21.tv\/noticias\/\",\"name\":\"Diario 21\",\"description\":\"\",\"potentialAction\":[{\"@type\":\"SearchAction\",\"target\":{\"@type\":\"EntryPoint\",\"urlTemplate\":\"https:\/\/www.diario21.tv\/noticias\/?s={search_term_string}\"},\"query-input\":{\"@type\":\"PropertyValueSpecification\",\"valueRequired\":true,\"valueName\":\"search_term_string\"}}],\"inLanguage\":\"es-AR\"},{\"@type\":\"Person\",\"@id\":\"https:\/\/www.diario21.tv\/noticias\/#\/schema\/person\/dfb778f73814d8f09f302618446a526b\",\"name\":\"Juan P\u00e9rez\",\"image\":{\"@type\":\"ImageObject\",\"inLanguage\":\"es-AR\",\"@id\":\"https:\/\/www.diario21.tv\/noticias\/#\/schema\/person\/image\/\",\"url\":\"https:\/\/secure.gravatar.com\/avatar\/c478a405bd10621167f4c3167cc770f5?s=96&d=mm&r=g\",\"contentUrl\":\"https:\/\/secure.gravatar.com\/avatar\/c478a405bd10621167f4c3167cc770f5?s=96&d=mm&r=g\",\"caption\":\"Juan P\u00e9rez\"},\"description\":\"Juan P\u00e9rez es el redactor en jefe de Diario 21. Con m\u00e1s de 10 a\u00f1os de experiencia en el periodismo, se especializa en pol\u00edtica nacional y an\u00e1lisis socioecon\u00f3mico. Su enfoque cr\u00edtico y riguroso aporta una perspectiva \u00fanica a cada art\u00edculo.\",\"sameAs\":[\"https:\/\/www.diario21.tv\/noticias\/\"],\"url\":\"https:\/\/www.diario21.tv\/noticias\/author\/juan-perez\/\"}]}<\/script>\n<!-- \/ Yoast SEO plugin. -->","yoast_head_json":{"title":"\u00a1Descubre c\u00f3mo la escuela se transforma para cultivar una cultura democr\u00e1tica! - Diario 21","robots":{"index":"index","follow":"follow","max-snippet":"max-snippet:-1","max-image-preview":"max-image-preview:large","max-video-preview":"max-video-preview:-1"},"canonical":"https:\/\/www.diario21.tv\/noticias\/descubre-como-la-escuela-se-transforma-para-cultivar-una-cultura-democratica\/","og_locale":"es_ES","og_type":"article","og_title":"\u00a1Descubre c\u00f3mo la escuela se transforma para cultivar una cultura democr\u00e1tica! - Diario 21","og_description":"La educaci\u00f3n debe reestructurarse para fomentar una cultura democr\u00e1tica En un mundo donde los desaf\u00edos sociales y pol\u00edticos est\u00e1n a la orden del d\u00eda, la educaci\u00f3n ... Seguir leyendo &rarr;","og_url":"https:\/\/www.diario21.tv\/noticias\/descubre-como-la-escuela-se-transforma-para-cultivar-una-cultura-democratica\/","og_site_name":"Diario 21","article_published_time":"2024-10-24T05:09:14+00:00","article_modified_time":"2024-10-24T05:09:16+00:00","og_image":[{"width":1920,"height":1080,"url":"https:\/\/www.diario21.tv\/noticias\/wp-content\/uploads\/2024\/10\/\u00a1Descubre-como-la-escuela-se-transforma-para-cultivar-una-cultura.jpg","type":"image\/jpeg"}],"author":"Juan P\u00e9rez","twitter_card":"summary_large_image","twitter_misc":{"Escrito por":"Juan P\u00e9rez","Tiempo de lectura":"2 minutos"},"schema":{"@context":"https:\/\/schema.org","@graph":[{"@type":"WebPage","@id":"https:\/\/www.diario21.tv\/noticias\/descubre-como-la-escuela-se-transforma-para-cultivar-una-cultura-democratica\/","url":"https:\/\/www.diario21.tv\/noticias\/descubre-como-la-escuela-se-transforma-para-cultivar-una-cultura-democratica\/","name":"\u00a1Descubre c\u00f3mo la escuela se transforma para cultivar una cultura democr\u00e1tica! - Diario 21","isPartOf":{"@id":"https:\/\/www.diario21.tv\/noticias\/#website"},"primaryImageOfPage":{"@id":"https:\/\/www.diario21.tv\/noticias\/descubre-como-la-escuela-se-transforma-para-cultivar-una-cultura-democratica\/#primaryimage"},"image":{"@id":"https:\/\/www.diario21.tv\/noticias\/descubre-como-la-escuela-se-transforma-para-cultivar-una-cultura-democratica\/#primaryimage"},"thumbnailUrl":"https:\/\/www.diario21.tv\/noticias\/wp-content\/uploads\/2024\/10\/\u00a1Descubre-como-la-escuela-se-transforma-para-cultivar-una-cultura.jpg","datePublished":"2024-10-24T05:09:14+00:00","dateModified":"2024-10-24T05:09:16+00:00","author":{"@id":"https:\/\/www.diario21.tv\/noticias\/#\/schema\/person\/dfb778f73814d8f09f302618446a526b"},"breadcrumb":{"@id":"https:\/\/www.diario21.tv\/noticias\/descubre-como-la-escuela-se-transforma-para-cultivar-una-cultura-democratica\/#breadcrumb"},"inLanguage":"es-AR","potentialAction":[{"@type":"ReadAction","target":["https:\/\/www.diario21.tv\/noticias\/descubre-como-la-escuela-se-transforma-para-cultivar-una-cultura-democratica\/"]}]},{"@type":"ImageObject","inLanguage":"es-AR","@id":"https:\/\/www.diario21.tv\/noticias\/descubre-como-la-escuela-se-transforma-para-cultivar-una-cultura-democratica\/#primaryimage","url":"https:\/\/www.diario21.tv\/noticias\/wp-content\/uploads\/2024\/10\/\u00a1Descubre-como-la-escuela-se-transforma-para-cultivar-una-cultura.jpg","contentUrl":"https:\/\/www.diario21.tv\/noticias\/wp-content\/uploads\/2024\/10\/\u00a1Descubre-como-la-escuela-se-transforma-para-cultivar-una-cultura.jpg","width":1920,"height":1080,"caption":"\u00abLa escuela tiene que rearmarse para forjar una cultura de democracia\u00bb"},{"@type":"BreadcrumbList","@id":"https:\/\/www.diario21.tv\/noticias\/descubre-como-la-escuela-se-transforma-para-cultivar-una-cultura-democratica\/#breadcrumb","itemListElement":[{"@type":"ListItem","position":1,"name":"Accueil","item":"https:\/\/www.diario21.tv\/noticias\/"},{"@type":"ListItem","position":2,"name":"\u00a1Descubre c\u00f3mo la escuela se transforma para cultivar una cultura democr\u00e1tica!"}]},{"@type":"WebSite","@id":"https:\/\/www.diario21.tv\/noticias\/#website","url":"https:\/\/www.diario21.tv\/noticias\/","name":"Diario 21","description":"","potentialAction":[{"@type":"SearchAction","target":{"@type":"EntryPoint","urlTemplate":"https:\/\/www.diario21.tv\/noticias\/?s={search_term_string}"},"query-input":{"@type":"PropertyValueSpecification","valueRequired":true,"valueName":"search_term_string"}}],"inLanguage":"es-AR"},{"@type":"Person","@id":"https:\/\/www.diario21.tv\/noticias\/#\/schema\/person\/dfb778f73814d8f09f302618446a526b","name":"Juan P\u00e9rez","image":{"@type":"ImageObject","inLanguage":"es-AR","@id":"https:\/\/www.diario21.tv\/noticias\/#\/schema\/person\/image\/","url":"https:\/\/secure.gravatar.com\/avatar\/c478a405bd10621167f4c3167cc770f5?s=96&d=mm&r=g","contentUrl":"https:\/\/secure.gravatar.com\/avatar\/c478a405bd10621167f4c3167cc770f5?s=96&d=mm&r=g","caption":"Juan P\u00e9rez"},"description":"Juan P\u00e9rez es el redactor en jefe de Diario 21. Con m\u00e1s de 10 a\u00f1os de experiencia en el periodismo, se especializa en pol\u00edtica nacional y an\u00e1lisis socioecon\u00f3mico. Su enfoque cr\u00edtico y riguroso aporta una perspectiva \u00fanica a cada art\u00edculo.","sameAs":["https:\/\/www.diario21.tv\/noticias\/"],"url":"https:\/\/www.diario21.tv\/noticias\/author\/juan-perez\/"}]}},"_links":{"self":[{"href":"https:\/\/www.diario21.tv\/noticias\/wp-json\/wp\/v2\/posts\/978"}],"collection":[{"href":"https:\/\/www.diario21.tv\/noticias\/wp-json\/wp\/v2\/posts"}],"about":[{"href":"https:\/\/www.diario21.tv\/noticias\/wp-json\/wp\/v2\/types\/post"}],"author":[{"embeddable":true,"href":"https:\/\/www.diario21.tv\/noticias\/wp-json\/wp\/v2\/users\/20"}],"replies":[{"embeddable":true,"href":"https:\/\/www.diario21.tv\/noticias\/wp-json\/wp\/v2\/comments?post=978"}],"version-history":[{"count":1,"href":"https:\/\/www.diario21.tv\/noticias\/wp-json\/wp\/v2\/posts\/978\/revisions"}],"predecessor-version":[{"id":980,"href":"https:\/\/www.diario21.tv\/noticias\/wp-json\/wp\/v2\/posts\/978\/revisions\/980"}],"wp:featuredmedia":[{"embeddable":true,"href":"https:\/\/www.diario21.tv\/noticias\/wp-json\/wp\/v2\/media\/979"}],"wp:attachment":[{"href":"https:\/\/www.diario21.tv\/noticias\/wp-json\/wp\/v2\/media?parent=978"}],"wp:term":[{"taxonomy":"category","embeddable":true,"href":"https:\/\/www.diario21.tv\/noticias\/wp-json\/wp\/v2\/categories?post=978"},{"taxonomy":"post_tag","embeddable":true,"href":"https:\/\/www.diario21.tv\/noticias\/wp-json\/wp\/v2\/tags?post=978"}],"curies":[{"name":"wp","href":"https:\/\/api.w.org\/{rel}","templated":true}]}}