{"id":957,"date":"2024-10-22T04:00:27","date_gmt":"2024-10-22T04:00:27","guid":{"rendered":"https:\/\/www.diario21.tv\/noticias\/impactante-descubren-granjas-humanas-donde-retenian-y-maltrataban-a-vulnerables-para-robarles\/"},"modified":"2024-10-22T04:00:29","modified_gmt":"2024-10-22T04:00:29","slug":"impactante-descubren-granjas-humanas-donde-retenian-y-maltrataban-a-vulnerables-para-robarles","status":"publish","type":"post","link":"https:\/\/www.diario21.tv\/noticias\/impactante-descubren-granjas-humanas-donde-retenian-y-maltrataban-a-vulnerables-para-robarles\/","title":{"rendered":"\u00a1Impactante! Descubren &#8220;granjas humanas&#8221; donde reten\u00edan y maltrataban a vulnerables para robarles"},"content":{"rendered":"<h2>Explotaci\u00f3n y Abuso en &#8220;Granjas Humanas&#8221;<\/h2>\n<p>En una impactante revelaci\u00f3n, se ha descubierto que grupos criminales est\u00e1n deteniendo y abusando de individuos vulnerables en lo que se ha denominado &#8220;granjas humanas&#8221;. El prop\u00f3sito detr\u00e1s de este horrendo acto es drenar completamente las cuentas bancarias de las v\u00edctimas.<\/p>\n<h3>La Captura y el Maltrato de las V\u00edctimas<\/h3>\n<p>Los informes indican que las v\u00edctimas, quienes generalmente son personas en situaci\u00f3n de vulnerabilidad, son atra\u00eddas bajo falsas promesas o directamente secuestradas por los perpetradores. Una vez en estas &#8220;granjas&#8221;, son sometidas a diversas formas de maltrato f\u00edsico y psicol\u00f3gico. El objetivo de estos abusos es manipularlas para que revelen informaci\u00f3n bancaria y contrase\u00f1as, lo que permite a los criminales acceder a sus fondos.<\/p>\n<h3>Investigaciones y Acciones Legales<\/h3>\n<p>Las autoridades han comenzado a investigar estos hechos tras recibir m\u00faltiples denuncias. Los esfuerzos para identificar y desmantelar estas redes de explotaci\u00f3n est\u00e1n en marcha, con varias operaciones policiales ya habiendo resultado en el arresto de algunos sospechosos. Adem\u00e1s, se est\u00e1n implementando medidas para proteger a las v\u00edctimas y asegurar que reciban el apoyo necesario para recuperarse de tan traum\u00e1ticas experiencias.<\/p>\n<p>La comunidad internacional ha expresado su preocupaci\u00f3n y condena por estas pr\u00e1cticas, y se est\u00e1n realizando llamados a un mayor compromiso para combatir el tr\u00e1fico y la explotaci\u00f3n de seres humanos. Las organizaciones de derechos humanos est\u00e1n particularmente activas en este campo, buscando aumentar la conciencia sobre la gravedad de la situaci\u00f3n y la necesidad de una acci\u00f3n inmediata para proteger a los m\u00e1s vulnerables.<\/p>\n<h3>Conclusiones y Medidas a Tomar<\/h3>\n<p>Este descubrimiento ha sacudido a la sociedad y ha puesto en evidencia la necesidad de vigilancia constante y de pol\u00edticas m\u00e1s estrictas contra la explotaci\u00f3n humana. Se espera que este caso sirva de llamado de atenci\u00f3n para reforzar los sistemas de seguridad y justicia, y para fomentar una colaboraci\u00f3n m\u00e1s estrecha entre las naciones en la lucha contra las redes criminales que perpetran estos atroces delitos.<\/p>\n\n\n<div class=\"kk-star-ratings kksr-auto kksr-align-left kksr-valign-bottom\"\n    data-payload='{&quot;align&quot;:&quot;left&quot;,&quot;id&quot;:&quot;957&quot;,&quot;slug&quot;:&quot;default&quot;,&quot;valign&quot;:&quot;bottom&quot;,&quot;ignore&quot;:&quot;&quot;,&quot;reference&quot;:&quot;auto&quot;,&quot;class&quot;:&quot;&quot;,&quot;count&quot;:&quot;0&quot;,&quot;legendonly&quot;:&quot;&quot;,&quot;readonly&quot;:&quot;&quot;,&quot;score&quot;:&quot;0&quot;,&quot;starsonly&quot;:&quot;&quot;,&quot;best&quot;:&quot;5&quot;,&quot;gap&quot;:&quot;5&quot;,&quot;greet&quot;:&quot;Valora este post&quot;,&quot;legend&quot;:&quot;0\\\/5 - (0 votes)&quot;,&quot;size&quot;:&quot;22&quot;,&quot;title&quot;:&quot;\u00a1Impactante! Descubren \\u0026quot;granjas humanas\\u0026quot; donde reten\u00edan y maltrataban a vulnerables para robarles&quot;,&quot;width&quot;:&quot;0&quot;,&quot;_legend&quot;:&quot;{score}\\\/{best} - ({count} {votes})&quot;,&quot;font_factor&quot;:&quot;1.25&quot;}'>\n            \n<div class=\"kksr-stars\">\n    \n<div class=\"kksr-stars-inactive\">\n            <div class=\"kksr-star\" data-star=\"1\" style=\"padding-right: 5px\">\n            \n\n<div class=\"kksr-icon\" style=\"width: 22px; height: 22px;\"><\/div>\n        <\/div>\n            <div class=\"kksr-star\" data-star=\"2\" style=\"padding-right: 5px\">\n            \n\n<div class=\"kksr-icon\" style=\"width: 22px; height: 22px;\"><\/div>\n        <\/div>\n            <div class=\"kksr-star\" data-star=\"3\" style=\"padding-right: 5px\">\n            \n\n<div class=\"kksr-icon\" style=\"width: 22px; height: 22px;\"><\/div>\n        <\/div>\n            <div class=\"kksr-star\" data-star=\"4\" style=\"padding-right: 5px\">\n            \n\n<div class=\"kksr-icon\" style=\"width: 22px; height: 22px;\"><\/div>\n        <\/div>\n            <div class=\"kksr-star\" data-star=\"5\" style=\"padding-right: 5px\">\n            \n\n<div class=\"kksr-icon\" style=\"width: 22px; height: 22px;\"><\/div>\n        <\/div>\n    <\/div>\n    \n<div class=\"kksr-stars-active\" style=\"width: 0px;\">\n            <div class=\"kksr-star\" style=\"padding-right: 5px\">\n            \n\n<div class=\"kksr-icon\" style=\"width: 22px; height: 22px;\"><\/div>\n        <\/div>\n            <div class=\"kksr-star\" style=\"padding-right: 5px\">\n            \n\n<div class=\"kksr-icon\" style=\"width: 22px; height: 22px;\"><\/div>\n        <\/div>\n            <div class=\"kksr-star\" style=\"padding-right: 5px\">\n            \n\n<div class=\"kksr-icon\" style=\"width: 22px; height: 22px;\"><\/div>\n        <\/div>\n            <div class=\"kksr-star\" style=\"padding-right: 5px\">\n            \n\n<div class=\"kksr-icon\" style=\"width: 22px; height: 22px;\"><\/div>\n        <\/div>\n            <div class=\"kksr-star\" style=\"padding-right: 5px\">\n            \n\n<div class=\"kksr-icon\" style=\"width: 22px; height: 22px;\"><\/div>\n        <\/div>\n    <\/div>\n<\/div>\n                \n\n<div class=\"kksr-legend\" style=\"font-size: 17.6px;\">\n            <span class=\"kksr-muted\">Valora este post<\/span>\n    <\/div>\n    <\/div>\n","protected":false},"excerpt":{"rendered":"<p>Explotaci\u00f3n y Abuso en &#8220;Granjas Humanas&#8221; En una impactante revelaci\u00f3n, se ha descubierto que grupos criminales est\u00e1n deteniendo y abusando de individuos vulnerables en lo que &#8230; <a title=\"\u00a1Impactante! Descubren &#8220;granjas humanas&#8221; donde reten\u00edan y maltrataban a vulnerables para robarles\" class=\"read-more\" href=\"https:\/\/www.diario21.tv\/noticias\/impactante-descubren-granjas-humanas-donde-retenian-y-maltrataban-a-vulnerables-para-robarles\/\" aria-label=\"Leer m\u00e1s sobre \u00a1Impactante! Descubren &#8220;granjas humanas&#8221; donde reten\u00edan y maltrataban a vulnerables para robarles\">Seguir leyendo &rarr;<\/a><\/p>\n","protected":false},"author":20,"featured_media":958,"comment_status":"open","ping_status":"open","sticky":false,"template":"","format":"standard","meta":{"footnotes":""},"categories":[13],"tags":[],"class_list":["post-957","post","type-post","status-publish","format-standard","has-post-thumbnail","hentry","category-portada"],"yoast_head":"<!-- This site is optimized with the Yoast SEO plugin v25.6 - https:\/\/yoast.com\/wordpress\/plugins\/seo\/ -->\n<title>\u00a1Impactante! Descubren &quot;granjas humanas&quot; donde reten\u00edan y maltrataban a vulnerables para robarles - Diario 21<\/title>\n<meta name=\"robots\" content=\"index, follow, max-snippet:-1, max-image-preview:large, max-video-preview:-1\" \/>\n<link rel=\"canonical\" href=\"https:\/\/www.diario21.tv\/noticias\/impactante-descubren-granjas-humanas-donde-retenian-y-maltrataban-a-vulnerables-para-robarles\/\" \/>\n<meta property=\"og:locale\" content=\"es_ES\" \/>\n<meta property=\"og:type\" content=\"article\" \/>\n<meta property=\"og:title\" content=\"\u00a1Impactante! Descubren &quot;granjas humanas&quot; donde reten\u00edan y maltrataban a vulnerables para robarles - Diario 21\" \/>\n<meta property=\"og:description\" content=\"Explotaci\u00f3n y Abuso en &#8220;Granjas Humanas&#8221; En una impactante revelaci\u00f3n, se ha descubierto que grupos criminales est\u00e1n deteniendo y abusando de individuos vulnerables en lo que ... Seguir leyendo &rarr;\" \/>\n<meta property=\"og:url\" content=\"https:\/\/www.diario21.tv\/noticias\/impactante-descubren-granjas-humanas-donde-retenian-y-maltrataban-a-vulnerables-para-robarles\/\" \/>\n<meta property=\"og:site_name\" content=\"Diario 21\" \/>\n<meta property=\"article:published_time\" content=\"2024-10-22T04:00:27+00:00\" \/>\n<meta property=\"article:modified_time\" content=\"2024-10-22T04:00:29+00:00\" \/>\n<meta property=\"og:image\" content=\"https:\/\/www.diario21.tv\/noticias\/wp-content\/uploads\/2024\/10\/\u00a1Impactante-Descubren-granjas-humanas-donde-retenian-y-maltrataban-a-vulnerables.jpg\" \/>\n\t<meta property=\"og:image:width\" content=\"1920\" \/>\n\t<meta property=\"og:image:height\" content=\"1080\" \/>\n\t<meta property=\"og:image:type\" content=\"image\/jpeg\" \/>\n<meta name=\"author\" content=\"Juan P\u00e9rez\" \/>\n<meta name=\"twitter:card\" content=\"summary_large_image\" \/>\n<meta name=\"twitter:label1\" content=\"Escrito por\" \/>\n\t<meta name=\"twitter:data1\" content=\"Juan P\u00e9rez\" \/>\n\t<meta name=\"twitter:label2\" content=\"Tiempo de lectura\" \/>\n\t<meta name=\"twitter:data2\" content=\"2 minutos\" \/>\n<script type=\"application\/ld+json\" class=\"yoast-schema-graph\">{\"@context\":\"https:\/\/schema.org\",\"@graph\":[{\"@type\":\"WebPage\",\"@id\":\"https:\/\/www.diario21.tv\/noticias\/impactante-descubren-granjas-humanas-donde-retenian-y-maltrataban-a-vulnerables-para-robarles\/\",\"url\":\"https:\/\/www.diario21.tv\/noticias\/impactante-descubren-granjas-humanas-donde-retenian-y-maltrataban-a-vulnerables-para-robarles\/\",\"name\":\"\u00a1Impactante! Descubren \\\"granjas humanas\\\" donde reten\u00edan y maltrataban a vulnerables para robarles - Diario 21\",\"isPartOf\":{\"@id\":\"https:\/\/www.diario21.tv\/noticias\/#website\"},\"primaryImageOfPage\":{\"@id\":\"https:\/\/www.diario21.tv\/noticias\/impactante-descubren-granjas-humanas-donde-retenian-y-maltrataban-a-vulnerables-para-robarles\/#primaryimage\"},\"image\":{\"@id\":\"https:\/\/www.diario21.tv\/noticias\/impactante-descubren-granjas-humanas-donde-retenian-y-maltrataban-a-vulnerables-para-robarles\/#primaryimage\"},\"thumbnailUrl\":\"https:\/\/www.diario21.tv\/noticias\/wp-content\/uploads\/2024\/10\/\u00a1Impactante-Descubren-granjas-humanas-donde-retenian-y-maltrataban-a-vulnerables.jpg\",\"datePublished\":\"2024-10-22T04:00:27+00:00\",\"dateModified\":\"2024-10-22T04:00:29+00:00\",\"author\":{\"@id\":\"https:\/\/www.diario21.tv\/noticias\/#\/schema\/person\/dfb778f73814d8f09f302618446a526b\"},\"breadcrumb\":{\"@id\":\"https:\/\/www.diario21.tv\/noticias\/impactante-descubren-granjas-humanas-donde-retenian-y-maltrataban-a-vulnerables-para-robarles\/#breadcrumb\"},\"inLanguage\":\"es-AR\",\"potentialAction\":[{\"@type\":\"ReadAction\",\"target\":[\"https:\/\/www.diario21.tv\/noticias\/impactante-descubren-granjas-humanas-donde-retenian-y-maltrataban-a-vulnerables-para-robarles\/\"]}]},{\"@type\":\"ImageObject\",\"inLanguage\":\"es-AR\",\"@id\":\"https:\/\/www.diario21.tv\/noticias\/impactante-descubren-granjas-humanas-donde-retenian-y-maltrataban-a-vulnerables-para-robarles\/#primaryimage\",\"url\":\"https:\/\/www.diario21.tv\/noticias\/wp-content\/uploads\/2024\/10\/\u00a1Impactante-Descubren-granjas-humanas-donde-retenian-y-maltrataban-a-vulnerables.jpg\",\"contentUrl\":\"https:\/\/www.diario21.tv\/noticias\/wp-content\/uploads\/2024\/10\/\u00a1Impactante-Descubren-granjas-humanas-donde-retenian-y-maltrataban-a-vulnerables.jpg\",\"width\":1920,\"height\":1080,\"caption\":\"Reten\u00edan y maltrataban a personas vulnerables en \u00abgranjas humanas\u00bb para vaciar sus cuentas bancarias\"},{\"@type\":\"BreadcrumbList\",\"@id\":\"https:\/\/www.diario21.tv\/noticias\/impactante-descubren-granjas-humanas-donde-retenian-y-maltrataban-a-vulnerables-para-robarles\/#breadcrumb\",\"itemListElement\":[{\"@type\":\"ListItem\",\"position\":1,\"name\":\"Accueil\",\"item\":\"https:\/\/www.diario21.tv\/noticias\/\"},{\"@type\":\"ListItem\",\"position\":2,\"name\":\"\u00a1Impactante! Descubren &#8220;granjas humanas&#8221; donde reten\u00edan y maltrataban a vulnerables para robarles\"}]},{\"@type\":\"WebSite\",\"@id\":\"https:\/\/www.diario21.tv\/noticias\/#website\",\"url\":\"https:\/\/www.diario21.tv\/noticias\/\",\"name\":\"Diario 21\",\"description\":\"\",\"potentialAction\":[{\"@type\":\"SearchAction\",\"target\":{\"@type\":\"EntryPoint\",\"urlTemplate\":\"https:\/\/www.diario21.tv\/noticias\/?s={search_term_string}\"},\"query-input\":{\"@type\":\"PropertyValueSpecification\",\"valueRequired\":true,\"valueName\":\"search_term_string\"}}],\"inLanguage\":\"es-AR\"},{\"@type\":\"Person\",\"@id\":\"https:\/\/www.diario21.tv\/noticias\/#\/schema\/person\/dfb778f73814d8f09f302618446a526b\",\"name\":\"Juan P\u00e9rez\",\"image\":{\"@type\":\"ImageObject\",\"inLanguage\":\"es-AR\",\"@id\":\"https:\/\/www.diario21.tv\/noticias\/#\/schema\/person\/image\/\",\"url\":\"https:\/\/secure.gravatar.com\/avatar\/c478a405bd10621167f4c3167cc770f5?s=96&d=mm&r=g\",\"contentUrl\":\"https:\/\/secure.gravatar.com\/avatar\/c478a405bd10621167f4c3167cc770f5?s=96&d=mm&r=g\",\"caption\":\"Juan P\u00e9rez\"},\"description\":\"Juan P\u00e9rez es el redactor en jefe de Diario 21. Con m\u00e1s de 10 a\u00f1os de experiencia en el periodismo, se especializa en pol\u00edtica nacional y an\u00e1lisis socioecon\u00f3mico. Su enfoque cr\u00edtico y riguroso aporta una perspectiva \u00fanica a cada art\u00edculo.\",\"sameAs\":[\"https:\/\/www.diario21.tv\/noticias\/\"],\"url\":\"https:\/\/www.diario21.tv\/noticias\/author\/juan-perez\/\"}]}<\/script>\n<!-- \/ Yoast SEO plugin. -->","yoast_head_json":{"title":"\u00a1Impactante! Descubren \"granjas humanas\" donde reten\u00edan y maltrataban a vulnerables para robarles - Diario 21","robots":{"index":"index","follow":"follow","max-snippet":"max-snippet:-1","max-image-preview":"max-image-preview:large","max-video-preview":"max-video-preview:-1"},"canonical":"https:\/\/www.diario21.tv\/noticias\/impactante-descubren-granjas-humanas-donde-retenian-y-maltrataban-a-vulnerables-para-robarles\/","og_locale":"es_ES","og_type":"article","og_title":"\u00a1Impactante! Descubren \"granjas humanas\" donde reten\u00edan y maltrataban a vulnerables para robarles - Diario 21","og_description":"Explotaci\u00f3n y Abuso en &#8220;Granjas Humanas&#8221; En una impactante revelaci\u00f3n, se ha descubierto que grupos criminales est\u00e1n deteniendo y abusando de individuos vulnerables en lo que ... Seguir leyendo &rarr;","og_url":"https:\/\/www.diario21.tv\/noticias\/impactante-descubren-granjas-humanas-donde-retenian-y-maltrataban-a-vulnerables-para-robarles\/","og_site_name":"Diario 21","article_published_time":"2024-10-22T04:00:27+00:00","article_modified_time":"2024-10-22T04:00:29+00:00","og_image":[{"width":1920,"height":1080,"url":"https:\/\/www.diario21.tv\/noticias\/wp-content\/uploads\/2024\/10\/\u00a1Impactante-Descubren-granjas-humanas-donde-retenian-y-maltrataban-a-vulnerables.jpg","type":"image\/jpeg"}],"author":"Juan P\u00e9rez","twitter_card":"summary_large_image","twitter_misc":{"Escrito por":"Juan P\u00e9rez","Tiempo de lectura":"2 minutos"},"schema":{"@context":"https:\/\/schema.org","@graph":[{"@type":"WebPage","@id":"https:\/\/www.diario21.tv\/noticias\/impactante-descubren-granjas-humanas-donde-retenian-y-maltrataban-a-vulnerables-para-robarles\/","url":"https:\/\/www.diario21.tv\/noticias\/impactante-descubren-granjas-humanas-donde-retenian-y-maltrataban-a-vulnerables-para-robarles\/","name":"\u00a1Impactante! Descubren \"granjas humanas\" donde reten\u00edan y maltrataban a vulnerables para robarles - Diario 21","isPartOf":{"@id":"https:\/\/www.diario21.tv\/noticias\/#website"},"primaryImageOfPage":{"@id":"https:\/\/www.diario21.tv\/noticias\/impactante-descubren-granjas-humanas-donde-retenian-y-maltrataban-a-vulnerables-para-robarles\/#primaryimage"},"image":{"@id":"https:\/\/www.diario21.tv\/noticias\/impactante-descubren-granjas-humanas-donde-retenian-y-maltrataban-a-vulnerables-para-robarles\/#primaryimage"},"thumbnailUrl":"https:\/\/www.diario21.tv\/noticias\/wp-content\/uploads\/2024\/10\/\u00a1Impactante-Descubren-granjas-humanas-donde-retenian-y-maltrataban-a-vulnerables.jpg","datePublished":"2024-10-22T04:00:27+00:00","dateModified":"2024-10-22T04:00:29+00:00","author":{"@id":"https:\/\/www.diario21.tv\/noticias\/#\/schema\/person\/dfb778f73814d8f09f302618446a526b"},"breadcrumb":{"@id":"https:\/\/www.diario21.tv\/noticias\/impactante-descubren-granjas-humanas-donde-retenian-y-maltrataban-a-vulnerables-para-robarles\/#breadcrumb"},"inLanguage":"es-AR","potentialAction":[{"@type":"ReadAction","target":["https:\/\/www.diario21.tv\/noticias\/impactante-descubren-granjas-humanas-donde-retenian-y-maltrataban-a-vulnerables-para-robarles\/"]}]},{"@type":"ImageObject","inLanguage":"es-AR","@id":"https:\/\/www.diario21.tv\/noticias\/impactante-descubren-granjas-humanas-donde-retenian-y-maltrataban-a-vulnerables-para-robarles\/#primaryimage","url":"https:\/\/www.diario21.tv\/noticias\/wp-content\/uploads\/2024\/10\/\u00a1Impactante-Descubren-granjas-humanas-donde-retenian-y-maltrataban-a-vulnerables.jpg","contentUrl":"https:\/\/www.diario21.tv\/noticias\/wp-content\/uploads\/2024\/10\/\u00a1Impactante-Descubren-granjas-humanas-donde-retenian-y-maltrataban-a-vulnerables.jpg","width":1920,"height":1080,"caption":"Reten\u00edan y maltrataban a personas vulnerables en \u00abgranjas humanas\u00bb para vaciar sus cuentas bancarias"},{"@type":"BreadcrumbList","@id":"https:\/\/www.diario21.tv\/noticias\/impactante-descubren-granjas-humanas-donde-retenian-y-maltrataban-a-vulnerables-para-robarles\/#breadcrumb","itemListElement":[{"@type":"ListItem","position":1,"name":"Accueil","item":"https:\/\/www.diario21.tv\/noticias\/"},{"@type":"ListItem","position":2,"name":"\u00a1Impactante! Descubren &#8220;granjas humanas&#8221; donde reten\u00edan y maltrataban a vulnerables para robarles"}]},{"@type":"WebSite","@id":"https:\/\/www.diario21.tv\/noticias\/#website","url":"https:\/\/www.diario21.tv\/noticias\/","name":"Diario 21","description":"","potentialAction":[{"@type":"SearchAction","target":{"@type":"EntryPoint","urlTemplate":"https:\/\/www.diario21.tv\/noticias\/?s={search_term_string}"},"query-input":{"@type":"PropertyValueSpecification","valueRequired":true,"valueName":"search_term_string"}}],"inLanguage":"es-AR"},{"@type":"Person","@id":"https:\/\/www.diario21.tv\/noticias\/#\/schema\/person\/dfb778f73814d8f09f302618446a526b","name":"Juan P\u00e9rez","image":{"@type":"ImageObject","inLanguage":"es-AR","@id":"https:\/\/www.diario21.tv\/noticias\/#\/schema\/person\/image\/","url":"https:\/\/secure.gravatar.com\/avatar\/c478a405bd10621167f4c3167cc770f5?s=96&d=mm&r=g","contentUrl":"https:\/\/secure.gravatar.com\/avatar\/c478a405bd10621167f4c3167cc770f5?s=96&d=mm&r=g","caption":"Juan P\u00e9rez"},"description":"Juan P\u00e9rez es el redactor en jefe de Diario 21. Con m\u00e1s de 10 a\u00f1os de experiencia en el periodismo, se especializa en pol\u00edtica nacional y an\u00e1lisis socioecon\u00f3mico. Su enfoque cr\u00edtico y riguroso aporta una perspectiva \u00fanica a cada art\u00edculo.","sameAs":["https:\/\/www.diario21.tv\/noticias\/"],"url":"https:\/\/www.diario21.tv\/noticias\/author\/juan-perez\/"}]}},"_links":{"self":[{"href":"https:\/\/www.diario21.tv\/noticias\/wp-json\/wp\/v2\/posts\/957"}],"collection":[{"href":"https:\/\/www.diario21.tv\/noticias\/wp-json\/wp\/v2\/posts"}],"about":[{"href":"https:\/\/www.diario21.tv\/noticias\/wp-json\/wp\/v2\/types\/post"}],"author":[{"embeddable":true,"href":"https:\/\/www.diario21.tv\/noticias\/wp-json\/wp\/v2\/users\/20"}],"replies":[{"embeddable":true,"href":"https:\/\/www.diario21.tv\/noticias\/wp-json\/wp\/v2\/comments?post=957"}],"version-history":[{"count":1,"href":"https:\/\/www.diario21.tv\/noticias\/wp-json\/wp\/v2\/posts\/957\/revisions"}],"predecessor-version":[{"id":959,"href":"https:\/\/www.diario21.tv\/noticias\/wp-json\/wp\/v2\/posts\/957\/revisions\/959"}],"wp:featuredmedia":[{"embeddable":true,"href":"https:\/\/www.diario21.tv\/noticias\/wp-json\/wp\/v2\/media\/958"}],"wp:attachment":[{"href":"https:\/\/www.diario21.tv\/noticias\/wp-json\/wp\/v2\/media?parent=957"}],"wp:term":[{"taxonomy":"category","embeddable":true,"href":"https:\/\/www.diario21.tv\/noticias\/wp-json\/wp\/v2\/categories?post=957"},{"taxonomy":"post_tag","embeddable":true,"href":"https:\/\/www.diario21.tv\/noticias\/wp-json\/wp\/v2\/tags?post=957"}],"curies":[{"name":"wp","href":"https:\/\/api.w.org\/{rel}","templated":true}]}}