{"id":916,"date":"2024-10-18T22:00:32","date_gmt":"2024-10-18T22:00:32","guid":{"rendered":"https:\/\/www.diario21.tv\/noticias\/alerta-salmonela-invade-quesos-de-oveja-esto-es-de-vida-o-muerte\/"},"modified":"2024-10-20T14:57:54","modified_gmt":"2024-10-20T14:57:54","slug":"alerta-salmonela-invade-quesos-de-oveja-esto-es-de-vida-o-muerte","status":"publish","type":"post","link":"https:\/\/www.diario21.tv\/noticias\/alerta-salmonela-invade-quesos-de-oveja-esto-es-de-vida-o-muerte\/","title":{"rendered":"\u00a1ALERTA! Salmonela invade quesos de oveja: \u00a1Esto ES de VIDA o MUERTE!"},"content":{"rendered":"<h2>Advertencia de salud por la detecci\u00f3n de salmonela en ciertos quesos de oveja<\/h2>\n<p>En este art\u00edculo, nos enfocamos en una preocupaci\u00f3n de salud p\u00fablica que ha surgido recientemente: la presencia de salmonela en algunos tipos de quesos de oveja. La Salmonela es una bacteria que puede causar una enfermedad llamada salmonelosis, que puede ser grave e incluso mortal en algunos casos. <\/p>\n<p>La salmonelosis se manifiesta generalmente a trav\u00e9s de s\u00edntomas como diarrea, fiebre y dolores abdominales, que suelen aparecer entre 12 y 72 horas despu\u00e9s de la ingesti\u00f3n de alimentos contaminados. En la mayor\u00eda de los casos, la enfermedad se resuelve en unos pocos d\u00edas sin tratamiento, pero puede ser grave en personas con sistemas inmunol\u00f3gicos debilitados, como los ancianos, los ni\u00f1os y las personas con enfermedades cr\u00f3nicas.<\/p>\n<h2>El origen de la alerta sanitaria<\/h2>\n<p>La alerta sanitaria se origin\u00f3 despu\u00e9s de que se detectaran trazas de salmonela en ciertos productos de queso de oveja durante las pruebas de rutina. Las autoridades de salud correspondientes han emitido advertencias a los consumidores para que eviten el consumo de estos quesos hasta que se resuelva el problema.<\/p>\n<p>Los quesos afectados se venden en varios formatos, incluyendo enteros, en rodajas y en cu\u00f1as. Se recomienda a los consumidores que hayan comprado estos productos que los devuelvan a su punto de venta para un reembolso completo.<\/p>\n<h2>Medidas de precauci\u00f3n y recomendaciones<\/h2>\n<p>Las autoridades sanitarias han emitido varias recomendaciones para minimizar el riesgo de infecci\u00f3n por salmonela. Estas incluyen lavarse las manos con frecuencia, especialmente antes y despu\u00e9s de manipular alimentos; limpiar y desinfectar los utensilios de cocina y las superficies que entran en contacto con alimentos; y cocinar los alimentos a las temperaturas adecuadas para matar las bacterias.<\/p>\n<p>Adem\u00e1s, se recomienda a los consumidores que se mantengan alejados de los productos de queso de oveja que puedan estar afectados hasta que se pueda garantizar su seguridad.<\/p>\n<h2>La importancia de la vigilancia alimentaria<\/h2>\n<p>Este incidente subraya la importancia de la vigilancia constante de la seguridad alimentaria. Los fabricantes de alimentos tienen la responsabilidad de garantizar que sus productos sean seguros para el consumo. Las autoridades de salud p\u00fablica, por su parte, desempe\u00f1an un papel crucial en la vigilancia de la seguridad alimentaria y en la emisi\u00f3n de alertas sanitarias cuando se detectan problemas.<\/p>\n<p>Este caso de salmonela en quesos de oveja es un recordatorio de la necesidad de mantener altos est\u00e1ndares de higiene y seguridad en todas las etapas de la producci\u00f3n y el consumo de alimentos.<\/p>\n\n\n<div class=\"kk-star-ratings kksr-auto kksr-align-left kksr-valign-bottom\"\n    data-payload='{&quot;align&quot;:&quot;left&quot;,&quot;id&quot;:&quot;916&quot;,&quot;slug&quot;:&quot;default&quot;,&quot;valign&quot;:&quot;bottom&quot;,&quot;ignore&quot;:&quot;&quot;,&quot;reference&quot;:&quot;auto&quot;,&quot;class&quot;:&quot;&quot;,&quot;count&quot;:&quot;0&quot;,&quot;legendonly&quot;:&quot;&quot;,&quot;readonly&quot;:&quot;&quot;,&quot;score&quot;:&quot;0&quot;,&quot;starsonly&quot;:&quot;&quot;,&quot;best&quot;:&quot;5&quot;,&quot;gap&quot;:&quot;5&quot;,&quot;greet&quot;:&quot;Valora este post&quot;,&quot;legend&quot;:&quot;0\\\/5 - (0 votes)&quot;,&quot;size&quot;:&quot;22&quot;,&quot;title&quot;:&quot;\u00a1ALERTA! Salmonela invade quesos de oveja: \u00a1Esto ES de VIDA o MUERTE!&quot;,&quot;width&quot;:&quot;0&quot;,&quot;_legend&quot;:&quot;{score}\\\/{best} - ({count} {votes})&quot;,&quot;font_factor&quot;:&quot;1.25&quot;}'>\n            \n<div class=\"kksr-stars\">\n    \n<div class=\"kksr-stars-inactive\">\n            <div class=\"kksr-star\" data-star=\"1\" style=\"padding-right: 5px\">\n            \n\n<div class=\"kksr-icon\" style=\"width: 22px; height: 22px;\"><\/div>\n        <\/div>\n            <div class=\"kksr-star\" data-star=\"2\" style=\"padding-right: 5px\">\n            \n\n<div class=\"kksr-icon\" style=\"width: 22px; height: 22px;\"><\/div>\n        <\/div>\n            <div class=\"kksr-star\" data-star=\"3\" style=\"padding-right: 5px\">\n            \n\n<div class=\"kksr-icon\" style=\"width: 22px; height: 22px;\"><\/div>\n        <\/div>\n            <div class=\"kksr-star\" data-star=\"4\" style=\"padding-right: 5px\">\n            \n\n<div class=\"kksr-icon\" style=\"width: 22px; height: 22px;\"><\/div>\n        <\/div>\n            <div class=\"kksr-star\" data-star=\"5\" style=\"padding-right: 5px\">\n            \n\n<div class=\"kksr-icon\" style=\"width: 22px; height: 22px;\"><\/div>\n        <\/div>\n    <\/div>\n    \n<div class=\"kksr-stars-active\" style=\"width: 0px;\">\n            <div class=\"kksr-star\" style=\"padding-right: 5px\">\n            \n\n<div class=\"kksr-icon\" style=\"width: 22px; height: 22px;\"><\/div>\n        <\/div>\n            <div class=\"kksr-star\" style=\"padding-right: 5px\">\n            \n\n<div class=\"kksr-icon\" style=\"width: 22px; height: 22px;\"><\/div>\n        <\/div>\n            <div class=\"kksr-star\" style=\"padding-right: 5px\">\n            \n\n<div class=\"kksr-icon\" style=\"width: 22px; height: 22px;\"><\/div>\n        <\/div>\n            <div class=\"kksr-star\" style=\"padding-right: 5px\">\n            \n\n<div class=\"kksr-icon\" style=\"width: 22px; height: 22px;\"><\/div>\n        <\/div>\n            <div class=\"kksr-star\" style=\"padding-right: 5px\">\n            \n\n<div class=\"kksr-icon\" style=\"width: 22px; height: 22px;\"><\/div>\n        <\/div>\n    <\/div>\n<\/div>\n                \n\n<div class=\"kksr-legend\" style=\"font-size: 17.6px;\">\n            <span class=\"kksr-muted\">Valora este post<\/span>\n    <\/div>\n    <\/div>\n","protected":false},"excerpt":{"rendered":"<p>Advertencia de salud por la detecci\u00f3n de salmonela en ciertos quesos de oveja En este art\u00edculo, nos enfocamos en una preocupaci\u00f3n de salud p\u00fablica que ha &#8230; <a title=\"\u00a1ALERTA! Salmonela invade quesos de oveja: \u00a1Esto ES de VIDA o MUERTE!\" class=\"read-more\" href=\"https:\/\/www.diario21.tv\/noticias\/alerta-salmonela-invade-quesos-de-oveja-esto-es-de-vida-o-muerte\/\" aria-label=\"Leer m\u00e1s sobre \u00a1ALERTA! Salmonela invade quesos de oveja: \u00a1Esto ES de VIDA o MUERTE!\">Seguir leyendo &rarr;<\/a><\/p>\n","protected":false},"author":18,"featured_media":917,"comment_status":"open","ping_status":"open","sticky":false,"template":"","format":"standard","meta":{"footnotes":""},"categories":[13],"tags":[],"class_list":["post-916","post","type-post","status-publish","format-standard","has-post-thumbnail","hentry","category-portada"],"yoast_head":"<!-- This site is optimized with the Yoast SEO plugin v25.6 - https:\/\/yoast.com\/wordpress\/plugins\/seo\/ -->\n<title>\u00a1ALERTA! Salmonela invade quesos de oveja: \u00a1Esto ES de VIDA o MUERTE! - Diario 21<\/title>\n<meta name=\"robots\" content=\"index, follow, max-snippet:-1, max-image-preview:large, max-video-preview:-1\" \/>\n<link rel=\"canonical\" href=\"https:\/\/www.diario21.tv\/noticias\/alerta-salmonela-invade-quesos-de-oveja-esto-es-de-vida-o-muerte\/\" \/>\n<meta property=\"og:locale\" content=\"es_ES\" \/>\n<meta property=\"og:type\" content=\"article\" \/>\n<meta property=\"og:title\" content=\"\u00a1ALERTA! Salmonela invade quesos de oveja: \u00a1Esto ES de VIDA o MUERTE! - Diario 21\" \/>\n<meta property=\"og:description\" content=\"Advertencia de salud por la detecci\u00f3n de salmonela en ciertos quesos de oveja En este art\u00edculo, nos enfocamos en una preocupaci\u00f3n de salud p\u00fablica que ha ... Seguir leyendo &rarr;\" \/>\n<meta property=\"og:url\" content=\"https:\/\/www.diario21.tv\/noticias\/alerta-salmonela-invade-quesos-de-oveja-esto-es-de-vida-o-muerte\/\" \/>\n<meta property=\"og:site_name\" content=\"Diario 21\" \/>\n<meta property=\"article:published_time\" content=\"2024-10-18T22:00:32+00:00\" \/>\n<meta property=\"article:modified_time\" content=\"2024-10-20T14:57:54+00:00\" \/>\n<meta property=\"og:image\" content=\"https:\/\/www.diario21.tv\/noticias\/wp-content\/uploads\/2024\/10\/\u00a1ALERTA-Salmonela-invade-quesos-de-oveja-\u00a1Esto-ES-de-VIDA.jpg\" \/>\n\t<meta property=\"og:image:width\" content=\"1920\" \/>\n\t<meta property=\"og:image:height\" content=\"1080\" \/>\n\t<meta property=\"og:image:type\" content=\"image\/jpeg\" \/>\n<meta name=\"author\" content=\"Alejandro Torres\" \/>\n<meta name=\"twitter:card\" content=\"summary_large_image\" \/>\n<meta name=\"twitter:label1\" content=\"Escrito por\" \/>\n\t<meta name=\"twitter:data1\" content=\"Alejandro Torres\" \/>\n\t<meta name=\"twitter:label2\" content=\"Tiempo de lectura\" \/>\n\t<meta name=\"twitter:data2\" content=\"2 minutos\" \/>\n<script type=\"application\/ld+json\" class=\"yoast-schema-graph\">{\"@context\":\"https:\/\/schema.org\",\"@graph\":[{\"@type\":\"WebPage\",\"@id\":\"https:\/\/www.diario21.tv\/noticias\/alerta-salmonela-invade-quesos-de-oveja-esto-es-de-vida-o-muerte\/\",\"url\":\"https:\/\/www.diario21.tv\/noticias\/alerta-salmonela-invade-quesos-de-oveja-esto-es-de-vida-o-muerte\/\",\"name\":\"\u00a1ALERTA! Salmonela invade quesos de oveja: \u00a1Esto ES de VIDA o MUERTE! - Diario 21\",\"isPartOf\":{\"@id\":\"https:\/\/www.diario21.tv\/noticias\/#website\"},\"primaryImageOfPage\":{\"@id\":\"https:\/\/www.diario21.tv\/noticias\/alerta-salmonela-invade-quesos-de-oveja-esto-es-de-vida-o-muerte\/#primaryimage\"},\"image\":{\"@id\":\"https:\/\/www.diario21.tv\/noticias\/alerta-salmonela-invade-quesos-de-oveja-esto-es-de-vida-o-muerte\/#primaryimage\"},\"thumbnailUrl\":\"https:\/\/www.diario21.tv\/noticias\/wp-content\/uploads\/2024\/10\/\u00a1ALERTA-Salmonela-invade-quesos-de-oveja-\u00a1Esto-ES-de-VIDA.jpg\",\"datePublished\":\"2024-10-18T22:00:32+00:00\",\"dateModified\":\"2024-10-20T14:57:54+00:00\",\"author\":{\"@id\":\"https:\/\/www.diario21.tv\/noticias\/#\/schema\/person\/8885ff4fbd2e0d23a76e54aa20d5b2aa\"},\"breadcrumb\":{\"@id\":\"https:\/\/www.diario21.tv\/noticias\/alerta-salmonela-invade-quesos-de-oveja-esto-es-de-vida-o-muerte\/#breadcrumb\"},\"inLanguage\":\"es-AR\",\"potentialAction\":[{\"@type\":\"ReadAction\",\"target\":[\"https:\/\/www.diario21.tv\/noticias\/alerta-salmonela-invade-quesos-de-oveja-esto-es-de-vida-o-muerte\/\"]}]},{\"@type\":\"ImageObject\",\"inLanguage\":\"es-AR\",\"@id\":\"https:\/\/www.diario21.tv\/noticias\/alerta-salmonela-invade-quesos-de-oveja-esto-es-de-vida-o-muerte\/#primaryimage\",\"url\":\"https:\/\/www.diario21.tv\/noticias\/wp-content\/uploads\/2024\/10\/\u00a1ALERTA-Salmonela-invade-quesos-de-oveja-\u00a1Esto-ES-de-VIDA.jpg\",\"contentUrl\":\"https:\/\/www.diario21.tv\/noticias\/wp-content\/uploads\/2024\/10\/\u00a1ALERTA-Salmonela-invade-quesos-de-oveja-\u00a1Esto-ES-de-VIDA.jpg\",\"width\":1920,\"height\":1080,\"caption\":\"Alerta sanitaria por presencia de salmonela en estos quesos de oveja\"},{\"@type\":\"BreadcrumbList\",\"@id\":\"https:\/\/www.diario21.tv\/noticias\/alerta-salmonela-invade-quesos-de-oveja-esto-es-de-vida-o-muerte\/#breadcrumb\",\"itemListElement\":[{\"@type\":\"ListItem\",\"position\":1,\"name\":\"Accueil\",\"item\":\"https:\/\/www.diario21.tv\/noticias\/\"},{\"@type\":\"ListItem\",\"position\":2,\"name\":\"\u00a1ALERTA! Salmonela invade quesos de oveja: \u00a1Esto ES de VIDA o MUERTE!\"}]},{\"@type\":\"WebSite\",\"@id\":\"https:\/\/www.diario21.tv\/noticias\/#website\",\"url\":\"https:\/\/www.diario21.tv\/noticias\/\",\"name\":\"Diario 21\",\"description\":\"\",\"potentialAction\":[{\"@type\":\"SearchAction\",\"target\":{\"@type\":\"EntryPoint\",\"urlTemplate\":\"https:\/\/www.diario21.tv\/noticias\/?s={search_term_string}\"},\"query-input\":{\"@type\":\"PropertyValueSpecification\",\"valueRequired\":true,\"valueName\":\"search_term_string\"}}],\"inLanguage\":\"es-AR\"},{\"@type\":\"Person\",\"@id\":\"https:\/\/www.diario21.tv\/noticias\/#\/schema\/person\/8885ff4fbd2e0d23a76e54aa20d5b2aa\",\"name\":\"Alejandro Torres\",\"image\":{\"@type\":\"ImageObject\",\"inLanguage\":\"es-AR\",\"@id\":\"https:\/\/www.diario21.tv\/noticias\/#\/schema\/person\/image\/\",\"url\":\"https:\/\/secure.gravatar.com\/avatar\/4e373d3479c57ab0a2c5fff1fff7348a?s=96&d=mm&r=g\",\"contentUrl\":\"https:\/\/secure.gravatar.com\/avatar\/4e373d3479c57ab0a2c5fff1fff7348a?s=96&d=mm&r=g\",\"caption\":\"Alejandro Torres\"},\"description\":\"Alejandro Torres es el corresponsal de tecnolog\u00eda en Diario 21. Apasionado por la innovaci\u00f3n y las tendencias digitales, Alejandro ofrece a nuestros lectores an\u00e1lisis profundos sobre el impacto de la tecnolog\u00eda en la vida cotidiana.\",\"sameAs\":[\"https:\/\/www.diario21.tv\/noticias\/\"],\"url\":\"https:\/\/www.diario21.tv\/noticias\/author\/alejandro-torres\/\"}]}<\/script>\n<!-- \/ Yoast SEO plugin. -->","yoast_head_json":{"title":"\u00a1ALERTA! Salmonela invade quesos de oveja: \u00a1Esto ES de VIDA o MUERTE! - Diario 21","robots":{"index":"index","follow":"follow","max-snippet":"max-snippet:-1","max-image-preview":"max-image-preview:large","max-video-preview":"max-video-preview:-1"},"canonical":"https:\/\/www.diario21.tv\/noticias\/alerta-salmonela-invade-quesos-de-oveja-esto-es-de-vida-o-muerte\/","og_locale":"es_ES","og_type":"article","og_title":"\u00a1ALERTA! Salmonela invade quesos de oveja: \u00a1Esto ES de VIDA o MUERTE! - Diario 21","og_description":"Advertencia de salud por la detecci\u00f3n de salmonela en ciertos quesos de oveja En este art\u00edculo, nos enfocamos en una preocupaci\u00f3n de salud p\u00fablica que ha ... Seguir leyendo &rarr;","og_url":"https:\/\/www.diario21.tv\/noticias\/alerta-salmonela-invade-quesos-de-oveja-esto-es-de-vida-o-muerte\/","og_site_name":"Diario 21","article_published_time":"2024-10-18T22:00:32+00:00","article_modified_time":"2024-10-20T14:57:54+00:00","og_image":[{"width":1920,"height":1080,"url":"https:\/\/www.diario21.tv\/noticias\/wp-content\/uploads\/2024\/10\/\u00a1ALERTA-Salmonela-invade-quesos-de-oveja-\u00a1Esto-ES-de-VIDA.jpg","type":"image\/jpeg"}],"author":"Alejandro Torres","twitter_card":"summary_large_image","twitter_misc":{"Escrito por":"Alejandro Torres","Tiempo de lectura":"2 minutos"},"schema":{"@context":"https:\/\/schema.org","@graph":[{"@type":"WebPage","@id":"https:\/\/www.diario21.tv\/noticias\/alerta-salmonela-invade-quesos-de-oveja-esto-es-de-vida-o-muerte\/","url":"https:\/\/www.diario21.tv\/noticias\/alerta-salmonela-invade-quesos-de-oveja-esto-es-de-vida-o-muerte\/","name":"\u00a1ALERTA! Salmonela invade quesos de oveja: \u00a1Esto ES de VIDA o MUERTE! - Diario 21","isPartOf":{"@id":"https:\/\/www.diario21.tv\/noticias\/#website"},"primaryImageOfPage":{"@id":"https:\/\/www.diario21.tv\/noticias\/alerta-salmonela-invade-quesos-de-oveja-esto-es-de-vida-o-muerte\/#primaryimage"},"image":{"@id":"https:\/\/www.diario21.tv\/noticias\/alerta-salmonela-invade-quesos-de-oveja-esto-es-de-vida-o-muerte\/#primaryimage"},"thumbnailUrl":"https:\/\/www.diario21.tv\/noticias\/wp-content\/uploads\/2024\/10\/\u00a1ALERTA-Salmonela-invade-quesos-de-oveja-\u00a1Esto-ES-de-VIDA.jpg","datePublished":"2024-10-18T22:00:32+00:00","dateModified":"2024-10-20T14:57:54+00:00","author":{"@id":"https:\/\/www.diario21.tv\/noticias\/#\/schema\/person\/8885ff4fbd2e0d23a76e54aa20d5b2aa"},"breadcrumb":{"@id":"https:\/\/www.diario21.tv\/noticias\/alerta-salmonela-invade-quesos-de-oveja-esto-es-de-vida-o-muerte\/#breadcrumb"},"inLanguage":"es-AR","potentialAction":[{"@type":"ReadAction","target":["https:\/\/www.diario21.tv\/noticias\/alerta-salmonela-invade-quesos-de-oveja-esto-es-de-vida-o-muerte\/"]}]},{"@type":"ImageObject","inLanguage":"es-AR","@id":"https:\/\/www.diario21.tv\/noticias\/alerta-salmonela-invade-quesos-de-oveja-esto-es-de-vida-o-muerte\/#primaryimage","url":"https:\/\/www.diario21.tv\/noticias\/wp-content\/uploads\/2024\/10\/\u00a1ALERTA-Salmonela-invade-quesos-de-oveja-\u00a1Esto-ES-de-VIDA.jpg","contentUrl":"https:\/\/www.diario21.tv\/noticias\/wp-content\/uploads\/2024\/10\/\u00a1ALERTA-Salmonela-invade-quesos-de-oveja-\u00a1Esto-ES-de-VIDA.jpg","width":1920,"height":1080,"caption":"Alerta sanitaria por presencia de salmonela en estos quesos de oveja"},{"@type":"BreadcrumbList","@id":"https:\/\/www.diario21.tv\/noticias\/alerta-salmonela-invade-quesos-de-oveja-esto-es-de-vida-o-muerte\/#breadcrumb","itemListElement":[{"@type":"ListItem","position":1,"name":"Accueil","item":"https:\/\/www.diario21.tv\/noticias\/"},{"@type":"ListItem","position":2,"name":"\u00a1ALERTA! Salmonela invade quesos de oveja: \u00a1Esto ES de VIDA o MUERTE!"}]},{"@type":"WebSite","@id":"https:\/\/www.diario21.tv\/noticias\/#website","url":"https:\/\/www.diario21.tv\/noticias\/","name":"Diario 21","description":"","potentialAction":[{"@type":"SearchAction","target":{"@type":"EntryPoint","urlTemplate":"https:\/\/www.diario21.tv\/noticias\/?s={search_term_string}"},"query-input":{"@type":"PropertyValueSpecification","valueRequired":true,"valueName":"search_term_string"}}],"inLanguage":"es-AR"},{"@type":"Person","@id":"https:\/\/www.diario21.tv\/noticias\/#\/schema\/person\/8885ff4fbd2e0d23a76e54aa20d5b2aa","name":"Alejandro Torres","image":{"@type":"ImageObject","inLanguage":"es-AR","@id":"https:\/\/www.diario21.tv\/noticias\/#\/schema\/person\/image\/","url":"https:\/\/secure.gravatar.com\/avatar\/4e373d3479c57ab0a2c5fff1fff7348a?s=96&d=mm&r=g","contentUrl":"https:\/\/secure.gravatar.com\/avatar\/4e373d3479c57ab0a2c5fff1fff7348a?s=96&d=mm&r=g","caption":"Alejandro Torres"},"description":"Alejandro Torres es el corresponsal de tecnolog\u00eda en Diario 21. Apasionado por la innovaci\u00f3n y las tendencias digitales, Alejandro ofrece a nuestros lectores an\u00e1lisis profundos sobre el impacto de la tecnolog\u00eda en la vida cotidiana.","sameAs":["https:\/\/www.diario21.tv\/noticias\/"],"url":"https:\/\/www.diario21.tv\/noticias\/author\/alejandro-torres\/"}]}},"_links":{"self":[{"href":"https:\/\/www.diario21.tv\/noticias\/wp-json\/wp\/v2\/posts\/916"}],"collection":[{"href":"https:\/\/www.diario21.tv\/noticias\/wp-json\/wp\/v2\/posts"}],"about":[{"href":"https:\/\/www.diario21.tv\/noticias\/wp-json\/wp\/v2\/types\/post"}],"author":[{"embeddable":true,"href":"https:\/\/www.diario21.tv\/noticias\/wp-json\/wp\/v2\/users\/18"}],"replies":[{"embeddable":true,"href":"https:\/\/www.diario21.tv\/noticias\/wp-json\/wp\/v2\/comments?post=916"}],"version-history":[{"count":1,"href":"https:\/\/www.diario21.tv\/noticias\/wp-json\/wp\/v2\/posts\/916\/revisions"}],"predecessor-version":[{"id":918,"href":"https:\/\/www.diario21.tv\/noticias\/wp-json\/wp\/v2\/posts\/916\/revisions\/918"}],"wp:featuredmedia":[{"embeddable":true,"href":"https:\/\/www.diario21.tv\/noticias\/wp-json\/wp\/v2\/media\/917"}],"wp:attachment":[{"href":"https:\/\/www.diario21.tv\/noticias\/wp-json\/wp\/v2\/media?parent=916"}],"wp:term":[{"taxonomy":"category","embeddable":true,"href":"https:\/\/www.diario21.tv\/noticias\/wp-json\/wp\/v2\/categories?post=916"},{"taxonomy":"post_tag","embeddable":true,"href":"https:\/\/www.diario21.tv\/noticias\/wp-json\/wp\/v2\/tags?post=916"}],"curies":[{"name":"wp","href":"https:\/\/api.w.org\/{rel}","templated":true}]}}