{"id":872,"date":"2024-10-20T11:00:54","date_gmt":"2024-10-20T11:00:54","guid":{"rendered":"https:\/\/www.diario21.tv\/noticias\/?p=872"},"modified":"2024-10-16T08:31:37","modified_gmt":"2024-10-16T08:31:37","slug":"estas-fotos-tomadas-hace-mas-de-100-anos-fueron-encontradas-en-el-hielo-de-la-antartida","status":"publish","type":"post","link":"https:\/\/www.diario21.tv\/noticias\/estas-fotos-tomadas-hace-mas-de-100-anos-fueron-encontradas-en-el-hielo-de-la-antartida\/","title":{"rendered":"Estas fotos tomadas hace m\u00e1s de 100 a\u00f1os fueron encontradas en el hielo de la Ant\u00e1rtida"},"content":{"rendered":"<p><strong><em>En el inmenso y helado desierto de la Ant\u00e1rtida, se ha producido un hallazgo que conecta nuestro presente con el pasado de una manera fascinante. Un conjunto de fotograf\u00edas tomadas hace m\u00e1s de un siglo ha sido descubierto, conservado en el hielo como una c\u00e1psula del tiempo que esper\u00f3 pacientemente ser abierta.<\/em><\/strong><\/p>\n<p><!--more--><\/p>\n<h2>Un tesoro centenario sale a la luz<\/h2>\n<p>Imag\u00ednate encontrar negativos fotogr\u00e1ficos de hace 100 a\u00f1os, perfectamente preservados en un bloque de hielo. Eso fue exactamente lo que ocurri\u00f3 cuando un equipo de conservaci\u00f3n descubri\u00f3 estas im\u00e1genes hist\u00f3ricas. Es como si el tiempo se hubiera detenido, guardando estos momentos para que las futuras generaciones pudieran vislumbrar una \u00e9poca\u00a0de exploraci\u00f3n y aventura.<\/p>\n<p><img loading=\"lazy\" decoding=\"async\" class=\"aligncenter size-full wp-image-874\" src=\"https:\/\/www.diario21.tv\/noticias\/wp-content\/uploads\/2024\/10\/2-Descubierto-en-el-hielo-de-la-Antartida.jpg\" alt=\"\" width=\"1200\" height=\"1581\" srcset=\"https:\/\/www.diario21.tv\/noticias\/wp-content\/uploads\/2024\/10\/2-Descubierto-en-el-hielo-de-la-Antartida.jpg 1200w, https:\/\/www.diario21.tv\/noticias\/wp-content\/uploads\/2024\/10\/2-Descubierto-en-el-hielo-de-la-Antartida-228x300.jpg 228w, https:\/\/www.diario21.tv\/noticias\/wp-content\/uploads\/2024\/10\/2-Descubierto-en-el-hielo-de-la-Antartida-777x1024.jpg 777w, https:\/\/www.diario21.tv\/noticias\/wp-content\/uploads\/2024\/10\/2-Descubierto-en-el-hielo-de-la-Antartida-768x1012.jpg 768w, https:\/\/www.diario21.tv\/noticias\/wp-content\/uploads\/2024\/10\/2-Descubierto-en-el-hielo-de-la-Antartida-1166x1536.jpg 1166w\" sizes=\"(max-width: 1200px) 100vw, 1200px\" \/><\/p>\n<h2>Vestigios de una expedici\u00f3n legendaria<\/h2>\n<p>Una vez reveladas y digitalizadas, las fotograf\u00edas resultaron ser de la <strong>Expedici\u00f3n del Mar de Ross<\/strong>, parte de la desafortunada Expedici\u00f3n Imperial Transant\u00e1rtica liderada por<strong> Sir Ernest Shackleton entre 1914 y 1917<\/strong>. Shackleton es sin\u00f3nimo de hero\u00edsmo y esp\u00edritu explorador, y estas <a href=\"https:\/\/www.diario21.tv\/noticias\/puedes-encontrar-las-6-caras-ocultas-en-esta-imagen-solo-si-tienes-un-ci-superior-a-101\/\">im\u00e1genes<\/a> a\u00f1aden una nueva dimensi\u00f3n a su legado.<\/p>\n<p><img loading=\"lazy\" decoding=\"async\" class=\"aligncenter size-full wp-image-875\" src=\"https:\/\/www.diario21.tv\/noticias\/wp-content\/uploads\/2024\/10\/3-Descubierto-en-el-hielo-de-la-Antartida.jpg\" alt=\"\" width=\"1200\" height=\"910\" srcset=\"https:\/\/www.diario21.tv\/noticias\/wp-content\/uploads\/2024\/10\/3-Descubierto-en-el-hielo-de-la-Antartida.jpg 1200w, https:\/\/www.diario21.tv\/noticias\/wp-content\/uploads\/2024\/10\/3-Descubierto-en-el-hielo-de-la-Antartida-300x228.jpg 300w, https:\/\/www.diario21.tv\/noticias\/wp-content\/uploads\/2024\/10\/3-Descubierto-en-el-hielo-de-la-Antartida-1024x777.jpg 1024w, https:\/\/www.diario21.tv\/noticias\/wp-content\/uploads\/2024\/10\/3-Descubierto-en-el-hielo-de-la-Antartida-768x582.jpg 768w\" sizes=\"(max-width: 1200px) 100vw, 1200px\" \/><\/p>\n<p>Durante aquella expedici\u00f3n, un grupo de la tripulaci\u00f3n qued\u00f3 varado en una caba\u00f1a tras una tormenta de nieve que arrastr\u00f3 su barco. Aunque eventualmente fueron rescatados, una caja con negativos fotogr\u00e1ficos qued\u00f3 atr\u00e1s, congelada en el tiempo hasta ahora.<\/p>\n<h2>Una ventana al pasado congelado<\/h2>\n<p>Al observar estas im\u00e1genes, es imposible no sentir una conexi\u00f3n con esos intr\u00e9pidos aventureros que se adentraron en lo desconocido con recursos limitados pero con una determinaci\u00f3n inquebrantable. Las fotos muestran paisajes inh\u00f3spitos y momentos cotidianos de la vida en uno de los entornos m\u00e1s extremos del planeta.<\/p>\n<p><img loading=\"lazy\" decoding=\"async\" class=\"aligncenter size-full wp-image-876\" src=\"https:\/\/www.diario21.tv\/noticias\/wp-content\/uploads\/2024\/10\/4-Descubierto-en-el-hielo-de-la-Antartida.jpg\" alt=\"\" width=\"1200\" height=\"675\" srcset=\"https:\/\/www.diario21.tv\/noticias\/wp-content\/uploads\/2024\/10\/4-Descubierto-en-el-hielo-de-la-Antartida.jpg 1200w, https:\/\/www.diario21.tv\/noticias\/wp-content\/uploads\/2024\/10\/4-Descubierto-en-el-hielo-de-la-Antartida-300x169.jpg 300w, https:\/\/www.diario21.tv\/noticias\/wp-content\/uploads\/2024\/10\/4-Descubierto-en-el-hielo-de-la-Antartida-1024x576.jpg 1024w, https:\/\/www.diario21.tv\/noticias\/wp-content\/uploads\/2024\/10\/4-Descubierto-en-el-hielo-de-la-Antartida-768x432.jpg 768w\" sizes=\"(max-width: 1200px) 100vw, 1200px\" \/><\/p>\n<p>Un fot\u00f3grafo conservacionista en Wellington se encarg\u00f3 de la meticulosa tarea de revelar y digitalizar los negativos. &#8220;Es la primera vez que tengo conocimiento de que se descubren y se devuelven a la vida negativos sin revelar de hace un siglo de los h\u00e9roes ant\u00e1rticos&#8221;, coment\u00f3 el experto.<\/p>\n<h2>Reflexiones sobre la exploraci\u00f3n y la preservaci\u00f3n<\/h2>\n<p>Este descubrimiento no solo enriquece nuestro conocimiento sobre las primeras expediciones a la Ant\u00e1rtida, sino que tambi\u00e9n nos recuerda el valor de preservar la historia. En una era donde la tecnolog\u00eda avanza a pasos agigantados, encontrar estas fotograf\u00edas es un recordatorio de las ra\u00edces de la exploraci\u00f3n humana y de c\u00f3mo hemos documentado nuestras aventuras a lo largo del tiempo.<\/p>\n<p><img loading=\"lazy\" decoding=\"async\" class=\"aligncenter size-full wp-image-877\" src=\"https:\/\/www.diario21.tv\/noticias\/wp-content\/uploads\/2024\/10\/5-Descubierto-en-el-hielo-de-la-Antartida.jpg\" alt=\"\" width=\"1200\" height=\"944\" srcset=\"https:\/\/www.diario21.tv\/noticias\/wp-content\/uploads\/2024\/10\/5-Descubierto-en-el-hielo-de-la-Antartida.jpg 1200w, https:\/\/www.diario21.tv\/noticias\/wp-content\/uploads\/2024\/10\/5-Descubierto-en-el-hielo-de-la-Antartida-300x236.jpg 300w, https:\/\/www.diario21.tv\/noticias\/wp-content\/uploads\/2024\/10\/5-Descubierto-en-el-hielo-de-la-Antartida-1024x806.jpg 1024w, https:\/\/www.diario21.tv\/noticias\/wp-content\/uploads\/2024\/10\/5-Descubierto-en-el-hielo-de-la-Antartida-768x604.jpg 768w\" sizes=\"(max-width: 1200px) 100vw, 1200px\" \/><\/p>\n<h2>Inspiraci\u00f3n para futuras generaciones<\/h2>\n<p>Estas im\u00e1genes sirven como inspiraci\u00f3n para todos aquellos que sue\u00f1an con la aventura y la exploraci\u00f3n. Nos muestran que, incluso en las condiciones m\u00e1s adversas, el esp\u00edritu humano es capaz de grandes logros. La valent\u00eda y perseverancia de estos exploradores siguen siendo un faro para quienes desean traspasar fronteras y descubrir lo desconocido.<\/p>\n<p>Este hallazgo es m\u00e1s que un conjunto de <a href=\"https:\/\/www.diario21.tv\/noticias\/impactante-nino-de-2-anos-sufre-desgarrador-ataque-de-pitbull-en-alcala-de-henares-mira-las-fotos\/\">fotos<\/a> antiguas; es un puente que une nuestro presente con el pasado, y una invitaci\u00f3n a apreciar y continuar el legado de aquellos que se atrevieron a aventurarse m\u00e1s all\u00e1 de lo conocido.<\/p>\n\n\n<div class=\"kk-star-ratings kksr-auto kksr-align-left kksr-valign-bottom\"\n    data-payload='{&quot;align&quot;:&quot;left&quot;,&quot;id&quot;:&quot;872&quot;,&quot;slug&quot;:&quot;default&quot;,&quot;valign&quot;:&quot;bottom&quot;,&quot;ignore&quot;:&quot;&quot;,&quot;reference&quot;:&quot;auto&quot;,&quot;class&quot;:&quot;&quot;,&quot;count&quot;:&quot;0&quot;,&quot;legendonly&quot;:&quot;&quot;,&quot;readonly&quot;:&quot;&quot;,&quot;score&quot;:&quot;0&quot;,&quot;starsonly&quot;:&quot;&quot;,&quot;best&quot;:&quot;5&quot;,&quot;gap&quot;:&quot;5&quot;,&quot;greet&quot;:&quot;Valora este post&quot;,&quot;legend&quot;:&quot;0\\\/5 - (0 votes)&quot;,&quot;size&quot;:&quot;22&quot;,&quot;title&quot;:&quot;Estas fotos tomadas hace m\u00e1s de 100 a\u00f1os fueron encontradas en el hielo de la Ant\u00e1rtida&quot;,&quot;width&quot;:&quot;0&quot;,&quot;_legend&quot;:&quot;{score}\\\/{best} - ({count} {votes})&quot;,&quot;font_factor&quot;:&quot;1.25&quot;}'>\n            \n<div class=\"kksr-stars\">\n    \n<div class=\"kksr-stars-inactive\">\n            <div class=\"kksr-star\" data-star=\"1\" style=\"padding-right: 5px\">\n            \n\n<div class=\"kksr-icon\" style=\"width: 22px; height: 22px;\"><\/div>\n        <\/div>\n            <div class=\"kksr-star\" data-star=\"2\" style=\"padding-right: 5px\">\n            \n\n<div class=\"kksr-icon\" style=\"width: 22px; height: 22px;\"><\/div>\n        <\/div>\n            <div class=\"kksr-star\" data-star=\"3\" style=\"padding-right: 5px\">\n            \n\n<div class=\"kksr-icon\" style=\"width: 22px; height: 22px;\"><\/div>\n        <\/div>\n            <div class=\"kksr-star\" data-star=\"4\" style=\"padding-right: 5px\">\n            \n\n<div class=\"kksr-icon\" style=\"width: 22px; height: 22px;\"><\/div>\n        <\/div>\n            <div class=\"kksr-star\" data-star=\"5\" style=\"padding-right: 5px\">\n            \n\n<div class=\"kksr-icon\" style=\"width: 22px; height: 22px;\"><\/div>\n        <\/div>\n    <\/div>\n    \n<div class=\"kksr-stars-active\" style=\"width: 0px;\">\n            <div class=\"kksr-star\" style=\"padding-right: 5px\">\n            \n\n<div class=\"kksr-icon\" style=\"width: 22px; height: 22px;\"><\/div>\n        <\/div>\n            <div class=\"kksr-star\" style=\"padding-right: 5px\">\n            \n\n<div class=\"kksr-icon\" style=\"width: 22px; height: 22px;\"><\/div>\n        <\/div>\n            <div class=\"kksr-star\" style=\"padding-right: 5px\">\n            \n\n<div class=\"kksr-icon\" style=\"width: 22px; height: 22px;\"><\/div>\n        <\/div>\n            <div class=\"kksr-star\" style=\"padding-right: 5px\">\n            \n\n<div class=\"kksr-icon\" style=\"width: 22px; height: 22px;\"><\/div>\n        <\/div>\n            <div class=\"kksr-star\" style=\"padding-right: 5px\">\n            \n\n<div class=\"kksr-icon\" style=\"width: 22px; height: 22px;\"><\/div>\n        <\/div>\n    <\/div>\n<\/div>\n                \n\n<div class=\"kksr-legend\" style=\"font-size: 17.6px;\">\n            <span class=\"kksr-muted\">Valora este post<\/span>\n    <\/div>\n    <\/div>\n","protected":false},"excerpt":{"rendered":"<p>En el inmenso y helado desierto de la Ant\u00e1rtida, se ha producido un hallazgo que conecta nuestro presente con el pasado de una manera fascinante. Un &#8230; <a title=\"Estas fotos tomadas hace m\u00e1s de 100 a\u00f1os fueron encontradas en el hielo de la Ant\u00e1rtida\" class=\"read-more\" href=\"https:\/\/www.diario21.tv\/noticias\/estas-fotos-tomadas-hace-mas-de-100-anos-fueron-encontradas-en-el-hielo-de-la-antartida\/\" aria-label=\"Leer m\u00e1s sobre Estas fotos tomadas hace m\u00e1s de 100 a\u00f1os fueron encontradas en el hielo de la Ant\u00e1rtida\">Seguir leyendo &rarr;<\/a><\/p>\n","protected":false},"author":17,"featured_media":873,"comment_status":"open","ping_status":"open","sticky":false,"template":"","format":"standard","meta":{"footnotes":""},"categories":[12],"tags":[],"class_list":["post-872","post","type-post","status-publish","format-standard","has-post-thumbnail","hentry","category-tendencia"],"yoast_head":"<!-- This site is optimized with the Yoast SEO plugin v25.6 - https:\/\/yoast.com\/wordpress\/plugins\/seo\/ -->\n<title>Estas fotos tomadas hace m\u00e1s de 100 a\u00f1os fueron encontradas en el hielo de la Ant\u00e1rtida - Diario 21<\/title>\n<meta name=\"robots\" content=\"index, follow, max-snippet:-1, max-image-preview:large, max-video-preview:-1\" \/>\n<link rel=\"canonical\" href=\"https:\/\/www.diario21.tv\/noticias\/estas-fotos-tomadas-hace-mas-de-100-anos-fueron-encontradas-en-el-hielo-de-la-antartida\/\" \/>\n<meta property=\"og:locale\" content=\"es_ES\" \/>\n<meta property=\"og:type\" content=\"article\" \/>\n<meta property=\"og:title\" content=\"Estas fotos tomadas hace m\u00e1s de 100 a\u00f1os fueron encontradas en el hielo de la Ant\u00e1rtida - Diario 21\" \/>\n<meta property=\"og:description\" content=\"En el inmenso y helado desierto de la Ant\u00e1rtida, se ha producido un hallazgo que conecta nuestro presente con el pasado de una manera fascinante. Un ... Seguir leyendo &rarr;\" \/>\n<meta property=\"og:url\" content=\"https:\/\/www.diario21.tv\/noticias\/estas-fotos-tomadas-hace-mas-de-100-anos-fueron-encontradas-en-el-hielo-de-la-antartida\/\" \/>\n<meta property=\"og:site_name\" content=\"Diario 21\" \/>\n<meta property=\"article:published_time\" content=\"2024-10-20T11:00:54+00:00\" \/>\n<meta property=\"og:image\" content=\"https:\/\/www.diario21.tv\/noticias\/wp-content\/uploads\/2024\/10\/Descubierto-en-el-hielo-de-la-Antartida.jpeg\" \/>\n\t<meta property=\"og:image:width\" content=\"1200\" \/>\n\t<meta property=\"og:image:height\" content=\"675\" \/>\n\t<meta property=\"og:image:type\" content=\"image\/jpeg\" \/>\n<meta name=\"author\" content=\"Diego Ram\u00edrez\" \/>\n<meta name=\"twitter:card\" content=\"summary_large_image\" \/>\n<meta name=\"twitter:label1\" content=\"Escrito por\" \/>\n\t<meta name=\"twitter:data1\" content=\"Diego Ram\u00edrez\" \/>\n\t<meta name=\"twitter:label2\" content=\"Tiempo de lectura\" \/>\n\t<meta name=\"twitter:data2\" content=\"3 minutos\" \/>\n<script type=\"application\/ld+json\" class=\"yoast-schema-graph\">{\"@context\":\"https:\/\/schema.org\",\"@graph\":[{\"@type\":\"WebPage\",\"@id\":\"https:\/\/www.diario21.tv\/noticias\/estas-fotos-tomadas-hace-mas-de-100-anos-fueron-encontradas-en-el-hielo-de-la-antartida\/\",\"url\":\"https:\/\/www.diario21.tv\/noticias\/estas-fotos-tomadas-hace-mas-de-100-anos-fueron-encontradas-en-el-hielo-de-la-antartida\/\",\"name\":\"Estas fotos tomadas hace m\u00e1s de 100 a\u00f1os fueron encontradas en el hielo de la Ant\u00e1rtida - Diario 21\",\"isPartOf\":{\"@id\":\"https:\/\/www.diario21.tv\/noticias\/#website\"},\"primaryImageOfPage\":{\"@id\":\"https:\/\/www.diario21.tv\/noticias\/estas-fotos-tomadas-hace-mas-de-100-anos-fueron-encontradas-en-el-hielo-de-la-antartida\/#primaryimage\"},\"image\":{\"@id\":\"https:\/\/www.diario21.tv\/noticias\/estas-fotos-tomadas-hace-mas-de-100-anos-fueron-encontradas-en-el-hielo-de-la-antartida\/#primaryimage\"},\"thumbnailUrl\":\"https:\/\/www.diario21.tv\/noticias\/wp-content\/uploads\/2024\/10\/Descubierto-en-el-hielo-de-la-Antartida.jpeg\",\"datePublished\":\"2024-10-20T11:00:54+00:00\",\"author\":{\"@id\":\"https:\/\/www.diario21.tv\/noticias\/#\/schema\/person\/82784493c2386321eca1931994300a93\"},\"breadcrumb\":{\"@id\":\"https:\/\/www.diario21.tv\/noticias\/estas-fotos-tomadas-hace-mas-de-100-anos-fueron-encontradas-en-el-hielo-de-la-antartida\/#breadcrumb\"},\"inLanguage\":\"es-AR\",\"potentialAction\":[{\"@type\":\"ReadAction\",\"target\":[\"https:\/\/www.diario21.tv\/noticias\/estas-fotos-tomadas-hace-mas-de-100-anos-fueron-encontradas-en-el-hielo-de-la-antartida\/\"]}]},{\"@type\":\"ImageObject\",\"inLanguage\":\"es-AR\",\"@id\":\"https:\/\/www.diario21.tv\/noticias\/estas-fotos-tomadas-hace-mas-de-100-anos-fueron-encontradas-en-el-hielo-de-la-antartida\/#primaryimage\",\"url\":\"https:\/\/www.diario21.tv\/noticias\/wp-content\/uploads\/2024\/10\/Descubierto-en-el-hielo-de-la-Antartida.jpeg\",\"contentUrl\":\"https:\/\/www.diario21.tv\/noticias\/wp-content\/uploads\/2024\/10\/Descubierto-en-el-hielo-de-la-Antartida.jpeg\",\"width\":1200,\"height\":675,\"caption\":\"Estas fotos tomadas hace m\u00e1s de 100 a\u00f1os fueron encontradas en el hielo de la Ant\u00e1rtida\"},{\"@type\":\"BreadcrumbList\",\"@id\":\"https:\/\/www.diario21.tv\/noticias\/estas-fotos-tomadas-hace-mas-de-100-anos-fueron-encontradas-en-el-hielo-de-la-antartida\/#breadcrumb\",\"itemListElement\":[{\"@type\":\"ListItem\",\"position\":1,\"name\":\"Accueil\",\"item\":\"https:\/\/www.diario21.tv\/noticias\/\"},{\"@type\":\"ListItem\",\"position\":2,\"name\":\"Estas fotos tomadas hace m\u00e1s de 100 a\u00f1os fueron encontradas en el hielo de la Ant\u00e1rtida\"}]},{\"@type\":\"WebSite\",\"@id\":\"https:\/\/www.diario21.tv\/noticias\/#website\",\"url\":\"https:\/\/www.diario21.tv\/noticias\/\",\"name\":\"Diario 21\",\"description\":\"\",\"potentialAction\":[{\"@type\":\"SearchAction\",\"target\":{\"@type\":\"EntryPoint\",\"urlTemplate\":\"https:\/\/www.diario21.tv\/noticias\/?s={search_term_string}\"},\"query-input\":{\"@type\":\"PropertyValueSpecification\",\"valueRequired\":true,\"valueName\":\"search_term_string\"}}],\"inLanguage\":\"es-AR\"},{\"@type\":\"Person\",\"@id\":\"https:\/\/www.diario21.tv\/noticias\/#\/schema\/person\/82784493c2386321eca1931994300a93\",\"name\":\"Diego Ram\u00edrez\",\"image\":{\"@type\":\"ImageObject\",\"inLanguage\":\"es-AR\",\"@id\":\"https:\/\/www.diario21.tv\/noticias\/#\/schema\/person\/image\/\",\"url\":\"https:\/\/secure.gravatar.com\/avatar\/19f9d4b705c0e181063e13bbda16fe42?s=96&d=mm&r=g\",\"contentUrl\":\"https:\/\/secure.gravatar.com\/avatar\/19f9d4b705c0e181063e13bbda16fe42?s=96&d=mm&r=g\",\"caption\":\"Diego Ram\u00edrez\"},\"description\":\"Diego Ram\u00edrez es el encargado de la secci\u00f3n de deportes en Diario 21. Con una amplia experiencia cubriendo eventos deportivos nacionales e internacionales, Diego ofrece una mirada apasionada y detallada del mundo deportivo.\",\"url\":\"https:\/\/www.diario21.tv\/noticias\/author\/contacthotwine-net\/\"}]}<\/script>\n<!-- \/ Yoast SEO plugin. -->","yoast_head_json":{"title":"Estas fotos tomadas hace m\u00e1s de 100 a\u00f1os fueron encontradas en el hielo de la Ant\u00e1rtida - Diario 21","robots":{"index":"index","follow":"follow","max-snippet":"max-snippet:-1","max-image-preview":"max-image-preview:large","max-video-preview":"max-video-preview:-1"},"canonical":"https:\/\/www.diario21.tv\/noticias\/estas-fotos-tomadas-hace-mas-de-100-anos-fueron-encontradas-en-el-hielo-de-la-antartida\/","og_locale":"es_ES","og_type":"article","og_title":"Estas fotos tomadas hace m\u00e1s de 100 a\u00f1os fueron encontradas en el hielo de la Ant\u00e1rtida - Diario 21","og_description":"En el inmenso y helado desierto de la Ant\u00e1rtida, se ha producido un hallazgo que conecta nuestro presente con el pasado de una manera fascinante. Un ... Seguir leyendo &rarr;","og_url":"https:\/\/www.diario21.tv\/noticias\/estas-fotos-tomadas-hace-mas-de-100-anos-fueron-encontradas-en-el-hielo-de-la-antartida\/","og_site_name":"Diario 21","article_published_time":"2024-10-20T11:00:54+00:00","og_image":[{"width":1200,"height":675,"url":"https:\/\/www.diario21.tv\/noticias\/wp-content\/uploads\/2024\/10\/Descubierto-en-el-hielo-de-la-Antartida.jpeg","type":"image\/jpeg"}],"author":"Diego Ram\u00edrez","twitter_card":"summary_large_image","twitter_misc":{"Escrito por":"Diego Ram\u00edrez","Tiempo de lectura":"3 minutos"},"schema":{"@context":"https:\/\/schema.org","@graph":[{"@type":"WebPage","@id":"https:\/\/www.diario21.tv\/noticias\/estas-fotos-tomadas-hace-mas-de-100-anos-fueron-encontradas-en-el-hielo-de-la-antartida\/","url":"https:\/\/www.diario21.tv\/noticias\/estas-fotos-tomadas-hace-mas-de-100-anos-fueron-encontradas-en-el-hielo-de-la-antartida\/","name":"Estas fotos tomadas hace m\u00e1s de 100 a\u00f1os fueron encontradas en el hielo de la Ant\u00e1rtida - Diario 21","isPartOf":{"@id":"https:\/\/www.diario21.tv\/noticias\/#website"},"primaryImageOfPage":{"@id":"https:\/\/www.diario21.tv\/noticias\/estas-fotos-tomadas-hace-mas-de-100-anos-fueron-encontradas-en-el-hielo-de-la-antartida\/#primaryimage"},"image":{"@id":"https:\/\/www.diario21.tv\/noticias\/estas-fotos-tomadas-hace-mas-de-100-anos-fueron-encontradas-en-el-hielo-de-la-antartida\/#primaryimage"},"thumbnailUrl":"https:\/\/www.diario21.tv\/noticias\/wp-content\/uploads\/2024\/10\/Descubierto-en-el-hielo-de-la-Antartida.jpeg","datePublished":"2024-10-20T11:00:54+00:00","author":{"@id":"https:\/\/www.diario21.tv\/noticias\/#\/schema\/person\/82784493c2386321eca1931994300a93"},"breadcrumb":{"@id":"https:\/\/www.diario21.tv\/noticias\/estas-fotos-tomadas-hace-mas-de-100-anos-fueron-encontradas-en-el-hielo-de-la-antartida\/#breadcrumb"},"inLanguage":"es-AR","potentialAction":[{"@type":"ReadAction","target":["https:\/\/www.diario21.tv\/noticias\/estas-fotos-tomadas-hace-mas-de-100-anos-fueron-encontradas-en-el-hielo-de-la-antartida\/"]}]},{"@type":"ImageObject","inLanguage":"es-AR","@id":"https:\/\/www.diario21.tv\/noticias\/estas-fotos-tomadas-hace-mas-de-100-anos-fueron-encontradas-en-el-hielo-de-la-antartida\/#primaryimage","url":"https:\/\/www.diario21.tv\/noticias\/wp-content\/uploads\/2024\/10\/Descubierto-en-el-hielo-de-la-Antartida.jpeg","contentUrl":"https:\/\/www.diario21.tv\/noticias\/wp-content\/uploads\/2024\/10\/Descubierto-en-el-hielo-de-la-Antartida.jpeg","width":1200,"height":675,"caption":"Estas fotos tomadas hace m\u00e1s de 100 a\u00f1os fueron encontradas en el hielo de la Ant\u00e1rtida"},{"@type":"BreadcrumbList","@id":"https:\/\/www.diario21.tv\/noticias\/estas-fotos-tomadas-hace-mas-de-100-anos-fueron-encontradas-en-el-hielo-de-la-antartida\/#breadcrumb","itemListElement":[{"@type":"ListItem","position":1,"name":"Accueil","item":"https:\/\/www.diario21.tv\/noticias\/"},{"@type":"ListItem","position":2,"name":"Estas fotos tomadas hace m\u00e1s de 100 a\u00f1os fueron encontradas en el hielo de la Ant\u00e1rtida"}]},{"@type":"WebSite","@id":"https:\/\/www.diario21.tv\/noticias\/#website","url":"https:\/\/www.diario21.tv\/noticias\/","name":"Diario 21","description":"","potentialAction":[{"@type":"SearchAction","target":{"@type":"EntryPoint","urlTemplate":"https:\/\/www.diario21.tv\/noticias\/?s={search_term_string}"},"query-input":{"@type":"PropertyValueSpecification","valueRequired":true,"valueName":"search_term_string"}}],"inLanguage":"es-AR"},{"@type":"Person","@id":"https:\/\/www.diario21.tv\/noticias\/#\/schema\/person\/82784493c2386321eca1931994300a93","name":"Diego Ram\u00edrez","image":{"@type":"ImageObject","inLanguage":"es-AR","@id":"https:\/\/www.diario21.tv\/noticias\/#\/schema\/person\/image\/","url":"https:\/\/secure.gravatar.com\/avatar\/19f9d4b705c0e181063e13bbda16fe42?s=96&d=mm&r=g","contentUrl":"https:\/\/secure.gravatar.com\/avatar\/19f9d4b705c0e181063e13bbda16fe42?s=96&d=mm&r=g","caption":"Diego Ram\u00edrez"},"description":"Diego Ram\u00edrez es el encargado de la secci\u00f3n de deportes en Diario 21. Con una amplia experiencia cubriendo eventos deportivos nacionales e internacionales, Diego ofrece una mirada apasionada y detallada del mundo deportivo.","url":"https:\/\/www.diario21.tv\/noticias\/author\/contacthotwine-net\/"}]}},"_links":{"self":[{"href":"https:\/\/www.diario21.tv\/noticias\/wp-json\/wp\/v2\/posts\/872"}],"collection":[{"href":"https:\/\/www.diario21.tv\/noticias\/wp-json\/wp\/v2\/posts"}],"about":[{"href":"https:\/\/www.diario21.tv\/noticias\/wp-json\/wp\/v2\/types\/post"}],"author":[{"embeddable":true,"href":"https:\/\/www.diario21.tv\/noticias\/wp-json\/wp\/v2\/users\/17"}],"replies":[{"embeddable":true,"href":"https:\/\/www.diario21.tv\/noticias\/wp-json\/wp\/v2\/comments?post=872"}],"version-history":[{"count":1,"href":"https:\/\/www.diario21.tv\/noticias\/wp-json\/wp\/v2\/posts\/872\/revisions"}],"predecessor-version":[{"id":878,"href":"https:\/\/www.diario21.tv\/noticias\/wp-json\/wp\/v2\/posts\/872\/revisions\/878"}],"wp:featuredmedia":[{"embeddable":true,"href":"https:\/\/www.diario21.tv\/noticias\/wp-json\/wp\/v2\/media\/873"}],"wp:attachment":[{"href":"https:\/\/www.diario21.tv\/noticias\/wp-json\/wp\/v2\/media?parent=872"}],"wp:term":[{"taxonomy":"category","embeddable":true,"href":"https:\/\/www.diario21.tv\/noticias\/wp-json\/wp\/v2\/categories?post=872"},{"taxonomy":"post_tag","embeddable":true,"href":"https:\/\/www.diario21.tv\/noticias\/wp-json\/wp\/v2\/tags?post=872"}],"curies":[{"name":"wp","href":"https:\/\/api.w.org\/{rel}","templated":true}]}}