{"id":851,"date":"2024-10-16T11:00:38","date_gmt":"2024-10-16T11:00:38","guid":{"rendered":"https:\/\/www.diario21.tv\/noticias\/?p=851"},"modified":"2024-10-16T08:03:38","modified_gmt":"2024-10-16T08:03:38","slug":"desesperada-y-llorando-le-pide-a-su-madre-que-cuide-a-su-hijo-pero-ella-se-niega-para-ir-a-una-clase-de-yoga","status":"publish","type":"post","link":"https:\/\/www.diario21.tv\/noticias\/desesperada-y-llorando-le-pide-a-su-madre-que-cuide-a-su-hijo-pero-ella-se-niega-para-ir-a-una-clase-de-yoga\/","title":{"rendered":"Desesperada y llorando, le pide a su madre que cuide a su hijo, pero ella se niega para ir a una clase de yoga"},"content":{"rendered":"<p><strong><em>En una desgarradora historia, una mujer comparte la raz\u00f3n por la que ha decidido que su madre ya no tendr\u00e1 contacto con su hijo. \u00bfEl motivo? Su negativa constante a ofrecer ayuda para cuidar al peque\u00f1o.<\/em><\/strong><\/p>\n<p><!--more--><\/p>\n<p>Es una situaci\u00f3n que muchas <a href=\"https:\/\/www.diario21.tv\/noticias\/increible-divorciada-que-se-dedico-a-la-familia-recibe-pension-vitalicia-de-2000-euros\/\">familias<\/a> han vivido: algunos abuelos se sienten abrumados ante la expectativa de cuidar a los nietos seg\u00fan las necesidades de sus hijos. Y es comprensible, ya que asumir el papel de ni\u00f1era no es tarea f\u00e1cil, especialmente para quienes disfrutan de sus a\u00f1os de retiro.<\/p>\n<p>Este caso en particular muestra c\u00f3mo estas situaciones pueden desgarrar los lazos familiares. En un detallado relato, la mujer explica por qu\u00e9 ha tomado la dura decisi\u00f3n de alejar a su madre de su nieto, se\u00f1alando la falta de apoyo en el cuidado de su hijo.<\/p>\n<h2>La dif\u00edcil lucha de una madre<\/h2>\n<p>La protagonista de esta historia es madre de un beb\u00e9 de ocho meses llamado Jack y ha estado luchando contra la depresi\u00f3n posparto desde que dio a luz. A esto se suma que, como madre trabajadora a tiempo completo, tambi\u00e9n dedica buena parte de su tiempo a visitar a su suegra enferma junto a su esposo.<\/p>\n<p>Con tantas responsabilidades, no es sorprendente que su agenda apenas le deje tiempo para descansar: \u201cNo tengo muchos amigos en el estado en el que vivimos, me siento bastante aislada. No he tenido un solo d\u00eda o una noche libre desde que naci\u00f3 Jack\u201d, comenta en su relato.<\/p>\n<p>La mujer menciona que su madre vive a una hora de distancia, pero nunca ha ofrecido ayuda: \u201cSiempre hemos tenido una relaci\u00f3n cercana. Ella fue una madre amorosa y dedicada, que se qued\u00f3 en casa para cuidarnos\u2026 Ahora, sus d\u00edas est\u00e1n llenos de yoga y salidas sociales.\u201d<\/p>\n<h2>La tensi\u00f3n entre madre e hija<\/h2>\n<p>La mujer se siente profundamente herida por la actitud de su madre: \u201c<em>Le he pedido varias veces si podr\u00eda cuidar al beb\u00e9 o ayudarme con algunos recados, pero siempre recibo un no como respuesta.<\/em>\u201d<\/p>\n<p><img loading=\"lazy\" decoding=\"async\" class=\"aligncenter size-full wp-image-852\" src=\"https:\/\/www.diario21.tv\/noticias\/wp-content\/uploads\/2024\/10\/2Discusiones-entre-madre-e-hija.jpg\" alt=\"\" width=\"1200\" height=\"801\" srcset=\"https:\/\/www.diario21.tv\/noticias\/wp-content\/uploads\/2024\/10\/2Discusiones-entre-madre-e-hija.jpg 1200w, https:\/\/www.diario21.tv\/noticias\/wp-content\/uploads\/2024\/10\/2Discusiones-entre-madre-e-hija-300x200.jpg 300w, https:\/\/www.diario21.tv\/noticias\/wp-content\/uploads\/2024\/10\/2Discusiones-entre-madre-e-hija-1024x684.jpg 1024w, https:\/\/www.diario21.tv\/noticias\/wp-content\/uploads\/2024\/10\/2Discusiones-entre-madre-e-hija-768x513.jpg 768w\" sizes=\"(max-width: 1200px) 100vw, 1200px\" \/><\/p>\n<p>La tensi\u00f3n entre ellas aument\u00f3 d\u00edas antes de la boda de la mejor amiga de la autora del relato.<\/p>\n<p>\u201cMi mejor amiga se casa el pr\u00f3ximo fin de semana en otro estado, a un vuelo de dos horas de distancia\u2026 No se permiten ni\u00f1os en el lugar porque no es seguro para ellos\u2026 Despu\u00e9s de buscar durante un mes, finalmente encontramos a una ni\u00f1era\u2026 Pero cancel\u00f3 a \u00faltima hora. He pasado los \u00faltimos tres d\u00edas llamando a agencias de cuidado infantil, sin \u00e9xito\u201d, explic\u00f3.<\/p>\n<p>Desesperada, decidi\u00f3 recurrir a su madre: \u201cLe expliqu\u00e9 mi <a href=\"https:\/\/www.diario21.tv\/noticias\/situacion-critica-esperando-una-gran-cosecha-sobreviviremos\/\">situaci\u00f3n<\/a> y le ped\u00ed, entre l\u00e1grimas, si podr\u00eda cuidar a Jack por solo 24 horas\u2026 Le rogu\u00e9, pero dijo que no. Ten\u00eda una clase de yoga a la que no quer\u00eda faltar.\u201d<\/p>\n<p>La negativa de su madre fue el golpe final. Como resultado, tom\u00f3 la decisi\u00f3n de romper la relaci\u00f3n familiar: \u201cEntiendo que mi madre no tiene obligaci\u00f3n de ayudarnos, pero tampoco deber\u00eda esperar ver a su nieto.\u201d<\/p>\n<h2>Reflexiones sobre la din\u00e1mica familiar<\/h2>\n<p>Esta historia no solo pone de manifiesto las complicaciones que pueden surgir en las relaciones familiares y las expectativas hacia los abuelos, sino que tambi\u00e9n revela las luchas silenciosas que enfrentan muchos padres primerizos, a menudo sinti\u00e9ndose solos y desamparados.<\/p>\n<p>Los desaf\u00edos de criar a un hijo pueden ser abrumadores, y a veces el apoyo familiar es la clave para mantener el equilibrio. Sin embargo, cuando este apoyo no llega, las decisiones que se toman pueden cambiar el rumbo de una relaci\u00f3n para siempre.<\/p>\n\n\n<div class=\"kk-star-ratings kksr-auto kksr-align-left kksr-valign-bottom\"\n    data-payload='{&quot;align&quot;:&quot;left&quot;,&quot;id&quot;:&quot;851&quot;,&quot;slug&quot;:&quot;default&quot;,&quot;valign&quot;:&quot;bottom&quot;,&quot;ignore&quot;:&quot;&quot;,&quot;reference&quot;:&quot;auto&quot;,&quot;class&quot;:&quot;&quot;,&quot;count&quot;:&quot;0&quot;,&quot;legendonly&quot;:&quot;&quot;,&quot;readonly&quot;:&quot;&quot;,&quot;score&quot;:&quot;0&quot;,&quot;starsonly&quot;:&quot;&quot;,&quot;best&quot;:&quot;5&quot;,&quot;gap&quot;:&quot;5&quot;,&quot;greet&quot;:&quot;Valora este post&quot;,&quot;legend&quot;:&quot;0\\\/5 - (0 votes)&quot;,&quot;size&quot;:&quot;22&quot;,&quot;title&quot;:&quot;Desesperada y llorando, le pide a su madre que cuide a su hijo, pero ella se niega para ir a una clase de yoga&quot;,&quot;width&quot;:&quot;0&quot;,&quot;_legend&quot;:&quot;{score}\\\/{best} - ({count} {votes})&quot;,&quot;font_factor&quot;:&quot;1.25&quot;}'>\n            \n<div class=\"kksr-stars\">\n    \n<div class=\"kksr-stars-inactive\">\n            <div class=\"kksr-star\" data-star=\"1\" style=\"padding-right: 5px\">\n            \n\n<div class=\"kksr-icon\" style=\"width: 22px; height: 22px;\"><\/div>\n        <\/div>\n            <div class=\"kksr-star\" data-star=\"2\" style=\"padding-right: 5px\">\n            \n\n<div class=\"kksr-icon\" style=\"width: 22px; height: 22px;\"><\/div>\n        <\/div>\n            <div class=\"kksr-star\" data-star=\"3\" style=\"padding-right: 5px\">\n            \n\n<div class=\"kksr-icon\" style=\"width: 22px; height: 22px;\"><\/div>\n        <\/div>\n            <div class=\"kksr-star\" data-star=\"4\" style=\"padding-right: 5px\">\n            \n\n<div class=\"kksr-icon\" style=\"width: 22px; height: 22px;\"><\/div>\n        <\/div>\n            <div class=\"kksr-star\" data-star=\"5\" style=\"padding-right: 5px\">\n            \n\n<div class=\"kksr-icon\" style=\"width: 22px; height: 22px;\"><\/div>\n        <\/div>\n    <\/div>\n    \n<div class=\"kksr-stars-active\" style=\"width: 0px;\">\n            <div class=\"kksr-star\" style=\"padding-right: 5px\">\n            \n\n<div class=\"kksr-icon\" style=\"width: 22px; height: 22px;\"><\/div>\n        <\/div>\n            <div class=\"kksr-star\" style=\"padding-right: 5px\">\n            \n\n<div class=\"kksr-icon\" style=\"width: 22px; height: 22px;\"><\/div>\n        <\/div>\n            <div class=\"kksr-star\" style=\"padding-right: 5px\">\n            \n\n<div class=\"kksr-icon\" style=\"width: 22px; height: 22px;\"><\/div>\n        <\/div>\n            <div class=\"kksr-star\" style=\"padding-right: 5px\">\n            \n\n<div class=\"kksr-icon\" style=\"width: 22px; height: 22px;\"><\/div>\n        <\/div>\n            <div class=\"kksr-star\" style=\"padding-right: 5px\">\n            \n\n<div class=\"kksr-icon\" style=\"width: 22px; height: 22px;\"><\/div>\n        <\/div>\n    <\/div>\n<\/div>\n                \n\n<div class=\"kksr-legend\" style=\"font-size: 17.6px;\">\n            <span class=\"kksr-muted\">Valora este post<\/span>\n    <\/div>\n    <\/div>\n","protected":false},"excerpt":{"rendered":"<p>En una desgarradora historia, una mujer comparte la raz\u00f3n por la que ha decidido que su madre ya no tendr\u00e1 contacto con su hijo. \u00bfEl motivo? &#8230; <a title=\"Desesperada y llorando, le pide a su madre que cuide a su hijo, pero ella se niega para ir a una clase de yoga\" class=\"read-more\" href=\"https:\/\/www.diario21.tv\/noticias\/desesperada-y-llorando-le-pide-a-su-madre-que-cuide-a-su-hijo-pero-ella-se-niega-para-ir-a-una-clase-de-yoga\/\" aria-label=\"Leer m\u00e1s sobre Desesperada y llorando, le pide a su madre que cuide a su hijo, pero ella se niega para ir a una clase de yoga\">Seguir leyendo &rarr;<\/a><\/p>\n","protected":false},"author":17,"featured_media":856,"comment_status":"open","ping_status":"open","sticky":false,"template":"","format":"standard","meta":{"footnotes":""},"categories":[12],"tags":[],"class_list":["post-851","post","type-post","status-publish","format-standard","has-post-thumbnail","hentry","category-tendencia"],"yoast_head":"<!-- This site is optimized with the Yoast SEO plugin v25.6 - https:\/\/yoast.com\/wordpress\/plugins\/seo\/ -->\n<title>Desesperada y llorando, le pide a su madre que cuide a su hijo, pero ella se niega para ir a una clase de yoga - Diario 21<\/title>\n<meta name=\"robots\" content=\"index, follow, max-snippet:-1, max-image-preview:large, max-video-preview:-1\" \/>\n<link rel=\"canonical\" href=\"https:\/\/www.diario21.tv\/noticias\/desesperada-y-llorando-le-pide-a-su-madre-que-cuide-a-su-hijo-pero-ella-se-niega-para-ir-a-una-clase-de-yoga\/\" \/>\n<meta property=\"og:locale\" content=\"es_ES\" \/>\n<meta property=\"og:type\" content=\"article\" \/>\n<meta property=\"og:title\" content=\"Desesperada y llorando, le pide a su madre que cuide a su hijo, pero ella se niega para ir a una clase de yoga - Diario 21\" \/>\n<meta property=\"og:description\" content=\"En una desgarradora historia, una mujer comparte la raz\u00f3n por la que ha decidido que su madre ya no tendr\u00e1 contacto con su hijo. \u00bfEl motivo? ... Seguir leyendo &rarr;\" \/>\n<meta property=\"og:url\" content=\"https:\/\/www.diario21.tv\/noticias\/desesperada-y-llorando-le-pide-a-su-madre-que-cuide-a-su-hijo-pero-ella-se-niega-para-ir-a-una-clase-de-yoga\/\" \/>\n<meta property=\"og:site_name\" content=\"Diario 21\" \/>\n<meta property=\"article:published_time\" content=\"2024-10-16T11:00:38+00:00\" \/>\n<meta property=\"og:image\" content=\"https:\/\/www.diario21.tv\/noticias\/wp-content\/uploads\/2024\/10\/Discusiones-entre-madre-e-hija.jpg\" \/>\n\t<meta property=\"og:image:width\" content=\"1200\" \/>\n\t<meta property=\"og:image:height\" content=\"801\" \/>\n\t<meta property=\"og:image:type\" content=\"image\/jpeg\" \/>\n<meta name=\"author\" content=\"Diego Ram\u00edrez\" \/>\n<meta name=\"twitter:card\" content=\"summary_large_image\" \/>\n<meta name=\"twitter:label1\" content=\"Escrito por\" \/>\n\t<meta name=\"twitter:data1\" content=\"Diego Ram\u00edrez\" \/>\n\t<meta name=\"twitter:label2\" content=\"Tiempo de lectura\" \/>\n\t<meta name=\"twitter:data2\" content=\"3 minutos\" \/>\n<script type=\"application\/ld+json\" class=\"yoast-schema-graph\">{\"@context\":\"https:\/\/schema.org\",\"@graph\":[{\"@type\":\"WebPage\",\"@id\":\"https:\/\/www.diario21.tv\/noticias\/desesperada-y-llorando-le-pide-a-su-madre-que-cuide-a-su-hijo-pero-ella-se-niega-para-ir-a-una-clase-de-yoga\/\",\"url\":\"https:\/\/www.diario21.tv\/noticias\/desesperada-y-llorando-le-pide-a-su-madre-que-cuide-a-su-hijo-pero-ella-se-niega-para-ir-a-una-clase-de-yoga\/\",\"name\":\"Desesperada y llorando, le pide a su madre que cuide a su hijo, pero ella se niega para ir a una clase de yoga - Diario 21\",\"isPartOf\":{\"@id\":\"https:\/\/www.diario21.tv\/noticias\/#website\"},\"primaryImageOfPage\":{\"@id\":\"https:\/\/www.diario21.tv\/noticias\/desesperada-y-llorando-le-pide-a-su-madre-que-cuide-a-su-hijo-pero-ella-se-niega-para-ir-a-una-clase-de-yoga\/#primaryimage\"},\"image\":{\"@id\":\"https:\/\/www.diario21.tv\/noticias\/desesperada-y-llorando-le-pide-a-su-madre-que-cuide-a-su-hijo-pero-ella-se-niega-para-ir-a-una-clase-de-yoga\/#primaryimage\"},\"thumbnailUrl\":\"https:\/\/www.diario21.tv\/noticias\/wp-content\/uploads\/2024\/10\/Discusiones-entre-madre-e-hija.jpg\",\"datePublished\":\"2024-10-16T11:00:38+00:00\",\"author\":{\"@id\":\"https:\/\/www.diario21.tv\/noticias\/#\/schema\/person\/82784493c2386321eca1931994300a93\"},\"breadcrumb\":{\"@id\":\"https:\/\/www.diario21.tv\/noticias\/desesperada-y-llorando-le-pide-a-su-madre-que-cuide-a-su-hijo-pero-ella-se-niega-para-ir-a-una-clase-de-yoga\/#breadcrumb\"},\"inLanguage\":\"es-AR\",\"potentialAction\":[{\"@type\":\"ReadAction\",\"target\":[\"https:\/\/www.diario21.tv\/noticias\/desesperada-y-llorando-le-pide-a-su-madre-que-cuide-a-su-hijo-pero-ella-se-niega-para-ir-a-una-clase-de-yoga\/\"]}]},{\"@type\":\"ImageObject\",\"inLanguage\":\"es-AR\",\"@id\":\"https:\/\/www.diario21.tv\/noticias\/desesperada-y-llorando-le-pide-a-su-madre-que-cuide-a-su-hijo-pero-ella-se-niega-para-ir-a-una-clase-de-yoga\/#primaryimage\",\"url\":\"https:\/\/www.diario21.tv\/noticias\/wp-content\/uploads\/2024\/10\/Discusiones-entre-madre-e-hija.jpg\",\"contentUrl\":\"https:\/\/www.diario21.tv\/noticias\/wp-content\/uploads\/2024\/10\/Discusiones-entre-madre-e-hija.jpg\",\"width\":1200,\"height\":801,\"caption\":\"Desesperada y llorando, le pide a su madre que cuide a su hijo, pero ella se niega para ir a una clase de yoga\"},{\"@type\":\"BreadcrumbList\",\"@id\":\"https:\/\/www.diario21.tv\/noticias\/desesperada-y-llorando-le-pide-a-su-madre-que-cuide-a-su-hijo-pero-ella-se-niega-para-ir-a-una-clase-de-yoga\/#breadcrumb\",\"itemListElement\":[{\"@type\":\"ListItem\",\"position\":1,\"name\":\"Accueil\",\"item\":\"https:\/\/www.diario21.tv\/noticias\/\"},{\"@type\":\"ListItem\",\"position\":2,\"name\":\"Desesperada y llorando, le pide a su madre que cuide a su hijo, pero ella se niega para ir a una clase de yoga\"}]},{\"@type\":\"WebSite\",\"@id\":\"https:\/\/www.diario21.tv\/noticias\/#website\",\"url\":\"https:\/\/www.diario21.tv\/noticias\/\",\"name\":\"Diario 21\",\"description\":\"\",\"potentialAction\":[{\"@type\":\"SearchAction\",\"target\":{\"@type\":\"EntryPoint\",\"urlTemplate\":\"https:\/\/www.diario21.tv\/noticias\/?s={search_term_string}\"},\"query-input\":{\"@type\":\"PropertyValueSpecification\",\"valueRequired\":true,\"valueName\":\"search_term_string\"}}],\"inLanguage\":\"es-AR\"},{\"@type\":\"Person\",\"@id\":\"https:\/\/www.diario21.tv\/noticias\/#\/schema\/person\/82784493c2386321eca1931994300a93\",\"name\":\"Diego Ram\u00edrez\",\"image\":{\"@type\":\"ImageObject\",\"inLanguage\":\"es-AR\",\"@id\":\"https:\/\/www.diario21.tv\/noticias\/#\/schema\/person\/image\/\",\"url\":\"https:\/\/secure.gravatar.com\/avatar\/19f9d4b705c0e181063e13bbda16fe42?s=96&d=mm&r=g\",\"contentUrl\":\"https:\/\/secure.gravatar.com\/avatar\/19f9d4b705c0e181063e13bbda16fe42?s=96&d=mm&r=g\",\"caption\":\"Diego Ram\u00edrez\"},\"description\":\"Diego Ram\u00edrez es el encargado de la secci\u00f3n de deportes en Diario 21. Con una amplia experiencia cubriendo eventos deportivos nacionales e internacionales, Diego ofrece una mirada apasionada y detallada del mundo deportivo.\",\"url\":\"https:\/\/www.diario21.tv\/noticias\/author\/contacthotwine-net\/\"}]}<\/script>\n<!-- \/ Yoast SEO plugin. -->","yoast_head_json":{"title":"Desesperada y llorando, le pide a su madre que cuide a su hijo, pero ella se niega para ir a una clase de yoga - Diario 21","robots":{"index":"index","follow":"follow","max-snippet":"max-snippet:-1","max-image-preview":"max-image-preview:large","max-video-preview":"max-video-preview:-1"},"canonical":"https:\/\/www.diario21.tv\/noticias\/desesperada-y-llorando-le-pide-a-su-madre-que-cuide-a-su-hijo-pero-ella-se-niega-para-ir-a-una-clase-de-yoga\/","og_locale":"es_ES","og_type":"article","og_title":"Desesperada y llorando, le pide a su madre que cuide a su hijo, pero ella se niega para ir a una clase de yoga - Diario 21","og_description":"En una desgarradora historia, una mujer comparte la raz\u00f3n por la que ha decidido que su madre ya no tendr\u00e1 contacto con su hijo. \u00bfEl motivo? ... Seguir leyendo &rarr;","og_url":"https:\/\/www.diario21.tv\/noticias\/desesperada-y-llorando-le-pide-a-su-madre-que-cuide-a-su-hijo-pero-ella-se-niega-para-ir-a-una-clase-de-yoga\/","og_site_name":"Diario 21","article_published_time":"2024-10-16T11:00:38+00:00","og_image":[{"width":1200,"height":801,"url":"https:\/\/www.diario21.tv\/noticias\/wp-content\/uploads\/2024\/10\/Discusiones-entre-madre-e-hija.jpg","type":"image\/jpeg"}],"author":"Diego Ram\u00edrez","twitter_card":"summary_large_image","twitter_misc":{"Escrito por":"Diego Ram\u00edrez","Tiempo de lectura":"3 minutos"},"schema":{"@context":"https:\/\/schema.org","@graph":[{"@type":"WebPage","@id":"https:\/\/www.diario21.tv\/noticias\/desesperada-y-llorando-le-pide-a-su-madre-que-cuide-a-su-hijo-pero-ella-se-niega-para-ir-a-una-clase-de-yoga\/","url":"https:\/\/www.diario21.tv\/noticias\/desesperada-y-llorando-le-pide-a-su-madre-que-cuide-a-su-hijo-pero-ella-se-niega-para-ir-a-una-clase-de-yoga\/","name":"Desesperada y llorando, le pide a su madre que cuide a su hijo, pero ella se niega para ir a una clase de yoga - Diario 21","isPartOf":{"@id":"https:\/\/www.diario21.tv\/noticias\/#website"},"primaryImageOfPage":{"@id":"https:\/\/www.diario21.tv\/noticias\/desesperada-y-llorando-le-pide-a-su-madre-que-cuide-a-su-hijo-pero-ella-se-niega-para-ir-a-una-clase-de-yoga\/#primaryimage"},"image":{"@id":"https:\/\/www.diario21.tv\/noticias\/desesperada-y-llorando-le-pide-a-su-madre-que-cuide-a-su-hijo-pero-ella-se-niega-para-ir-a-una-clase-de-yoga\/#primaryimage"},"thumbnailUrl":"https:\/\/www.diario21.tv\/noticias\/wp-content\/uploads\/2024\/10\/Discusiones-entre-madre-e-hija.jpg","datePublished":"2024-10-16T11:00:38+00:00","author":{"@id":"https:\/\/www.diario21.tv\/noticias\/#\/schema\/person\/82784493c2386321eca1931994300a93"},"breadcrumb":{"@id":"https:\/\/www.diario21.tv\/noticias\/desesperada-y-llorando-le-pide-a-su-madre-que-cuide-a-su-hijo-pero-ella-se-niega-para-ir-a-una-clase-de-yoga\/#breadcrumb"},"inLanguage":"es-AR","potentialAction":[{"@type":"ReadAction","target":["https:\/\/www.diario21.tv\/noticias\/desesperada-y-llorando-le-pide-a-su-madre-que-cuide-a-su-hijo-pero-ella-se-niega-para-ir-a-una-clase-de-yoga\/"]}]},{"@type":"ImageObject","inLanguage":"es-AR","@id":"https:\/\/www.diario21.tv\/noticias\/desesperada-y-llorando-le-pide-a-su-madre-que-cuide-a-su-hijo-pero-ella-se-niega-para-ir-a-una-clase-de-yoga\/#primaryimage","url":"https:\/\/www.diario21.tv\/noticias\/wp-content\/uploads\/2024\/10\/Discusiones-entre-madre-e-hija.jpg","contentUrl":"https:\/\/www.diario21.tv\/noticias\/wp-content\/uploads\/2024\/10\/Discusiones-entre-madre-e-hija.jpg","width":1200,"height":801,"caption":"Desesperada y llorando, le pide a su madre que cuide a su hijo, pero ella se niega para ir a una clase de yoga"},{"@type":"BreadcrumbList","@id":"https:\/\/www.diario21.tv\/noticias\/desesperada-y-llorando-le-pide-a-su-madre-que-cuide-a-su-hijo-pero-ella-se-niega-para-ir-a-una-clase-de-yoga\/#breadcrumb","itemListElement":[{"@type":"ListItem","position":1,"name":"Accueil","item":"https:\/\/www.diario21.tv\/noticias\/"},{"@type":"ListItem","position":2,"name":"Desesperada y llorando, le pide a su madre que cuide a su hijo, pero ella se niega para ir a una clase de yoga"}]},{"@type":"WebSite","@id":"https:\/\/www.diario21.tv\/noticias\/#website","url":"https:\/\/www.diario21.tv\/noticias\/","name":"Diario 21","description":"","potentialAction":[{"@type":"SearchAction","target":{"@type":"EntryPoint","urlTemplate":"https:\/\/www.diario21.tv\/noticias\/?s={search_term_string}"},"query-input":{"@type":"PropertyValueSpecification","valueRequired":true,"valueName":"search_term_string"}}],"inLanguage":"es-AR"},{"@type":"Person","@id":"https:\/\/www.diario21.tv\/noticias\/#\/schema\/person\/82784493c2386321eca1931994300a93","name":"Diego Ram\u00edrez","image":{"@type":"ImageObject","inLanguage":"es-AR","@id":"https:\/\/www.diario21.tv\/noticias\/#\/schema\/person\/image\/","url":"https:\/\/secure.gravatar.com\/avatar\/19f9d4b705c0e181063e13bbda16fe42?s=96&d=mm&r=g","contentUrl":"https:\/\/secure.gravatar.com\/avatar\/19f9d4b705c0e181063e13bbda16fe42?s=96&d=mm&r=g","caption":"Diego Ram\u00edrez"},"description":"Diego Ram\u00edrez es el encargado de la secci\u00f3n de deportes en Diario 21. Con una amplia experiencia cubriendo eventos deportivos nacionales e internacionales, Diego ofrece una mirada apasionada y detallada del mundo deportivo.","url":"https:\/\/www.diario21.tv\/noticias\/author\/contacthotwine-net\/"}]}},"_links":{"self":[{"href":"https:\/\/www.diario21.tv\/noticias\/wp-json\/wp\/v2\/posts\/851"}],"collection":[{"href":"https:\/\/www.diario21.tv\/noticias\/wp-json\/wp\/v2\/posts"}],"about":[{"href":"https:\/\/www.diario21.tv\/noticias\/wp-json\/wp\/v2\/types\/post"}],"author":[{"embeddable":true,"href":"https:\/\/www.diario21.tv\/noticias\/wp-json\/wp\/v2\/users\/17"}],"replies":[{"embeddable":true,"href":"https:\/\/www.diario21.tv\/noticias\/wp-json\/wp\/v2\/comments?post=851"}],"version-history":[{"count":1,"href":"https:\/\/www.diario21.tv\/noticias\/wp-json\/wp\/v2\/posts\/851\/revisions"}],"predecessor-version":[{"id":853,"href":"https:\/\/www.diario21.tv\/noticias\/wp-json\/wp\/v2\/posts\/851\/revisions\/853"}],"wp:featuredmedia":[{"embeddable":true,"href":"https:\/\/www.diario21.tv\/noticias\/wp-json\/wp\/v2\/media\/856"}],"wp:attachment":[{"href":"https:\/\/www.diario21.tv\/noticias\/wp-json\/wp\/v2\/media?parent=851"}],"wp:term":[{"taxonomy":"category","embeddable":true,"href":"https:\/\/www.diario21.tv\/noticias\/wp-json\/wp\/v2\/categories?post=851"},{"taxonomy":"post_tag","embeddable":true,"href":"https:\/\/www.diario21.tv\/noticias\/wp-json\/wp\/v2\/tags?post=851"}],"curies":[{"name":"wp","href":"https:\/\/api.w.org\/{rel}","templated":true}]}}