{"id":845,"date":"2024-10-15T19:00:35","date_gmt":"2024-10-15T19:00:35","guid":{"rendered":"https:\/\/www.diario21.tv\/noticias\/alerta-variante-xec-del-coronavirus-causa-perdida-de-apetito-estas-en-peligro\/"},"modified":"2024-10-20T14:56:21","modified_gmt":"2024-10-20T14:56:21","slug":"alerta-variante-xec-del-coronavirus-causa-perdida-de-apetito-estas-en-peligro","status":"publish","type":"post","link":"https:\/\/www.diario21.tv\/noticias\/alerta-variante-xec-del-coronavirus-causa-perdida-de-apetito-estas-en-peligro\/","title":{"rendered":"\u00a1Alerta! Variante XEC del Coronavirus causa p\u00e9rdida de apetito: \u00bfEst\u00e1s en peligro?"},"content":{"rendered":"<h2> Disminuci\u00f3n del apetito, se\u00f1al de la nueva variante XEC del coronavirus <\/h2>\n<p>La nueva variante XEC del virus del coronavirus est\u00e1 mostrando una serie de s\u00edntomas peculiares, siendo uno de los m\u00e1s comunes la p\u00e9rdida de apetito. Este nuevo signo de la enfermedad est\u00e1 generando preocupaci\u00f3n entre los especialistas en salud, ya que puede llevar a un deterioro en el estado de salud general de los afectados.<\/p>\n<p>La variante XEC del coronavirus, que ha surgido recientemente, ha comenzado a mostrar un conjunto de s\u00edntomas distintos a los que estamos acostumbrados a ver en las variantes anteriores. Esta es una de las razones por las que se ha incrementado la atenci\u00f3n y el seguimiento de esta nueva variante.<\/p>\n<p>Uno de los s\u00edntomas que m\u00e1s ha llamado la atenci\u00f3n es la disminuci\u00f3n del apetito en los pacientes. Este s\u00edntoma, aunque aparentemente no es tan grave como la fiebre o la dificultad para respirar, puede tener un impacto significativo en la salud del individuo a largo plazo.<\/p>\n<p>La p\u00e9rdida de apetito puede llevar a una disminuci\u00f3n en la ingesta de nutrientes necesarios para mantener el sistema inmunol\u00f3gico funcionando correctamente. Esto puede debilitar el cuerpo del paciente, haciendo m\u00e1s dif\u00edcil la lucha contra el virus.<\/p>\n<p>Los expertos en salud est\u00e1n instando a las personas a prestar atenci\u00f3n a este nuevo s\u00edntoma. Si bien puede ser f\u00e1cil ignorar una disminuci\u00f3n en el apetito, especialmente en medio de una pandemia en la que el estr\u00e9s y la ansiedad est\u00e1n en su punto m\u00e1s alto, es importante buscar ayuda m\u00e9dica si se experimenta este s\u00edntoma.<\/p>\n<p>La variante XEC del coronavirus es todav\u00eda un misterio en muchos aspectos, y los investigadores est\u00e1n trabajando d\u00eda y noche para entender mejor sus caracter\u00edsticas y c\u00f3mo se propaga. Mientras tanto, es crucial que todos estemos atentos a los posibles s\u00edntomas y busquemos atenci\u00f3n m\u00e9dica cuando sea necesario. <\/p>\n<p>En conclusi\u00f3n, la p\u00e9rdida de apetito es un s\u00edntoma que se est\u00e1 presentando en la nueva variante XEC del coronavirus. Aunque puede parecer menor en comparaci\u00f3n con otros s\u00edntomas, no debe ser ignorado, ya que puede tener un impacto significativo en la salud del individuo a largo plazo.<\/p>\n\n\n<div class=\"kk-star-ratings kksr-auto kksr-align-left kksr-valign-bottom\"\n    data-payload='{&quot;align&quot;:&quot;left&quot;,&quot;id&quot;:&quot;845&quot;,&quot;slug&quot;:&quot;default&quot;,&quot;valign&quot;:&quot;bottom&quot;,&quot;ignore&quot;:&quot;&quot;,&quot;reference&quot;:&quot;auto&quot;,&quot;class&quot;:&quot;&quot;,&quot;count&quot;:&quot;0&quot;,&quot;legendonly&quot;:&quot;&quot;,&quot;readonly&quot;:&quot;&quot;,&quot;score&quot;:&quot;0&quot;,&quot;starsonly&quot;:&quot;&quot;,&quot;best&quot;:&quot;5&quot;,&quot;gap&quot;:&quot;5&quot;,&quot;greet&quot;:&quot;Valora este post&quot;,&quot;legend&quot;:&quot;0\\\/5 - (0 votes)&quot;,&quot;size&quot;:&quot;22&quot;,&quot;title&quot;:&quot;\u00a1Alerta! Variante XEC del Coronavirus causa p\u00e9rdida de apetito: \u00bfEst\u00e1s en peligro?&quot;,&quot;width&quot;:&quot;0&quot;,&quot;_legend&quot;:&quot;{score}\\\/{best} - ({count} {votes})&quot;,&quot;font_factor&quot;:&quot;1.25&quot;}'>\n            \n<div class=\"kksr-stars\">\n    \n<div class=\"kksr-stars-inactive\">\n            <div class=\"kksr-star\" data-star=\"1\" style=\"padding-right: 5px\">\n            \n\n<div class=\"kksr-icon\" style=\"width: 22px; height: 22px;\"><\/div>\n        <\/div>\n            <div class=\"kksr-star\" data-star=\"2\" style=\"padding-right: 5px\">\n            \n\n<div class=\"kksr-icon\" style=\"width: 22px; height: 22px;\"><\/div>\n        <\/div>\n            <div class=\"kksr-star\" data-star=\"3\" style=\"padding-right: 5px\">\n            \n\n<div class=\"kksr-icon\" style=\"width: 22px; height: 22px;\"><\/div>\n        <\/div>\n            <div class=\"kksr-star\" data-star=\"4\" style=\"padding-right: 5px\">\n            \n\n<div class=\"kksr-icon\" style=\"width: 22px; height: 22px;\"><\/div>\n        <\/div>\n            <div class=\"kksr-star\" data-star=\"5\" style=\"padding-right: 5px\">\n            \n\n<div class=\"kksr-icon\" style=\"width: 22px; height: 22px;\"><\/div>\n        <\/div>\n    <\/div>\n    \n<div class=\"kksr-stars-active\" style=\"width: 0px;\">\n            <div class=\"kksr-star\" style=\"padding-right: 5px\">\n            \n\n<div class=\"kksr-icon\" style=\"width: 22px; height: 22px;\"><\/div>\n        <\/div>\n            <div class=\"kksr-star\" style=\"padding-right: 5px\">\n            \n\n<div class=\"kksr-icon\" style=\"width: 22px; height: 22px;\"><\/div>\n        <\/div>\n            <div class=\"kksr-star\" style=\"padding-right: 5px\">\n            \n\n<div class=\"kksr-icon\" style=\"width: 22px; height: 22px;\"><\/div>\n        <\/div>\n            <div class=\"kksr-star\" style=\"padding-right: 5px\">\n            \n\n<div class=\"kksr-icon\" style=\"width: 22px; height: 22px;\"><\/div>\n        <\/div>\n            <div class=\"kksr-star\" style=\"padding-right: 5px\">\n            \n\n<div class=\"kksr-icon\" style=\"width: 22px; height: 22px;\"><\/div>\n        <\/div>\n    <\/div>\n<\/div>\n                \n\n<div class=\"kksr-legend\" style=\"font-size: 17.6px;\">\n            <span class=\"kksr-muted\">Valora este post<\/span>\n    <\/div>\n    <\/div>\n","protected":false},"excerpt":{"rendered":"<p>Disminuci\u00f3n del apetito, se\u00f1al de la nueva variante XEC del coronavirus La nueva variante XEC del virus del coronavirus est\u00e1 mostrando una serie de s\u00edntomas peculiares, &#8230; <a title=\"\u00a1Alerta! Variante XEC del Coronavirus causa p\u00e9rdida de apetito: \u00bfEst\u00e1s en peligro?\" class=\"read-more\" href=\"https:\/\/www.diario21.tv\/noticias\/alerta-variante-xec-del-coronavirus-causa-perdida-de-apetito-estas-en-peligro\/\" aria-label=\"Leer m\u00e1s sobre \u00a1Alerta! Variante XEC del Coronavirus causa p\u00e9rdida de apetito: \u00bfEst\u00e1s en peligro?\">Seguir leyendo &rarr;<\/a><\/p>\n","protected":false},"author":20,"featured_media":846,"comment_status":"open","ping_status":"open","sticky":false,"template":"","format":"standard","meta":{"footnotes":""},"categories":[13],"tags":[],"class_list":["post-845","post","type-post","status-publish","format-standard","has-post-thumbnail","hentry","category-portada"],"yoast_head":"<!-- This site is optimized with the Yoast SEO plugin v25.6 - https:\/\/yoast.com\/wordpress\/plugins\/seo\/ -->\n<title>\u00a1Alerta! Variante XEC del Coronavirus causa p\u00e9rdida de apetito: \u00bfEst\u00e1s en peligro? - Diario 21<\/title>\n<meta name=\"robots\" content=\"index, follow, max-snippet:-1, max-image-preview:large, max-video-preview:-1\" \/>\n<link rel=\"canonical\" href=\"https:\/\/www.diario21.tv\/noticias\/alerta-variante-xec-del-coronavirus-causa-perdida-de-apetito-estas-en-peligro\/\" \/>\n<meta property=\"og:locale\" content=\"es_ES\" \/>\n<meta property=\"og:type\" content=\"article\" \/>\n<meta property=\"og:title\" content=\"\u00a1Alerta! Variante XEC del Coronavirus causa p\u00e9rdida de apetito: \u00bfEst\u00e1s en peligro? - Diario 21\" \/>\n<meta property=\"og:description\" content=\"Disminuci\u00f3n del apetito, se\u00f1al de la nueva variante XEC del coronavirus La nueva variante XEC del virus del coronavirus est\u00e1 mostrando una serie de s\u00edntomas peculiares, ... Seguir leyendo &rarr;\" \/>\n<meta property=\"og:url\" content=\"https:\/\/www.diario21.tv\/noticias\/alerta-variante-xec-del-coronavirus-causa-perdida-de-apetito-estas-en-peligro\/\" \/>\n<meta property=\"og:site_name\" content=\"Diario 21\" \/>\n<meta property=\"article:published_time\" content=\"2024-10-15T19:00:35+00:00\" \/>\n<meta property=\"article:modified_time\" content=\"2024-10-20T14:56:21+00:00\" \/>\n<meta property=\"og:image\" content=\"https:\/\/www.diario21.tv\/noticias\/wp-content\/uploads\/2024\/10\/\u00a1Alerta-Variante-XEC-del-Coronavirus-causa-perdida-de-apetito-\u00bfEstas.jpg\" \/>\n\t<meta property=\"og:image:width\" content=\"1920\" \/>\n\t<meta property=\"og:image:height\" content=\"1080\" \/>\n\t<meta property=\"og:image:type\" content=\"image\/jpeg\" \/>\n<meta name=\"author\" content=\"Juan P\u00e9rez\" \/>\n<meta name=\"twitter:card\" content=\"summary_large_image\" \/>\n<meta name=\"twitter:label1\" content=\"Escrito por\" \/>\n\t<meta name=\"twitter:data1\" content=\"Juan P\u00e9rez\" \/>\n\t<meta name=\"twitter:label2\" content=\"Tiempo de lectura\" \/>\n\t<meta name=\"twitter:data2\" content=\"2 minutos\" \/>\n<script type=\"application\/ld+json\" class=\"yoast-schema-graph\">{\"@context\":\"https:\/\/schema.org\",\"@graph\":[{\"@type\":\"WebPage\",\"@id\":\"https:\/\/www.diario21.tv\/noticias\/alerta-variante-xec-del-coronavirus-causa-perdida-de-apetito-estas-en-peligro\/\",\"url\":\"https:\/\/www.diario21.tv\/noticias\/alerta-variante-xec-del-coronavirus-causa-perdida-de-apetito-estas-en-peligro\/\",\"name\":\"\u00a1Alerta! Variante XEC del Coronavirus causa p\u00e9rdida de apetito: \u00bfEst\u00e1s en peligro? - Diario 21\",\"isPartOf\":{\"@id\":\"https:\/\/www.diario21.tv\/noticias\/#website\"},\"primaryImageOfPage\":{\"@id\":\"https:\/\/www.diario21.tv\/noticias\/alerta-variante-xec-del-coronavirus-causa-perdida-de-apetito-estas-en-peligro\/#primaryimage\"},\"image\":{\"@id\":\"https:\/\/www.diario21.tv\/noticias\/alerta-variante-xec-del-coronavirus-causa-perdida-de-apetito-estas-en-peligro\/#primaryimage\"},\"thumbnailUrl\":\"https:\/\/www.diario21.tv\/noticias\/wp-content\/uploads\/2024\/10\/\u00a1Alerta-Variante-XEC-del-Coronavirus-causa-perdida-de-apetito-\u00bfEstas.jpg\",\"datePublished\":\"2024-10-15T19:00:35+00:00\",\"dateModified\":\"2024-10-20T14:56:21+00:00\",\"author\":{\"@id\":\"https:\/\/www.diario21.tv\/noticias\/#\/schema\/person\/dfb778f73814d8f09f302618446a526b\"},\"breadcrumb\":{\"@id\":\"https:\/\/www.diario21.tv\/noticias\/alerta-variante-xec-del-coronavirus-causa-perdida-de-apetito-estas-en-peligro\/#breadcrumb\"},\"inLanguage\":\"es-AR\",\"potentialAction\":[{\"@type\":\"ReadAction\",\"target\":[\"https:\/\/www.diario21.tv\/noticias\/alerta-variante-xec-del-coronavirus-causa-perdida-de-apetito-estas-en-peligro\/\"]}]},{\"@type\":\"ImageObject\",\"inLanguage\":\"es-AR\",\"@id\":\"https:\/\/www.diario21.tv\/noticias\/alerta-variante-xec-del-coronavirus-causa-perdida-de-apetito-estas-en-peligro\/#primaryimage\",\"url\":\"https:\/\/www.diario21.tv\/noticias\/wp-content\/uploads\/2024\/10\/\u00a1Alerta-Variante-XEC-del-Coronavirus-causa-perdida-de-apetito-\u00bfEstas.jpg\",\"contentUrl\":\"https:\/\/www.diario21.tv\/noticias\/wp-content\/uploads\/2024\/10\/\u00a1Alerta-Variante-XEC-del-Coronavirus-causa-perdida-de-apetito-\u00bfEstas.jpg\",\"width\":1920,\"height\":1080,\"caption\":\"La p\u00e9rdida de apetito, s\u00edntoma de la nueva variante XEC del coronavirus\"},{\"@type\":\"BreadcrumbList\",\"@id\":\"https:\/\/www.diario21.tv\/noticias\/alerta-variante-xec-del-coronavirus-causa-perdida-de-apetito-estas-en-peligro\/#breadcrumb\",\"itemListElement\":[{\"@type\":\"ListItem\",\"position\":1,\"name\":\"Accueil\",\"item\":\"https:\/\/www.diario21.tv\/noticias\/\"},{\"@type\":\"ListItem\",\"position\":2,\"name\":\"\u00a1Alerta! Variante XEC del Coronavirus causa p\u00e9rdida de apetito: \u00bfEst\u00e1s en peligro?\"}]},{\"@type\":\"WebSite\",\"@id\":\"https:\/\/www.diario21.tv\/noticias\/#website\",\"url\":\"https:\/\/www.diario21.tv\/noticias\/\",\"name\":\"Diario 21\",\"description\":\"\",\"potentialAction\":[{\"@type\":\"SearchAction\",\"target\":{\"@type\":\"EntryPoint\",\"urlTemplate\":\"https:\/\/www.diario21.tv\/noticias\/?s={search_term_string}\"},\"query-input\":{\"@type\":\"PropertyValueSpecification\",\"valueRequired\":true,\"valueName\":\"search_term_string\"}}],\"inLanguage\":\"es-AR\"},{\"@type\":\"Person\",\"@id\":\"https:\/\/www.diario21.tv\/noticias\/#\/schema\/person\/dfb778f73814d8f09f302618446a526b\",\"name\":\"Juan P\u00e9rez\",\"image\":{\"@type\":\"ImageObject\",\"inLanguage\":\"es-AR\",\"@id\":\"https:\/\/www.diario21.tv\/noticias\/#\/schema\/person\/image\/\",\"url\":\"https:\/\/secure.gravatar.com\/avatar\/c478a405bd10621167f4c3167cc770f5?s=96&d=mm&r=g\",\"contentUrl\":\"https:\/\/secure.gravatar.com\/avatar\/c478a405bd10621167f4c3167cc770f5?s=96&d=mm&r=g\",\"caption\":\"Juan P\u00e9rez\"},\"description\":\"Juan P\u00e9rez es el redactor en jefe de Diario 21. Con m\u00e1s de 10 a\u00f1os de experiencia en el periodismo, se especializa en pol\u00edtica nacional y an\u00e1lisis socioecon\u00f3mico. Su enfoque cr\u00edtico y riguroso aporta una perspectiva \u00fanica a cada art\u00edculo.\",\"sameAs\":[\"https:\/\/www.diario21.tv\/noticias\/\"],\"url\":\"https:\/\/www.diario21.tv\/noticias\/author\/juan-perez\/\"}]}<\/script>\n<!-- \/ Yoast SEO plugin. -->","yoast_head_json":{"title":"\u00a1Alerta! Variante XEC del Coronavirus causa p\u00e9rdida de apetito: \u00bfEst\u00e1s en peligro? - Diario 21","robots":{"index":"index","follow":"follow","max-snippet":"max-snippet:-1","max-image-preview":"max-image-preview:large","max-video-preview":"max-video-preview:-1"},"canonical":"https:\/\/www.diario21.tv\/noticias\/alerta-variante-xec-del-coronavirus-causa-perdida-de-apetito-estas-en-peligro\/","og_locale":"es_ES","og_type":"article","og_title":"\u00a1Alerta! Variante XEC del Coronavirus causa p\u00e9rdida de apetito: \u00bfEst\u00e1s en peligro? - Diario 21","og_description":"Disminuci\u00f3n del apetito, se\u00f1al de la nueva variante XEC del coronavirus La nueva variante XEC del virus del coronavirus est\u00e1 mostrando una serie de s\u00edntomas peculiares, ... Seguir leyendo &rarr;","og_url":"https:\/\/www.diario21.tv\/noticias\/alerta-variante-xec-del-coronavirus-causa-perdida-de-apetito-estas-en-peligro\/","og_site_name":"Diario 21","article_published_time":"2024-10-15T19:00:35+00:00","article_modified_time":"2024-10-20T14:56:21+00:00","og_image":[{"width":1920,"height":1080,"url":"https:\/\/www.diario21.tv\/noticias\/wp-content\/uploads\/2024\/10\/\u00a1Alerta-Variante-XEC-del-Coronavirus-causa-perdida-de-apetito-\u00bfEstas.jpg","type":"image\/jpeg"}],"author":"Juan P\u00e9rez","twitter_card":"summary_large_image","twitter_misc":{"Escrito por":"Juan P\u00e9rez","Tiempo de lectura":"2 minutos"},"schema":{"@context":"https:\/\/schema.org","@graph":[{"@type":"WebPage","@id":"https:\/\/www.diario21.tv\/noticias\/alerta-variante-xec-del-coronavirus-causa-perdida-de-apetito-estas-en-peligro\/","url":"https:\/\/www.diario21.tv\/noticias\/alerta-variante-xec-del-coronavirus-causa-perdida-de-apetito-estas-en-peligro\/","name":"\u00a1Alerta! Variante XEC del Coronavirus causa p\u00e9rdida de apetito: \u00bfEst\u00e1s en peligro? - Diario 21","isPartOf":{"@id":"https:\/\/www.diario21.tv\/noticias\/#website"},"primaryImageOfPage":{"@id":"https:\/\/www.diario21.tv\/noticias\/alerta-variante-xec-del-coronavirus-causa-perdida-de-apetito-estas-en-peligro\/#primaryimage"},"image":{"@id":"https:\/\/www.diario21.tv\/noticias\/alerta-variante-xec-del-coronavirus-causa-perdida-de-apetito-estas-en-peligro\/#primaryimage"},"thumbnailUrl":"https:\/\/www.diario21.tv\/noticias\/wp-content\/uploads\/2024\/10\/\u00a1Alerta-Variante-XEC-del-Coronavirus-causa-perdida-de-apetito-\u00bfEstas.jpg","datePublished":"2024-10-15T19:00:35+00:00","dateModified":"2024-10-20T14:56:21+00:00","author":{"@id":"https:\/\/www.diario21.tv\/noticias\/#\/schema\/person\/dfb778f73814d8f09f302618446a526b"},"breadcrumb":{"@id":"https:\/\/www.diario21.tv\/noticias\/alerta-variante-xec-del-coronavirus-causa-perdida-de-apetito-estas-en-peligro\/#breadcrumb"},"inLanguage":"es-AR","potentialAction":[{"@type":"ReadAction","target":["https:\/\/www.diario21.tv\/noticias\/alerta-variante-xec-del-coronavirus-causa-perdida-de-apetito-estas-en-peligro\/"]}]},{"@type":"ImageObject","inLanguage":"es-AR","@id":"https:\/\/www.diario21.tv\/noticias\/alerta-variante-xec-del-coronavirus-causa-perdida-de-apetito-estas-en-peligro\/#primaryimage","url":"https:\/\/www.diario21.tv\/noticias\/wp-content\/uploads\/2024\/10\/\u00a1Alerta-Variante-XEC-del-Coronavirus-causa-perdida-de-apetito-\u00bfEstas.jpg","contentUrl":"https:\/\/www.diario21.tv\/noticias\/wp-content\/uploads\/2024\/10\/\u00a1Alerta-Variante-XEC-del-Coronavirus-causa-perdida-de-apetito-\u00bfEstas.jpg","width":1920,"height":1080,"caption":"La p\u00e9rdida de apetito, s\u00edntoma de la nueva variante XEC del coronavirus"},{"@type":"BreadcrumbList","@id":"https:\/\/www.diario21.tv\/noticias\/alerta-variante-xec-del-coronavirus-causa-perdida-de-apetito-estas-en-peligro\/#breadcrumb","itemListElement":[{"@type":"ListItem","position":1,"name":"Accueil","item":"https:\/\/www.diario21.tv\/noticias\/"},{"@type":"ListItem","position":2,"name":"\u00a1Alerta! Variante XEC del Coronavirus causa p\u00e9rdida de apetito: \u00bfEst\u00e1s en peligro?"}]},{"@type":"WebSite","@id":"https:\/\/www.diario21.tv\/noticias\/#website","url":"https:\/\/www.diario21.tv\/noticias\/","name":"Diario 21","description":"","potentialAction":[{"@type":"SearchAction","target":{"@type":"EntryPoint","urlTemplate":"https:\/\/www.diario21.tv\/noticias\/?s={search_term_string}"},"query-input":{"@type":"PropertyValueSpecification","valueRequired":true,"valueName":"search_term_string"}}],"inLanguage":"es-AR"},{"@type":"Person","@id":"https:\/\/www.diario21.tv\/noticias\/#\/schema\/person\/dfb778f73814d8f09f302618446a526b","name":"Juan P\u00e9rez","image":{"@type":"ImageObject","inLanguage":"es-AR","@id":"https:\/\/www.diario21.tv\/noticias\/#\/schema\/person\/image\/","url":"https:\/\/secure.gravatar.com\/avatar\/c478a405bd10621167f4c3167cc770f5?s=96&d=mm&r=g","contentUrl":"https:\/\/secure.gravatar.com\/avatar\/c478a405bd10621167f4c3167cc770f5?s=96&d=mm&r=g","caption":"Juan P\u00e9rez"},"description":"Juan P\u00e9rez es el redactor en jefe de Diario 21. Con m\u00e1s de 10 a\u00f1os de experiencia en el periodismo, se especializa en pol\u00edtica nacional y an\u00e1lisis socioecon\u00f3mico. Su enfoque cr\u00edtico y riguroso aporta una perspectiva \u00fanica a cada art\u00edculo.","sameAs":["https:\/\/www.diario21.tv\/noticias\/"],"url":"https:\/\/www.diario21.tv\/noticias\/author\/juan-perez\/"}]}},"_links":{"self":[{"href":"https:\/\/www.diario21.tv\/noticias\/wp-json\/wp\/v2\/posts\/845"}],"collection":[{"href":"https:\/\/www.diario21.tv\/noticias\/wp-json\/wp\/v2\/posts"}],"about":[{"href":"https:\/\/www.diario21.tv\/noticias\/wp-json\/wp\/v2\/types\/post"}],"author":[{"embeddable":true,"href":"https:\/\/www.diario21.tv\/noticias\/wp-json\/wp\/v2\/users\/20"}],"replies":[{"embeddable":true,"href":"https:\/\/www.diario21.tv\/noticias\/wp-json\/wp\/v2\/comments?post=845"}],"version-history":[{"count":1,"href":"https:\/\/www.diario21.tv\/noticias\/wp-json\/wp\/v2\/posts\/845\/revisions"}],"predecessor-version":[{"id":847,"href":"https:\/\/www.diario21.tv\/noticias\/wp-json\/wp\/v2\/posts\/845\/revisions\/847"}],"wp:featuredmedia":[{"embeddable":true,"href":"https:\/\/www.diario21.tv\/noticias\/wp-json\/wp\/v2\/media\/846"}],"wp:attachment":[{"href":"https:\/\/www.diario21.tv\/noticias\/wp-json\/wp\/v2\/media?parent=845"}],"wp:term":[{"taxonomy":"category","embeddable":true,"href":"https:\/\/www.diario21.tv\/noticias\/wp-json\/wp\/v2\/categories?post=845"},{"taxonomy":"post_tag","embeddable":true,"href":"https:\/\/www.diario21.tv\/noticias\/wp-json\/wp\/v2\/tags?post=845"}],"curies":[{"name":"wp","href":"https:\/\/api.w.org\/{rel}","templated":true}]}}