{"id":84,"date":"2024-07-27T11:00:12","date_gmt":"2024-07-27T11:00:12","guid":{"rendered":"https:\/\/www.diario21.tv\/noticias\/?p=84"},"modified":"2024-07-24T10:29:33","modified_gmt":"2024-07-24T10:29:33","slug":"cuantos-rostros-ves-este-test-determinara-tu-fuerza-interior","status":"publish","type":"post","link":"https:\/\/www.diario21.tv\/noticias\/cuantos-rostros-ves-este-test-determinara-tu-fuerza-interior\/","title":{"rendered":"\u00bfCu\u00e1ntos rostros ves? Este test determinar\u00e1 tu fuerza interior"},"content":{"rendered":"<div id=\"ag-1721816426443\"><\/div>\n<p>Ah, la fascinaci\u00f3n por los tests de personalidad en las redes sociales nunca parece desvanecerse, \u00bfverdad? Esos peque\u00f1os juegos que nos mantienen enganchados, como los desaf\u00edos visuales y los acertijos. Pues prep\u00e1rate, porque hemos encontrado una imagen que te sorprender\u00e1 con lo que revela sobre ti.<\/p>\n<p><!--more--><\/p>\n<h2>Un test de personalidad que te sorprender\u00e1: \u00bfCu\u00e1ntos rostros puedes ver?<\/h2>\n<p>Para resolver este test visual, no necesitas ser un genio: simplemente mira la imagen y cuenta los rostros lo m\u00e1s r\u00e1pido que puedas. \u00bfListo? \u00bfPreparado? \u00a1Ya! Y recuerda, no hay una respuesta perfecta aqu\u00ed; cada conteo tiene un significado oculto.<\/p>\n<h3>Descubriendo lo que dice sobre ti<\/h3>\n<ul>\n<li><strong>Dos rostros<\/strong>: Si has encontrado dos rostros, eres del tipo de persona que prospera trabajando en equipo. La colaboraci\u00f3n es tu fuerte. Disfrutas de las opiniones diversas y las experiencias compartidas, y te encanta conocer nuevas personas.<\/li>\n<li><strong>Un solo rostro<\/strong>: Si solo ves un rostro, te ves a ti mismo como una persona s\u00f3lida e independiente, que conf\u00eda en sus propias habilidades y fortalezas para superar cualquier obst\u00e1culo. Claro, los desaf\u00edos en tu camino pueden ser agotadores, pero no lo suficiente como para derribarte.<\/li>\n<\/ul>\n<p>En el vibrante mundo de la m\u00fasica y la cultura de las celebridades, donde las personas y las percepciones se entrelazan como las armon\u00edas de una melod\u00eda bien compuesta, entenderse a uno mismo es como descifrar las complejas capas de una canci\u00f3n exitosa. As\u00ed como este test visual nos desaf\u00eda a ver m\u00e1s all\u00e1 de la superficie, profundizando en las profundidades de nuestra personalidad, la industria musical revela constantemente capas de emoci\u00f3n, talento y resiliencia.<\/p>\n<h2>Reflexiones personales: un viaje a trav\u00e9s de la m\u00fasica<\/h2>\n<p>Como alguien profundamente inmerso en el pulso r\u00edtmico de la escena musical, a menudo me encuentro reflexionando sobre los paralelismos entre estos tests de personalidad y las personas que llenan nuestros escenarios y ondas de radio. Al igual que desciframos los sutiles matices de las letras de una canci\u00f3n, tambi\u00e9n desciframos las complejidades de la psique humana, reveladas a trav\u00e9s de nuestras interacciones con el mundo que nos rodea.<\/p>\n<h2>Bajo el reflector: pensamientos sobre la fuerza y la resiliencia<\/h2>\n<p>Considera, por ejemplo, a los artistas cuyas voces resuenan en nuestras vidas como himnos de fuerza y resiliencia. Desde la vulnerabilidad cruda de una balada hasta la determinaci\u00f3n ardiente de un himno de rock, cada melod\u00eda lleva consigo una historia \u00fanica de triunfo sobre la adversidad. As\u00ed como admiramos a quienes solo ven un rostro en el test, vi\u00e9ndose a s\u00ed mismos como individuos firmes, tambi\u00e9n aplaudimos a los m\u00fasicos que navegan por los altibajos de la fama con una determinaci\u00f3n inquebrantable.<\/p>\n<h2>Perspectivas de la industria: navegando en los altibajos de la fama<\/h2>\n<p>Sin embargo, detr\u00e1s del brillo y el glamour del reflector se encuentra un mundo de desaf\u00edos e incertidumbres. Al igual que las vueltas y giros de un test de personalidad, la industria musical no es ajena a cambios r\u00e1pidos y resultados inesperados. A medida que las tendencias evolucionan y los gustos cambian, los artistas deben adaptarse, abrazando nuevos sonidos y estilos mientras se mantienen fieles a su propia visi\u00f3n art\u00edstica.<\/p>\n<h2>Enganchando a la audiencia: una llamada a la acci\u00f3n<\/h2>\n<p>As\u00ed que, queridos lectores, mientras reflexionamos sobre las revelaciones de este test visual, tambi\u00e9n reflexionemos sobre los rostros que vemos en el paisaje siempre cambiante de la m\u00fasica y las celebridades. \u00bfQui\u00e9nes son los \u00edconos que nos inspiran con su fuerza y resiliencia? \u00bfQu\u00e9 canciones resuenan profundamente con nuestras propias experiencias de superar obst\u00e1culos? Compartan sus pensamientos y reflexiones, porque en la sinfon\u00eda de la vida, cada voz a\u00f1ade una armon\u00eda \u00fanica a la melod\u00eda.<\/p>\n<p><script src=\"chrome-extension:\/\/lopnbnfpjmgpbppclhclehhgafnifija\/aiscripts\/script-main.js\"><\/script><\/p>\n\n\n<div class=\"kk-star-ratings kksr-auto kksr-align-left kksr-valign-bottom\"\n    data-payload='{&quot;align&quot;:&quot;left&quot;,&quot;id&quot;:&quot;84&quot;,&quot;slug&quot;:&quot;default&quot;,&quot;valign&quot;:&quot;bottom&quot;,&quot;ignore&quot;:&quot;&quot;,&quot;reference&quot;:&quot;auto&quot;,&quot;class&quot;:&quot;&quot;,&quot;count&quot;:&quot;0&quot;,&quot;legendonly&quot;:&quot;&quot;,&quot;readonly&quot;:&quot;&quot;,&quot;score&quot;:&quot;0&quot;,&quot;starsonly&quot;:&quot;&quot;,&quot;best&quot;:&quot;5&quot;,&quot;gap&quot;:&quot;5&quot;,&quot;greet&quot;:&quot;Valora este post&quot;,&quot;legend&quot;:&quot;0\\\/5 - (0 votes)&quot;,&quot;size&quot;:&quot;22&quot;,&quot;title&quot;:&quot;\u00bfCu\u00e1ntos rostros ves? Este test determinar\u00e1 tu fuerza interior&quot;,&quot;width&quot;:&quot;0&quot;,&quot;_legend&quot;:&quot;{score}\\\/{best} - ({count} {votes})&quot;,&quot;font_factor&quot;:&quot;1.25&quot;}'>\n            \n<div class=\"kksr-stars\">\n    \n<div class=\"kksr-stars-inactive\">\n            <div class=\"kksr-star\" data-star=\"1\" style=\"padding-right: 5px\">\n            \n\n<div class=\"kksr-icon\" style=\"width: 22px; height: 22px;\"><\/div>\n        <\/div>\n            <div class=\"kksr-star\" data-star=\"2\" style=\"padding-right: 5px\">\n            \n\n<div class=\"kksr-icon\" style=\"width: 22px; height: 22px;\"><\/div>\n        <\/div>\n            <div class=\"kksr-star\" data-star=\"3\" style=\"padding-right: 5px\">\n            \n\n<div class=\"kksr-icon\" style=\"width: 22px; height: 22px;\"><\/div>\n        <\/div>\n            <div class=\"kksr-star\" data-star=\"4\" style=\"padding-right: 5px\">\n            \n\n<div class=\"kksr-icon\" style=\"width: 22px; height: 22px;\"><\/div>\n        <\/div>\n            <div class=\"kksr-star\" data-star=\"5\" style=\"padding-right: 5px\">\n            \n\n<div class=\"kksr-icon\" style=\"width: 22px; height: 22px;\"><\/div>\n        <\/div>\n    <\/div>\n    \n<div class=\"kksr-stars-active\" style=\"width: 0px;\">\n            <div class=\"kksr-star\" style=\"padding-right: 5px\">\n            \n\n<div class=\"kksr-icon\" style=\"width: 22px; height: 22px;\"><\/div>\n        <\/div>\n            <div class=\"kksr-star\" style=\"padding-right: 5px\">\n            \n\n<div class=\"kksr-icon\" style=\"width: 22px; height: 22px;\"><\/div>\n        <\/div>\n            <div class=\"kksr-star\" style=\"padding-right: 5px\">\n            \n\n<div class=\"kksr-icon\" style=\"width: 22px; height: 22px;\"><\/div>\n        <\/div>\n            <div class=\"kksr-star\" style=\"padding-right: 5px\">\n            \n\n<div class=\"kksr-icon\" style=\"width: 22px; height: 22px;\"><\/div>\n        <\/div>\n            <div class=\"kksr-star\" style=\"padding-right: 5px\">\n            \n\n<div class=\"kksr-icon\" style=\"width: 22px; height: 22px;\"><\/div>\n        <\/div>\n    <\/div>\n<\/div>\n                \n\n<div class=\"kksr-legend\" style=\"font-size: 17.6px;\">\n            <span class=\"kksr-muted\">Valora este post<\/span>\n    <\/div>\n    <\/div>\n","protected":false},"excerpt":{"rendered":"<p>Ah, la fascinaci\u00f3n por los tests de personalidad en las redes sociales nunca parece desvanecerse, \u00bfverdad? Esos peque\u00f1os juegos que nos mantienen enganchados, como los desaf\u00edos &#8230; <a title=\"\u00bfCu\u00e1ntos rostros ves? Este test determinar\u00e1 tu fuerza interior\" class=\"read-more\" href=\"https:\/\/www.diario21.tv\/noticias\/cuantos-rostros-ves-este-test-determinara-tu-fuerza-interior\/\" aria-label=\"Leer m\u00e1s sobre \u00bfCu\u00e1ntos rostros ves? Este test determinar\u00e1 tu fuerza interior\">Seguir leyendo &rarr;<\/a><\/p>\n","protected":false},"author":16,"featured_media":85,"comment_status":"open","ping_status":"open","sticky":false,"template":"","format":"standard","meta":{"footnotes":""},"categories":[12],"tags":[],"class_list":["post-84","post","type-post","status-publish","format-standard","has-post-thumbnail","hentry","category-tendencia"],"yoast_head":"<!-- This site is optimized with the Yoast SEO plugin v25.6 - https:\/\/yoast.com\/wordpress\/plugins\/seo\/ -->\n<title>\u00bfCu\u00e1ntos rostros ves? Este test determinar\u00e1 tu fuerza interior - Diario 21<\/title>\n<meta name=\"robots\" content=\"index, follow, max-snippet:-1, max-image-preview:large, max-video-preview:-1\" \/>\n<link rel=\"canonical\" href=\"https:\/\/www.diario21.tv\/noticias\/cuantos-rostros-ves-este-test-determinara-tu-fuerza-interior\/\" \/>\n<meta property=\"og:locale\" content=\"es_ES\" \/>\n<meta property=\"og:type\" content=\"article\" \/>\n<meta property=\"og:title\" content=\"\u00bfCu\u00e1ntos rostros ves? Este test determinar\u00e1 tu fuerza interior - Diario 21\" \/>\n<meta property=\"og:description\" content=\"Ah, la fascinaci\u00f3n por los tests de personalidad en las redes sociales nunca parece desvanecerse, \u00bfverdad? Esos peque\u00f1os juegos que nos mantienen enganchados, como los desaf\u00edos ... Seguir leyendo &rarr;\" \/>\n<meta property=\"og:url\" content=\"https:\/\/www.diario21.tv\/noticias\/cuantos-rostros-ves-este-test-determinara-tu-fuerza-interior\/\" \/>\n<meta property=\"og:site_name\" content=\"Diario 21\" \/>\n<meta property=\"article:published_time\" content=\"2024-07-27T11:00:12+00:00\" \/>\n<meta property=\"og:image\" content=\"https:\/\/www.diario21.tv\/noticias\/wp-content\/uploads\/2024\/07\/test-de-personalidad-rostros.png\" \/>\n\t<meta property=\"og:image:width\" content=\"1200\" \/>\n\t<meta property=\"og:image:height\" content=\"600\" \/>\n\t<meta property=\"og:image:type\" content=\"image\/png\" \/>\n<meta name=\"author\" content=\"Diario 21\" \/>\n<meta name=\"twitter:card\" content=\"summary_large_image\" \/>\n<meta name=\"twitter:label1\" content=\"Escrito por\" \/>\n\t<meta name=\"twitter:data1\" content=\"Diario 21\" \/>\n\t<meta name=\"twitter:label2\" content=\"Tiempo de lectura\" \/>\n\t<meta name=\"twitter:data2\" content=\"3 minutos\" \/>\n<script type=\"application\/ld+json\" class=\"yoast-schema-graph\">{\"@context\":\"https:\/\/schema.org\",\"@graph\":[{\"@type\":\"WebPage\",\"@id\":\"https:\/\/www.diario21.tv\/noticias\/cuantos-rostros-ves-este-test-determinara-tu-fuerza-interior\/\",\"url\":\"https:\/\/www.diario21.tv\/noticias\/cuantos-rostros-ves-este-test-determinara-tu-fuerza-interior\/\",\"name\":\"\u00bfCu\u00e1ntos rostros ves? Este test determinar\u00e1 tu fuerza interior - Diario 21\",\"isPartOf\":{\"@id\":\"https:\/\/www.diario21.tv\/noticias\/#website\"},\"primaryImageOfPage\":{\"@id\":\"https:\/\/www.diario21.tv\/noticias\/cuantos-rostros-ves-este-test-determinara-tu-fuerza-interior\/#primaryimage\"},\"image\":{\"@id\":\"https:\/\/www.diario21.tv\/noticias\/cuantos-rostros-ves-este-test-determinara-tu-fuerza-interior\/#primaryimage\"},\"thumbnailUrl\":\"https:\/\/www.diario21.tv\/noticias\/wp-content\/uploads\/2024\/07\/test-de-personalidad-rostros.png\",\"datePublished\":\"2024-07-27T11:00:12+00:00\",\"author\":{\"@id\":\"https:\/\/www.diario21.tv\/noticias\/#\/schema\/person\/7de9d6205bd3da5b7f01f5cffb18d715\"},\"breadcrumb\":{\"@id\":\"https:\/\/www.diario21.tv\/noticias\/cuantos-rostros-ves-este-test-determinara-tu-fuerza-interior\/#breadcrumb\"},\"inLanguage\":\"es-AR\",\"potentialAction\":[{\"@type\":\"ReadAction\",\"target\":[\"https:\/\/www.diario21.tv\/noticias\/cuantos-rostros-ves-este-test-determinara-tu-fuerza-interior\/\"]}]},{\"@type\":\"ImageObject\",\"inLanguage\":\"es-AR\",\"@id\":\"https:\/\/www.diario21.tv\/noticias\/cuantos-rostros-ves-este-test-determinara-tu-fuerza-interior\/#primaryimage\",\"url\":\"https:\/\/www.diario21.tv\/noticias\/wp-content\/uploads\/2024\/07\/test-de-personalidad-rostros.png\",\"contentUrl\":\"https:\/\/www.diario21.tv\/noticias\/wp-content\/uploads\/2024\/07\/test-de-personalidad-rostros.png\",\"width\":1200,\"height\":600,\"caption\":\"\u00bfCu\u00e1ntos rostros ves? Este test determinar\u00e1 tu fuerza interior\"},{\"@type\":\"BreadcrumbList\",\"@id\":\"https:\/\/www.diario21.tv\/noticias\/cuantos-rostros-ves-este-test-determinara-tu-fuerza-interior\/#breadcrumb\",\"itemListElement\":[{\"@type\":\"ListItem\",\"position\":1,\"name\":\"Accueil\",\"item\":\"https:\/\/www.diario21.tv\/noticias\/\"},{\"@type\":\"ListItem\",\"position\":2,\"name\":\"\u00bfCu\u00e1ntos rostros ves? Este test determinar\u00e1 tu fuerza interior\"}]},{\"@type\":\"WebSite\",\"@id\":\"https:\/\/www.diario21.tv\/noticias\/#website\",\"url\":\"https:\/\/www.diario21.tv\/noticias\/\",\"name\":\"Diario 21\",\"description\":\"\",\"potentialAction\":[{\"@type\":\"SearchAction\",\"target\":{\"@type\":\"EntryPoint\",\"urlTemplate\":\"https:\/\/www.diario21.tv\/noticias\/?s={search_term_string}\"},\"query-input\":{\"@type\":\"PropertyValueSpecification\",\"valueRequired\":true,\"valueName\":\"search_term_string\"}}],\"inLanguage\":\"es-AR\"},{\"@type\":\"Person\",\"@id\":\"https:\/\/www.diario21.tv\/noticias\/#\/schema\/person\/7de9d6205bd3da5b7f01f5cffb18d715\",\"name\":\"Diario 21\",\"image\":{\"@type\":\"ImageObject\",\"inLanguage\":\"es-AR\",\"@id\":\"https:\/\/www.diario21.tv\/noticias\/#\/schema\/person\/image\/\",\"url\":\"https:\/\/secure.gravatar.com\/avatar\/d1d5e764b940c8e5990284cabcd5dea9?s=96&d=mm&r=g\",\"contentUrl\":\"https:\/\/secure.gravatar.com\/avatar\/d1d5e764b940c8e5990284cabcd5dea9?s=96&d=mm&r=g\",\"caption\":\"Diario 21\"},\"url\":\"https:\/\/www.diario21.tv\/noticias\/author\/diario-21\/\"}]}<\/script>\n<!-- \/ Yoast SEO plugin. -->","yoast_head_json":{"title":"\u00bfCu\u00e1ntos rostros ves? Este test determinar\u00e1 tu fuerza interior - Diario 21","robots":{"index":"index","follow":"follow","max-snippet":"max-snippet:-1","max-image-preview":"max-image-preview:large","max-video-preview":"max-video-preview:-1"},"canonical":"https:\/\/www.diario21.tv\/noticias\/cuantos-rostros-ves-este-test-determinara-tu-fuerza-interior\/","og_locale":"es_ES","og_type":"article","og_title":"\u00bfCu\u00e1ntos rostros ves? Este test determinar\u00e1 tu fuerza interior - Diario 21","og_description":"Ah, la fascinaci\u00f3n por los tests de personalidad en las redes sociales nunca parece desvanecerse, \u00bfverdad? Esos peque\u00f1os juegos que nos mantienen enganchados, como los desaf\u00edos ... Seguir leyendo &rarr;","og_url":"https:\/\/www.diario21.tv\/noticias\/cuantos-rostros-ves-este-test-determinara-tu-fuerza-interior\/","og_site_name":"Diario 21","article_published_time":"2024-07-27T11:00:12+00:00","og_image":[{"width":1200,"height":600,"url":"https:\/\/www.diario21.tv\/noticias\/wp-content\/uploads\/2024\/07\/test-de-personalidad-rostros.png","type":"image\/png"}],"author":"Diario 21","twitter_card":"summary_large_image","twitter_misc":{"Escrito por":"Diario 21","Tiempo de lectura":"3 minutos"},"schema":{"@context":"https:\/\/schema.org","@graph":[{"@type":"WebPage","@id":"https:\/\/www.diario21.tv\/noticias\/cuantos-rostros-ves-este-test-determinara-tu-fuerza-interior\/","url":"https:\/\/www.diario21.tv\/noticias\/cuantos-rostros-ves-este-test-determinara-tu-fuerza-interior\/","name":"\u00bfCu\u00e1ntos rostros ves? Este test determinar\u00e1 tu fuerza interior - Diario 21","isPartOf":{"@id":"https:\/\/www.diario21.tv\/noticias\/#website"},"primaryImageOfPage":{"@id":"https:\/\/www.diario21.tv\/noticias\/cuantos-rostros-ves-este-test-determinara-tu-fuerza-interior\/#primaryimage"},"image":{"@id":"https:\/\/www.diario21.tv\/noticias\/cuantos-rostros-ves-este-test-determinara-tu-fuerza-interior\/#primaryimage"},"thumbnailUrl":"https:\/\/www.diario21.tv\/noticias\/wp-content\/uploads\/2024\/07\/test-de-personalidad-rostros.png","datePublished":"2024-07-27T11:00:12+00:00","author":{"@id":"https:\/\/www.diario21.tv\/noticias\/#\/schema\/person\/7de9d6205bd3da5b7f01f5cffb18d715"},"breadcrumb":{"@id":"https:\/\/www.diario21.tv\/noticias\/cuantos-rostros-ves-este-test-determinara-tu-fuerza-interior\/#breadcrumb"},"inLanguage":"es-AR","potentialAction":[{"@type":"ReadAction","target":["https:\/\/www.diario21.tv\/noticias\/cuantos-rostros-ves-este-test-determinara-tu-fuerza-interior\/"]}]},{"@type":"ImageObject","inLanguage":"es-AR","@id":"https:\/\/www.diario21.tv\/noticias\/cuantos-rostros-ves-este-test-determinara-tu-fuerza-interior\/#primaryimage","url":"https:\/\/www.diario21.tv\/noticias\/wp-content\/uploads\/2024\/07\/test-de-personalidad-rostros.png","contentUrl":"https:\/\/www.diario21.tv\/noticias\/wp-content\/uploads\/2024\/07\/test-de-personalidad-rostros.png","width":1200,"height":600,"caption":"\u00bfCu\u00e1ntos rostros ves? Este test determinar\u00e1 tu fuerza interior"},{"@type":"BreadcrumbList","@id":"https:\/\/www.diario21.tv\/noticias\/cuantos-rostros-ves-este-test-determinara-tu-fuerza-interior\/#breadcrumb","itemListElement":[{"@type":"ListItem","position":1,"name":"Accueil","item":"https:\/\/www.diario21.tv\/noticias\/"},{"@type":"ListItem","position":2,"name":"\u00bfCu\u00e1ntos rostros ves? Este test determinar\u00e1 tu fuerza interior"}]},{"@type":"WebSite","@id":"https:\/\/www.diario21.tv\/noticias\/#website","url":"https:\/\/www.diario21.tv\/noticias\/","name":"Diario 21","description":"","potentialAction":[{"@type":"SearchAction","target":{"@type":"EntryPoint","urlTemplate":"https:\/\/www.diario21.tv\/noticias\/?s={search_term_string}"},"query-input":{"@type":"PropertyValueSpecification","valueRequired":true,"valueName":"search_term_string"}}],"inLanguage":"es-AR"},{"@type":"Person","@id":"https:\/\/www.diario21.tv\/noticias\/#\/schema\/person\/7de9d6205bd3da5b7f01f5cffb18d715","name":"Diario 21","image":{"@type":"ImageObject","inLanguage":"es-AR","@id":"https:\/\/www.diario21.tv\/noticias\/#\/schema\/person\/image\/","url":"https:\/\/secure.gravatar.com\/avatar\/d1d5e764b940c8e5990284cabcd5dea9?s=96&d=mm&r=g","contentUrl":"https:\/\/secure.gravatar.com\/avatar\/d1d5e764b940c8e5990284cabcd5dea9?s=96&d=mm&r=g","caption":"Diario 21"},"url":"https:\/\/www.diario21.tv\/noticias\/author\/diario-21\/"}]}},"_links":{"self":[{"href":"https:\/\/www.diario21.tv\/noticias\/wp-json\/wp\/v2\/posts\/84"}],"collection":[{"href":"https:\/\/www.diario21.tv\/noticias\/wp-json\/wp\/v2\/posts"}],"about":[{"href":"https:\/\/www.diario21.tv\/noticias\/wp-json\/wp\/v2\/types\/post"}],"author":[{"embeddable":true,"href":"https:\/\/www.diario21.tv\/noticias\/wp-json\/wp\/v2\/users\/16"}],"replies":[{"embeddable":true,"href":"https:\/\/www.diario21.tv\/noticias\/wp-json\/wp\/v2\/comments?post=84"}],"version-history":[{"count":1,"href":"https:\/\/www.diario21.tv\/noticias\/wp-json\/wp\/v2\/posts\/84\/revisions"}],"predecessor-version":[{"id":86,"href":"https:\/\/www.diario21.tv\/noticias\/wp-json\/wp\/v2\/posts\/84\/revisions\/86"}],"wp:featuredmedia":[{"embeddable":true,"href":"https:\/\/www.diario21.tv\/noticias\/wp-json\/wp\/v2\/media\/85"}],"wp:attachment":[{"href":"https:\/\/www.diario21.tv\/noticias\/wp-json\/wp\/v2\/media?parent=84"}],"wp:term":[{"taxonomy":"category","embeddable":true,"href":"https:\/\/www.diario21.tv\/noticias\/wp-json\/wp\/v2\/categories?post=84"},{"taxonomy":"post_tag","embeddable":true,"href":"https:\/\/www.diario21.tv\/noticias\/wp-json\/wp\/v2\/tags?post=84"}],"curies":[{"name":"wp","href":"https:\/\/api.w.org\/{rel}","templated":true}]}}