{"id":777,"date":"2024-10-13T01:00:28","date_gmt":"2024-10-13T01:00:28","guid":{"rendered":"https:\/\/www.diario21.tv\/noticias\/impactante-movil-cargandose-en-sofa-provoca-incendio-mortal-en-sevilla-4-muertos\/"},"modified":"2024-10-14T09:44:54","modified_gmt":"2024-10-14T09:44:54","slug":"impactante-movil-cargandose-en-sofa-provoca-incendio-mortal-en-sevilla-4-muertos","status":"publish","type":"post","link":"https:\/\/www.diario21.tv\/noticias\/impactante-movil-cargandose-en-sofa-provoca-incendio-mortal-en-sevilla-4-muertos\/","title":{"rendered":"\u00a1Impactante! M\u00f3vil carg\u00e1ndose en sof\u00e1 provoca incendio mortal en Sevilla: 4 muertos"},"content":{"rendered":"<h2>Incendio en Sevilla con cuatro v\u00edctimas mortales provocado por un tel\u00e9fono m\u00f3vil carg\u00e1ndose en un sof\u00e1<\/h2>\n<p>Un tr\u00e1gico siniestro en Sevilla que ha ocasionado la muerte de cuatro personas ha sido atribuido a un dispositivo m\u00f3vil que se encontraba cargando sobre un sof\u00e1. Este lamentable incidente pone de relieve los riesgos potenciales de dejar aparatos electr\u00f3nicos carg\u00e1ndose en superficies de material inflamable.<\/p>\n<h3>La causa del incendio<\/h3>\n<p>Seg\u00fan los informes, el fuego comenz\u00f3 cuando un tel\u00e9fono m\u00f3vil que se estaba cargando en un sof\u00e1 se sobrecalent\u00f3. Esto condujo a la ignici\u00f3n del sof\u00e1, lo que result\u00f3 en un incendio que r\u00e1pidamente consumi\u00f3 el domicilio.<\/p>\n<h3>Las v\u00edctimas del incendio<\/h3>\n<p>Cuatro personas perdieron tr\u00e1gicamente la vida a causa del incendio. Este incidente ha dejado un profundo impacto en la comunidad de Sevilla, con muchas personas llorando la p\u00e9rdida de sus seres queridos.<\/p>\n<h3>La seguridad con los dispositivos m\u00f3viles<\/h3>\n<p>Este suceso destaca la importancia de tener precauci\u00f3n al cargar los dispositivos m\u00f3viles. Es fundamental no dejar estos aparatos en superficies que puedan arder f\u00e1cilmente, como muebles tapizados o camas. Adem\u00e1s, es recomendable no dejar los dispositivos carg\u00e1ndose durante largos periodos de tiempo sin supervisi\u00f3n, ya que pueden sobrecalentarse y provocar un incendio.<\/p>\n<h3>El impacto en la comunidad<\/h3>\n<p>El devastador incendio ha dejado una huella profunda en la comunidad de Sevilla. La p\u00e9rdida de cuatro vidas ha sido un golpe duro para los residentes, quienes ahora est\u00e1n mucho m\u00e1s conscientes de los peligros potenciales que pueden surgir de pr\u00e1cticas aparentemente inofensivas, como cargar un m\u00f3vil en un sof\u00e1.<\/p>\n<h3>Conclusiones<\/h3>\n<p>Este tr\u00e1gico incidente sirve como un recordatorio de la importancia de tener cuidado con los dispositivos electr\u00f3nicos y la manera en que los cargamos. Es esencial ser consciente de los riesgos y tomar medidas para prevenir posibles incendios. Nuestros pensamientos est\u00e1n con las familias y amigos de las v\u00edctimas durante este dif\u00edcil momento.<\/p>\n\n\n<div class=\"kk-star-ratings kksr-auto kksr-align-left kksr-valign-bottom\"\n    data-payload='{&quot;align&quot;:&quot;left&quot;,&quot;id&quot;:&quot;777&quot;,&quot;slug&quot;:&quot;default&quot;,&quot;valign&quot;:&quot;bottom&quot;,&quot;ignore&quot;:&quot;&quot;,&quot;reference&quot;:&quot;auto&quot;,&quot;class&quot;:&quot;&quot;,&quot;count&quot;:&quot;0&quot;,&quot;legendonly&quot;:&quot;&quot;,&quot;readonly&quot;:&quot;&quot;,&quot;score&quot;:&quot;0&quot;,&quot;starsonly&quot;:&quot;&quot;,&quot;best&quot;:&quot;5&quot;,&quot;gap&quot;:&quot;5&quot;,&quot;greet&quot;:&quot;Valora este post&quot;,&quot;legend&quot;:&quot;0\\\/5 - (0 votes)&quot;,&quot;size&quot;:&quot;22&quot;,&quot;title&quot;:&quot;\u00a1Impactante! M\u00f3vil carg\u00e1ndose en sof\u00e1 provoca incendio mortal en Sevilla: 4 muertos&quot;,&quot;width&quot;:&quot;0&quot;,&quot;_legend&quot;:&quot;{score}\\\/{best} - ({count} {votes})&quot;,&quot;font_factor&quot;:&quot;1.25&quot;}'>\n            \n<div class=\"kksr-stars\">\n    \n<div class=\"kksr-stars-inactive\">\n            <div class=\"kksr-star\" data-star=\"1\" style=\"padding-right: 5px\">\n            \n\n<div class=\"kksr-icon\" style=\"width: 22px; height: 22px;\"><\/div>\n        <\/div>\n            <div class=\"kksr-star\" data-star=\"2\" style=\"padding-right: 5px\">\n            \n\n<div class=\"kksr-icon\" style=\"width: 22px; height: 22px;\"><\/div>\n        <\/div>\n            <div class=\"kksr-star\" data-star=\"3\" style=\"padding-right: 5px\">\n            \n\n<div class=\"kksr-icon\" style=\"width: 22px; height: 22px;\"><\/div>\n        <\/div>\n            <div class=\"kksr-star\" data-star=\"4\" style=\"padding-right: 5px\">\n            \n\n<div class=\"kksr-icon\" style=\"width: 22px; height: 22px;\"><\/div>\n        <\/div>\n            <div class=\"kksr-star\" data-star=\"5\" style=\"padding-right: 5px\">\n            \n\n<div class=\"kksr-icon\" style=\"width: 22px; height: 22px;\"><\/div>\n        <\/div>\n    <\/div>\n    \n<div class=\"kksr-stars-active\" style=\"width: 0px;\">\n            <div class=\"kksr-star\" style=\"padding-right: 5px\">\n            \n\n<div class=\"kksr-icon\" style=\"width: 22px; height: 22px;\"><\/div>\n        <\/div>\n            <div class=\"kksr-star\" style=\"padding-right: 5px\">\n            \n\n<div class=\"kksr-icon\" style=\"width: 22px; height: 22px;\"><\/div>\n        <\/div>\n            <div class=\"kksr-star\" style=\"padding-right: 5px\">\n            \n\n<div class=\"kksr-icon\" style=\"width: 22px; height: 22px;\"><\/div>\n        <\/div>\n            <div class=\"kksr-star\" style=\"padding-right: 5px\">\n            \n\n<div class=\"kksr-icon\" style=\"width: 22px; height: 22px;\"><\/div>\n        <\/div>\n            <div class=\"kksr-star\" style=\"padding-right: 5px\">\n            \n\n<div class=\"kksr-icon\" style=\"width: 22px; height: 22px;\"><\/div>\n        <\/div>\n    <\/div>\n<\/div>\n                \n\n<div class=\"kksr-legend\" style=\"font-size: 17.6px;\">\n            <span class=\"kksr-muted\">Valora este post<\/span>\n    <\/div>\n    <\/div>\n","protected":false},"excerpt":{"rendered":"<p>Incendio en Sevilla con cuatro v\u00edctimas mortales provocado por un tel\u00e9fono m\u00f3vil carg\u00e1ndose en un sof\u00e1 Un tr\u00e1gico siniestro en Sevilla que ha ocasionado la muerte &#8230; <a title=\"\u00a1Impactante! M\u00f3vil carg\u00e1ndose en sof\u00e1 provoca incendio mortal en Sevilla: 4 muertos\" class=\"read-more\" href=\"https:\/\/www.diario21.tv\/noticias\/impactante-movil-cargandose-en-sofa-provoca-incendio-mortal-en-sevilla-4-muertos\/\" aria-label=\"Leer m\u00e1s sobre \u00a1Impactante! M\u00f3vil carg\u00e1ndose en sof\u00e1 provoca incendio mortal en Sevilla: 4 muertos\">Seguir leyendo &rarr;<\/a><\/p>\n","protected":false},"author":18,"featured_media":778,"comment_status":"open","ping_status":"open","sticky":false,"template":"","format":"standard","meta":{"footnotes":""},"categories":[13],"tags":[],"class_list":["post-777","post","type-post","status-publish","format-standard","has-post-thumbnail","hentry","category-portada"],"yoast_head":"<!-- This site is optimized with the Yoast SEO plugin v25.6 - https:\/\/yoast.com\/wordpress\/plugins\/seo\/ -->\n<title>\u00a1Impactante! M\u00f3vil carg\u00e1ndose en sof\u00e1 provoca incendio mortal en Sevilla: 4 muertos - Diario 21<\/title>\n<meta name=\"robots\" content=\"index, follow, max-snippet:-1, max-image-preview:large, max-video-preview:-1\" \/>\n<link rel=\"canonical\" href=\"https:\/\/www.diario21.tv\/noticias\/impactante-movil-cargandose-en-sofa-provoca-incendio-mortal-en-sevilla-4-muertos\/\" \/>\n<meta property=\"og:locale\" content=\"es_ES\" \/>\n<meta property=\"og:type\" content=\"article\" \/>\n<meta property=\"og:title\" content=\"\u00a1Impactante! M\u00f3vil carg\u00e1ndose en sof\u00e1 provoca incendio mortal en Sevilla: 4 muertos - Diario 21\" \/>\n<meta property=\"og:description\" content=\"Incendio en Sevilla con cuatro v\u00edctimas mortales provocado por un tel\u00e9fono m\u00f3vil carg\u00e1ndose en un sof\u00e1 Un tr\u00e1gico siniestro en Sevilla que ha ocasionado la muerte ... Seguir leyendo &rarr;\" \/>\n<meta property=\"og:url\" content=\"https:\/\/www.diario21.tv\/noticias\/impactante-movil-cargandose-en-sofa-provoca-incendio-mortal-en-sevilla-4-muertos\/\" \/>\n<meta property=\"og:site_name\" content=\"Diario 21\" \/>\n<meta property=\"article:published_time\" content=\"2024-10-13T01:00:28+00:00\" \/>\n<meta property=\"article:modified_time\" content=\"2024-10-14T09:44:54+00:00\" \/>\n<meta property=\"og:image\" content=\"https:\/\/www.diario21.tv\/noticias\/wp-content\/uploads\/2024\/10\/\u00a1Impactante-Movil-cargandose-en-sofa-provoca-incendio-mortal-en-Sevilla.jpg\" \/>\n\t<meta property=\"og:image:width\" content=\"1920\" \/>\n\t<meta property=\"og:image:height\" content=\"1080\" \/>\n\t<meta property=\"og:image:type\" content=\"image\/jpeg\" \/>\n<meta name=\"author\" content=\"Alejandro Torres\" \/>\n<meta name=\"twitter:card\" content=\"summary_large_image\" \/>\n<meta name=\"twitter:label1\" content=\"Escrito por\" \/>\n\t<meta name=\"twitter:data1\" content=\"Alejandro Torres\" \/>\n\t<meta name=\"twitter:label2\" content=\"Tiempo de lectura\" \/>\n\t<meta name=\"twitter:data2\" content=\"2 minutos\" \/>\n<script type=\"application\/ld+json\" class=\"yoast-schema-graph\">{\"@context\":\"https:\/\/schema.org\",\"@graph\":[{\"@type\":\"WebPage\",\"@id\":\"https:\/\/www.diario21.tv\/noticias\/impactante-movil-cargandose-en-sofa-provoca-incendio-mortal-en-sevilla-4-muertos\/\",\"url\":\"https:\/\/www.diario21.tv\/noticias\/impactante-movil-cargandose-en-sofa-provoca-incendio-mortal-en-sevilla-4-muertos\/\",\"name\":\"\u00a1Impactante! M\u00f3vil carg\u00e1ndose en sof\u00e1 provoca incendio mortal en Sevilla: 4 muertos - Diario 21\",\"isPartOf\":{\"@id\":\"https:\/\/www.diario21.tv\/noticias\/#website\"},\"primaryImageOfPage\":{\"@id\":\"https:\/\/www.diario21.tv\/noticias\/impactante-movil-cargandose-en-sofa-provoca-incendio-mortal-en-sevilla-4-muertos\/#primaryimage\"},\"image\":{\"@id\":\"https:\/\/www.diario21.tv\/noticias\/impactante-movil-cargandose-en-sofa-provoca-incendio-mortal-en-sevilla-4-muertos\/#primaryimage\"},\"thumbnailUrl\":\"https:\/\/www.diario21.tv\/noticias\/wp-content\/uploads\/2024\/10\/\u00a1Impactante-Movil-cargandose-en-sofa-provoca-incendio-mortal-en-Sevilla.jpg\",\"datePublished\":\"2024-10-13T01:00:28+00:00\",\"dateModified\":\"2024-10-14T09:44:54+00:00\",\"author\":{\"@id\":\"https:\/\/www.diario21.tv\/noticias\/#\/schema\/person\/8885ff4fbd2e0d23a76e54aa20d5b2aa\"},\"breadcrumb\":{\"@id\":\"https:\/\/www.diario21.tv\/noticias\/impactante-movil-cargandose-en-sofa-provoca-incendio-mortal-en-sevilla-4-muertos\/#breadcrumb\"},\"inLanguage\":\"es-AR\",\"potentialAction\":[{\"@type\":\"ReadAction\",\"target\":[\"https:\/\/www.diario21.tv\/noticias\/impactante-movil-cargandose-en-sofa-provoca-incendio-mortal-en-sevilla-4-muertos\/\"]}]},{\"@type\":\"ImageObject\",\"inLanguage\":\"es-AR\",\"@id\":\"https:\/\/www.diario21.tv\/noticias\/impactante-movil-cargandose-en-sofa-provoca-incendio-mortal-en-sevilla-4-muertos\/#primaryimage\",\"url\":\"https:\/\/www.diario21.tv\/noticias\/wp-content\/uploads\/2024\/10\/\u00a1Impactante-Movil-cargandose-en-sofa-provoca-incendio-mortal-en-Sevilla.jpg\",\"contentUrl\":\"https:\/\/www.diario21.tv\/noticias\/wp-content\/uploads\/2024\/10\/\u00a1Impactante-Movil-cargandose-en-sofa-provoca-incendio-mortal-en-Sevilla.jpg\",\"width\":1920,\"height\":1080,\"caption\":\"Un m\u00f3vil en carga sobre un sof\u00e1, causa del incendio de Sevilla con cuatro fallecidos\"},{\"@type\":\"BreadcrumbList\",\"@id\":\"https:\/\/www.diario21.tv\/noticias\/impactante-movil-cargandose-en-sofa-provoca-incendio-mortal-en-sevilla-4-muertos\/#breadcrumb\",\"itemListElement\":[{\"@type\":\"ListItem\",\"position\":1,\"name\":\"Accueil\",\"item\":\"https:\/\/www.diario21.tv\/noticias\/\"},{\"@type\":\"ListItem\",\"position\":2,\"name\":\"\u00a1Impactante! M\u00f3vil carg\u00e1ndose en sof\u00e1 provoca incendio mortal en Sevilla: 4 muertos\"}]},{\"@type\":\"WebSite\",\"@id\":\"https:\/\/www.diario21.tv\/noticias\/#website\",\"url\":\"https:\/\/www.diario21.tv\/noticias\/\",\"name\":\"Diario 21\",\"description\":\"\",\"potentialAction\":[{\"@type\":\"SearchAction\",\"target\":{\"@type\":\"EntryPoint\",\"urlTemplate\":\"https:\/\/www.diario21.tv\/noticias\/?s={search_term_string}\"},\"query-input\":{\"@type\":\"PropertyValueSpecification\",\"valueRequired\":true,\"valueName\":\"search_term_string\"}}],\"inLanguage\":\"es-AR\"},{\"@type\":\"Person\",\"@id\":\"https:\/\/www.diario21.tv\/noticias\/#\/schema\/person\/8885ff4fbd2e0d23a76e54aa20d5b2aa\",\"name\":\"Alejandro Torres\",\"image\":{\"@type\":\"ImageObject\",\"inLanguage\":\"es-AR\",\"@id\":\"https:\/\/www.diario21.tv\/noticias\/#\/schema\/person\/image\/\",\"url\":\"https:\/\/secure.gravatar.com\/avatar\/4e373d3479c57ab0a2c5fff1fff7348a?s=96&d=mm&r=g\",\"contentUrl\":\"https:\/\/secure.gravatar.com\/avatar\/4e373d3479c57ab0a2c5fff1fff7348a?s=96&d=mm&r=g\",\"caption\":\"Alejandro Torres\"},\"description\":\"Alejandro Torres es el corresponsal de tecnolog\u00eda en Diario 21. Apasionado por la innovaci\u00f3n y las tendencias digitales, Alejandro ofrece a nuestros lectores an\u00e1lisis profundos sobre el impacto de la tecnolog\u00eda en la vida cotidiana.\",\"sameAs\":[\"https:\/\/www.diario21.tv\/noticias\/\"],\"url\":\"https:\/\/www.diario21.tv\/noticias\/author\/alejandro-torres\/\"}]}<\/script>\n<!-- \/ Yoast SEO plugin. -->","yoast_head_json":{"title":"\u00a1Impactante! M\u00f3vil carg\u00e1ndose en sof\u00e1 provoca incendio mortal en Sevilla: 4 muertos - Diario 21","robots":{"index":"index","follow":"follow","max-snippet":"max-snippet:-1","max-image-preview":"max-image-preview:large","max-video-preview":"max-video-preview:-1"},"canonical":"https:\/\/www.diario21.tv\/noticias\/impactante-movil-cargandose-en-sofa-provoca-incendio-mortal-en-sevilla-4-muertos\/","og_locale":"es_ES","og_type":"article","og_title":"\u00a1Impactante! M\u00f3vil carg\u00e1ndose en sof\u00e1 provoca incendio mortal en Sevilla: 4 muertos - Diario 21","og_description":"Incendio en Sevilla con cuatro v\u00edctimas mortales provocado por un tel\u00e9fono m\u00f3vil carg\u00e1ndose en un sof\u00e1 Un tr\u00e1gico siniestro en Sevilla que ha ocasionado la muerte ... Seguir leyendo &rarr;","og_url":"https:\/\/www.diario21.tv\/noticias\/impactante-movil-cargandose-en-sofa-provoca-incendio-mortal-en-sevilla-4-muertos\/","og_site_name":"Diario 21","article_published_time":"2024-10-13T01:00:28+00:00","article_modified_time":"2024-10-14T09:44:54+00:00","og_image":[{"width":1920,"height":1080,"url":"https:\/\/www.diario21.tv\/noticias\/wp-content\/uploads\/2024\/10\/\u00a1Impactante-Movil-cargandose-en-sofa-provoca-incendio-mortal-en-Sevilla.jpg","type":"image\/jpeg"}],"author":"Alejandro Torres","twitter_card":"summary_large_image","twitter_misc":{"Escrito por":"Alejandro Torres","Tiempo de lectura":"2 minutos"},"schema":{"@context":"https:\/\/schema.org","@graph":[{"@type":"WebPage","@id":"https:\/\/www.diario21.tv\/noticias\/impactante-movil-cargandose-en-sofa-provoca-incendio-mortal-en-sevilla-4-muertos\/","url":"https:\/\/www.diario21.tv\/noticias\/impactante-movil-cargandose-en-sofa-provoca-incendio-mortal-en-sevilla-4-muertos\/","name":"\u00a1Impactante! M\u00f3vil carg\u00e1ndose en sof\u00e1 provoca incendio mortal en Sevilla: 4 muertos - Diario 21","isPartOf":{"@id":"https:\/\/www.diario21.tv\/noticias\/#website"},"primaryImageOfPage":{"@id":"https:\/\/www.diario21.tv\/noticias\/impactante-movil-cargandose-en-sofa-provoca-incendio-mortal-en-sevilla-4-muertos\/#primaryimage"},"image":{"@id":"https:\/\/www.diario21.tv\/noticias\/impactante-movil-cargandose-en-sofa-provoca-incendio-mortal-en-sevilla-4-muertos\/#primaryimage"},"thumbnailUrl":"https:\/\/www.diario21.tv\/noticias\/wp-content\/uploads\/2024\/10\/\u00a1Impactante-Movil-cargandose-en-sofa-provoca-incendio-mortal-en-Sevilla.jpg","datePublished":"2024-10-13T01:00:28+00:00","dateModified":"2024-10-14T09:44:54+00:00","author":{"@id":"https:\/\/www.diario21.tv\/noticias\/#\/schema\/person\/8885ff4fbd2e0d23a76e54aa20d5b2aa"},"breadcrumb":{"@id":"https:\/\/www.diario21.tv\/noticias\/impactante-movil-cargandose-en-sofa-provoca-incendio-mortal-en-sevilla-4-muertos\/#breadcrumb"},"inLanguage":"es-AR","potentialAction":[{"@type":"ReadAction","target":["https:\/\/www.diario21.tv\/noticias\/impactante-movil-cargandose-en-sofa-provoca-incendio-mortal-en-sevilla-4-muertos\/"]}]},{"@type":"ImageObject","inLanguage":"es-AR","@id":"https:\/\/www.diario21.tv\/noticias\/impactante-movil-cargandose-en-sofa-provoca-incendio-mortal-en-sevilla-4-muertos\/#primaryimage","url":"https:\/\/www.diario21.tv\/noticias\/wp-content\/uploads\/2024\/10\/\u00a1Impactante-Movil-cargandose-en-sofa-provoca-incendio-mortal-en-Sevilla.jpg","contentUrl":"https:\/\/www.diario21.tv\/noticias\/wp-content\/uploads\/2024\/10\/\u00a1Impactante-Movil-cargandose-en-sofa-provoca-incendio-mortal-en-Sevilla.jpg","width":1920,"height":1080,"caption":"Un m\u00f3vil en carga sobre un sof\u00e1, causa del incendio de Sevilla con cuatro fallecidos"},{"@type":"BreadcrumbList","@id":"https:\/\/www.diario21.tv\/noticias\/impactante-movil-cargandose-en-sofa-provoca-incendio-mortal-en-sevilla-4-muertos\/#breadcrumb","itemListElement":[{"@type":"ListItem","position":1,"name":"Accueil","item":"https:\/\/www.diario21.tv\/noticias\/"},{"@type":"ListItem","position":2,"name":"\u00a1Impactante! M\u00f3vil carg\u00e1ndose en sof\u00e1 provoca incendio mortal en Sevilla: 4 muertos"}]},{"@type":"WebSite","@id":"https:\/\/www.diario21.tv\/noticias\/#website","url":"https:\/\/www.diario21.tv\/noticias\/","name":"Diario 21","description":"","potentialAction":[{"@type":"SearchAction","target":{"@type":"EntryPoint","urlTemplate":"https:\/\/www.diario21.tv\/noticias\/?s={search_term_string}"},"query-input":{"@type":"PropertyValueSpecification","valueRequired":true,"valueName":"search_term_string"}}],"inLanguage":"es-AR"},{"@type":"Person","@id":"https:\/\/www.diario21.tv\/noticias\/#\/schema\/person\/8885ff4fbd2e0d23a76e54aa20d5b2aa","name":"Alejandro Torres","image":{"@type":"ImageObject","inLanguage":"es-AR","@id":"https:\/\/www.diario21.tv\/noticias\/#\/schema\/person\/image\/","url":"https:\/\/secure.gravatar.com\/avatar\/4e373d3479c57ab0a2c5fff1fff7348a?s=96&d=mm&r=g","contentUrl":"https:\/\/secure.gravatar.com\/avatar\/4e373d3479c57ab0a2c5fff1fff7348a?s=96&d=mm&r=g","caption":"Alejandro Torres"},"description":"Alejandro Torres es el corresponsal de tecnolog\u00eda en Diario 21. Apasionado por la innovaci\u00f3n y las tendencias digitales, Alejandro ofrece a nuestros lectores an\u00e1lisis profundos sobre el impacto de la tecnolog\u00eda en la vida cotidiana.","sameAs":["https:\/\/www.diario21.tv\/noticias\/"],"url":"https:\/\/www.diario21.tv\/noticias\/author\/alejandro-torres\/"}]}},"_links":{"self":[{"href":"https:\/\/www.diario21.tv\/noticias\/wp-json\/wp\/v2\/posts\/777"}],"collection":[{"href":"https:\/\/www.diario21.tv\/noticias\/wp-json\/wp\/v2\/posts"}],"about":[{"href":"https:\/\/www.diario21.tv\/noticias\/wp-json\/wp\/v2\/types\/post"}],"author":[{"embeddable":true,"href":"https:\/\/www.diario21.tv\/noticias\/wp-json\/wp\/v2\/users\/18"}],"replies":[{"embeddable":true,"href":"https:\/\/www.diario21.tv\/noticias\/wp-json\/wp\/v2\/comments?post=777"}],"version-history":[{"count":1,"href":"https:\/\/www.diario21.tv\/noticias\/wp-json\/wp\/v2\/posts\/777\/revisions"}],"predecessor-version":[{"id":779,"href":"https:\/\/www.diario21.tv\/noticias\/wp-json\/wp\/v2\/posts\/777\/revisions\/779"}],"wp:featuredmedia":[{"embeddable":true,"href":"https:\/\/www.diario21.tv\/noticias\/wp-json\/wp\/v2\/media\/778"}],"wp:attachment":[{"href":"https:\/\/www.diario21.tv\/noticias\/wp-json\/wp\/v2\/media?parent=777"}],"wp:term":[{"taxonomy":"category","embeddable":true,"href":"https:\/\/www.diario21.tv\/noticias\/wp-json\/wp\/v2\/categories?post=777"},{"taxonomy":"post_tag","embeddable":true,"href":"https:\/\/www.diario21.tv\/noticias\/wp-json\/wp\/v2\/tags?post=777"}],"curies":[{"name":"wp","href":"https:\/\/api.w.org\/{rel}","templated":true}]}}