{"id":774,"date":"2024-10-12T16:09:06","date_gmt":"2024-10-12T16:09:06","guid":{"rendered":"https:\/\/www.diario21.tv\/noticias\/increible-60-de-los-espanoles-sin-hijos-revelan-que-deseaban-tenerlos\/"},"modified":"2024-10-14T09:44:54","modified_gmt":"2024-10-14T09:44:54","slug":"increible-60-de-los-espanoles-sin-hijos-revelan-que-deseaban-tenerlos","status":"publish","type":"post","link":"https:\/\/www.diario21.tv\/noticias\/increible-60-de-los-espanoles-sin-hijos-revelan-que-deseaban-tenerlos\/","title":{"rendered":"\u00a1Incre\u00edble! 60% de los Espa\u00f1oles Sin Hijos Revelan que Deseaban Tenerlos"},"content":{"rendered":"<h2>El deseo de la prole en la poblaci\u00f3n espa\u00f1ola sin hijos<\/h2>\n<p>Aproximadamente el sesenta por ciento de los espa\u00f1oles que no tienen hijos han declarado que les hubiera encantado convertirse en padres. Esta revelaci\u00f3n se ha hecho en un estudio reciente, que ha puesto de manifiesto la aspiraci\u00f3n de muchos espa\u00f1oles a tener descendencia.<\/p>\n<h3>La aspiraci\u00f3n a la paternidad y maternidad en Espa\u00f1a<\/h3>\n<p>El estudio ha revelado que seis de cada diez espa\u00f1oles sin hijos han expresado su deseo de haber tenido hijos. Este dato refleja la importancia que la sociedad espa\u00f1ola otorga a la familia y a la descendencia, y pone de relieve la relevancia de la paternidad y la maternidad en la vida de muchos espa\u00f1oles.<\/p>\n<h2>La raz\u00f3n detr\u00e1s del deseo de tener hijos<\/h2>\n<p>Aunque cada persona tiene sus propias razones para querer tener hijos, el estudio ha identificado algunas razones comunes. Estas incluyen el deseo de tener una familia, la satisfacci\u00f3n de criar a un hijo, el deseo de continuar con la tradici\u00f3n familiar y la expectativa social de tener hijos.<\/p>\n<h3>El impacto de no tener hijos<\/h3>\n<p>El estudio tambi\u00e9n ha revelado que no tener hijos puede tener un impacto significativo en la vida de una persona. Algunos de los encuestados han expresado sentimientos de tristeza, soledad y arrepentimiento por no haber tenido hijos. Sin embargo, tambi\u00e9n hay quienes se sienten satisfechos con su decisi\u00f3n de no tener hijos, ya sea por razones personales o profesionales.<\/p>\n<h2>El deseo insatisfecho de ser padres <\/h2>\n<p>El dato de que seis de cada diez espa\u00f1oles sin hijos desear\u00edan haber tenido hijos es bastante revelador. Indica que hay un deseo insatisfecho de ser padres en una parte significativa de la poblaci\u00f3n espa\u00f1ola. Esto plantea la necesidad de pol\u00edticas sociales y econ\u00f3micas que apoyen a las personas que desean formar una familia.<\/p>\n<h3>Conclusiones del estudio<\/h3>\n<p>El estudio ha proporcionado una visi\u00f3n interesante sobre el deseo de tener hijos en la poblaci\u00f3n espa\u00f1ola. Ha revelado que, a pesar de los desaf\u00edos que pueden presentar la paternidad y la maternidad, muchos espa\u00f1oles a\u00fan desean tener hijos. Esto subraya la importancia de tener pol\u00edticas de apoyo a la familia en Espa\u00f1a para ayudar a aquellos que desean tener hijos a realizar su sue\u00f1o.<\/p>\n\n\n<div class=\"kk-star-ratings kksr-auto kksr-align-left kksr-valign-bottom\"\n    data-payload='{&quot;align&quot;:&quot;left&quot;,&quot;id&quot;:&quot;774&quot;,&quot;slug&quot;:&quot;default&quot;,&quot;valign&quot;:&quot;bottom&quot;,&quot;ignore&quot;:&quot;&quot;,&quot;reference&quot;:&quot;auto&quot;,&quot;class&quot;:&quot;&quot;,&quot;count&quot;:&quot;0&quot;,&quot;legendonly&quot;:&quot;&quot;,&quot;readonly&quot;:&quot;&quot;,&quot;score&quot;:&quot;0&quot;,&quot;starsonly&quot;:&quot;&quot;,&quot;best&quot;:&quot;5&quot;,&quot;gap&quot;:&quot;5&quot;,&quot;greet&quot;:&quot;Valora este post&quot;,&quot;legend&quot;:&quot;0\\\/5 - (0 votes)&quot;,&quot;size&quot;:&quot;22&quot;,&quot;title&quot;:&quot;\u00a1Incre\u00edble! 60% de los Espa\u00f1oles Sin Hijos Revelan que Deseaban Tenerlos&quot;,&quot;width&quot;:&quot;0&quot;,&quot;_legend&quot;:&quot;{score}\\\/{best} - ({count} {votes})&quot;,&quot;font_factor&quot;:&quot;1.25&quot;}'>\n            \n<div class=\"kksr-stars\">\n    \n<div class=\"kksr-stars-inactive\">\n            <div class=\"kksr-star\" data-star=\"1\" style=\"padding-right: 5px\">\n            \n\n<div class=\"kksr-icon\" style=\"width: 22px; height: 22px;\"><\/div>\n        <\/div>\n            <div class=\"kksr-star\" data-star=\"2\" style=\"padding-right: 5px\">\n            \n\n<div class=\"kksr-icon\" style=\"width: 22px; height: 22px;\"><\/div>\n        <\/div>\n            <div class=\"kksr-star\" data-star=\"3\" style=\"padding-right: 5px\">\n            \n\n<div class=\"kksr-icon\" style=\"width: 22px; height: 22px;\"><\/div>\n        <\/div>\n            <div class=\"kksr-star\" data-star=\"4\" style=\"padding-right: 5px\">\n            \n\n<div class=\"kksr-icon\" style=\"width: 22px; height: 22px;\"><\/div>\n        <\/div>\n            <div class=\"kksr-star\" data-star=\"5\" style=\"padding-right: 5px\">\n            \n\n<div class=\"kksr-icon\" style=\"width: 22px; height: 22px;\"><\/div>\n        <\/div>\n    <\/div>\n    \n<div class=\"kksr-stars-active\" style=\"width: 0px;\">\n            <div class=\"kksr-star\" style=\"padding-right: 5px\">\n            \n\n<div class=\"kksr-icon\" style=\"width: 22px; height: 22px;\"><\/div>\n        <\/div>\n            <div class=\"kksr-star\" style=\"padding-right: 5px\">\n            \n\n<div class=\"kksr-icon\" style=\"width: 22px; height: 22px;\"><\/div>\n        <\/div>\n            <div class=\"kksr-star\" style=\"padding-right: 5px\">\n            \n\n<div class=\"kksr-icon\" style=\"width: 22px; height: 22px;\"><\/div>\n        <\/div>\n            <div class=\"kksr-star\" style=\"padding-right: 5px\">\n            \n\n<div class=\"kksr-icon\" style=\"width: 22px; height: 22px;\"><\/div>\n        <\/div>\n            <div class=\"kksr-star\" style=\"padding-right: 5px\">\n            \n\n<div class=\"kksr-icon\" style=\"width: 22px; height: 22px;\"><\/div>\n        <\/div>\n    <\/div>\n<\/div>\n                \n\n<div class=\"kksr-legend\" style=\"font-size: 17.6px;\">\n            <span class=\"kksr-muted\">Valora este post<\/span>\n    <\/div>\n    <\/div>\n","protected":false},"excerpt":{"rendered":"<p>El deseo de la prole en la poblaci\u00f3n espa\u00f1ola sin hijos Aproximadamente el sesenta por ciento de los espa\u00f1oles que no tienen hijos han declarado que &#8230; <a title=\"\u00a1Incre\u00edble! 60% de los Espa\u00f1oles Sin Hijos Revelan que Deseaban Tenerlos\" class=\"read-more\" href=\"https:\/\/www.diario21.tv\/noticias\/increible-60-de-los-espanoles-sin-hijos-revelan-que-deseaban-tenerlos\/\" aria-label=\"Leer m\u00e1s sobre \u00a1Incre\u00edble! 60% de los Espa\u00f1oles Sin Hijos Revelan que Deseaban Tenerlos\">Seguir leyendo &rarr;<\/a><\/p>\n","protected":false},"author":18,"featured_media":775,"comment_status":"open","ping_status":"open","sticky":false,"template":"","format":"standard","meta":{"footnotes":""},"categories":[13],"tags":[],"class_list":["post-774","post","type-post","status-publish","format-standard","has-post-thumbnail","hentry","category-portada"],"yoast_head":"<!-- This site is optimized with the Yoast SEO plugin v25.6 - https:\/\/yoast.com\/wordpress\/plugins\/seo\/ -->\n<title>\u00a1Incre\u00edble! 60% de los Espa\u00f1oles Sin Hijos Revelan que Deseaban Tenerlos - Diario 21<\/title>\n<meta name=\"robots\" content=\"index, follow, max-snippet:-1, max-image-preview:large, max-video-preview:-1\" \/>\n<link rel=\"canonical\" href=\"https:\/\/www.diario21.tv\/noticias\/increible-60-de-los-espanoles-sin-hijos-revelan-que-deseaban-tenerlos\/\" \/>\n<meta property=\"og:locale\" content=\"es_ES\" \/>\n<meta property=\"og:type\" content=\"article\" \/>\n<meta property=\"og:title\" content=\"\u00a1Incre\u00edble! 60% de los Espa\u00f1oles Sin Hijos Revelan que Deseaban Tenerlos - Diario 21\" \/>\n<meta property=\"og:description\" content=\"El deseo de la prole en la poblaci\u00f3n espa\u00f1ola sin hijos Aproximadamente el sesenta por ciento de los espa\u00f1oles que no tienen hijos han declarado que ... Seguir leyendo &rarr;\" \/>\n<meta property=\"og:url\" content=\"https:\/\/www.diario21.tv\/noticias\/increible-60-de-los-espanoles-sin-hijos-revelan-que-deseaban-tenerlos\/\" \/>\n<meta property=\"og:site_name\" content=\"Diario 21\" \/>\n<meta property=\"article:published_time\" content=\"2024-10-12T16:09:06+00:00\" \/>\n<meta property=\"article:modified_time\" content=\"2024-10-14T09:44:54+00:00\" \/>\n<meta property=\"og:image\" content=\"https:\/\/www.diario21.tv\/noticias\/wp-content\/uploads\/2024\/10\/\u00a1Increible-60-de-los-Espanoles-Sin-Hijos-Revelan-que-Deseaban.jpg\" \/>\n\t<meta property=\"og:image:width\" content=\"1920\" \/>\n\t<meta property=\"og:image:height\" content=\"1080\" \/>\n\t<meta property=\"og:image:type\" content=\"image\/jpeg\" \/>\n<meta name=\"author\" content=\"Alejandro Torres\" \/>\n<meta name=\"twitter:card\" content=\"summary_large_image\" \/>\n<meta name=\"twitter:label1\" content=\"Escrito por\" \/>\n\t<meta name=\"twitter:data1\" content=\"Alejandro Torres\" \/>\n\t<meta name=\"twitter:label2\" content=\"Tiempo de lectura\" \/>\n\t<meta name=\"twitter:data2\" content=\"2 minutos\" \/>\n<script type=\"application\/ld+json\" class=\"yoast-schema-graph\">{\"@context\":\"https:\/\/schema.org\",\"@graph\":[{\"@type\":\"WebPage\",\"@id\":\"https:\/\/www.diario21.tv\/noticias\/increible-60-de-los-espanoles-sin-hijos-revelan-que-deseaban-tenerlos\/\",\"url\":\"https:\/\/www.diario21.tv\/noticias\/increible-60-de-los-espanoles-sin-hijos-revelan-que-deseaban-tenerlos\/\",\"name\":\"\u00a1Incre\u00edble! 60% de los Espa\u00f1oles Sin Hijos Revelan que Deseaban Tenerlos - Diario 21\",\"isPartOf\":{\"@id\":\"https:\/\/www.diario21.tv\/noticias\/#website\"},\"primaryImageOfPage\":{\"@id\":\"https:\/\/www.diario21.tv\/noticias\/increible-60-de-los-espanoles-sin-hijos-revelan-que-deseaban-tenerlos\/#primaryimage\"},\"image\":{\"@id\":\"https:\/\/www.diario21.tv\/noticias\/increible-60-de-los-espanoles-sin-hijos-revelan-que-deseaban-tenerlos\/#primaryimage\"},\"thumbnailUrl\":\"https:\/\/www.diario21.tv\/noticias\/wp-content\/uploads\/2024\/10\/\u00a1Increible-60-de-los-Espanoles-Sin-Hijos-Revelan-que-Deseaban.jpg\",\"datePublished\":\"2024-10-12T16:09:06+00:00\",\"dateModified\":\"2024-10-14T09:44:54+00:00\",\"author\":{\"@id\":\"https:\/\/www.diario21.tv\/noticias\/#\/schema\/person\/8885ff4fbd2e0d23a76e54aa20d5b2aa\"},\"breadcrumb\":{\"@id\":\"https:\/\/www.diario21.tv\/noticias\/increible-60-de-los-espanoles-sin-hijos-revelan-que-deseaban-tenerlos\/#breadcrumb\"},\"inLanguage\":\"es-AR\",\"potentialAction\":[{\"@type\":\"ReadAction\",\"target\":[\"https:\/\/www.diario21.tv\/noticias\/increible-60-de-los-espanoles-sin-hijos-revelan-que-deseaban-tenerlos\/\"]}]},{\"@type\":\"ImageObject\",\"inLanguage\":\"es-AR\",\"@id\":\"https:\/\/www.diario21.tv\/noticias\/increible-60-de-los-espanoles-sin-hijos-revelan-que-deseaban-tenerlos\/#primaryimage\",\"url\":\"https:\/\/www.diario21.tv\/noticias\/wp-content\/uploads\/2024\/10\/\u00a1Increible-60-de-los-Espanoles-Sin-Hijos-Revelan-que-Deseaban.jpg\",\"contentUrl\":\"https:\/\/www.diario21.tv\/noticias\/wp-content\/uploads\/2024\/10\/\u00a1Increible-60-de-los-Espanoles-Sin-Hijos-Revelan-que-Deseaban.jpg\",\"width\":1920,\"height\":1080,\"caption\":\"Seis de cada diez espa\u00f1oles sin hijos afirman que les hubiera gustado tenerlos\"},{\"@type\":\"BreadcrumbList\",\"@id\":\"https:\/\/www.diario21.tv\/noticias\/increible-60-de-los-espanoles-sin-hijos-revelan-que-deseaban-tenerlos\/#breadcrumb\",\"itemListElement\":[{\"@type\":\"ListItem\",\"position\":1,\"name\":\"Accueil\",\"item\":\"https:\/\/www.diario21.tv\/noticias\/\"},{\"@type\":\"ListItem\",\"position\":2,\"name\":\"\u00a1Incre\u00edble! 60% de los Espa\u00f1oles Sin Hijos Revelan que Deseaban Tenerlos\"}]},{\"@type\":\"WebSite\",\"@id\":\"https:\/\/www.diario21.tv\/noticias\/#website\",\"url\":\"https:\/\/www.diario21.tv\/noticias\/\",\"name\":\"Diario 21\",\"description\":\"\",\"potentialAction\":[{\"@type\":\"SearchAction\",\"target\":{\"@type\":\"EntryPoint\",\"urlTemplate\":\"https:\/\/www.diario21.tv\/noticias\/?s={search_term_string}\"},\"query-input\":{\"@type\":\"PropertyValueSpecification\",\"valueRequired\":true,\"valueName\":\"search_term_string\"}}],\"inLanguage\":\"es-AR\"},{\"@type\":\"Person\",\"@id\":\"https:\/\/www.diario21.tv\/noticias\/#\/schema\/person\/8885ff4fbd2e0d23a76e54aa20d5b2aa\",\"name\":\"Alejandro Torres\",\"image\":{\"@type\":\"ImageObject\",\"inLanguage\":\"es-AR\",\"@id\":\"https:\/\/www.diario21.tv\/noticias\/#\/schema\/person\/image\/\",\"url\":\"https:\/\/secure.gravatar.com\/avatar\/4e373d3479c57ab0a2c5fff1fff7348a?s=96&d=mm&r=g\",\"contentUrl\":\"https:\/\/secure.gravatar.com\/avatar\/4e373d3479c57ab0a2c5fff1fff7348a?s=96&d=mm&r=g\",\"caption\":\"Alejandro Torres\"},\"description\":\"Alejandro Torres es el corresponsal de tecnolog\u00eda en Diario 21. Apasionado por la innovaci\u00f3n y las tendencias digitales, Alejandro ofrece a nuestros lectores an\u00e1lisis profundos sobre el impacto de la tecnolog\u00eda en la vida cotidiana.\",\"sameAs\":[\"https:\/\/www.diario21.tv\/noticias\/\"],\"url\":\"https:\/\/www.diario21.tv\/noticias\/author\/alejandro-torres\/\"}]}<\/script>\n<!-- \/ Yoast SEO plugin. -->","yoast_head_json":{"title":"\u00a1Incre\u00edble! 60% de los Espa\u00f1oles Sin Hijos Revelan que Deseaban Tenerlos - Diario 21","robots":{"index":"index","follow":"follow","max-snippet":"max-snippet:-1","max-image-preview":"max-image-preview:large","max-video-preview":"max-video-preview:-1"},"canonical":"https:\/\/www.diario21.tv\/noticias\/increible-60-de-los-espanoles-sin-hijos-revelan-que-deseaban-tenerlos\/","og_locale":"es_ES","og_type":"article","og_title":"\u00a1Incre\u00edble! 60% de los Espa\u00f1oles Sin Hijos Revelan que Deseaban Tenerlos - Diario 21","og_description":"El deseo de la prole en la poblaci\u00f3n espa\u00f1ola sin hijos Aproximadamente el sesenta por ciento de los espa\u00f1oles que no tienen hijos han declarado que ... Seguir leyendo &rarr;","og_url":"https:\/\/www.diario21.tv\/noticias\/increible-60-de-los-espanoles-sin-hijos-revelan-que-deseaban-tenerlos\/","og_site_name":"Diario 21","article_published_time":"2024-10-12T16:09:06+00:00","article_modified_time":"2024-10-14T09:44:54+00:00","og_image":[{"width":1920,"height":1080,"url":"https:\/\/www.diario21.tv\/noticias\/wp-content\/uploads\/2024\/10\/\u00a1Increible-60-de-los-Espanoles-Sin-Hijos-Revelan-que-Deseaban.jpg","type":"image\/jpeg"}],"author":"Alejandro Torres","twitter_card":"summary_large_image","twitter_misc":{"Escrito por":"Alejandro Torres","Tiempo de lectura":"2 minutos"},"schema":{"@context":"https:\/\/schema.org","@graph":[{"@type":"WebPage","@id":"https:\/\/www.diario21.tv\/noticias\/increible-60-de-los-espanoles-sin-hijos-revelan-que-deseaban-tenerlos\/","url":"https:\/\/www.diario21.tv\/noticias\/increible-60-de-los-espanoles-sin-hijos-revelan-que-deseaban-tenerlos\/","name":"\u00a1Incre\u00edble! 60% de los Espa\u00f1oles Sin Hijos Revelan que Deseaban Tenerlos - Diario 21","isPartOf":{"@id":"https:\/\/www.diario21.tv\/noticias\/#website"},"primaryImageOfPage":{"@id":"https:\/\/www.diario21.tv\/noticias\/increible-60-de-los-espanoles-sin-hijos-revelan-que-deseaban-tenerlos\/#primaryimage"},"image":{"@id":"https:\/\/www.diario21.tv\/noticias\/increible-60-de-los-espanoles-sin-hijos-revelan-que-deseaban-tenerlos\/#primaryimage"},"thumbnailUrl":"https:\/\/www.diario21.tv\/noticias\/wp-content\/uploads\/2024\/10\/\u00a1Increible-60-de-los-Espanoles-Sin-Hijos-Revelan-que-Deseaban.jpg","datePublished":"2024-10-12T16:09:06+00:00","dateModified":"2024-10-14T09:44:54+00:00","author":{"@id":"https:\/\/www.diario21.tv\/noticias\/#\/schema\/person\/8885ff4fbd2e0d23a76e54aa20d5b2aa"},"breadcrumb":{"@id":"https:\/\/www.diario21.tv\/noticias\/increible-60-de-los-espanoles-sin-hijos-revelan-que-deseaban-tenerlos\/#breadcrumb"},"inLanguage":"es-AR","potentialAction":[{"@type":"ReadAction","target":["https:\/\/www.diario21.tv\/noticias\/increible-60-de-los-espanoles-sin-hijos-revelan-que-deseaban-tenerlos\/"]}]},{"@type":"ImageObject","inLanguage":"es-AR","@id":"https:\/\/www.diario21.tv\/noticias\/increible-60-de-los-espanoles-sin-hijos-revelan-que-deseaban-tenerlos\/#primaryimage","url":"https:\/\/www.diario21.tv\/noticias\/wp-content\/uploads\/2024\/10\/\u00a1Increible-60-de-los-Espanoles-Sin-Hijos-Revelan-que-Deseaban.jpg","contentUrl":"https:\/\/www.diario21.tv\/noticias\/wp-content\/uploads\/2024\/10\/\u00a1Increible-60-de-los-Espanoles-Sin-Hijos-Revelan-que-Deseaban.jpg","width":1920,"height":1080,"caption":"Seis de cada diez espa\u00f1oles sin hijos afirman que les hubiera gustado tenerlos"},{"@type":"BreadcrumbList","@id":"https:\/\/www.diario21.tv\/noticias\/increible-60-de-los-espanoles-sin-hijos-revelan-que-deseaban-tenerlos\/#breadcrumb","itemListElement":[{"@type":"ListItem","position":1,"name":"Accueil","item":"https:\/\/www.diario21.tv\/noticias\/"},{"@type":"ListItem","position":2,"name":"\u00a1Incre\u00edble! 60% de los Espa\u00f1oles Sin Hijos Revelan que Deseaban Tenerlos"}]},{"@type":"WebSite","@id":"https:\/\/www.diario21.tv\/noticias\/#website","url":"https:\/\/www.diario21.tv\/noticias\/","name":"Diario 21","description":"","potentialAction":[{"@type":"SearchAction","target":{"@type":"EntryPoint","urlTemplate":"https:\/\/www.diario21.tv\/noticias\/?s={search_term_string}"},"query-input":{"@type":"PropertyValueSpecification","valueRequired":true,"valueName":"search_term_string"}}],"inLanguage":"es-AR"},{"@type":"Person","@id":"https:\/\/www.diario21.tv\/noticias\/#\/schema\/person\/8885ff4fbd2e0d23a76e54aa20d5b2aa","name":"Alejandro Torres","image":{"@type":"ImageObject","inLanguage":"es-AR","@id":"https:\/\/www.diario21.tv\/noticias\/#\/schema\/person\/image\/","url":"https:\/\/secure.gravatar.com\/avatar\/4e373d3479c57ab0a2c5fff1fff7348a?s=96&d=mm&r=g","contentUrl":"https:\/\/secure.gravatar.com\/avatar\/4e373d3479c57ab0a2c5fff1fff7348a?s=96&d=mm&r=g","caption":"Alejandro Torres"},"description":"Alejandro Torres es el corresponsal de tecnolog\u00eda en Diario 21. Apasionado por la innovaci\u00f3n y las tendencias digitales, Alejandro ofrece a nuestros lectores an\u00e1lisis profundos sobre el impacto de la tecnolog\u00eda en la vida cotidiana.","sameAs":["https:\/\/www.diario21.tv\/noticias\/"],"url":"https:\/\/www.diario21.tv\/noticias\/author\/alejandro-torres\/"}]}},"_links":{"self":[{"href":"https:\/\/www.diario21.tv\/noticias\/wp-json\/wp\/v2\/posts\/774"}],"collection":[{"href":"https:\/\/www.diario21.tv\/noticias\/wp-json\/wp\/v2\/posts"}],"about":[{"href":"https:\/\/www.diario21.tv\/noticias\/wp-json\/wp\/v2\/types\/post"}],"author":[{"embeddable":true,"href":"https:\/\/www.diario21.tv\/noticias\/wp-json\/wp\/v2\/users\/18"}],"replies":[{"embeddable":true,"href":"https:\/\/www.diario21.tv\/noticias\/wp-json\/wp\/v2\/comments?post=774"}],"version-history":[{"count":1,"href":"https:\/\/www.diario21.tv\/noticias\/wp-json\/wp\/v2\/posts\/774\/revisions"}],"predecessor-version":[{"id":776,"href":"https:\/\/www.diario21.tv\/noticias\/wp-json\/wp\/v2\/posts\/774\/revisions\/776"}],"wp:featuredmedia":[{"embeddable":true,"href":"https:\/\/www.diario21.tv\/noticias\/wp-json\/wp\/v2\/media\/775"}],"wp:attachment":[{"href":"https:\/\/www.diario21.tv\/noticias\/wp-json\/wp\/v2\/media?parent=774"}],"wp:term":[{"taxonomy":"category","embeddable":true,"href":"https:\/\/www.diario21.tv\/noticias\/wp-json\/wp\/v2\/categories?post=774"},{"taxonomy":"post_tag","embeddable":true,"href":"https:\/\/www.diario21.tv\/noticias\/wp-json\/wp\/v2\/tags?post=774"}],"curies":[{"name":"wp","href":"https:\/\/api.w.org\/{rel}","templated":true}]}}