{"id":771,"date":"2024-10-12T08:07:17","date_gmt":"2024-10-12T08:07:17","guid":{"rendered":"https:\/\/www.diario21.tv\/noticias\/impactante-barco-cae-sobre-trabajador-en-murcia-y-lo-mata-detalles-escalofriantes\/"},"modified":"2024-10-14T09:44:54","modified_gmt":"2024-10-14T09:44:54","slug":"impactante-barco-cae-sobre-trabajador-en-murcia-y-lo-mata-detalles-escalofriantes","status":"publish","type":"post","link":"https:\/\/www.diario21.tv\/noticias\/impactante-barco-cae-sobre-trabajador-en-murcia-y-lo-mata-detalles-escalofriantes\/","title":{"rendered":"\u00a1Impactante! Barco cae sobre trabajador en Murcia y lo mata &#8211; Detalles escalofriantes"},"content":{"rendered":"<h2>Fallece un empleado tras ser aplastado por un barco en Murcia<\/h2>\n<p>Un lamentable incidente ha ocurrido en Murcia, donde un hombre ha perdido la vida en su lugar de trabajo tras ser aplastado por un barco. Este suceso tr\u00e1gico ha impactado a la comunidad, poniendo de manifiesto la importancia de la seguridad en el lugar de trabajo.<\/p>\n<h3>Detalles del incidente<\/h3>\n<p>El hombre, cuyo nombre no se ha revelado por respeto a su familia, trabajaba en el puerto de Murcia. Durante su jornada laboral, un barco cay\u00f3 sobre \u00e9l, caus\u00e1ndole lesiones fatales. Los equipos de emergencia fueron r\u00e1pidamente llamados al lugar, pero desafortunadamente no pudieron hacer nada para salvar su vida debido a la gravedad de sus heridas.<\/p>\n<h3>Investigaci\u00f3n en curso<\/h3>\n<p>Las autoridades han iniciado una investigaci\u00f3n para determinar las circunstancias exactas del incidente. Se est\u00e1n llevando a cabo entrevistas con testigos y se est\u00e1n revisando las c\u00e1maras de seguridad en un intento de reconstruir los eventos que llevaron a la tr\u00e1gica muerte de este trabajador.<\/p>\n<h3>Reacciones y condolencias<\/h3>\n<p>Este suceso ha conmocionado a la comunidad de Murcia y ha generado una oleada de condolencias para la familia del fallecido. Muchos han expresado su preocupaci\u00f3n por la seguridad en el lugar de trabajo y han pedido que se tomen medidas para prevenir incidentes similares en el futuro.<\/p>\n<p>En resumen, un tr\u00e1gico accidente laboral ha ocurrido en Murcia, donde un hombre ha perdido la vida despu\u00e9s de que un barco cayera sobre \u00e9l. La investigaci\u00f3n est\u00e1 en curso para determinar exactamente c\u00f3mo sucedi\u00f3 este incidente. Mientras tanto, la comunidad ha enviado sus condolencias a la familia del fallecido y ha pedido una mayor atenci\u00f3n a la seguridad en el lugar de trabajo.<\/p>\n\n\n<div class=\"kk-star-ratings kksr-auto kksr-align-left kksr-valign-bottom\"\n    data-payload='{&quot;align&quot;:&quot;left&quot;,&quot;id&quot;:&quot;771&quot;,&quot;slug&quot;:&quot;default&quot;,&quot;valign&quot;:&quot;bottom&quot;,&quot;ignore&quot;:&quot;&quot;,&quot;reference&quot;:&quot;auto&quot;,&quot;class&quot;:&quot;&quot;,&quot;count&quot;:&quot;0&quot;,&quot;legendonly&quot;:&quot;&quot;,&quot;readonly&quot;:&quot;&quot;,&quot;score&quot;:&quot;0&quot;,&quot;starsonly&quot;:&quot;&quot;,&quot;best&quot;:&quot;5&quot;,&quot;gap&quot;:&quot;5&quot;,&quot;greet&quot;:&quot;Valora este post&quot;,&quot;legend&quot;:&quot;0\\\/5 - (0 votes)&quot;,&quot;size&quot;:&quot;22&quot;,&quot;title&quot;:&quot;\u00a1Impactante! Barco cae sobre trabajador en Murcia y lo mata - Detalles escalofriantes&quot;,&quot;width&quot;:&quot;0&quot;,&quot;_legend&quot;:&quot;{score}\\\/{best} - ({count} {votes})&quot;,&quot;font_factor&quot;:&quot;1.25&quot;}'>\n            \n<div class=\"kksr-stars\">\n    \n<div class=\"kksr-stars-inactive\">\n            <div class=\"kksr-star\" data-star=\"1\" style=\"padding-right: 5px\">\n            \n\n<div class=\"kksr-icon\" style=\"width: 22px; height: 22px;\"><\/div>\n        <\/div>\n            <div class=\"kksr-star\" data-star=\"2\" style=\"padding-right: 5px\">\n            \n\n<div class=\"kksr-icon\" style=\"width: 22px; height: 22px;\"><\/div>\n        <\/div>\n            <div class=\"kksr-star\" data-star=\"3\" style=\"padding-right: 5px\">\n            \n\n<div class=\"kksr-icon\" style=\"width: 22px; height: 22px;\"><\/div>\n        <\/div>\n            <div class=\"kksr-star\" data-star=\"4\" style=\"padding-right: 5px\">\n            \n\n<div class=\"kksr-icon\" style=\"width: 22px; height: 22px;\"><\/div>\n        <\/div>\n            <div class=\"kksr-star\" data-star=\"5\" style=\"padding-right: 5px\">\n            \n\n<div class=\"kksr-icon\" style=\"width: 22px; height: 22px;\"><\/div>\n        <\/div>\n    <\/div>\n    \n<div class=\"kksr-stars-active\" style=\"width: 0px;\">\n            <div class=\"kksr-star\" style=\"padding-right: 5px\">\n            \n\n<div class=\"kksr-icon\" style=\"width: 22px; height: 22px;\"><\/div>\n        <\/div>\n            <div class=\"kksr-star\" style=\"padding-right: 5px\">\n            \n\n<div class=\"kksr-icon\" style=\"width: 22px; height: 22px;\"><\/div>\n        <\/div>\n            <div class=\"kksr-star\" style=\"padding-right: 5px\">\n            \n\n<div class=\"kksr-icon\" style=\"width: 22px; height: 22px;\"><\/div>\n        <\/div>\n            <div class=\"kksr-star\" style=\"padding-right: 5px\">\n            \n\n<div class=\"kksr-icon\" style=\"width: 22px; height: 22px;\"><\/div>\n        <\/div>\n            <div class=\"kksr-star\" style=\"padding-right: 5px\">\n            \n\n<div class=\"kksr-icon\" style=\"width: 22px; height: 22px;\"><\/div>\n        <\/div>\n    <\/div>\n<\/div>\n                \n\n<div class=\"kksr-legend\" style=\"font-size: 17.6px;\">\n            <span class=\"kksr-muted\">Valora este post<\/span>\n    <\/div>\n    <\/div>\n","protected":false},"excerpt":{"rendered":"<p>Fallece un empleado tras ser aplastado por un barco en Murcia Un lamentable incidente ha ocurrido en Murcia, donde un hombre ha perdido la vida en &#8230; <a title=\"\u00a1Impactante! Barco cae sobre trabajador en Murcia y lo mata &#8211; Detalles escalofriantes\" class=\"read-more\" href=\"https:\/\/www.diario21.tv\/noticias\/impactante-barco-cae-sobre-trabajador-en-murcia-y-lo-mata-detalles-escalofriantes\/\" aria-label=\"Leer m\u00e1s sobre \u00a1Impactante! Barco cae sobre trabajador en Murcia y lo mata &#8211; Detalles escalofriantes\">Seguir leyendo &rarr;<\/a><\/p>\n","protected":false},"author":18,"featured_media":772,"comment_status":"open","ping_status":"open","sticky":false,"template":"","format":"standard","meta":{"footnotes":""},"categories":[13],"tags":[],"class_list":["post-771","post","type-post","status-publish","format-standard","has-post-thumbnail","hentry","category-portada"],"yoast_head":"<!-- This site is optimized with the Yoast SEO plugin v25.6 - https:\/\/yoast.com\/wordpress\/plugins\/seo\/ -->\n<title>\u00a1Impactante! Barco cae sobre trabajador en Murcia y lo mata - Detalles escalofriantes - Diario 21<\/title>\n<meta name=\"robots\" content=\"index, follow, max-snippet:-1, max-image-preview:large, max-video-preview:-1\" \/>\n<link rel=\"canonical\" href=\"https:\/\/www.diario21.tv\/noticias\/impactante-barco-cae-sobre-trabajador-en-murcia-y-lo-mata-detalles-escalofriantes\/\" \/>\n<meta property=\"og:locale\" content=\"es_ES\" \/>\n<meta property=\"og:type\" content=\"article\" \/>\n<meta property=\"og:title\" content=\"\u00a1Impactante! Barco cae sobre trabajador en Murcia y lo mata - Detalles escalofriantes - Diario 21\" \/>\n<meta property=\"og:description\" content=\"Fallece un empleado tras ser aplastado por un barco en Murcia Un lamentable incidente ha ocurrido en Murcia, donde un hombre ha perdido la vida en ... Seguir leyendo &rarr;\" \/>\n<meta property=\"og:url\" content=\"https:\/\/www.diario21.tv\/noticias\/impactante-barco-cae-sobre-trabajador-en-murcia-y-lo-mata-detalles-escalofriantes\/\" \/>\n<meta property=\"og:site_name\" content=\"Diario 21\" \/>\n<meta property=\"article:published_time\" content=\"2024-10-12T08:07:17+00:00\" \/>\n<meta property=\"article:modified_time\" content=\"2024-10-14T09:44:54+00:00\" \/>\n<meta property=\"og:image\" content=\"https:\/\/www.diario21.tv\/noticias\/wp-content\/uploads\/2024\/10\/\u00a1Impactante-Barco-cae-sobre-trabajador-en-Murcia-y-lo-mata.jpg\" \/>\n\t<meta property=\"og:image:width\" content=\"1920\" \/>\n\t<meta property=\"og:image:height\" content=\"1080\" \/>\n\t<meta property=\"og:image:type\" content=\"image\/jpeg\" \/>\n<meta name=\"author\" content=\"Alejandro Torres\" \/>\n<meta name=\"twitter:card\" content=\"summary_large_image\" \/>\n<meta name=\"twitter:label1\" content=\"Escrito por\" \/>\n\t<meta name=\"twitter:data1\" content=\"Alejandro Torres\" \/>\n\t<meta name=\"twitter:label2\" content=\"Tiempo de lectura\" \/>\n\t<meta name=\"twitter:data2\" content=\"1 minuto\" \/>\n<script type=\"application\/ld+json\" class=\"yoast-schema-graph\">{\"@context\":\"https:\/\/schema.org\",\"@graph\":[{\"@type\":\"WebPage\",\"@id\":\"https:\/\/www.diario21.tv\/noticias\/impactante-barco-cae-sobre-trabajador-en-murcia-y-lo-mata-detalles-escalofriantes\/\",\"url\":\"https:\/\/www.diario21.tv\/noticias\/impactante-barco-cae-sobre-trabajador-en-murcia-y-lo-mata-detalles-escalofriantes\/\",\"name\":\"\u00a1Impactante! Barco cae sobre trabajador en Murcia y lo mata - Detalles escalofriantes - Diario 21\",\"isPartOf\":{\"@id\":\"https:\/\/www.diario21.tv\/noticias\/#website\"},\"primaryImageOfPage\":{\"@id\":\"https:\/\/www.diario21.tv\/noticias\/impactante-barco-cae-sobre-trabajador-en-murcia-y-lo-mata-detalles-escalofriantes\/#primaryimage\"},\"image\":{\"@id\":\"https:\/\/www.diario21.tv\/noticias\/impactante-barco-cae-sobre-trabajador-en-murcia-y-lo-mata-detalles-escalofriantes\/#primaryimage\"},\"thumbnailUrl\":\"https:\/\/www.diario21.tv\/noticias\/wp-content\/uploads\/2024\/10\/\u00a1Impactante-Barco-cae-sobre-trabajador-en-Murcia-y-lo-mata.jpg\",\"datePublished\":\"2024-10-12T08:07:17+00:00\",\"dateModified\":\"2024-10-14T09:44:54+00:00\",\"author\":{\"@id\":\"https:\/\/www.diario21.tv\/noticias\/#\/schema\/person\/8885ff4fbd2e0d23a76e54aa20d5b2aa\"},\"breadcrumb\":{\"@id\":\"https:\/\/www.diario21.tv\/noticias\/impactante-barco-cae-sobre-trabajador-en-murcia-y-lo-mata-detalles-escalofriantes\/#breadcrumb\"},\"inLanguage\":\"es-AR\",\"potentialAction\":[{\"@type\":\"ReadAction\",\"target\":[\"https:\/\/www.diario21.tv\/noticias\/impactante-barco-cae-sobre-trabajador-en-murcia-y-lo-mata-detalles-escalofriantes\/\"]}]},{\"@type\":\"ImageObject\",\"inLanguage\":\"es-AR\",\"@id\":\"https:\/\/www.diario21.tv\/noticias\/impactante-barco-cae-sobre-trabajador-en-murcia-y-lo-mata-detalles-escalofriantes\/#primaryimage\",\"url\":\"https:\/\/www.diario21.tv\/noticias\/wp-content\/uploads\/2024\/10\/\u00a1Impactante-Barco-cae-sobre-trabajador-en-Murcia-y-lo-mata.jpg\",\"contentUrl\":\"https:\/\/www.diario21.tv\/noticias\/wp-content\/uploads\/2024\/10\/\u00a1Impactante-Barco-cae-sobre-trabajador-en-Murcia-y-lo-mata.jpg\",\"width\":1920,\"height\":1080,\"caption\":\"Muere un trabajador al caerle encima un barco en Murcia\"},{\"@type\":\"BreadcrumbList\",\"@id\":\"https:\/\/www.diario21.tv\/noticias\/impactante-barco-cae-sobre-trabajador-en-murcia-y-lo-mata-detalles-escalofriantes\/#breadcrumb\",\"itemListElement\":[{\"@type\":\"ListItem\",\"position\":1,\"name\":\"Accueil\",\"item\":\"https:\/\/www.diario21.tv\/noticias\/\"},{\"@type\":\"ListItem\",\"position\":2,\"name\":\"\u00a1Impactante! Barco cae sobre trabajador en Murcia y lo mata &#8211; Detalles escalofriantes\"}]},{\"@type\":\"WebSite\",\"@id\":\"https:\/\/www.diario21.tv\/noticias\/#website\",\"url\":\"https:\/\/www.diario21.tv\/noticias\/\",\"name\":\"Diario 21\",\"description\":\"\",\"potentialAction\":[{\"@type\":\"SearchAction\",\"target\":{\"@type\":\"EntryPoint\",\"urlTemplate\":\"https:\/\/www.diario21.tv\/noticias\/?s={search_term_string}\"},\"query-input\":{\"@type\":\"PropertyValueSpecification\",\"valueRequired\":true,\"valueName\":\"search_term_string\"}}],\"inLanguage\":\"es-AR\"},{\"@type\":\"Person\",\"@id\":\"https:\/\/www.diario21.tv\/noticias\/#\/schema\/person\/8885ff4fbd2e0d23a76e54aa20d5b2aa\",\"name\":\"Alejandro Torres\",\"image\":{\"@type\":\"ImageObject\",\"inLanguage\":\"es-AR\",\"@id\":\"https:\/\/www.diario21.tv\/noticias\/#\/schema\/person\/image\/\",\"url\":\"https:\/\/secure.gravatar.com\/avatar\/4e373d3479c57ab0a2c5fff1fff7348a?s=96&d=mm&r=g\",\"contentUrl\":\"https:\/\/secure.gravatar.com\/avatar\/4e373d3479c57ab0a2c5fff1fff7348a?s=96&d=mm&r=g\",\"caption\":\"Alejandro Torres\"},\"description\":\"Alejandro Torres es el corresponsal de tecnolog\u00eda en Diario 21. Apasionado por la innovaci\u00f3n y las tendencias digitales, Alejandro ofrece a nuestros lectores an\u00e1lisis profundos sobre el impacto de la tecnolog\u00eda en la vida cotidiana.\",\"sameAs\":[\"https:\/\/www.diario21.tv\/noticias\/\"],\"url\":\"https:\/\/www.diario21.tv\/noticias\/author\/alejandro-torres\/\"}]}<\/script>\n<!-- \/ Yoast SEO plugin. -->","yoast_head_json":{"title":"\u00a1Impactante! Barco cae sobre trabajador en Murcia y lo mata - Detalles escalofriantes - Diario 21","robots":{"index":"index","follow":"follow","max-snippet":"max-snippet:-1","max-image-preview":"max-image-preview:large","max-video-preview":"max-video-preview:-1"},"canonical":"https:\/\/www.diario21.tv\/noticias\/impactante-barco-cae-sobre-trabajador-en-murcia-y-lo-mata-detalles-escalofriantes\/","og_locale":"es_ES","og_type":"article","og_title":"\u00a1Impactante! Barco cae sobre trabajador en Murcia y lo mata - Detalles escalofriantes - Diario 21","og_description":"Fallece un empleado tras ser aplastado por un barco en Murcia Un lamentable incidente ha ocurrido en Murcia, donde un hombre ha perdido la vida en ... Seguir leyendo &rarr;","og_url":"https:\/\/www.diario21.tv\/noticias\/impactante-barco-cae-sobre-trabajador-en-murcia-y-lo-mata-detalles-escalofriantes\/","og_site_name":"Diario 21","article_published_time":"2024-10-12T08:07:17+00:00","article_modified_time":"2024-10-14T09:44:54+00:00","og_image":[{"width":1920,"height":1080,"url":"https:\/\/www.diario21.tv\/noticias\/wp-content\/uploads\/2024\/10\/\u00a1Impactante-Barco-cae-sobre-trabajador-en-Murcia-y-lo-mata.jpg","type":"image\/jpeg"}],"author":"Alejandro Torres","twitter_card":"summary_large_image","twitter_misc":{"Escrito por":"Alejandro Torres","Tiempo de lectura":"1 minuto"},"schema":{"@context":"https:\/\/schema.org","@graph":[{"@type":"WebPage","@id":"https:\/\/www.diario21.tv\/noticias\/impactante-barco-cae-sobre-trabajador-en-murcia-y-lo-mata-detalles-escalofriantes\/","url":"https:\/\/www.diario21.tv\/noticias\/impactante-barco-cae-sobre-trabajador-en-murcia-y-lo-mata-detalles-escalofriantes\/","name":"\u00a1Impactante! Barco cae sobre trabajador en Murcia y lo mata - Detalles escalofriantes - Diario 21","isPartOf":{"@id":"https:\/\/www.diario21.tv\/noticias\/#website"},"primaryImageOfPage":{"@id":"https:\/\/www.diario21.tv\/noticias\/impactante-barco-cae-sobre-trabajador-en-murcia-y-lo-mata-detalles-escalofriantes\/#primaryimage"},"image":{"@id":"https:\/\/www.diario21.tv\/noticias\/impactante-barco-cae-sobre-trabajador-en-murcia-y-lo-mata-detalles-escalofriantes\/#primaryimage"},"thumbnailUrl":"https:\/\/www.diario21.tv\/noticias\/wp-content\/uploads\/2024\/10\/\u00a1Impactante-Barco-cae-sobre-trabajador-en-Murcia-y-lo-mata.jpg","datePublished":"2024-10-12T08:07:17+00:00","dateModified":"2024-10-14T09:44:54+00:00","author":{"@id":"https:\/\/www.diario21.tv\/noticias\/#\/schema\/person\/8885ff4fbd2e0d23a76e54aa20d5b2aa"},"breadcrumb":{"@id":"https:\/\/www.diario21.tv\/noticias\/impactante-barco-cae-sobre-trabajador-en-murcia-y-lo-mata-detalles-escalofriantes\/#breadcrumb"},"inLanguage":"es-AR","potentialAction":[{"@type":"ReadAction","target":["https:\/\/www.diario21.tv\/noticias\/impactante-barco-cae-sobre-trabajador-en-murcia-y-lo-mata-detalles-escalofriantes\/"]}]},{"@type":"ImageObject","inLanguage":"es-AR","@id":"https:\/\/www.diario21.tv\/noticias\/impactante-barco-cae-sobre-trabajador-en-murcia-y-lo-mata-detalles-escalofriantes\/#primaryimage","url":"https:\/\/www.diario21.tv\/noticias\/wp-content\/uploads\/2024\/10\/\u00a1Impactante-Barco-cae-sobre-trabajador-en-Murcia-y-lo-mata.jpg","contentUrl":"https:\/\/www.diario21.tv\/noticias\/wp-content\/uploads\/2024\/10\/\u00a1Impactante-Barco-cae-sobre-trabajador-en-Murcia-y-lo-mata.jpg","width":1920,"height":1080,"caption":"Muere un trabajador al caerle encima un barco en Murcia"},{"@type":"BreadcrumbList","@id":"https:\/\/www.diario21.tv\/noticias\/impactante-barco-cae-sobre-trabajador-en-murcia-y-lo-mata-detalles-escalofriantes\/#breadcrumb","itemListElement":[{"@type":"ListItem","position":1,"name":"Accueil","item":"https:\/\/www.diario21.tv\/noticias\/"},{"@type":"ListItem","position":2,"name":"\u00a1Impactante! Barco cae sobre trabajador en Murcia y lo mata &#8211; Detalles escalofriantes"}]},{"@type":"WebSite","@id":"https:\/\/www.diario21.tv\/noticias\/#website","url":"https:\/\/www.diario21.tv\/noticias\/","name":"Diario 21","description":"","potentialAction":[{"@type":"SearchAction","target":{"@type":"EntryPoint","urlTemplate":"https:\/\/www.diario21.tv\/noticias\/?s={search_term_string}"},"query-input":{"@type":"PropertyValueSpecification","valueRequired":true,"valueName":"search_term_string"}}],"inLanguage":"es-AR"},{"@type":"Person","@id":"https:\/\/www.diario21.tv\/noticias\/#\/schema\/person\/8885ff4fbd2e0d23a76e54aa20d5b2aa","name":"Alejandro Torres","image":{"@type":"ImageObject","inLanguage":"es-AR","@id":"https:\/\/www.diario21.tv\/noticias\/#\/schema\/person\/image\/","url":"https:\/\/secure.gravatar.com\/avatar\/4e373d3479c57ab0a2c5fff1fff7348a?s=96&d=mm&r=g","contentUrl":"https:\/\/secure.gravatar.com\/avatar\/4e373d3479c57ab0a2c5fff1fff7348a?s=96&d=mm&r=g","caption":"Alejandro Torres"},"description":"Alejandro Torres es el corresponsal de tecnolog\u00eda en Diario 21. Apasionado por la innovaci\u00f3n y las tendencias digitales, Alejandro ofrece a nuestros lectores an\u00e1lisis profundos sobre el impacto de la tecnolog\u00eda en la vida cotidiana.","sameAs":["https:\/\/www.diario21.tv\/noticias\/"],"url":"https:\/\/www.diario21.tv\/noticias\/author\/alejandro-torres\/"}]}},"_links":{"self":[{"href":"https:\/\/www.diario21.tv\/noticias\/wp-json\/wp\/v2\/posts\/771"}],"collection":[{"href":"https:\/\/www.diario21.tv\/noticias\/wp-json\/wp\/v2\/posts"}],"about":[{"href":"https:\/\/www.diario21.tv\/noticias\/wp-json\/wp\/v2\/types\/post"}],"author":[{"embeddable":true,"href":"https:\/\/www.diario21.tv\/noticias\/wp-json\/wp\/v2\/users\/18"}],"replies":[{"embeddable":true,"href":"https:\/\/www.diario21.tv\/noticias\/wp-json\/wp\/v2\/comments?post=771"}],"version-history":[{"count":1,"href":"https:\/\/www.diario21.tv\/noticias\/wp-json\/wp\/v2\/posts\/771\/revisions"}],"predecessor-version":[{"id":773,"href":"https:\/\/www.diario21.tv\/noticias\/wp-json\/wp\/v2\/posts\/771\/revisions\/773"}],"wp:featuredmedia":[{"embeddable":true,"href":"https:\/\/www.diario21.tv\/noticias\/wp-json\/wp\/v2\/media\/772"}],"wp:attachment":[{"href":"https:\/\/www.diario21.tv\/noticias\/wp-json\/wp\/v2\/media?parent=771"}],"wp:term":[{"taxonomy":"category","embeddable":true,"href":"https:\/\/www.diario21.tv\/noticias\/wp-json\/wp\/v2\/categories?post=771"},{"taxonomy":"post_tag","embeddable":true,"href":"https:\/\/www.diario21.tv\/noticias\/wp-json\/wp\/v2\/tags?post=771"}],"curies":[{"name":"wp","href":"https:\/\/api.w.org\/{rel}","templated":true}]}}