{"id":768,"date":"2024-10-12T00:00:27","date_gmt":"2024-10-12T00:00:27","guid":{"rendered":"https:\/\/www.diario21.tv\/noticias\/impactante-hombre-arrestado-en-barcelona-por-atacar-a-un-bebe-y-dos-hombres-debes-leerlo\/"},"modified":"2024-10-14T09:44:54","modified_gmt":"2024-10-14T09:44:54","slug":"impactante-hombre-arrestado-en-barcelona-por-atacar-a-un-bebe-y-dos-hombres-debes-leerlo","status":"publish","type":"post","link":"https:\/\/www.diario21.tv\/noticias\/impactante-hombre-arrestado-en-barcelona-por-atacar-a-un-bebe-y-dos-hombres-debes-leerlo\/","title":{"rendered":"\u00a1Impactante! Hombre arrestado en Barcelona por atacar a un beb\u00e9 y dos hombres! \u00a1Debes leerlo!"},"content":{"rendered":"<h2>Arrestado por atacar a una ni\u00f1a y dos hombres en Barcelona<\/h2>\n<p>En la ciudad de Barcelona, las autoridades han detenido a un individuo acusado de agredir a una peque\u00f1a y a dos varones. El suceso ha causado consternaci\u00f3n en la comunidad y ha generado un debate sobre la seguridad en las calles de la ciudad.<\/p>\n<h3>El incidente<\/h3>\n<p>Seg\u00fan la polic\u00eda, el sospechoso atac\u00f3 a una ni\u00f1a y a dos hombres en una calle de Barcelona. La peque\u00f1a y los dos hombres fueron trasladados al hospital para recibir tratamiento m\u00e9dico, aunque se desconoce su estado de salud actual. El agresor fue capturado por las autoridades poco despu\u00e9s del incidente.<\/p>\n<h3>La captura del agresor<\/h3>\n<p>El presunto agresor fue detenido por la polic\u00eda poco despu\u00e9s de la agresi\u00f3n. Seg\u00fan las autoridades, el individuo no opuso resistencia durante su detenci\u00f3n. El sospechoso est\u00e1 actualmente en custodia y a la espera de ser juzgado por sus actos.<\/p>\n<h3>La reacci\u00f3n de la comunidad<\/h3>\n<p>El incidente ha causado una gran conmoci\u00f3n en la comunidad de Barcelona. Los residentes de la ciudad est\u00e1n preocupados por la seguridad en las calles y han pedido a las autoridades que tomen medidas para prevenir este tipo de incidentes en el futuro.<\/p>\n<h3>Medidas de seguridad<\/h3>\n<p>En respuesta a las preocupaciones de la comunidad, las autoridades de Barcelona han prometido tomar acciones para mejorar la seguridad en las calles de la ciudad. Aunque no se han especificado qu\u00e9 medidas se tomar\u00e1n, se espera que incluyan un aumento en la presencia policial y la instalaci\u00f3n de m\u00e1s c\u00e1maras de seguridad.<\/p>\n<h3>El proceso judicial<\/h3>\n<p>Mientras tanto, el presunto agresor se enfrenta a cargos graves por su supuesta agresi\u00f3n a la ni\u00f1a y a los dos hombres. Si es declarado culpable, podr\u00eda enfrentarse a una larga pena de prisi\u00f3n. El proceso judicial est\u00e1 en curso y el resultado depender\u00e1 de las pruebas presentadas y el veredicto del juez.<\/p>\n<p>En resumen, este incidente ha sacudido a la ciudad de Barcelona y ha llevado a las autoridades a prometer acciones para mejorar la seguridad en las calles. Mientras tanto, el presunto agresor se enfrenta a un proceso judicial y a la posibilidad de una larga condena si es declarado culpable.<\/p>\n\n\n<div class=\"kk-star-ratings kksr-auto kksr-align-left kksr-valign-bottom\"\n    data-payload='{&quot;align&quot;:&quot;left&quot;,&quot;id&quot;:&quot;768&quot;,&quot;slug&quot;:&quot;default&quot;,&quot;valign&quot;:&quot;bottom&quot;,&quot;ignore&quot;:&quot;&quot;,&quot;reference&quot;:&quot;auto&quot;,&quot;class&quot;:&quot;&quot;,&quot;count&quot;:&quot;0&quot;,&quot;legendonly&quot;:&quot;&quot;,&quot;readonly&quot;:&quot;&quot;,&quot;score&quot;:&quot;0&quot;,&quot;starsonly&quot;:&quot;&quot;,&quot;best&quot;:&quot;5&quot;,&quot;gap&quot;:&quot;5&quot;,&quot;greet&quot;:&quot;Valora este post&quot;,&quot;legend&quot;:&quot;0\\\/5 - (0 votes)&quot;,&quot;size&quot;:&quot;22&quot;,&quot;title&quot;:&quot;\u00a1Impactante! Hombre arrestado en Barcelona por atacar a un beb\u00e9 y dos hombres! \u00a1Debes leerlo!&quot;,&quot;width&quot;:&quot;0&quot;,&quot;_legend&quot;:&quot;{score}\\\/{best} - ({count} {votes})&quot;,&quot;font_factor&quot;:&quot;1.25&quot;}'>\n            \n<div class=\"kksr-stars\">\n    \n<div class=\"kksr-stars-inactive\">\n            <div class=\"kksr-star\" data-star=\"1\" style=\"padding-right: 5px\">\n            \n\n<div class=\"kksr-icon\" style=\"width: 22px; height: 22px;\"><\/div>\n        <\/div>\n            <div class=\"kksr-star\" data-star=\"2\" style=\"padding-right: 5px\">\n            \n\n<div class=\"kksr-icon\" style=\"width: 22px; height: 22px;\"><\/div>\n        <\/div>\n            <div class=\"kksr-star\" data-star=\"3\" style=\"padding-right: 5px\">\n            \n\n<div class=\"kksr-icon\" style=\"width: 22px; height: 22px;\"><\/div>\n        <\/div>\n            <div class=\"kksr-star\" data-star=\"4\" style=\"padding-right: 5px\">\n            \n\n<div class=\"kksr-icon\" style=\"width: 22px; height: 22px;\"><\/div>\n        <\/div>\n            <div class=\"kksr-star\" data-star=\"5\" style=\"padding-right: 5px\">\n            \n\n<div class=\"kksr-icon\" style=\"width: 22px; height: 22px;\"><\/div>\n        <\/div>\n    <\/div>\n    \n<div class=\"kksr-stars-active\" style=\"width: 0px;\">\n            <div class=\"kksr-star\" style=\"padding-right: 5px\">\n            \n\n<div class=\"kksr-icon\" style=\"width: 22px; height: 22px;\"><\/div>\n        <\/div>\n            <div class=\"kksr-star\" style=\"padding-right: 5px\">\n            \n\n<div class=\"kksr-icon\" style=\"width: 22px; height: 22px;\"><\/div>\n        <\/div>\n            <div class=\"kksr-star\" style=\"padding-right: 5px\">\n            \n\n<div class=\"kksr-icon\" style=\"width: 22px; height: 22px;\"><\/div>\n        <\/div>\n            <div class=\"kksr-star\" style=\"padding-right: 5px\">\n            \n\n<div class=\"kksr-icon\" style=\"width: 22px; height: 22px;\"><\/div>\n        <\/div>\n            <div class=\"kksr-star\" style=\"padding-right: 5px\">\n            \n\n<div class=\"kksr-icon\" style=\"width: 22px; height: 22px;\"><\/div>\n        <\/div>\n    <\/div>\n<\/div>\n                \n\n<div class=\"kksr-legend\" style=\"font-size: 17.6px;\">\n            <span class=\"kksr-muted\">Valora este post<\/span>\n    <\/div>\n    <\/div>\n","protected":false},"excerpt":{"rendered":"<p>Arrestado por atacar a una ni\u00f1a y dos hombres en Barcelona En la ciudad de Barcelona, las autoridades han detenido a un individuo acusado de agredir &#8230; <a title=\"\u00a1Impactante! Hombre arrestado en Barcelona por atacar a un beb\u00e9 y dos hombres! \u00a1Debes leerlo!\" class=\"read-more\" href=\"https:\/\/www.diario21.tv\/noticias\/impactante-hombre-arrestado-en-barcelona-por-atacar-a-un-bebe-y-dos-hombres-debes-leerlo\/\" aria-label=\"Leer m\u00e1s sobre \u00a1Impactante! Hombre arrestado en Barcelona por atacar a un beb\u00e9 y dos hombres! \u00a1Debes leerlo!\">Seguir leyendo &rarr;<\/a><\/p>\n","protected":false},"author":18,"featured_media":769,"comment_status":"open","ping_status":"open","sticky":false,"template":"","format":"standard","meta":{"footnotes":""},"categories":[13],"tags":[],"class_list":["post-768","post","type-post","status-publish","format-standard","has-post-thumbnail","hentry","category-portada"],"yoast_head":"<!-- This site is optimized with the Yoast SEO plugin v25.6 - https:\/\/yoast.com\/wordpress\/plugins\/seo\/ -->\n<title>\u00a1Impactante! Hombre arrestado en Barcelona por atacar a un beb\u00e9 y dos hombres! \u00a1Debes leerlo! - Diario 21<\/title>\n<meta name=\"robots\" content=\"index, follow, max-snippet:-1, max-image-preview:large, max-video-preview:-1\" \/>\n<link rel=\"canonical\" href=\"https:\/\/www.diario21.tv\/noticias\/impactante-hombre-arrestado-en-barcelona-por-atacar-a-un-bebe-y-dos-hombres-debes-leerlo\/\" \/>\n<meta property=\"og:locale\" content=\"es_ES\" \/>\n<meta property=\"og:type\" content=\"article\" \/>\n<meta property=\"og:title\" content=\"\u00a1Impactante! Hombre arrestado en Barcelona por atacar a un beb\u00e9 y dos hombres! \u00a1Debes leerlo! - Diario 21\" \/>\n<meta property=\"og:description\" content=\"Arrestado por atacar a una ni\u00f1a y dos hombres en Barcelona En la ciudad de Barcelona, las autoridades han detenido a un individuo acusado de agredir ... Seguir leyendo &rarr;\" \/>\n<meta property=\"og:url\" content=\"https:\/\/www.diario21.tv\/noticias\/impactante-hombre-arrestado-en-barcelona-por-atacar-a-un-bebe-y-dos-hombres-debes-leerlo\/\" \/>\n<meta property=\"og:site_name\" content=\"Diario 21\" \/>\n<meta property=\"article:published_time\" content=\"2024-10-12T00:00:27+00:00\" \/>\n<meta property=\"article:modified_time\" content=\"2024-10-14T09:44:54+00:00\" \/>\n<meta property=\"og:image\" content=\"https:\/\/www.diario21.tv\/noticias\/wp-content\/uploads\/2024\/10\/\u00a1Impactante-Hombre-arrestado-en-Barcelona-por-atacar-a-un-bebe.jpg\" \/>\n\t<meta property=\"og:image:width\" content=\"1920\" \/>\n\t<meta property=\"og:image:height\" content=\"1066\" \/>\n\t<meta property=\"og:image:type\" content=\"image\/jpeg\" \/>\n<meta name=\"author\" content=\"Alejandro Torres\" \/>\n<meta name=\"twitter:card\" content=\"summary_large_image\" \/>\n<meta name=\"twitter:label1\" content=\"Escrito por\" \/>\n\t<meta name=\"twitter:data1\" content=\"Alejandro Torres\" \/>\n\t<meta name=\"twitter:label2\" content=\"Tiempo de lectura\" \/>\n\t<meta name=\"twitter:data2\" content=\"2 minutos\" \/>\n<script type=\"application\/ld+json\" class=\"yoast-schema-graph\">{\"@context\":\"https:\/\/schema.org\",\"@graph\":[{\"@type\":\"WebPage\",\"@id\":\"https:\/\/www.diario21.tv\/noticias\/impactante-hombre-arrestado-en-barcelona-por-atacar-a-un-bebe-y-dos-hombres-debes-leerlo\/\",\"url\":\"https:\/\/www.diario21.tv\/noticias\/impactante-hombre-arrestado-en-barcelona-por-atacar-a-un-bebe-y-dos-hombres-debes-leerlo\/\",\"name\":\"\u00a1Impactante! Hombre arrestado en Barcelona por atacar a un beb\u00e9 y dos hombres! \u00a1Debes leerlo! - Diario 21\",\"isPartOf\":{\"@id\":\"https:\/\/www.diario21.tv\/noticias\/#website\"},\"primaryImageOfPage\":{\"@id\":\"https:\/\/www.diario21.tv\/noticias\/impactante-hombre-arrestado-en-barcelona-por-atacar-a-un-bebe-y-dos-hombres-debes-leerlo\/#primaryimage\"},\"image\":{\"@id\":\"https:\/\/www.diario21.tv\/noticias\/impactante-hombre-arrestado-en-barcelona-por-atacar-a-un-bebe-y-dos-hombres-debes-leerlo\/#primaryimage\"},\"thumbnailUrl\":\"https:\/\/www.diario21.tv\/noticias\/wp-content\/uploads\/2024\/10\/\u00a1Impactante-Hombre-arrestado-en-Barcelona-por-atacar-a-un-bebe.jpg\",\"datePublished\":\"2024-10-12T00:00:27+00:00\",\"dateModified\":\"2024-10-14T09:44:54+00:00\",\"author\":{\"@id\":\"https:\/\/www.diario21.tv\/noticias\/#\/schema\/person\/8885ff4fbd2e0d23a76e54aa20d5b2aa\"},\"breadcrumb\":{\"@id\":\"https:\/\/www.diario21.tv\/noticias\/impactante-hombre-arrestado-en-barcelona-por-atacar-a-un-bebe-y-dos-hombres-debes-leerlo\/#breadcrumb\"},\"inLanguage\":\"es-AR\",\"potentialAction\":[{\"@type\":\"ReadAction\",\"target\":[\"https:\/\/www.diario21.tv\/noticias\/impactante-hombre-arrestado-en-barcelona-por-atacar-a-un-bebe-y-dos-hombres-debes-leerlo\/\"]}]},{\"@type\":\"ImageObject\",\"inLanguage\":\"es-AR\",\"@id\":\"https:\/\/www.diario21.tv\/noticias\/impactante-hombre-arrestado-en-barcelona-por-atacar-a-un-bebe-y-dos-hombres-debes-leerlo\/#primaryimage\",\"url\":\"https:\/\/www.diario21.tv\/noticias\/wp-content\/uploads\/2024\/10\/\u00a1Impactante-Hombre-arrestado-en-Barcelona-por-atacar-a-un-bebe.jpg\",\"contentUrl\":\"https:\/\/www.diario21.tv\/noticias\/wp-content\/uploads\/2024\/10\/\u00a1Impactante-Hombre-arrestado-en-Barcelona-por-atacar-a-un-bebe.jpg\",\"width\":1920,\"height\":1066,\"caption\":\"Detenido por agredir a una beb\u00e9 y dos hombres en Barcelona\"},{\"@type\":\"BreadcrumbList\",\"@id\":\"https:\/\/www.diario21.tv\/noticias\/impactante-hombre-arrestado-en-barcelona-por-atacar-a-un-bebe-y-dos-hombres-debes-leerlo\/#breadcrumb\",\"itemListElement\":[{\"@type\":\"ListItem\",\"position\":1,\"name\":\"Accueil\",\"item\":\"https:\/\/www.diario21.tv\/noticias\/\"},{\"@type\":\"ListItem\",\"position\":2,\"name\":\"\u00a1Impactante! Hombre arrestado en Barcelona por atacar a un beb\u00e9 y dos hombres! \u00a1Debes leerlo!\"}]},{\"@type\":\"WebSite\",\"@id\":\"https:\/\/www.diario21.tv\/noticias\/#website\",\"url\":\"https:\/\/www.diario21.tv\/noticias\/\",\"name\":\"Diario 21\",\"description\":\"\",\"potentialAction\":[{\"@type\":\"SearchAction\",\"target\":{\"@type\":\"EntryPoint\",\"urlTemplate\":\"https:\/\/www.diario21.tv\/noticias\/?s={search_term_string}\"},\"query-input\":{\"@type\":\"PropertyValueSpecification\",\"valueRequired\":true,\"valueName\":\"search_term_string\"}}],\"inLanguage\":\"es-AR\"},{\"@type\":\"Person\",\"@id\":\"https:\/\/www.diario21.tv\/noticias\/#\/schema\/person\/8885ff4fbd2e0d23a76e54aa20d5b2aa\",\"name\":\"Alejandro Torres\",\"image\":{\"@type\":\"ImageObject\",\"inLanguage\":\"es-AR\",\"@id\":\"https:\/\/www.diario21.tv\/noticias\/#\/schema\/person\/image\/\",\"url\":\"https:\/\/secure.gravatar.com\/avatar\/4e373d3479c57ab0a2c5fff1fff7348a?s=96&d=mm&r=g\",\"contentUrl\":\"https:\/\/secure.gravatar.com\/avatar\/4e373d3479c57ab0a2c5fff1fff7348a?s=96&d=mm&r=g\",\"caption\":\"Alejandro Torres\"},\"description\":\"Alejandro Torres es el corresponsal de tecnolog\u00eda en Diario 21. Apasionado por la innovaci\u00f3n y las tendencias digitales, Alejandro ofrece a nuestros lectores an\u00e1lisis profundos sobre el impacto de la tecnolog\u00eda en la vida cotidiana.\",\"sameAs\":[\"https:\/\/www.diario21.tv\/noticias\/\"],\"url\":\"https:\/\/www.diario21.tv\/noticias\/author\/alejandro-torres\/\"}]}<\/script>\n<!-- \/ Yoast SEO plugin. -->","yoast_head_json":{"title":"\u00a1Impactante! Hombre arrestado en Barcelona por atacar a un beb\u00e9 y dos hombres! \u00a1Debes leerlo! - Diario 21","robots":{"index":"index","follow":"follow","max-snippet":"max-snippet:-1","max-image-preview":"max-image-preview:large","max-video-preview":"max-video-preview:-1"},"canonical":"https:\/\/www.diario21.tv\/noticias\/impactante-hombre-arrestado-en-barcelona-por-atacar-a-un-bebe-y-dos-hombres-debes-leerlo\/","og_locale":"es_ES","og_type":"article","og_title":"\u00a1Impactante! Hombre arrestado en Barcelona por atacar a un beb\u00e9 y dos hombres! \u00a1Debes leerlo! - Diario 21","og_description":"Arrestado por atacar a una ni\u00f1a y dos hombres en Barcelona En la ciudad de Barcelona, las autoridades han detenido a un individuo acusado de agredir ... Seguir leyendo &rarr;","og_url":"https:\/\/www.diario21.tv\/noticias\/impactante-hombre-arrestado-en-barcelona-por-atacar-a-un-bebe-y-dos-hombres-debes-leerlo\/","og_site_name":"Diario 21","article_published_time":"2024-10-12T00:00:27+00:00","article_modified_time":"2024-10-14T09:44:54+00:00","og_image":[{"width":1920,"height":1066,"url":"https:\/\/www.diario21.tv\/noticias\/wp-content\/uploads\/2024\/10\/\u00a1Impactante-Hombre-arrestado-en-Barcelona-por-atacar-a-un-bebe.jpg","type":"image\/jpeg"}],"author":"Alejandro Torres","twitter_card":"summary_large_image","twitter_misc":{"Escrito por":"Alejandro Torres","Tiempo de lectura":"2 minutos"},"schema":{"@context":"https:\/\/schema.org","@graph":[{"@type":"WebPage","@id":"https:\/\/www.diario21.tv\/noticias\/impactante-hombre-arrestado-en-barcelona-por-atacar-a-un-bebe-y-dos-hombres-debes-leerlo\/","url":"https:\/\/www.diario21.tv\/noticias\/impactante-hombre-arrestado-en-barcelona-por-atacar-a-un-bebe-y-dos-hombres-debes-leerlo\/","name":"\u00a1Impactante! Hombre arrestado en Barcelona por atacar a un beb\u00e9 y dos hombres! \u00a1Debes leerlo! - Diario 21","isPartOf":{"@id":"https:\/\/www.diario21.tv\/noticias\/#website"},"primaryImageOfPage":{"@id":"https:\/\/www.diario21.tv\/noticias\/impactante-hombre-arrestado-en-barcelona-por-atacar-a-un-bebe-y-dos-hombres-debes-leerlo\/#primaryimage"},"image":{"@id":"https:\/\/www.diario21.tv\/noticias\/impactante-hombre-arrestado-en-barcelona-por-atacar-a-un-bebe-y-dos-hombres-debes-leerlo\/#primaryimage"},"thumbnailUrl":"https:\/\/www.diario21.tv\/noticias\/wp-content\/uploads\/2024\/10\/\u00a1Impactante-Hombre-arrestado-en-Barcelona-por-atacar-a-un-bebe.jpg","datePublished":"2024-10-12T00:00:27+00:00","dateModified":"2024-10-14T09:44:54+00:00","author":{"@id":"https:\/\/www.diario21.tv\/noticias\/#\/schema\/person\/8885ff4fbd2e0d23a76e54aa20d5b2aa"},"breadcrumb":{"@id":"https:\/\/www.diario21.tv\/noticias\/impactante-hombre-arrestado-en-barcelona-por-atacar-a-un-bebe-y-dos-hombres-debes-leerlo\/#breadcrumb"},"inLanguage":"es-AR","potentialAction":[{"@type":"ReadAction","target":["https:\/\/www.diario21.tv\/noticias\/impactante-hombre-arrestado-en-barcelona-por-atacar-a-un-bebe-y-dos-hombres-debes-leerlo\/"]}]},{"@type":"ImageObject","inLanguage":"es-AR","@id":"https:\/\/www.diario21.tv\/noticias\/impactante-hombre-arrestado-en-barcelona-por-atacar-a-un-bebe-y-dos-hombres-debes-leerlo\/#primaryimage","url":"https:\/\/www.diario21.tv\/noticias\/wp-content\/uploads\/2024\/10\/\u00a1Impactante-Hombre-arrestado-en-Barcelona-por-atacar-a-un-bebe.jpg","contentUrl":"https:\/\/www.diario21.tv\/noticias\/wp-content\/uploads\/2024\/10\/\u00a1Impactante-Hombre-arrestado-en-Barcelona-por-atacar-a-un-bebe.jpg","width":1920,"height":1066,"caption":"Detenido por agredir a una beb\u00e9 y dos hombres en Barcelona"},{"@type":"BreadcrumbList","@id":"https:\/\/www.diario21.tv\/noticias\/impactante-hombre-arrestado-en-barcelona-por-atacar-a-un-bebe-y-dos-hombres-debes-leerlo\/#breadcrumb","itemListElement":[{"@type":"ListItem","position":1,"name":"Accueil","item":"https:\/\/www.diario21.tv\/noticias\/"},{"@type":"ListItem","position":2,"name":"\u00a1Impactante! Hombre arrestado en Barcelona por atacar a un beb\u00e9 y dos hombres! \u00a1Debes leerlo!"}]},{"@type":"WebSite","@id":"https:\/\/www.diario21.tv\/noticias\/#website","url":"https:\/\/www.diario21.tv\/noticias\/","name":"Diario 21","description":"","potentialAction":[{"@type":"SearchAction","target":{"@type":"EntryPoint","urlTemplate":"https:\/\/www.diario21.tv\/noticias\/?s={search_term_string}"},"query-input":{"@type":"PropertyValueSpecification","valueRequired":true,"valueName":"search_term_string"}}],"inLanguage":"es-AR"},{"@type":"Person","@id":"https:\/\/www.diario21.tv\/noticias\/#\/schema\/person\/8885ff4fbd2e0d23a76e54aa20d5b2aa","name":"Alejandro Torres","image":{"@type":"ImageObject","inLanguage":"es-AR","@id":"https:\/\/www.diario21.tv\/noticias\/#\/schema\/person\/image\/","url":"https:\/\/secure.gravatar.com\/avatar\/4e373d3479c57ab0a2c5fff1fff7348a?s=96&d=mm&r=g","contentUrl":"https:\/\/secure.gravatar.com\/avatar\/4e373d3479c57ab0a2c5fff1fff7348a?s=96&d=mm&r=g","caption":"Alejandro Torres"},"description":"Alejandro Torres es el corresponsal de tecnolog\u00eda en Diario 21. Apasionado por la innovaci\u00f3n y las tendencias digitales, Alejandro ofrece a nuestros lectores an\u00e1lisis profundos sobre el impacto de la tecnolog\u00eda en la vida cotidiana.","sameAs":["https:\/\/www.diario21.tv\/noticias\/"],"url":"https:\/\/www.diario21.tv\/noticias\/author\/alejandro-torres\/"}]}},"_links":{"self":[{"href":"https:\/\/www.diario21.tv\/noticias\/wp-json\/wp\/v2\/posts\/768"}],"collection":[{"href":"https:\/\/www.diario21.tv\/noticias\/wp-json\/wp\/v2\/posts"}],"about":[{"href":"https:\/\/www.diario21.tv\/noticias\/wp-json\/wp\/v2\/types\/post"}],"author":[{"embeddable":true,"href":"https:\/\/www.diario21.tv\/noticias\/wp-json\/wp\/v2\/users\/18"}],"replies":[{"embeddable":true,"href":"https:\/\/www.diario21.tv\/noticias\/wp-json\/wp\/v2\/comments?post=768"}],"version-history":[{"count":1,"href":"https:\/\/www.diario21.tv\/noticias\/wp-json\/wp\/v2\/posts\/768\/revisions"}],"predecessor-version":[{"id":770,"href":"https:\/\/www.diario21.tv\/noticias\/wp-json\/wp\/v2\/posts\/768\/revisions\/770"}],"wp:featuredmedia":[{"embeddable":true,"href":"https:\/\/www.diario21.tv\/noticias\/wp-json\/wp\/v2\/media\/769"}],"wp:attachment":[{"href":"https:\/\/www.diario21.tv\/noticias\/wp-json\/wp\/v2\/media?parent=768"}],"wp:term":[{"taxonomy":"category","embeddable":true,"href":"https:\/\/www.diario21.tv\/noticias\/wp-json\/wp\/v2\/categories?post=768"},{"taxonomy":"post_tag","embeddable":true,"href":"https:\/\/www.diario21.tv\/noticias\/wp-json\/wp\/v2\/tags?post=768"}],"curies":[{"name":"wp","href":"https:\/\/api.w.org\/{rel}","templated":true}]}}