{"id":735,"date":"2024-10-09T23:00:32","date_gmt":"2024-10-09T23:00:32","guid":{"rendered":"https:\/\/www.diario21.tv\/noticias\/impactante-el-pp-acuerda-estudiar-el-terrorismo-de-eta-en-la-ebau-las-comunidades-reaccionan\/"},"modified":"2024-10-14T09:44:54","modified_gmt":"2024-10-14T09:44:54","slug":"impactante-el-pp-acuerda-estudiar-el-terrorismo-de-eta-en-la-ebau-las-comunidades-reaccionan","status":"publish","type":"post","link":"https:\/\/www.diario21.tv\/noticias\/impactante-el-pp-acuerda-estudiar-el-terrorismo-de-eta-en-la-ebau-las-comunidades-reaccionan\/","title":{"rendered":"\u00a1Impactante! El PP acuerda estudiar el terrorismo de ETA en la EBAU: Las comunidades reaccionan"},"content":{"rendered":"<h2>Las comunidades gobernadas por el PP acuerdan un EBAU donde se examinar\u00e1 el terrorismo de ETA<\/h2>\n<p>Las regiones bajo el gobierno del Partido Popular (PP) han llegado a un acuerdo sobre la Evaluaci\u00f3n de Bachillerato para el Acceso a la Universidad (EBAU), en la que se incluir\u00e1 el estudio del terrorismo de ETA.<\/p>\n<p>La decisi\u00f3n fue tomada en un esfuerzo por garantizar que los estudiantes comprendan y conozcan los horrores del terrorismo que ha afectado a Espa\u00f1a en el pasado, en particular los actos perpetrados por la organizaci\u00f3n separatista vasca ETA.<\/p>\n<p>Esta medida busca no solo educar a los estudiantes sobre los eventos hist\u00f3ricos importantes en Espa\u00f1a, sino tambi\u00e9n promover la paz y la concordia entre los ciudadanos, recordando los errores del pasado para evitar repetirlos en el futuro.<\/p>\n<p>La EBAU es un examen crucial en Espa\u00f1a que determina la admisi\u00f3n de los estudiantes a la universidad. Al incluir el estudio del terrorismo de ETA en esta evaluaci\u00f3n, las autoridades buscan asegurar que las generaciones futuras est\u00e9n bien informadas sobre la historia reciente del pa\u00eds.<\/p>\n<p>Estas comunidades gobernadas por el PP han expresado su compromiso con la educaci\u00f3n de calidad y la ense\u00f1anza de la historia de Espa\u00f1a de manera completa y precisa. Esta decisi\u00f3n es un reflejo de ese compromiso.<\/p>\n<p>El estudio del terrorismo de ETA en la EBAU es un paso importante para garantizar que los estudiantes conozcan y comprendan la magnitud del terrorismo en Espa\u00f1a, y c\u00f3mo ha moldeado la historia y la sociedad del pa\u00eds.<\/p>\n<h2>La inclusi\u00f3n del terrorismo de ETA en el EBAU<\/h2>\n<p>La decisi\u00f3n de incluir el estudio del terrorismo de ETA en la EBAU no ha estado exenta de controversia. Sin embargo, las comunidades gobernadas por el PP creen que es esencial que los estudiantes sean conscientes de este periodo oscuro de la historia de Espa\u00f1a.<\/p>\n<p>Al incluir el estudio del terrorismo de ETA en el examen, estas comunidades est\u00e1n asegurando que los estudiantes conozcan la verdad sobre los actos terroristas que han azotado a Espa\u00f1a. Esta inclusi\u00f3n tambi\u00e9n es una forma de recordar a las v\u00edctimas de estos actos de terror y de reconocer la lucha de la naci\u00f3n contra el terrorismo.<\/p>\n<p>En conclusi\u00f3n, la decisi\u00f3n de las comunidades gobernadas por el PP de incluir el estudio del terrorismo de ETA en la EBAU es un paso valiente y necesario para garantizar que los estudiantes espa\u00f1oles est\u00e9n bien informados sobre la historia reciente de su pa\u00eds.<\/p>\n\n\n<div class=\"kk-star-ratings kksr-auto kksr-align-left kksr-valign-bottom\"\n    data-payload='{&quot;align&quot;:&quot;left&quot;,&quot;id&quot;:&quot;735&quot;,&quot;slug&quot;:&quot;default&quot;,&quot;valign&quot;:&quot;bottom&quot;,&quot;ignore&quot;:&quot;&quot;,&quot;reference&quot;:&quot;auto&quot;,&quot;class&quot;:&quot;&quot;,&quot;count&quot;:&quot;0&quot;,&quot;legendonly&quot;:&quot;&quot;,&quot;readonly&quot;:&quot;&quot;,&quot;score&quot;:&quot;0&quot;,&quot;starsonly&quot;:&quot;&quot;,&quot;best&quot;:&quot;5&quot;,&quot;gap&quot;:&quot;5&quot;,&quot;greet&quot;:&quot;Valora este post&quot;,&quot;legend&quot;:&quot;0\\\/5 - (0 votes)&quot;,&quot;size&quot;:&quot;22&quot;,&quot;title&quot;:&quot;\u00a1Impactante! El PP acuerda estudiar el terrorismo de ETA en la EBAU: Las comunidades reaccionan&quot;,&quot;width&quot;:&quot;0&quot;,&quot;_legend&quot;:&quot;{score}\\\/{best} - ({count} {votes})&quot;,&quot;font_factor&quot;:&quot;1.25&quot;}'>\n            \n<div class=\"kksr-stars\">\n    \n<div class=\"kksr-stars-inactive\">\n            <div class=\"kksr-star\" data-star=\"1\" style=\"padding-right: 5px\">\n            \n\n<div class=\"kksr-icon\" style=\"width: 22px; height: 22px;\"><\/div>\n        <\/div>\n            <div class=\"kksr-star\" data-star=\"2\" style=\"padding-right: 5px\">\n            \n\n<div class=\"kksr-icon\" style=\"width: 22px; height: 22px;\"><\/div>\n        <\/div>\n            <div class=\"kksr-star\" data-star=\"3\" style=\"padding-right: 5px\">\n            \n\n<div class=\"kksr-icon\" style=\"width: 22px; height: 22px;\"><\/div>\n        <\/div>\n            <div class=\"kksr-star\" data-star=\"4\" style=\"padding-right: 5px\">\n            \n\n<div class=\"kksr-icon\" style=\"width: 22px; height: 22px;\"><\/div>\n        <\/div>\n            <div class=\"kksr-star\" data-star=\"5\" style=\"padding-right: 5px\">\n            \n\n<div class=\"kksr-icon\" style=\"width: 22px; height: 22px;\"><\/div>\n        <\/div>\n    <\/div>\n    \n<div class=\"kksr-stars-active\" style=\"width: 0px;\">\n            <div class=\"kksr-star\" style=\"padding-right: 5px\">\n            \n\n<div class=\"kksr-icon\" style=\"width: 22px; height: 22px;\"><\/div>\n        <\/div>\n            <div class=\"kksr-star\" style=\"padding-right: 5px\">\n            \n\n<div class=\"kksr-icon\" style=\"width: 22px; height: 22px;\"><\/div>\n        <\/div>\n            <div class=\"kksr-star\" style=\"padding-right: 5px\">\n            \n\n<div class=\"kksr-icon\" style=\"width: 22px; height: 22px;\"><\/div>\n        <\/div>\n            <div class=\"kksr-star\" style=\"padding-right: 5px\">\n            \n\n<div class=\"kksr-icon\" style=\"width: 22px; height: 22px;\"><\/div>\n        <\/div>\n            <div class=\"kksr-star\" style=\"padding-right: 5px\">\n            \n\n<div class=\"kksr-icon\" style=\"width: 22px; height: 22px;\"><\/div>\n        <\/div>\n    <\/div>\n<\/div>\n                \n\n<div class=\"kksr-legend\" style=\"font-size: 17.6px;\">\n            <span class=\"kksr-muted\">Valora este post<\/span>\n    <\/div>\n    <\/div>\n","protected":false},"excerpt":{"rendered":"<p>Las comunidades gobernadas por el PP acuerdan un EBAU donde se examinar\u00e1 el terrorismo de ETA Las regiones bajo el gobierno del Partido Popular (PP) han &#8230; <a title=\"\u00a1Impactante! El PP acuerda estudiar el terrorismo de ETA en la EBAU: Las comunidades reaccionan\" class=\"read-more\" href=\"https:\/\/www.diario21.tv\/noticias\/impactante-el-pp-acuerda-estudiar-el-terrorismo-de-eta-en-la-ebau-las-comunidades-reaccionan\/\" aria-label=\"Leer m\u00e1s sobre \u00a1Impactante! El PP acuerda estudiar el terrorismo de ETA en la EBAU: Las comunidades reaccionan\">Seguir leyendo &rarr;<\/a><\/p>\n","protected":false},"author":18,"featured_media":736,"comment_status":"open","ping_status":"open","sticky":false,"template":"","format":"standard","meta":{"footnotes":""},"categories":[13],"tags":[],"class_list":["post-735","post","type-post","status-publish","format-standard","has-post-thumbnail","hentry","category-portada"],"yoast_head":"<!-- This site is optimized with the Yoast SEO plugin v25.6 - https:\/\/yoast.com\/wordpress\/plugins\/seo\/ -->\n<title>\u00a1Impactante! El PP acuerda estudiar el terrorismo de ETA en la EBAU: Las comunidades reaccionan - Diario 21<\/title>\n<meta name=\"robots\" content=\"index, follow, max-snippet:-1, max-image-preview:large, max-video-preview:-1\" \/>\n<link rel=\"canonical\" href=\"https:\/\/www.diario21.tv\/noticias\/impactante-el-pp-acuerda-estudiar-el-terrorismo-de-eta-en-la-ebau-las-comunidades-reaccionan\/\" \/>\n<meta property=\"og:locale\" content=\"es_ES\" \/>\n<meta property=\"og:type\" content=\"article\" \/>\n<meta property=\"og:title\" content=\"\u00a1Impactante! El PP acuerda estudiar el terrorismo de ETA en la EBAU: Las comunidades reaccionan - Diario 21\" \/>\n<meta property=\"og:description\" content=\"Las comunidades gobernadas por el PP acuerdan un EBAU donde se examinar\u00e1 el terrorismo de ETA Las regiones bajo el gobierno del Partido Popular (PP) han ... Seguir leyendo &rarr;\" \/>\n<meta property=\"og:url\" content=\"https:\/\/www.diario21.tv\/noticias\/impactante-el-pp-acuerda-estudiar-el-terrorismo-de-eta-en-la-ebau-las-comunidades-reaccionan\/\" \/>\n<meta property=\"og:site_name\" content=\"Diario 21\" \/>\n<meta property=\"article:published_time\" content=\"2024-10-09T23:00:32+00:00\" \/>\n<meta property=\"article:modified_time\" content=\"2024-10-14T09:44:54+00:00\" \/>\n<meta property=\"og:image\" content=\"https:\/\/www.diario21.tv\/noticias\/wp-content\/uploads\/2024\/10\/\u00a1Impactante-El-PP-acuerda-estudiar-el-terrorismo-de-ETA-en.jpg\" \/>\n\t<meta property=\"og:image:width\" content=\"1916\" \/>\n\t<meta property=\"og:image:height\" content=\"1080\" \/>\n\t<meta property=\"og:image:type\" content=\"image\/jpeg\" \/>\n<meta name=\"author\" content=\"Alejandro Torres\" \/>\n<meta name=\"twitter:card\" content=\"summary_large_image\" \/>\n<meta name=\"twitter:label1\" content=\"Escrito por\" \/>\n\t<meta name=\"twitter:data1\" content=\"Alejandro Torres\" \/>\n\t<meta name=\"twitter:label2\" content=\"Tiempo de lectura\" \/>\n\t<meta name=\"twitter:data2\" content=\"2 minutos\" \/>\n<script type=\"application\/ld+json\" class=\"yoast-schema-graph\">{\"@context\":\"https:\/\/schema.org\",\"@graph\":[{\"@type\":\"WebPage\",\"@id\":\"https:\/\/www.diario21.tv\/noticias\/impactante-el-pp-acuerda-estudiar-el-terrorismo-de-eta-en-la-ebau-las-comunidades-reaccionan\/\",\"url\":\"https:\/\/www.diario21.tv\/noticias\/impactante-el-pp-acuerda-estudiar-el-terrorismo-de-eta-en-la-ebau-las-comunidades-reaccionan\/\",\"name\":\"\u00a1Impactante! El PP acuerda estudiar el terrorismo de ETA en la EBAU: Las comunidades reaccionan - Diario 21\",\"isPartOf\":{\"@id\":\"https:\/\/www.diario21.tv\/noticias\/#website\"},\"primaryImageOfPage\":{\"@id\":\"https:\/\/www.diario21.tv\/noticias\/impactante-el-pp-acuerda-estudiar-el-terrorismo-de-eta-en-la-ebau-las-comunidades-reaccionan\/#primaryimage\"},\"image\":{\"@id\":\"https:\/\/www.diario21.tv\/noticias\/impactante-el-pp-acuerda-estudiar-el-terrorismo-de-eta-en-la-ebau-las-comunidades-reaccionan\/#primaryimage\"},\"thumbnailUrl\":\"https:\/\/www.diario21.tv\/noticias\/wp-content\/uploads\/2024\/10\/\u00a1Impactante-El-PP-acuerda-estudiar-el-terrorismo-de-ETA-en.jpg\",\"datePublished\":\"2024-10-09T23:00:32+00:00\",\"dateModified\":\"2024-10-14T09:44:54+00:00\",\"author\":{\"@id\":\"https:\/\/www.diario21.tv\/noticias\/#\/schema\/person\/8885ff4fbd2e0d23a76e54aa20d5b2aa\"},\"breadcrumb\":{\"@id\":\"https:\/\/www.diario21.tv\/noticias\/impactante-el-pp-acuerda-estudiar-el-terrorismo-de-eta-en-la-ebau-las-comunidades-reaccionan\/#breadcrumb\"},\"inLanguage\":\"es-AR\",\"potentialAction\":[{\"@type\":\"ReadAction\",\"target\":[\"https:\/\/www.diario21.tv\/noticias\/impactante-el-pp-acuerda-estudiar-el-terrorismo-de-eta-en-la-ebau-las-comunidades-reaccionan\/\"]}]},{\"@type\":\"ImageObject\",\"inLanguage\":\"es-AR\",\"@id\":\"https:\/\/www.diario21.tv\/noticias\/impactante-el-pp-acuerda-estudiar-el-terrorismo-de-eta-en-la-ebau-las-comunidades-reaccionan\/#primaryimage\",\"url\":\"https:\/\/www.diario21.tv\/noticias\/wp-content\/uploads\/2024\/10\/\u00a1Impactante-El-PP-acuerda-estudiar-el-terrorismo-de-ETA-en.jpg\",\"contentUrl\":\"https:\/\/www.diario21.tv\/noticias\/wp-content\/uploads\/2024\/10\/\u00a1Impactante-El-PP-acuerda-estudiar-el-terrorismo-de-ETA-en.jpg\",\"width\":1916,\"height\":1080,\"caption\":\"Las comunidades del PP pactan una EBAU en la que se estudiar\u00e1 el terrorismo de ETA\"},{\"@type\":\"BreadcrumbList\",\"@id\":\"https:\/\/www.diario21.tv\/noticias\/impactante-el-pp-acuerda-estudiar-el-terrorismo-de-eta-en-la-ebau-las-comunidades-reaccionan\/#breadcrumb\",\"itemListElement\":[{\"@type\":\"ListItem\",\"position\":1,\"name\":\"Accueil\",\"item\":\"https:\/\/www.diario21.tv\/noticias\/\"},{\"@type\":\"ListItem\",\"position\":2,\"name\":\"\u00a1Impactante! El PP acuerda estudiar el terrorismo de ETA en la EBAU: Las comunidades reaccionan\"}]},{\"@type\":\"WebSite\",\"@id\":\"https:\/\/www.diario21.tv\/noticias\/#website\",\"url\":\"https:\/\/www.diario21.tv\/noticias\/\",\"name\":\"Diario 21\",\"description\":\"\",\"potentialAction\":[{\"@type\":\"SearchAction\",\"target\":{\"@type\":\"EntryPoint\",\"urlTemplate\":\"https:\/\/www.diario21.tv\/noticias\/?s={search_term_string}\"},\"query-input\":{\"@type\":\"PropertyValueSpecification\",\"valueRequired\":true,\"valueName\":\"search_term_string\"}}],\"inLanguage\":\"es-AR\"},{\"@type\":\"Person\",\"@id\":\"https:\/\/www.diario21.tv\/noticias\/#\/schema\/person\/8885ff4fbd2e0d23a76e54aa20d5b2aa\",\"name\":\"Alejandro Torres\",\"image\":{\"@type\":\"ImageObject\",\"inLanguage\":\"es-AR\",\"@id\":\"https:\/\/www.diario21.tv\/noticias\/#\/schema\/person\/image\/\",\"url\":\"https:\/\/secure.gravatar.com\/avatar\/4e373d3479c57ab0a2c5fff1fff7348a?s=96&d=mm&r=g\",\"contentUrl\":\"https:\/\/secure.gravatar.com\/avatar\/4e373d3479c57ab0a2c5fff1fff7348a?s=96&d=mm&r=g\",\"caption\":\"Alejandro Torres\"},\"description\":\"Alejandro Torres es el corresponsal de tecnolog\u00eda en Diario 21. Apasionado por la innovaci\u00f3n y las tendencias digitales, Alejandro ofrece a nuestros lectores an\u00e1lisis profundos sobre el impacto de la tecnolog\u00eda en la vida cotidiana.\",\"sameAs\":[\"https:\/\/www.diario21.tv\/noticias\/\"],\"url\":\"https:\/\/www.diario21.tv\/noticias\/author\/alejandro-torres\/\"}]}<\/script>\n<!-- \/ Yoast SEO plugin. -->","yoast_head_json":{"title":"\u00a1Impactante! El PP acuerda estudiar el terrorismo de ETA en la EBAU: Las comunidades reaccionan - Diario 21","robots":{"index":"index","follow":"follow","max-snippet":"max-snippet:-1","max-image-preview":"max-image-preview:large","max-video-preview":"max-video-preview:-1"},"canonical":"https:\/\/www.diario21.tv\/noticias\/impactante-el-pp-acuerda-estudiar-el-terrorismo-de-eta-en-la-ebau-las-comunidades-reaccionan\/","og_locale":"es_ES","og_type":"article","og_title":"\u00a1Impactante! El PP acuerda estudiar el terrorismo de ETA en la EBAU: Las comunidades reaccionan - Diario 21","og_description":"Las comunidades gobernadas por el PP acuerdan un EBAU donde se examinar\u00e1 el terrorismo de ETA Las regiones bajo el gobierno del Partido Popular (PP) han ... Seguir leyendo &rarr;","og_url":"https:\/\/www.diario21.tv\/noticias\/impactante-el-pp-acuerda-estudiar-el-terrorismo-de-eta-en-la-ebau-las-comunidades-reaccionan\/","og_site_name":"Diario 21","article_published_time":"2024-10-09T23:00:32+00:00","article_modified_time":"2024-10-14T09:44:54+00:00","og_image":[{"width":1916,"height":1080,"url":"https:\/\/www.diario21.tv\/noticias\/wp-content\/uploads\/2024\/10\/\u00a1Impactante-El-PP-acuerda-estudiar-el-terrorismo-de-ETA-en.jpg","type":"image\/jpeg"}],"author":"Alejandro Torres","twitter_card":"summary_large_image","twitter_misc":{"Escrito por":"Alejandro Torres","Tiempo de lectura":"2 minutos"},"schema":{"@context":"https:\/\/schema.org","@graph":[{"@type":"WebPage","@id":"https:\/\/www.diario21.tv\/noticias\/impactante-el-pp-acuerda-estudiar-el-terrorismo-de-eta-en-la-ebau-las-comunidades-reaccionan\/","url":"https:\/\/www.diario21.tv\/noticias\/impactante-el-pp-acuerda-estudiar-el-terrorismo-de-eta-en-la-ebau-las-comunidades-reaccionan\/","name":"\u00a1Impactante! El PP acuerda estudiar el terrorismo de ETA en la EBAU: Las comunidades reaccionan - Diario 21","isPartOf":{"@id":"https:\/\/www.diario21.tv\/noticias\/#website"},"primaryImageOfPage":{"@id":"https:\/\/www.diario21.tv\/noticias\/impactante-el-pp-acuerda-estudiar-el-terrorismo-de-eta-en-la-ebau-las-comunidades-reaccionan\/#primaryimage"},"image":{"@id":"https:\/\/www.diario21.tv\/noticias\/impactante-el-pp-acuerda-estudiar-el-terrorismo-de-eta-en-la-ebau-las-comunidades-reaccionan\/#primaryimage"},"thumbnailUrl":"https:\/\/www.diario21.tv\/noticias\/wp-content\/uploads\/2024\/10\/\u00a1Impactante-El-PP-acuerda-estudiar-el-terrorismo-de-ETA-en.jpg","datePublished":"2024-10-09T23:00:32+00:00","dateModified":"2024-10-14T09:44:54+00:00","author":{"@id":"https:\/\/www.diario21.tv\/noticias\/#\/schema\/person\/8885ff4fbd2e0d23a76e54aa20d5b2aa"},"breadcrumb":{"@id":"https:\/\/www.diario21.tv\/noticias\/impactante-el-pp-acuerda-estudiar-el-terrorismo-de-eta-en-la-ebau-las-comunidades-reaccionan\/#breadcrumb"},"inLanguage":"es-AR","potentialAction":[{"@type":"ReadAction","target":["https:\/\/www.diario21.tv\/noticias\/impactante-el-pp-acuerda-estudiar-el-terrorismo-de-eta-en-la-ebau-las-comunidades-reaccionan\/"]}]},{"@type":"ImageObject","inLanguage":"es-AR","@id":"https:\/\/www.diario21.tv\/noticias\/impactante-el-pp-acuerda-estudiar-el-terrorismo-de-eta-en-la-ebau-las-comunidades-reaccionan\/#primaryimage","url":"https:\/\/www.diario21.tv\/noticias\/wp-content\/uploads\/2024\/10\/\u00a1Impactante-El-PP-acuerda-estudiar-el-terrorismo-de-ETA-en.jpg","contentUrl":"https:\/\/www.diario21.tv\/noticias\/wp-content\/uploads\/2024\/10\/\u00a1Impactante-El-PP-acuerda-estudiar-el-terrorismo-de-ETA-en.jpg","width":1916,"height":1080,"caption":"Las comunidades del PP pactan una EBAU en la que se estudiar\u00e1 el terrorismo de ETA"},{"@type":"BreadcrumbList","@id":"https:\/\/www.diario21.tv\/noticias\/impactante-el-pp-acuerda-estudiar-el-terrorismo-de-eta-en-la-ebau-las-comunidades-reaccionan\/#breadcrumb","itemListElement":[{"@type":"ListItem","position":1,"name":"Accueil","item":"https:\/\/www.diario21.tv\/noticias\/"},{"@type":"ListItem","position":2,"name":"\u00a1Impactante! El PP acuerda estudiar el terrorismo de ETA en la EBAU: Las comunidades reaccionan"}]},{"@type":"WebSite","@id":"https:\/\/www.diario21.tv\/noticias\/#website","url":"https:\/\/www.diario21.tv\/noticias\/","name":"Diario 21","description":"","potentialAction":[{"@type":"SearchAction","target":{"@type":"EntryPoint","urlTemplate":"https:\/\/www.diario21.tv\/noticias\/?s={search_term_string}"},"query-input":{"@type":"PropertyValueSpecification","valueRequired":true,"valueName":"search_term_string"}}],"inLanguage":"es-AR"},{"@type":"Person","@id":"https:\/\/www.diario21.tv\/noticias\/#\/schema\/person\/8885ff4fbd2e0d23a76e54aa20d5b2aa","name":"Alejandro Torres","image":{"@type":"ImageObject","inLanguage":"es-AR","@id":"https:\/\/www.diario21.tv\/noticias\/#\/schema\/person\/image\/","url":"https:\/\/secure.gravatar.com\/avatar\/4e373d3479c57ab0a2c5fff1fff7348a?s=96&d=mm&r=g","contentUrl":"https:\/\/secure.gravatar.com\/avatar\/4e373d3479c57ab0a2c5fff1fff7348a?s=96&d=mm&r=g","caption":"Alejandro Torres"},"description":"Alejandro Torres es el corresponsal de tecnolog\u00eda en Diario 21. Apasionado por la innovaci\u00f3n y las tendencias digitales, Alejandro ofrece a nuestros lectores an\u00e1lisis profundos sobre el impacto de la tecnolog\u00eda en la vida cotidiana.","sameAs":["https:\/\/www.diario21.tv\/noticias\/"],"url":"https:\/\/www.diario21.tv\/noticias\/author\/alejandro-torres\/"}]}},"_links":{"self":[{"href":"https:\/\/www.diario21.tv\/noticias\/wp-json\/wp\/v2\/posts\/735"}],"collection":[{"href":"https:\/\/www.diario21.tv\/noticias\/wp-json\/wp\/v2\/posts"}],"about":[{"href":"https:\/\/www.diario21.tv\/noticias\/wp-json\/wp\/v2\/types\/post"}],"author":[{"embeddable":true,"href":"https:\/\/www.diario21.tv\/noticias\/wp-json\/wp\/v2\/users\/18"}],"replies":[{"embeddable":true,"href":"https:\/\/www.diario21.tv\/noticias\/wp-json\/wp\/v2\/comments?post=735"}],"version-history":[{"count":1,"href":"https:\/\/www.diario21.tv\/noticias\/wp-json\/wp\/v2\/posts\/735\/revisions"}],"predecessor-version":[{"id":737,"href":"https:\/\/www.diario21.tv\/noticias\/wp-json\/wp\/v2\/posts\/735\/revisions\/737"}],"wp:featuredmedia":[{"embeddable":true,"href":"https:\/\/www.diario21.tv\/noticias\/wp-json\/wp\/v2\/media\/736"}],"wp:attachment":[{"href":"https:\/\/www.diario21.tv\/noticias\/wp-json\/wp\/v2\/media?parent=735"}],"wp:term":[{"taxonomy":"category","embeddable":true,"href":"https:\/\/www.diario21.tv\/noticias\/wp-json\/wp\/v2\/categories?post=735"},{"taxonomy":"post_tag","embeddable":true,"href":"https:\/\/www.diario21.tv\/noticias\/wp-json\/wp\/v2\/tags?post=735"}],"curies":[{"name":"wp","href":"https:\/\/api.w.org\/{rel}","templated":true}]}}