{"id":720,"date":"2024-10-09T11:00:03","date_gmt":"2024-10-09T11:00:03","guid":{"rendered":"https:\/\/www.diario21.tv\/noticias\/?p=720"},"modified":"2024-10-09T05:47:49","modified_gmt":"2024-10-09T05:47:49","slug":"por-que-comer-muy-poco-puede-ralentizar-la-perdida-de-peso","status":"publish","type":"post","link":"https:\/\/www.diario21.tv\/noticias\/por-que-comer-muy-poco-puede-ralentizar-la-perdida-de-peso\/","title":{"rendered":"Por Qu\u00e9 Comer Muy Poco Puede Ralentizar la P\u00e9rdida de Peso"},"content":{"rendered":"<p><strong><em>Hola, amantes de la salud y curiosos de la vida saludable. Hoy, vamos a hablar de un tema que podr\u00eda parecer tan contradictorio como intentar acelerar pisando el freno: por qu\u00e9, a veces, comer muy poco puede ser la raz\u00f3n por la que no logras bajar de peso como esperabas. As\u00ed que, si te encuentras en ese punto frustrante en el que parece que nada funciona, este art\u00edculo es para ti.<\/em><\/strong><\/p>\n<p><!--more--><\/p>\n<h2>El Esfuerzo No Siempre Equivale a Resultados<\/h2>\n<p>Has seguido todas las reglas: te has puesto las pilas con el ejercicio, te has llenado el plato de vegetales y has evitado esos postres tentadores. Sin embargo, el n\u00famero en la b\u00e1scula no se mueve. Es una situaci\u00f3n desalentadora que muchos conocen de primera mano, y puede hacerte pensar que est\u00e1s haciendo algo mal, aunque sigas el plan al pie de la letra.<\/p>\n<p>Cuando te enfrentas a esta realidad, acudir a un especialista en nutrici\u00f3n es un buen punto de partida para revisar tus h\u00e1bitos alimenticios. Pero, \u00bfqu\u00e9 pasa si incluso despu\u00e9s de hacer ajustes en tu dieta, todav\u00eda est\u00e1s atascado? Es posible que la respuesta sea que est\u00e1s comiendo demasiado poco.<\/p>\n<h2>El Problema del D\u00e9ficit Cal\u00f3rico<\/h2>\n<p>En teor\u00eda, para <a href=\"https:\/\/www.diario21.tv\/noticias\/pierde-peso-rapidamente-aqui-esta-la-duracion-ideal-de-una-dieta-segun-los-expertos\/\">perder peso<\/a> necesitas consumir menos calor\u00edas de las que tu cuerpo quema. Esto se conoce como estar en un d\u00e9ficit cal\u00f3rico. Sin embargo, esto no significa que debas reducir tu ingesta de manera dr\u00e1stica. Es crucial conocer tu tasa metab\u00f3lica basal, es decir, la cantidad de calor\u00edas que tu cuerpo necesita solo para mantener las funciones b\u00e1sicas en reposo. Comer por debajo de esa cantidad puede hacer que el metabolismo se ralentice como mecanismo de defensa.<\/p>\n<h2>Comer Muy Poco Puede Jugarte en Contra<\/h2>\n<p>Aunque suene contradictorio, reducir tu ingesta de alimentos a niveles muy bajos puede ser contraproducente. Al no recibir suficiente <a href=\"https:\/\/www.diario21.tv\/noticias\/increible-proyecto-transforma-basura-en-combustible-futurista-y-revoluciona-la-energia\/\">energ\u00eda<\/a>, tu cuerpo entra en modo de supervivencia, reduciendo el gasto energ\u00e9tico para conservar reservas. Esto puede llevar a un metabolismo m\u00e1s lento, lo que dificulta la p\u00e9rdida de peso y puede provocar antojos intensos, ya que tu cuerpo siente que necesita m\u00e1s energ\u00eda.<\/p>\n<h2>La Importancia del Sue\u00f1o en el Control de Peso<\/h2>\n<p>Dormir bien es tan importante como llevar una dieta equilibrada y hacer ejercicio. Durante el sue\u00f1o, tu cuerpo regula dos hormonas clave: la grelina, que estimula el apetito, y la leptina, que te hace sentir saciado. Si no descansas lo suficiente, los niveles de grelina aumentan, haciendo que te sientas m\u00e1s hambriento, mientras que los niveles de leptina disminuyen, afectando la sensaci\u00f3n de saciedad. Por eso, dormir mal puede sabotear tus esfuerzos para perder peso.<\/p>\n<h2>El Estr\u00e9s Tambi\u00e9n Juega un Papel<\/h2>\n<p>El estr\u00e9s prolongado puede elevar los niveles de cortisol, una hormona que, en exceso, fomenta el aumento de peso al incrementar el apetito, especialmente por alimentos ricos en az\u00facar y grasa. Si te encuentras bajo constante presi\u00f3n, es importante buscar maneras de relajarte, ya sea practicando yoga, meditaci\u00f3n o ejercicios de respiraci\u00f3n, que pueden ser \u00fatiles para mantener el estr\u00e9s bajo control.<\/p>\n<h2>La Prote\u00edna, Tu Aliada en la P\u00e9rdida de Peso<\/h2>\n<p>Incluir suficiente prote\u00edna en tu dieta puede marcar una gran diferencia en tu proceso de p\u00e9rdida de peso. Los alimentos ricos en prote\u00ednas ayudan a mantener la saciedad por m\u00e1s tiempo y a acelerar el metabolismo. Incorporar huevos, carnes magras o pescado como el salm\u00f3n en tu men\u00fa puede ser un excelente comienzo para cubrir tus necesidades proteicas.<\/p>\n<h2>Encontrando el Balance<\/h2>\n<p>A veces, menos no es m\u00e1s, especialmente cuando se trata de alimentaci\u00f3n y p\u00e9rdida de peso. La clave est\u00e1 en encontrar el equilibrio adecuado, asegur\u00e1ndote de darle a tu cuerpo lo que necesita para funcionar correctamente sin caer en la trampa de comer muy poco. Si haces peque\u00f1os ajustes y escuchas las se\u00f1ales de tu cuerpo, es posible que descubras la pieza que falta en tu rompecabezas de p\u00e9rdida de peso. \u00a1Sigue adelante y disfruta del camino hacia una vida m\u00e1s saludable!<\/p>\n\n\n<div class=\"kk-star-ratings kksr-auto kksr-align-left kksr-valign-bottom\"\n    data-payload='{&quot;align&quot;:&quot;left&quot;,&quot;id&quot;:&quot;720&quot;,&quot;slug&quot;:&quot;default&quot;,&quot;valign&quot;:&quot;bottom&quot;,&quot;ignore&quot;:&quot;&quot;,&quot;reference&quot;:&quot;auto&quot;,&quot;class&quot;:&quot;&quot;,&quot;count&quot;:&quot;0&quot;,&quot;legendonly&quot;:&quot;&quot;,&quot;readonly&quot;:&quot;&quot;,&quot;score&quot;:&quot;0&quot;,&quot;starsonly&quot;:&quot;&quot;,&quot;best&quot;:&quot;5&quot;,&quot;gap&quot;:&quot;5&quot;,&quot;greet&quot;:&quot;Valora este post&quot;,&quot;legend&quot;:&quot;0\\\/5 - (0 votes)&quot;,&quot;size&quot;:&quot;22&quot;,&quot;title&quot;:&quot;Por Qu\u00e9 Comer Muy Poco Puede Ralentizar la P\u00e9rdida de Peso&quot;,&quot;width&quot;:&quot;0&quot;,&quot;_legend&quot;:&quot;{score}\\\/{best} - ({count} {votes})&quot;,&quot;font_factor&quot;:&quot;1.25&quot;}'>\n            \n<div class=\"kksr-stars\">\n    \n<div class=\"kksr-stars-inactive\">\n            <div class=\"kksr-star\" data-star=\"1\" style=\"padding-right: 5px\">\n            \n\n<div class=\"kksr-icon\" style=\"width: 22px; height: 22px;\"><\/div>\n        <\/div>\n            <div class=\"kksr-star\" data-star=\"2\" style=\"padding-right: 5px\">\n            \n\n<div class=\"kksr-icon\" style=\"width: 22px; height: 22px;\"><\/div>\n        <\/div>\n            <div class=\"kksr-star\" data-star=\"3\" style=\"padding-right: 5px\">\n            \n\n<div class=\"kksr-icon\" style=\"width: 22px; height: 22px;\"><\/div>\n        <\/div>\n            <div class=\"kksr-star\" data-star=\"4\" style=\"padding-right: 5px\">\n            \n\n<div class=\"kksr-icon\" style=\"width: 22px; height: 22px;\"><\/div>\n        <\/div>\n            <div class=\"kksr-star\" data-star=\"5\" style=\"padding-right: 5px\">\n            \n\n<div class=\"kksr-icon\" style=\"width: 22px; height: 22px;\"><\/div>\n        <\/div>\n    <\/div>\n    \n<div class=\"kksr-stars-active\" style=\"width: 0px;\">\n            <div class=\"kksr-star\" style=\"padding-right: 5px\">\n            \n\n<div class=\"kksr-icon\" style=\"width: 22px; height: 22px;\"><\/div>\n        <\/div>\n            <div class=\"kksr-star\" style=\"padding-right: 5px\">\n            \n\n<div class=\"kksr-icon\" style=\"width: 22px; height: 22px;\"><\/div>\n        <\/div>\n            <div class=\"kksr-star\" style=\"padding-right: 5px\">\n            \n\n<div class=\"kksr-icon\" style=\"width: 22px; height: 22px;\"><\/div>\n        <\/div>\n            <div class=\"kksr-star\" style=\"padding-right: 5px\">\n            \n\n<div class=\"kksr-icon\" style=\"width: 22px; height: 22px;\"><\/div>\n        <\/div>\n            <div class=\"kksr-star\" style=\"padding-right: 5px\">\n            \n\n<div class=\"kksr-icon\" style=\"width: 22px; height: 22px;\"><\/div>\n        <\/div>\n    <\/div>\n<\/div>\n                \n\n<div class=\"kksr-legend\" style=\"font-size: 17.6px;\">\n            <span class=\"kksr-muted\">Valora este post<\/span>\n    <\/div>\n    <\/div>\n","protected":false},"excerpt":{"rendered":"<p>Hola, amantes de la salud y curiosos de la vida saludable. Hoy, vamos a hablar de un tema que podr\u00eda parecer tan contradictorio como intentar acelerar &#8230; <a title=\"Por Qu\u00e9 Comer Muy Poco Puede Ralentizar la P\u00e9rdida de Peso\" class=\"read-more\" href=\"https:\/\/www.diario21.tv\/noticias\/por-que-comer-muy-poco-puede-ralentizar-la-perdida-de-peso\/\" aria-label=\"Leer m\u00e1s sobre Por Qu\u00e9 Comer Muy Poco Puede Ralentizar la P\u00e9rdida de Peso\">Seguir leyendo &rarr;<\/a><\/p>\n","protected":false},"author":17,"featured_media":721,"comment_status":"open","ping_status":"open","sticky":false,"template":"","format":"standard","meta":{"footnotes":""},"categories":[12],"tags":[],"class_list":["post-720","post","type-post","status-publish","format-standard","has-post-thumbnail","hentry","category-tendencia"],"yoast_head":"<!-- This site is optimized with the Yoast SEO plugin v25.6 - https:\/\/yoast.com\/wordpress\/plugins\/seo\/ -->\n<title>Por Qu\u00e9 Comer Muy Poco Puede Ralentizar la P\u00e9rdida de Peso - Diario 21<\/title>\n<meta name=\"robots\" content=\"index, follow, max-snippet:-1, max-image-preview:large, max-video-preview:-1\" \/>\n<link rel=\"canonical\" href=\"https:\/\/www.diario21.tv\/noticias\/por-que-comer-muy-poco-puede-ralentizar-la-perdida-de-peso\/\" \/>\n<meta property=\"og:locale\" content=\"es_ES\" \/>\n<meta property=\"og:type\" content=\"article\" \/>\n<meta property=\"og:title\" content=\"Por Qu\u00e9 Comer Muy Poco Puede Ralentizar la P\u00e9rdida de Peso - Diario 21\" \/>\n<meta property=\"og:description\" content=\"Hola, amantes de la salud y curiosos de la vida saludable. Hoy, vamos a hablar de un tema que podr\u00eda parecer tan contradictorio como intentar acelerar ... Seguir leyendo &rarr;\" \/>\n<meta property=\"og:url\" content=\"https:\/\/www.diario21.tv\/noticias\/por-que-comer-muy-poco-puede-ralentizar-la-perdida-de-peso\/\" \/>\n<meta property=\"og:site_name\" content=\"Diario 21\" \/>\n<meta property=\"article:published_time\" content=\"2024-10-09T11:00:03+00:00\" \/>\n<meta property=\"og:image\" content=\"https:\/\/www.diario21.tv\/noticias\/wp-content\/uploads\/2024\/10\/Perder-peso.jpg\" \/>\n\t<meta property=\"og:image:width\" content=\"1200\" \/>\n\t<meta property=\"og:image:height\" content=\"801\" \/>\n\t<meta property=\"og:image:type\" content=\"image\/jpeg\" \/>\n<meta name=\"author\" content=\"Diego Ram\u00edrez\" \/>\n<meta name=\"twitter:card\" content=\"summary_large_image\" \/>\n<meta name=\"twitter:label1\" content=\"Escrito por\" \/>\n\t<meta name=\"twitter:data1\" content=\"Diego Ram\u00edrez\" \/>\n\t<meta name=\"twitter:label2\" content=\"Tiempo de lectura\" \/>\n\t<meta name=\"twitter:data2\" content=\"4 minutos\" \/>\n<script type=\"application\/ld+json\" class=\"yoast-schema-graph\">{\"@context\":\"https:\/\/schema.org\",\"@graph\":[{\"@type\":\"WebPage\",\"@id\":\"https:\/\/www.diario21.tv\/noticias\/por-que-comer-muy-poco-puede-ralentizar-la-perdida-de-peso\/\",\"url\":\"https:\/\/www.diario21.tv\/noticias\/por-que-comer-muy-poco-puede-ralentizar-la-perdida-de-peso\/\",\"name\":\"Por Qu\u00e9 Comer Muy Poco Puede Ralentizar la P\u00e9rdida de Peso - Diario 21\",\"isPartOf\":{\"@id\":\"https:\/\/www.diario21.tv\/noticias\/#website\"},\"primaryImageOfPage\":{\"@id\":\"https:\/\/www.diario21.tv\/noticias\/por-que-comer-muy-poco-puede-ralentizar-la-perdida-de-peso\/#primaryimage\"},\"image\":{\"@id\":\"https:\/\/www.diario21.tv\/noticias\/por-que-comer-muy-poco-puede-ralentizar-la-perdida-de-peso\/#primaryimage\"},\"thumbnailUrl\":\"https:\/\/www.diario21.tv\/noticias\/wp-content\/uploads\/2024\/10\/Perder-peso.jpg\",\"datePublished\":\"2024-10-09T11:00:03+00:00\",\"author\":{\"@id\":\"https:\/\/www.diario21.tv\/noticias\/#\/schema\/person\/82784493c2386321eca1931994300a93\"},\"breadcrumb\":{\"@id\":\"https:\/\/www.diario21.tv\/noticias\/por-que-comer-muy-poco-puede-ralentizar-la-perdida-de-peso\/#breadcrumb\"},\"inLanguage\":\"es-AR\",\"potentialAction\":[{\"@type\":\"ReadAction\",\"target\":[\"https:\/\/www.diario21.tv\/noticias\/por-que-comer-muy-poco-puede-ralentizar-la-perdida-de-peso\/\"]}]},{\"@type\":\"ImageObject\",\"inLanguage\":\"es-AR\",\"@id\":\"https:\/\/www.diario21.tv\/noticias\/por-que-comer-muy-poco-puede-ralentizar-la-perdida-de-peso\/#primaryimage\",\"url\":\"https:\/\/www.diario21.tv\/noticias\/wp-content\/uploads\/2024\/10\/Perder-peso.jpg\",\"contentUrl\":\"https:\/\/www.diario21.tv\/noticias\/wp-content\/uploads\/2024\/10\/Perder-peso.jpg\",\"width\":1200,\"height\":801,\"caption\":\"Por Qu\u00e9 Comer Muy Poco Puede Ralentizar la P\u00e9rdida de Peso\"},{\"@type\":\"BreadcrumbList\",\"@id\":\"https:\/\/www.diario21.tv\/noticias\/por-que-comer-muy-poco-puede-ralentizar-la-perdida-de-peso\/#breadcrumb\",\"itemListElement\":[{\"@type\":\"ListItem\",\"position\":1,\"name\":\"Accueil\",\"item\":\"https:\/\/www.diario21.tv\/noticias\/\"},{\"@type\":\"ListItem\",\"position\":2,\"name\":\"Por Qu\u00e9 Comer Muy Poco Puede Ralentizar la P\u00e9rdida de Peso\"}]},{\"@type\":\"WebSite\",\"@id\":\"https:\/\/www.diario21.tv\/noticias\/#website\",\"url\":\"https:\/\/www.diario21.tv\/noticias\/\",\"name\":\"Diario 21\",\"description\":\"\",\"potentialAction\":[{\"@type\":\"SearchAction\",\"target\":{\"@type\":\"EntryPoint\",\"urlTemplate\":\"https:\/\/www.diario21.tv\/noticias\/?s={search_term_string}\"},\"query-input\":{\"@type\":\"PropertyValueSpecification\",\"valueRequired\":true,\"valueName\":\"search_term_string\"}}],\"inLanguage\":\"es-AR\"},{\"@type\":\"Person\",\"@id\":\"https:\/\/www.diario21.tv\/noticias\/#\/schema\/person\/82784493c2386321eca1931994300a93\",\"name\":\"Diego Ram\u00edrez\",\"image\":{\"@type\":\"ImageObject\",\"inLanguage\":\"es-AR\",\"@id\":\"https:\/\/www.diario21.tv\/noticias\/#\/schema\/person\/image\/\",\"url\":\"https:\/\/secure.gravatar.com\/avatar\/19f9d4b705c0e181063e13bbda16fe42?s=96&d=mm&r=g\",\"contentUrl\":\"https:\/\/secure.gravatar.com\/avatar\/19f9d4b705c0e181063e13bbda16fe42?s=96&d=mm&r=g\",\"caption\":\"Diego Ram\u00edrez\"},\"description\":\"Diego Ram\u00edrez es el encargado de la secci\u00f3n de deportes en Diario 21. Con una amplia experiencia cubriendo eventos deportivos nacionales e internacionales, Diego ofrece una mirada apasionada y detallada del mundo deportivo.\",\"url\":\"https:\/\/www.diario21.tv\/noticias\/author\/contacthotwine-net\/\"}]}<\/script>\n<!-- \/ Yoast SEO plugin. -->","yoast_head_json":{"title":"Por Qu\u00e9 Comer Muy Poco Puede Ralentizar la P\u00e9rdida de Peso - Diario 21","robots":{"index":"index","follow":"follow","max-snippet":"max-snippet:-1","max-image-preview":"max-image-preview:large","max-video-preview":"max-video-preview:-1"},"canonical":"https:\/\/www.diario21.tv\/noticias\/por-que-comer-muy-poco-puede-ralentizar-la-perdida-de-peso\/","og_locale":"es_ES","og_type":"article","og_title":"Por Qu\u00e9 Comer Muy Poco Puede Ralentizar la P\u00e9rdida de Peso - Diario 21","og_description":"Hola, amantes de la salud y curiosos de la vida saludable. Hoy, vamos a hablar de un tema que podr\u00eda parecer tan contradictorio como intentar acelerar ... Seguir leyendo &rarr;","og_url":"https:\/\/www.diario21.tv\/noticias\/por-que-comer-muy-poco-puede-ralentizar-la-perdida-de-peso\/","og_site_name":"Diario 21","article_published_time":"2024-10-09T11:00:03+00:00","og_image":[{"width":1200,"height":801,"url":"https:\/\/www.diario21.tv\/noticias\/wp-content\/uploads\/2024\/10\/Perder-peso.jpg","type":"image\/jpeg"}],"author":"Diego Ram\u00edrez","twitter_card":"summary_large_image","twitter_misc":{"Escrito por":"Diego Ram\u00edrez","Tiempo de lectura":"4 minutos"},"schema":{"@context":"https:\/\/schema.org","@graph":[{"@type":"WebPage","@id":"https:\/\/www.diario21.tv\/noticias\/por-que-comer-muy-poco-puede-ralentizar-la-perdida-de-peso\/","url":"https:\/\/www.diario21.tv\/noticias\/por-que-comer-muy-poco-puede-ralentizar-la-perdida-de-peso\/","name":"Por Qu\u00e9 Comer Muy Poco Puede Ralentizar la P\u00e9rdida de Peso - Diario 21","isPartOf":{"@id":"https:\/\/www.diario21.tv\/noticias\/#website"},"primaryImageOfPage":{"@id":"https:\/\/www.diario21.tv\/noticias\/por-que-comer-muy-poco-puede-ralentizar-la-perdida-de-peso\/#primaryimage"},"image":{"@id":"https:\/\/www.diario21.tv\/noticias\/por-que-comer-muy-poco-puede-ralentizar-la-perdida-de-peso\/#primaryimage"},"thumbnailUrl":"https:\/\/www.diario21.tv\/noticias\/wp-content\/uploads\/2024\/10\/Perder-peso.jpg","datePublished":"2024-10-09T11:00:03+00:00","author":{"@id":"https:\/\/www.diario21.tv\/noticias\/#\/schema\/person\/82784493c2386321eca1931994300a93"},"breadcrumb":{"@id":"https:\/\/www.diario21.tv\/noticias\/por-que-comer-muy-poco-puede-ralentizar-la-perdida-de-peso\/#breadcrumb"},"inLanguage":"es-AR","potentialAction":[{"@type":"ReadAction","target":["https:\/\/www.diario21.tv\/noticias\/por-que-comer-muy-poco-puede-ralentizar-la-perdida-de-peso\/"]}]},{"@type":"ImageObject","inLanguage":"es-AR","@id":"https:\/\/www.diario21.tv\/noticias\/por-que-comer-muy-poco-puede-ralentizar-la-perdida-de-peso\/#primaryimage","url":"https:\/\/www.diario21.tv\/noticias\/wp-content\/uploads\/2024\/10\/Perder-peso.jpg","contentUrl":"https:\/\/www.diario21.tv\/noticias\/wp-content\/uploads\/2024\/10\/Perder-peso.jpg","width":1200,"height":801,"caption":"Por Qu\u00e9 Comer Muy Poco Puede Ralentizar la P\u00e9rdida de Peso"},{"@type":"BreadcrumbList","@id":"https:\/\/www.diario21.tv\/noticias\/por-que-comer-muy-poco-puede-ralentizar-la-perdida-de-peso\/#breadcrumb","itemListElement":[{"@type":"ListItem","position":1,"name":"Accueil","item":"https:\/\/www.diario21.tv\/noticias\/"},{"@type":"ListItem","position":2,"name":"Por Qu\u00e9 Comer Muy Poco Puede Ralentizar la P\u00e9rdida de Peso"}]},{"@type":"WebSite","@id":"https:\/\/www.diario21.tv\/noticias\/#website","url":"https:\/\/www.diario21.tv\/noticias\/","name":"Diario 21","description":"","potentialAction":[{"@type":"SearchAction","target":{"@type":"EntryPoint","urlTemplate":"https:\/\/www.diario21.tv\/noticias\/?s={search_term_string}"},"query-input":{"@type":"PropertyValueSpecification","valueRequired":true,"valueName":"search_term_string"}}],"inLanguage":"es-AR"},{"@type":"Person","@id":"https:\/\/www.diario21.tv\/noticias\/#\/schema\/person\/82784493c2386321eca1931994300a93","name":"Diego Ram\u00edrez","image":{"@type":"ImageObject","inLanguage":"es-AR","@id":"https:\/\/www.diario21.tv\/noticias\/#\/schema\/person\/image\/","url":"https:\/\/secure.gravatar.com\/avatar\/19f9d4b705c0e181063e13bbda16fe42?s=96&d=mm&r=g","contentUrl":"https:\/\/secure.gravatar.com\/avatar\/19f9d4b705c0e181063e13bbda16fe42?s=96&d=mm&r=g","caption":"Diego Ram\u00edrez"},"description":"Diego Ram\u00edrez es el encargado de la secci\u00f3n de deportes en Diario 21. Con una amplia experiencia cubriendo eventos deportivos nacionales e internacionales, Diego ofrece una mirada apasionada y detallada del mundo deportivo.","url":"https:\/\/www.diario21.tv\/noticias\/author\/contacthotwine-net\/"}]}},"_links":{"self":[{"href":"https:\/\/www.diario21.tv\/noticias\/wp-json\/wp\/v2\/posts\/720"}],"collection":[{"href":"https:\/\/www.diario21.tv\/noticias\/wp-json\/wp\/v2\/posts"}],"about":[{"href":"https:\/\/www.diario21.tv\/noticias\/wp-json\/wp\/v2\/types\/post"}],"author":[{"embeddable":true,"href":"https:\/\/www.diario21.tv\/noticias\/wp-json\/wp\/v2\/users\/17"}],"replies":[{"embeddable":true,"href":"https:\/\/www.diario21.tv\/noticias\/wp-json\/wp\/v2\/comments?post=720"}],"version-history":[{"count":1,"href":"https:\/\/www.diario21.tv\/noticias\/wp-json\/wp\/v2\/posts\/720\/revisions"}],"predecessor-version":[{"id":722,"href":"https:\/\/www.diario21.tv\/noticias\/wp-json\/wp\/v2\/posts\/720\/revisions\/722"}],"wp:featuredmedia":[{"embeddable":true,"href":"https:\/\/www.diario21.tv\/noticias\/wp-json\/wp\/v2\/media\/721"}],"wp:attachment":[{"href":"https:\/\/www.diario21.tv\/noticias\/wp-json\/wp\/v2\/media?parent=720"}],"wp:term":[{"taxonomy":"category","embeddable":true,"href":"https:\/\/www.diario21.tv\/noticias\/wp-json\/wp\/v2\/categories?post=720"},{"taxonomy":"post_tag","embeddable":true,"href":"https:\/\/www.diario21.tv\/noticias\/wp-json\/wp\/v2\/tags?post=720"}],"curies":[{"name":"wp","href":"https:\/\/api.w.org\/{rel}","templated":true}]}}