{"id":7088,"date":"2026-05-03T07:14:21","date_gmt":"2026-05-03T07:14:21","guid":{"rendered":"https:\/\/www.diario21.tv\/noticias\/escandalo-nacional-hombre-imputado-por-filmar-abusos-y-violaciones-a-34-ninos\/"},"modified":"2026-05-03T07:14:25","modified_gmt":"2026-05-03T07:14:25","slug":"escandalo-nacional-hombre-imputado-por-filmar-abusos-y-violaciones-a-34-ninos","status":"publish","type":"post","link":"https:\/\/www.diario21.tv\/noticias\/escandalo-nacional-hombre-imputado-por-filmar-abusos-y-violaciones-a-34-ninos\/","title":{"rendered":"\u00a1Esc\u00e1ndalo nacional! Hombre imputado por filmar abusos y violaciones a 34 ni\u00f1os"},"content":{"rendered":"<h2>Acusan a Individuo por Agresiones y Violaciones Registradas a 34 Menores<\/h2>\n<p>Un hombre ha sido formalmente acusado tras descubrirse que cometi\u00f3 actos de abuso y violaciones contra un total de 34 ni\u00f1os, las cuales, alarmantemente, fueron filmadas. Este caso ha generado una gran conmoci\u00f3n en la comunidad local y ha puesto de relieve la necesidad de medidas de protecci\u00f3n m\u00e1s estrictas para los menores.<\/p>\n<h3>Detalles del Caso<\/h3>\n<p>El sospechoso, cuya identidad no ha sido revelada para proteger la integridad del proceso judicial, enfrenta m\u00faltiples cargos despu\u00e9s de que investigaciones revelaran su participaci\u00f3n en delitos sexuales contra menores. La evidencia incluye numerosos videos que el acusado hab\u00eda grabado durante la comisi\u00f3n de estos cr\u00edmenes atroces.<\/p>\n<p>Las autoridades fueron alertadas inicialmente por denuncias de vecinos preocupados, quienes observaron comportamientos inusuales y posiblemente delictivos. Tras una investigaci\u00f3n preliminar, la polic\u00eda procedi\u00f3 a realizar un allanamiento en la residencia del sospechoso, donde se encontraron dispositivos electr\u00f3nicos conteniendo los videos incriminatorios.<\/p>\n<h3>Reacciones y Consecuencias<\/h3>\n<p>La noticia de estos hechos ha desatado una ola de indignaci\u00f3n y preocupaci\u00f3n entre los ciudadanos y ha despertado debates sobre la eficacia de las leyes de protecci\u00f3n infantil vigentes. Organizaciones dedicadas a la defensa de los derechos de los ni\u00f1os han exigido un endurecimiento de las penas para delitos de esta naturaleza y han llamado a una revisi\u00f3n exhaustiva de los protocolos de vigilancia y respuesta.<\/p>\n<p>Las v\u00edctimas, cuyas edades y detalles espec\u00edficos no se han divulgado para proteger su privacidad y bienestar emocional, est\u00e1n recibiendo apoyo psicol\u00f3gico y legal especializado. Es fundamental que estos ni\u00f1os reciban la ayuda necesaria para superar el trauma experimentado y puedan continuar con sus vidas de la manera m\u00e1s normal posible.<\/p>\n<h3>Medidas Legales y Futuro del Caso<\/h3>\n<p>El acusado se encuentra actualmente en custodia, a la espera de juicio. Las autoridades han asegurado que se est\u00e1 llevando a cabo una investigaci\u00f3n exhaustiva para asegurar que se haga justicia y que todos los implicados en el caso sean identificados y procesados.<\/p>\n<p>Este caso ha servido tambi\u00e9n para resaltar la importancia de la vigilancia comunitaria y la colaboraci\u00f3n ciudadana en la detecci\u00f3n y denuncia de actividades delictivas. La polic\u00eda ha agradecido la ayuda del p\u00fablico y ha reiterado su compromiso con la seguridad de los menores en la comunidad.<\/p>\n<p>Como sociedad, este incidente nos recuerda la necesidad de estar constantemente vigilantes y de apoyar a las instituciones encargadas de proteger a los m\u00e1s vulnerables entre nosotros. La lucha contra la explotaci\u00f3n infantil es un compromiso de todos y requiere de la acci\u00f3n conjunta de individuos, comunidades y gobiernos para erradicar estas atrocidades.<\/p>\n\n\n<div class=\"kk-star-ratings kksr-auto kksr-align-left kksr-valign-bottom\"\n    data-payload='{&quot;align&quot;:&quot;left&quot;,&quot;id&quot;:&quot;7088&quot;,&quot;slug&quot;:&quot;default&quot;,&quot;valign&quot;:&quot;bottom&quot;,&quot;ignore&quot;:&quot;&quot;,&quot;reference&quot;:&quot;auto&quot;,&quot;class&quot;:&quot;&quot;,&quot;count&quot;:&quot;0&quot;,&quot;legendonly&quot;:&quot;&quot;,&quot;readonly&quot;:&quot;&quot;,&quot;score&quot;:&quot;0&quot;,&quot;starsonly&quot;:&quot;&quot;,&quot;best&quot;:&quot;5&quot;,&quot;gap&quot;:&quot;5&quot;,&quot;greet&quot;:&quot;Valora este post&quot;,&quot;legend&quot;:&quot;0\\\/5 - (0 votes)&quot;,&quot;size&quot;:&quot;22&quot;,&quot;title&quot;:&quot;\u00a1Esc\u00e1ndalo nacional! Hombre imputado por filmar abusos y violaciones a 34 ni\u00f1os&quot;,&quot;width&quot;:&quot;0&quot;,&quot;_legend&quot;:&quot;{score}\\\/{best} - ({count} {votes})&quot;,&quot;font_factor&quot;:&quot;1.25&quot;}'>\n            \n<div class=\"kksr-stars\">\n    \n<div class=\"kksr-stars-inactive\">\n            <div class=\"kksr-star\" data-star=\"1\" style=\"padding-right: 5px\">\n            \n\n<div class=\"kksr-icon\" style=\"width: 22px; height: 22px;\"><\/div>\n        <\/div>\n            <div class=\"kksr-star\" data-star=\"2\" style=\"padding-right: 5px\">\n            \n\n<div class=\"kksr-icon\" style=\"width: 22px; height: 22px;\"><\/div>\n        <\/div>\n            <div class=\"kksr-star\" data-star=\"3\" style=\"padding-right: 5px\">\n            \n\n<div class=\"kksr-icon\" style=\"width: 22px; height: 22px;\"><\/div>\n        <\/div>\n            <div class=\"kksr-star\" data-star=\"4\" style=\"padding-right: 5px\">\n            \n\n<div class=\"kksr-icon\" style=\"width: 22px; height: 22px;\"><\/div>\n        <\/div>\n            <div class=\"kksr-star\" data-star=\"5\" style=\"padding-right: 5px\">\n            \n\n<div class=\"kksr-icon\" style=\"width: 22px; height: 22px;\"><\/div>\n        <\/div>\n    <\/div>\n    \n<div class=\"kksr-stars-active\" style=\"width: 0px;\">\n            <div class=\"kksr-star\" style=\"padding-right: 5px\">\n            \n\n<div class=\"kksr-icon\" style=\"width: 22px; height: 22px;\"><\/div>\n        <\/div>\n            <div class=\"kksr-star\" style=\"padding-right: 5px\">\n            \n\n<div class=\"kksr-icon\" style=\"width: 22px; height: 22px;\"><\/div>\n        <\/div>\n            <div class=\"kksr-star\" style=\"padding-right: 5px\">\n            \n\n<div class=\"kksr-icon\" style=\"width: 22px; height: 22px;\"><\/div>\n        <\/div>\n            <div class=\"kksr-star\" style=\"padding-right: 5px\">\n            \n\n<div class=\"kksr-icon\" style=\"width: 22px; height: 22px;\"><\/div>\n        <\/div>\n            <div class=\"kksr-star\" style=\"padding-right: 5px\">\n            \n\n<div class=\"kksr-icon\" style=\"width: 22px; height: 22px;\"><\/div>\n        <\/div>\n    <\/div>\n<\/div>\n                \n\n<div class=\"kksr-legend\" style=\"font-size: 17.6px;\">\n            <span class=\"kksr-muted\">Valora este post<\/span>\n    <\/div>\n    <\/div>\n","protected":false},"excerpt":{"rendered":"<p>Acusan a Individuo por Agresiones y Violaciones Registradas a 34 Menores Un hombre ha sido formalmente acusado tras descubrirse que cometi\u00f3 actos de abuso y violaciones &#8230; <a title=\"\u00a1Esc\u00e1ndalo nacional! Hombre imputado por filmar abusos y violaciones a 34 ni\u00f1os\" class=\"read-more\" href=\"https:\/\/www.diario21.tv\/noticias\/escandalo-nacional-hombre-imputado-por-filmar-abusos-y-violaciones-a-34-ninos\/\" aria-label=\"Leer m\u00e1s sobre \u00a1Esc\u00e1ndalo nacional! Hombre imputado por filmar abusos y violaciones a 34 ni\u00f1os\">Seguir leyendo &rarr;<\/a><\/p>\n","protected":false},"author":20,"featured_media":7089,"comment_status":"open","ping_status":"open","sticky":false,"template":"","format":"standard","meta":{"footnotes":""},"categories":[13],"tags":[],"class_list":["post-7088","post","type-post","status-publish","format-standard","has-post-thumbnail","hentry","category-portada"],"yoast_head":"<!-- This site is optimized with the Yoast SEO plugin v25.6 - https:\/\/yoast.com\/wordpress\/plugins\/seo\/ -->\n<title>\u00a1Esc\u00e1ndalo nacional! Hombre imputado por filmar abusos y violaciones a 34 ni\u00f1os - Diario 21<\/title>\n<meta name=\"robots\" content=\"index, follow, max-snippet:-1, max-image-preview:large, max-video-preview:-1\" \/>\n<link rel=\"canonical\" href=\"https:\/\/www.diario21.tv\/noticias\/escandalo-nacional-hombre-imputado-por-filmar-abusos-y-violaciones-a-34-ninos\/\" \/>\n<meta property=\"og:locale\" content=\"es_ES\" \/>\n<meta property=\"og:type\" content=\"article\" \/>\n<meta property=\"og:title\" content=\"\u00a1Esc\u00e1ndalo nacional! Hombre imputado por filmar abusos y violaciones a 34 ni\u00f1os - Diario 21\" \/>\n<meta property=\"og:description\" content=\"Acusan a Individuo por Agresiones y Violaciones Registradas a 34 Menores Un hombre ha sido formalmente acusado tras descubrirse que cometi\u00f3 actos de abuso y violaciones ... Seguir leyendo &rarr;\" \/>\n<meta property=\"og:url\" content=\"https:\/\/www.diario21.tv\/noticias\/escandalo-nacional-hombre-imputado-por-filmar-abusos-y-violaciones-a-34-ninos\/\" \/>\n<meta property=\"og:site_name\" content=\"Diario 21\" \/>\n<meta property=\"article:published_time\" content=\"2026-05-03T07:14:21+00:00\" \/>\n<meta property=\"article:modified_time\" content=\"2026-05-03T07:14:25+00:00\" \/>\n<meta property=\"og:image\" content=\"https:\/\/www.diario21.tv\/noticias\/wp-content\/uploads\/2026\/05\/\u00a1Escandalo-nacional-Hombre-imputado-por-filmar-abusos-y-violaciones-a.jpg\" \/>\n\t<meta property=\"og:image:width\" content=\"800\" \/>\n\t<meta property=\"og:image:height\" content=\"533\" \/>\n\t<meta property=\"og:image:type\" content=\"image\/jpeg\" \/>\n<meta name=\"author\" content=\"Juan P\u00e9rez\" \/>\n<meta name=\"twitter:card\" content=\"summary_large_image\" \/>\n<meta name=\"twitter:label1\" content=\"Escrito por\" \/>\n\t<meta name=\"twitter:data1\" content=\"Juan P\u00e9rez\" \/>\n\t<meta name=\"twitter:label2\" content=\"Tiempo de lectura\" \/>\n\t<meta name=\"twitter:data2\" content=\"2 minutos\" \/>\n<script type=\"application\/ld+json\" class=\"yoast-schema-graph\">{\"@context\":\"https:\/\/schema.org\",\"@graph\":[{\"@type\":\"WebPage\",\"@id\":\"https:\/\/www.diario21.tv\/noticias\/escandalo-nacional-hombre-imputado-por-filmar-abusos-y-violaciones-a-34-ninos\/\",\"url\":\"https:\/\/www.diario21.tv\/noticias\/escandalo-nacional-hombre-imputado-por-filmar-abusos-y-violaciones-a-34-ninos\/\",\"name\":\"\u00a1Esc\u00e1ndalo nacional! Hombre imputado por filmar abusos y violaciones a 34 ni\u00f1os - Diario 21\",\"isPartOf\":{\"@id\":\"https:\/\/www.diario21.tv\/noticias\/#website\"},\"primaryImageOfPage\":{\"@id\":\"https:\/\/www.diario21.tv\/noticias\/escandalo-nacional-hombre-imputado-por-filmar-abusos-y-violaciones-a-34-ninos\/#primaryimage\"},\"image\":{\"@id\":\"https:\/\/www.diario21.tv\/noticias\/escandalo-nacional-hombre-imputado-por-filmar-abusos-y-violaciones-a-34-ninos\/#primaryimage\"},\"thumbnailUrl\":\"https:\/\/www.diario21.tv\/noticias\/wp-content\/uploads\/2026\/05\/\u00a1Escandalo-nacional-Hombre-imputado-por-filmar-abusos-y-violaciones-a.jpg\",\"datePublished\":\"2026-05-03T07:14:21+00:00\",\"dateModified\":\"2026-05-03T07:14:25+00:00\",\"author\":{\"@id\":\"https:\/\/www.diario21.tv\/noticias\/#\/schema\/person\/dfb778f73814d8f09f302618446a526b\"},\"breadcrumb\":{\"@id\":\"https:\/\/www.diario21.tv\/noticias\/escandalo-nacional-hombre-imputado-por-filmar-abusos-y-violaciones-a-34-ninos\/#breadcrumb\"},\"inLanguage\":\"es-AR\",\"potentialAction\":[{\"@type\":\"ReadAction\",\"target\":[\"https:\/\/www.diario21.tv\/noticias\/escandalo-nacional-hombre-imputado-por-filmar-abusos-y-violaciones-a-34-ninos\/\"]}]},{\"@type\":\"ImageObject\",\"inLanguage\":\"es-AR\",\"@id\":\"https:\/\/www.diario21.tv\/noticias\/escandalo-nacional-hombre-imputado-por-filmar-abusos-y-violaciones-a-34-ninos\/#primaryimage\",\"url\":\"https:\/\/www.diario21.tv\/noticias\/wp-content\/uploads\/2026\/05\/\u00a1Escandalo-nacional-Hombre-imputado-por-filmar-abusos-y-violaciones-a.jpg\",\"contentUrl\":\"https:\/\/www.diario21.tv\/noticias\/wp-content\/uploads\/2026\/05\/\u00a1Escandalo-nacional-Hombre-imputado-por-filmar-abusos-y-violaciones-a.jpg\",\"width\":800,\"height\":533,\"caption\":\"Imputan a un hombre por abusos y violaciones filmadas a 34 ni\u00f1os\"},{\"@type\":\"BreadcrumbList\",\"@id\":\"https:\/\/www.diario21.tv\/noticias\/escandalo-nacional-hombre-imputado-por-filmar-abusos-y-violaciones-a-34-ninos\/#breadcrumb\",\"itemListElement\":[{\"@type\":\"ListItem\",\"position\":1,\"name\":\"Accueil\",\"item\":\"https:\/\/www.diario21.tv\/noticias\/\"},{\"@type\":\"ListItem\",\"position\":2,\"name\":\"\u00a1Esc\u00e1ndalo nacional! Hombre imputado por filmar abusos y violaciones a 34 ni\u00f1os\"}]},{\"@type\":\"WebSite\",\"@id\":\"https:\/\/www.diario21.tv\/noticias\/#website\",\"url\":\"https:\/\/www.diario21.tv\/noticias\/\",\"name\":\"Diario 21\",\"description\":\"\",\"potentialAction\":[{\"@type\":\"SearchAction\",\"target\":{\"@type\":\"EntryPoint\",\"urlTemplate\":\"https:\/\/www.diario21.tv\/noticias\/?s={search_term_string}\"},\"query-input\":{\"@type\":\"PropertyValueSpecification\",\"valueRequired\":true,\"valueName\":\"search_term_string\"}}],\"inLanguage\":\"es-AR\"},{\"@type\":\"Person\",\"@id\":\"https:\/\/www.diario21.tv\/noticias\/#\/schema\/person\/dfb778f73814d8f09f302618446a526b\",\"name\":\"Juan P\u00e9rez\",\"image\":{\"@type\":\"ImageObject\",\"inLanguage\":\"es-AR\",\"@id\":\"https:\/\/www.diario21.tv\/noticias\/#\/schema\/person\/image\/\",\"url\":\"https:\/\/secure.gravatar.com\/avatar\/c478a405bd10621167f4c3167cc770f5?s=96&d=mm&r=g\",\"contentUrl\":\"https:\/\/secure.gravatar.com\/avatar\/c478a405bd10621167f4c3167cc770f5?s=96&d=mm&r=g\",\"caption\":\"Juan P\u00e9rez\"},\"description\":\"Juan P\u00e9rez es el redactor en jefe de Diario 21. Con m\u00e1s de 10 a\u00f1os de experiencia en el periodismo, se especializa en pol\u00edtica nacional y an\u00e1lisis socioecon\u00f3mico. Su enfoque cr\u00edtico y riguroso aporta una perspectiva \u00fanica a cada art\u00edculo.\",\"sameAs\":[\"https:\/\/www.diario21.tv\/noticias\/\"],\"url\":\"https:\/\/www.diario21.tv\/noticias\/author\/juan-perez\/\"}]}<\/script>\n<!-- \/ Yoast SEO plugin. -->","yoast_head_json":{"title":"\u00a1Esc\u00e1ndalo nacional! Hombre imputado por filmar abusos y violaciones a 34 ni\u00f1os - Diario 21","robots":{"index":"index","follow":"follow","max-snippet":"max-snippet:-1","max-image-preview":"max-image-preview:large","max-video-preview":"max-video-preview:-1"},"canonical":"https:\/\/www.diario21.tv\/noticias\/escandalo-nacional-hombre-imputado-por-filmar-abusos-y-violaciones-a-34-ninos\/","og_locale":"es_ES","og_type":"article","og_title":"\u00a1Esc\u00e1ndalo nacional! Hombre imputado por filmar abusos y violaciones a 34 ni\u00f1os - Diario 21","og_description":"Acusan a Individuo por Agresiones y Violaciones Registradas a 34 Menores Un hombre ha sido formalmente acusado tras descubrirse que cometi\u00f3 actos de abuso y violaciones ... Seguir leyendo &rarr;","og_url":"https:\/\/www.diario21.tv\/noticias\/escandalo-nacional-hombre-imputado-por-filmar-abusos-y-violaciones-a-34-ninos\/","og_site_name":"Diario 21","article_published_time":"2026-05-03T07:14:21+00:00","article_modified_time":"2026-05-03T07:14:25+00:00","og_image":[{"width":800,"height":533,"url":"https:\/\/www.diario21.tv\/noticias\/wp-content\/uploads\/2026\/05\/\u00a1Escandalo-nacional-Hombre-imputado-por-filmar-abusos-y-violaciones-a.jpg","type":"image\/jpeg"}],"author":"Juan P\u00e9rez","twitter_card":"summary_large_image","twitter_misc":{"Escrito por":"Juan P\u00e9rez","Tiempo de lectura":"2 minutos"},"schema":{"@context":"https:\/\/schema.org","@graph":[{"@type":"WebPage","@id":"https:\/\/www.diario21.tv\/noticias\/escandalo-nacional-hombre-imputado-por-filmar-abusos-y-violaciones-a-34-ninos\/","url":"https:\/\/www.diario21.tv\/noticias\/escandalo-nacional-hombre-imputado-por-filmar-abusos-y-violaciones-a-34-ninos\/","name":"\u00a1Esc\u00e1ndalo nacional! Hombre imputado por filmar abusos y violaciones a 34 ni\u00f1os - Diario 21","isPartOf":{"@id":"https:\/\/www.diario21.tv\/noticias\/#website"},"primaryImageOfPage":{"@id":"https:\/\/www.diario21.tv\/noticias\/escandalo-nacional-hombre-imputado-por-filmar-abusos-y-violaciones-a-34-ninos\/#primaryimage"},"image":{"@id":"https:\/\/www.diario21.tv\/noticias\/escandalo-nacional-hombre-imputado-por-filmar-abusos-y-violaciones-a-34-ninos\/#primaryimage"},"thumbnailUrl":"https:\/\/www.diario21.tv\/noticias\/wp-content\/uploads\/2026\/05\/\u00a1Escandalo-nacional-Hombre-imputado-por-filmar-abusos-y-violaciones-a.jpg","datePublished":"2026-05-03T07:14:21+00:00","dateModified":"2026-05-03T07:14:25+00:00","author":{"@id":"https:\/\/www.diario21.tv\/noticias\/#\/schema\/person\/dfb778f73814d8f09f302618446a526b"},"breadcrumb":{"@id":"https:\/\/www.diario21.tv\/noticias\/escandalo-nacional-hombre-imputado-por-filmar-abusos-y-violaciones-a-34-ninos\/#breadcrumb"},"inLanguage":"es-AR","potentialAction":[{"@type":"ReadAction","target":["https:\/\/www.diario21.tv\/noticias\/escandalo-nacional-hombre-imputado-por-filmar-abusos-y-violaciones-a-34-ninos\/"]}]},{"@type":"ImageObject","inLanguage":"es-AR","@id":"https:\/\/www.diario21.tv\/noticias\/escandalo-nacional-hombre-imputado-por-filmar-abusos-y-violaciones-a-34-ninos\/#primaryimage","url":"https:\/\/www.diario21.tv\/noticias\/wp-content\/uploads\/2026\/05\/\u00a1Escandalo-nacional-Hombre-imputado-por-filmar-abusos-y-violaciones-a.jpg","contentUrl":"https:\/\/www.diario21.tv\/noticias\/wp-content\/uploads\/2026\/05\/\u00a1Escandalo-nacional-Hombre-imputado-por-filmar-abusos-y-violaciones-a.jpg","width":800,"height":533,"caption":"Imputan a un hombre por abusos y violaciones filmadas a 34 ni\u00f1os"},{"@type":"BreadcrumbList","@id":"https:\/\/www.diario21.tv\/noticias\/escandalo-nacional-hombre-imputado-por-filmar-abusos-y-violaciones-a-34-ninos\/#breadcrumb","itemListElement":[{"@type":"ListItem","position":1,"name":"Accueil","item":"https:\/\/www.diario21.tv\/noticias\/"},{"@type":"ListItem","position":2,"name":"\u00a1Esc\u00e1ndalo nacional! Hombre imputado por filmar abusos y violaciones a 34 ni\u00f1os"}]},{"@type":"WebSite","@id":"https:\/\/www.diario21.tv\/noticias\/#website","url":"https:\/\/www.diario21.tv\/noticias\/","name":"Diario 21","description":"","potentialAction":[{"@type":"SearchAction","target":{"@type":"EntryPoint","urlTemplate":"https:\/\/www.diario21.tv\/noticias\/?s={search_term_string}"},"query-input":{"@type":"PropertyValueSpecification","valueRequired":true,"valueName":"search_term_string"}}],"inLanguage":"es-AR"},{"@type":"Person","@id":"https:\/\/www.diario21.tv\/noticias\/#\/schema\/person\/dfb778f73814d8f09f302618446a526b","name":"Juan P\u00e9rez","image":{"@type":"ImageObject","inLanguage":"es-AR","@id":"https:\/\/www.diario21.tv\/noticias\/#\/schema\/person\/image\/","url":"https:\/\/secure.gravatar.com\/avatar\/c478a405bd10621167f4c3167cc770f5?s=96&d=mm&r=g","contentUrl":"https:\/\/secure.gravatar.com\/avatar\/c478a405bd10621167f4c3167cc770f5?s=96&d=mm&r=g","caption":"Juan P\u00e9rez"},"description":"Juan P\u00e9rez es el redactor en jefe de Diario 21. Con m\u00e1s de 10 a\u00f1os de experiencia en el periodismo, se especializa en pol\u00edtica nacional y an\u00e1lisis socioecon\u00f3mico. Su enfoque cr\u00edtico y riguroso aporta una perspectiva \u00fanica a cada art\u00edculo.","sameAs":["https:\/\/www.diario21.tv\/noticias\/"],"url":"https:\/\/www.diario21.tv\/noticias\/author\/juan-perez\/"}]}},"_links":{"self":[{"href":"https:\/\/www.diario21.tv\/noticias\/wp-json\/wp\/v2\/posts\/7088"}],"collection":[{"href":"https:\/\/www.diario21.tv\/noticias\/wp-json\/wp\/v2\/posts"}],"about":[{"href":"https:\/\/www.diario21.tv\/noticias\/wp-json\/wp\/v2\/types\/post"}],"author":[{"embeddable":true,"href":"https:\/\/www.diario21.tv\/noticias\/wp-json\/wp\/v2\/users\/20"}],"replies":[{"embeddable":true,"href":"https:\/\/www.diario21.tv\/noticias\/wp-json\/wp\/v2\/comments?post=7088"}],"version-history":[{"count":1,"href":"https:\/\/www.diario21.tv\/noticias\/wp-json\/wp\/v2\/posts\/7088\/revisions"}],"predecessor-version":[{"id":7090,"href":"https:\/\/www.diario21.tv\/noticias\/wp-json\/wp\/v2\/posts\/7088\/revisions\/7090"}],"wp:featuredmedia":[{"embeddable":true,"href":"https:\/\/www.diario21.tv\/noticias\/wp-json\/wp\/v2\/media\/7089"}],"wp:attachment":[{"href":"https:\/\/www.diario21.tv\/noticias\/wp-json\/wp\/v2\/media?parent=7088"}],"wp:term":[{"taxonomy":"category","embeddable":true,"href":"https:\/\/www.diario21.tv\/noticias\/wp-json\/wp\/v2\/categories?post=7088"},{"taxonomy":"post_tag","embeddable":true,"href":"https:\/\/www.diario21.tv\/noticias\/wp-json\/wp\/v2\/tags?post=7088"}],"curies":[{"name":"wp","href":"https:\/\/api.w.org\/{rel}","templated":true}]}}