{"id":7085,"date":"2026-05-03T01:13:17","date_gmt":"2026-05-03T01:13:17","guid":{"rendered":"https:\/\/www.diario21.tv\/noticias\/escandalo-en-el-cnio-patronos-privados-abandonan-el-centro-en-crisis-de-reputacion\/"},"modified":"2026-05-03T01:13:22","modified_gmt":"2026-05-03T01:13:22","slug":"escandalo-en-el-cnio-patronos-privados-abandonan-el-centro-en-crisis-de-reputacion","status":"publish","type":"post","link":"https:\/\/www.diario21.tv\/noticias\/escandalo-en-el-cnio-patronos-privados-abandonan-el-centro-en-crisis-de-reputacion\/","title":{"rendered":"\u00a1Esc\u00e1ndalo en el CNIO! Patronos privados abandonan el centro en crisis de reputaci\u00f3n."},"content":{"rendered":"<h2>Los Sponsors Privados Se Retiran del CNIO en Medio de Una Crisis de Reputaci\u00f3n<\/h2>\n<p>El Centro Nacional de Investigaciones Oncol\u00f3gicas (CNIO), que ha sido un referente en la investigaci\u00f3n del c\u00e1ncer en Espa\u00f1a, se enfrenta actualmente a una situaci\u00f3n complicada tras la decisi\u00f3n de varios de sus patrocinadores privados de retirar su apoyo financiero. Este hecho se produce en un momento donde el centro ya est\u00e1 lidiando con problemas relacionados con su imagen p\u00fablica y credibilidad cient\u00edfica.<\/p>\n<h3>Desvinculaci\u00f3n de Colaboradores Financieros<\/h3>\n<p>Varias empresas que hasta ahora hab\u00edan contribuido econ\u00f3micamente al desarrollo y sustento de las investigaciones llevadas a cabo por el CNIO han decidido terminar sus colaboraciones. Estos patrocinadores representaban una parte significativa del soporte econ\u00f3mico externo que complementaba los fondos recibidos por parte de fuentes gubernamentales y p\u00fablicas. La retirada de estos patrocinadores privados podr\u00eda tener serias repercusiones en la continuidad de algunos proyectos de investigaci\u00f3n que depend\u00edan directamente de esa financiaci\u00f3n.<\/p>\n<h3>Impacto en la Imagen del CNIO<\/h3>\n<p>La salida de estos colaboradores no solo afecta la estructura financiera del CNIO, sino que tambi\u00e9n plantea preguntas sobre la gesti\u00f3n del centro y su reputaci\u00f3n en el \u00e1mbito cient\u00edfico. La crisis de reputaci\u00f3n mencionada parece estar relacionada con acusaciones no especificadas que han circulado en el sector, lo que ha generado dudas y reservas entre los colaboradores y la comunidad cient\u00edfica en general.<\/p>\n<p>Esta situaci\u00f3n representa un desaf\u00edo significativo para el CNIO, ya que la confianza y el prestigio son elementos cruciales en el mundo de la investigaci\u00f3n cient\u00edfica. Restaurar la imagen del centro y recuperar la confianza de la comunidad cient\u00edfica y los patrocinadores ser\u00e1 esencial para asegurar el futuro del CNIO y la continuaci\u00f3n de su importante trabajo en la lucha contra el c\u00e1ncer.<\/p>\n<h3>Esperanzas de Recuperaci\u00f3n y Continuidad<\/h3>\n<p>A pesar de los retos actuales, el CNIO busca maneras de superar esta fase adversa mediante la b\u00fasqueda de nuevos patrocinadores y el fortalecimiento de las relaciones con los existentes que a\u00fan apoyan al centro. Adem\u00e1s, el CNIO contin\u00faa enfoc\u00e1ndose en destacar la calidad y la importancia de sus investigaciones para reafirmar su posici\u00f3n como l\u00edder en la investigaci\u00f3n oncol\u00f3gica.<\/p>\n<p>El futuro del CNIO depender\u00e1 en gran medida de c\u00f3mo maneje esta crisis de reputaci\u00f3n y financiamiento. La direcci\u00f3n del centro est\u00e1 probablemente trabajando en estrategias para afrontar estas dificultades, asegurando que puedan continuar su misi\u00f3n de avanzar en la comprensi\u00f3n y tratamiento del c\u00e1ncer. La comunidad cient\u00edfica y los pacientes esperan que el CNIO pueda superar estos obst\u00e1culos y mantener su rol como uno de los centros de investigaci\u00f3n m\u00e1s importantes en el campo de la oncolog\u00eda.<\/p>\n\n\n<div class=\"kk-star-ratings kksr-auto kksr-align-left kksr-valign-bottom\"\n    data-payload='{&quot;align&quot;:&quot;left&quot;,&quot;id&quot;:&quot;7085&quot;,&quot;slug&quot;:&quot;default&quot;,&quot;valign&quot;:&quot;bottom&quot;,&quot;ignore&quot;:&quot;&quot;,&quot;reference&quot;:&quot;auto&quot;,&quot;class&quot;:&quot;&quot;,&quot;count&quot;:&quot;0&quot;,&quot;legendonly&quot;:&quot;&quot;,&quot;readonly&quot;:&quot;&quot;,&quot;score&quot;:&quot;0&quot;,&quot;starsonly&quot;:&quot;&quot;,&quot;best&quot;:&quot;5&quot;,&quot;gap&quot;:&quot;5&quot;,&quot;greet&quot;:&quot;Valora este post&quot;,&quot;legend&quot;:&quot;0\\\/5 - (0 votes)&quot;,&quot;size&quot;:&quot;22&quot;,&quot;title&quot;:&quot;\u00a1Esc\u00e1ndalo en el CNIO! Patronos privados abandonan el centro en crisis de reputaci\u00f3n.&quot;,&quot;width&quot;:&quot;0&quot;,&quot;_legend&quot;:&quot;{score}\\\/{best} - ({count} {votes})&quot;,&quot;font_factor&quot;:&quot;1.25&quot;}'>\n            \n<div class=\"kksr-stars\">\n    \n<div class=\"kksr-stars-inactive\">\n            <div class=\"kksr-star\" data-star=\"1\" style=\"padding-right: 5px\">\n            \n\n<div class=\"kksr-icon\" style=\"width: 22px; height: 22px;\"><\/div>\n        <\/div>\n            <div class=\"kksr-star\" data-star=\"2\" style=\"padding-right: 5px\">\n            \n\n<div class=\"kksr-icon\" style=\"width: 22px; height: 22px;\"><\/div>\n        <\/div>\n            <div class=\"kksr-star\" data-star=\"3\" style=\"padding-right: 5px\">\n            \n\n<div class=\"kksr-icon\" style=\"width: 22px; height: 22px;\"><\/div>\n        <\/div>\n            <div class=\"kksr-star\" data-star=\"4\" style=\"padding-right: 5px\">\n            \n\n<div class=\"kksr-icon\" style=\"width: 22px; height: 22px;\"><\/div>\n        <\/div>\n            <div class=\"kksr-star\" data-star=\"5\" style=\"padding-right: 5px\">\n            \n\n<div class=\"kksr-icon\" style=\"width: 22px; height: 22px;\"><\/div>\n        <\/div>\n    <\/div>\n    \n<div class=\"kksr-stars-active\" style=\"width: 0px;\">\n            <div class=\"kksr-star\" style=\"padding-right: 5px\">\n            \n\n<div class=\"kksr-icon\" style=\"width: 22px; height: 22px;\"><\/div>\n        <\/div>\n            <div class=\"kksr-star\" style=\"padding-right: 5px\">\n            \n\n<div class=\"kksr-icon\" style=\"width: 22px; height: 22px;\"><\/div>\n        <\/div>\n            <div class=\"kksr-star\" style=\"padding-right: 5px\">\n            \n\n<div class=\"kksr-icon\" style=\"width: 22px; height: 22px;\"><\/div>\n        <\/div>\n            <div class=\"kksr-star\" style=\"padding-right: 5px\">\n            \n\n<div class=\"kksr-icon\" style=\"width: 22px; height: 22px;\"><\/div>\n        <\/div>\n            <div class=\"kksr-star\" style=\"padding-right: 5px\">\n            \n\n<div class=\"kksr-icon\" style=\"width: 22px; height: 22px;\"><\/div>\n        <\/div>\n    <\/div>\n<\/div>\n                \n\n<div class=\"kksr-legend\" style=\"font-size: 17.6px;\">\n            <span class=\"kksr-muted\">Valora este post<\/span>\n    <\/div>\n    <\/div>\n","protected":false},"excerpt":{"rendered":"<p>Los Sponsors Privados Se Retiran del CNIO en Medio de Una Crisis de Reputaci\u00f3n El Centro Nacional de Investigaciones Oncol\u00f3gicas (CNIO), que ha sido un referente &#8230; <a title=\"\u00a1Esc\u00e1ndalo en el CNIO! Patronos privados abandonan el centro en crisis de reputaci\u00f3n.\" class=\"read-more\" href=\"https:\/\/www.diario21.tv\/noticias\/escandalo-en-el-cnio-patronos-privados-abandonan-el-centro-en-crisis-de-reputacion\/\" aria-label=\"Leer m\u00e1s sobre \u00a1Esc\u00e1ndalo en el CNIO! Patronos privados abandonan el centro en crisis de reputaci\u00f3n.\">Seguir leyendo &rarr;<\/a><\/p>\n","protected":false},"author":20,"featured_media":7086,"comment_status":"open","ping_status":"open","sticky":false,"template":"","format":"standard","meta":{"footnotes":""},"categories":[13],"tags":[],"class_list":["post-7085","post","type-post","status-publish","format-standard","has-post-thumbnail","hentry","category-portada"],"yoast_head":"<!-- This site is optimized with the Yoast SEO plugin v25.6 - https:\/\/yoast.com\/wordpress\/plugins\/seo\/ -->\n<title>\u00a1Esc\u00e1ndalo en el CNIO! Patronos privados abandonan el centro en crisis de reputaci\u00f3n. - Diario 21<\/title>\n<meta name=\"robots\" content=\"index, follow, max-snippet:-1, max-image-preview:large, max-video-preview:-1\" \/>\n<link rel=\"canonical\" href=\"https:\/\/www.diario21.tv\/noticias\/escandalo-en-el-cnio-patronos-privados-abandonan-el-centro-en-crisis-de-reputacion\/\" \/>\n<meta property=\"og:locale\" content=\"es_ES\" \/>\n<meta property=\"og:type\" content=\"article\" \/>\n<meta property=\"og:title\" content=\"\u00a1Esc\u00e1ndalo en el CNIO! Patronos privados abandonan el centro en crisis de reputaci\u00f3n. - Diario 21\" \/>\n<meta property=\"og:description\" content=\"Los Sponsors Privados Se Retiran del CNIO en Medio de Una Crisis de Reputaci\u00f3n El Centro Nacional de Investigaciones Oncol\u00f3gicas (CNIO), que ha sido un referente ... Seguir leyendo &rarr;\" \/>\n<meta property=\"og:url\" content=\"https:\/\/www.diario21.tv\/noticias\/escandalo-en-el-cnio-patronos-privados-abandonan-el-centro-en-crisis-de-reputacion\/\" \/>\n<meta property=\"og:site_name\" content=\"Diario 21\" \/>\n<meta property=\"article:published_time\" content=\"2026-05-03T01:13:17+00:00\" \/>\n<meta property=\"article:modified_time\" content=\"2026-05-03T01:13:22+00:00\" \/>\n<meta property=\"og:image\" content=\"https:\/\/www.diario21.tv\/noticias\/wp-content\/uploads\/2026\/05\/\u00a1Escandalo-en-el-CNIO-Patronos-privados-abandonan-el-centro-en.jpg\" \/>\n\t<meta property=\"og:image:width\" content=\"1200\" \/>\n\t<meta property=\"og:image:height\" content=\"630\" \/>\n\t<meta property=\"og:image:type\" content=\"image\/jpeg\" \/>\n<meta name=\"author\" content=\"Juan P\u00e9rez\" \/>\n<meta name=\"twitter:card\" content=\"summary_large_image\" \/>\n<meta name=\"twitter:label1\" content=\"Escrito por\" \/>\n\t<meta name=\"twitter:data1\" content=\"Juan P\u00e9rez\" \/>\n\t<meta name=\"twitter:label2\" content=\"Tiempo de lectura\" \/>\n\t<meta name=\"twitter:data2\" content=\"2 minutos\" \/>\n<script type=\"application\/ld+json\" class=\"yoast-schema-graph\">{\"@context\":\"https:\/\/schema.org\",\"@graph\":[{\"@type\":\"WebPage\",\"@id\":\"https:\/\/www.diario21.tv\/noticias\/escandalo-en-el-cnio-patronos-privados-abandonan-el-centro-en-crisis-de-reputacion\/\",\"url\":\"https:\/\/www.diario21.tv\/noticias\/escandalo-en-el-cnio-patronos-privados-abandonan-el-centro-en-crisis-de-reputacion\/\",\"name\":\"\u00a1Esc\u00e1ndalo en el CNIO! Patronos privados abandonan el centro en crisis de reputaci\u00f3n. - Diario 21\",\"isPartOf\":{\"@id\":\"https:\/\/www.diario21.tv\/noticias\/#website\"},\"primaryImageOfPage\":{\"@id\":\"https:\/\/www.diario21.tv\/noticias\/escandalo-en-el-cnio-patronos-privados-abandonan-el-centro-en-crisis-de-reputacion\/#primaryimage\"},\"image\":{\"@id\":\"https:\/\/www.diario21.tv\/noticias\/escandalo-en-el-cnio-patronos-privados-abandonan-el-centro-en-crisis-de-reputacion\/#primaryimage\"},\"thumbnailUrl\":\"https:\/\/www.diario21.tv\/noticias\/wp-content\/uploads\/2026\/05\/\u00a1Escandalo-en-el-CNIO-Patronos-privados-abandonan-el-centro-en.jpg\",\"datePublished\":\"2026-05-03T01:13:17+00:00\",\"dateModified\":\"2026-05-03T01:13:22+00:00\",\"author\":{\"@id\":\"https:\/\/www.diario21.tv\/noticias\/#\/schema\/person\/dfb778f73814d8f09f302618446a526b\"},\"breadcrumb\":{\"@id\":\"https:\/\/www.diario21.tv\/noticias\/escandalo-en-el-cnio-patronos-privados-abandonan-el-centro-en-crisis-de-reputacion\/#breadcrumb\"},\"inLanguage\":\"es-AR\",\"potentialAction\":[{\"@type\":\"ReadAction\",\"target\":[\"https:\/\/www.diario21.tv\/noticias\/escandalo-en-el-cnio-patronos-privados-abandonan-el-centro-en-crisis-de-reputacion\/\"]}]},{\"@type\":\"ImageObject\",\"inLanguage\":\"es-AR\",\"@id\":\"https:\/\/www.diario21.tv\/noticias\/escandalo-en-el-cnio-patronos-privados-abandonan-el-centro-en-crisis-de-reputacion\/#primaryimage\",\"url\":\"https:\/\/www.diario21.tv\/noticias\/wp-content\/uploads\/2026\/05\/\u00a1Escandalo-en-el-CNIO-Patronos-privados-abandonan-el-centro-en.jpg\",\"contentUrl\":\"https:\/\/www.diario21.tv\/noticias\/wp-content\/uploads\/2026\/05\/\u00a1Escandalo-en-el-CNIO-Patronos-privados-abandonan-el-centro-en.jpg\",\"width\":1200,\"height\":630,\"caption\":\"Los patronos privados del CNIO abandonan el centro en plena crisis de reputaci\u00f3n\"},{\"@type\":\"BreadcrumbList\",\"@id\":\"https:\/\/www.diario21.tv\/noticias\/escandalo-en-el-cnio-patronos-privados-abandonan-el-centro-en-crisis-de-reputacion\/#breadcrumb\",\"itemListElement\":[{\"@type\":\"ListItem\",\"position\":1,\"name\":\"Accueil\",\"item\":\"https:\/\/www.diario21.tv\/noticias\/\"},{\"@type\":\"ListItem\",\"position\":2,\"name\":\"\u00a1Esc\u00e1ndalo en el CNIO! Patronos privados abandonan el centro en crisis de reputaci\u00f3n.\"}]},{\"@type\":\"WebSite\",\"@id\":\"https:\/\/www.diario21.tv\/noticias\/#website\",\"url\":\"https:\/\/www.diario21.tv\/noticias\/\",\"name\":\"Diario 21\",\"description\":\"\",\"potentialAction\":[{\"@type\":\"SearchAction\",\"target\":{\"@type\":\"EntryPoint\",\"urlTemplate\":\"https:\/\/www.diario21.tv\/noticias\/?s={search_term_string}\"},\"query-input\":{\"@type\":\"PropertyValueSpecification\",\"valueRequired\":true,\"valueName\":\"search_term_string\"}}],\"inLanguage\":\"es-AR\"},{\"@type\":\"Person\",\"@id\":\"https:\/\/www.diario21.tv\/noticias\/#\/schema\/person\/dfb778f73814d8f09f302618446a526b\",\"name\":\"Juan P\u00e9rez\",\"image\":{\"@type\":\"ImageObject\",\"inLanguage\":\"es-AR\",\"@id\":\"https:\/\/www.diario21.tv\/noticias\/#\/schema\/person\/image\/\",\"url\":\"https:\/\/secure.gravatar.com\/avatar\/c478a405bd10621167f4c3167cc770f5?s=96&d=mm&r=g\",\"contentUrl\":\"https:\/\/secure.gravatar.com\/avatar\/c478a405bd10621167f4c3167cc770f5?s=96&d=mm&r=g\",\"caption\":\"Juan P\u00e9rez\"},\"description\":\"Juan P\u00e9rez es el redactor en jefe de Diario 21. Con m\u00e1s de 10 a\u00f1os de experiencia en el periodismo, se especializa en pol\u00edtica nacional y an\u00e1lisis socioecon\u00f3mico. Su enfoque cr\u00edtico y riguroso aporta una perspectiva \u00fanica a cada art\u00edculo.\",\"sameAs\":[\"https:\/\/www.diario21.tv\/noticias\/\"],\"url\":\"https:\/\/www.diario21.tv\/noticias\/author\/juan-perez\/\"}]}<\/script>\n<!-- \/ Yoast SEO plugin. -->","yoast_head_json":{"title":"\u00a1Esc\u00e1ndalo en el CNIO! Patronos privados abandonan el centro en crisis de reputaci\u00f3n. - Diario 21","robots":{"index":"index","follow":"follow","max-snippet":"max-snippet:-1","max-image-preview":"max-image-preview:large","max-video-preview":"max-video-preview:-1"},"canonical":"https:\/\/www.diario21.tv\/noticias\/escandalo-en-el-cnio-patronos-privados-abandonan-el-centro-en-crisis-de-reputacion\/","og_locale":"es_ES","og_type":"article","og_title":"\u00a1Esc\u00e1ndalo en el CNIO! Patronos privados abandonan el centro en crisis de reputaci\u00f3n. - Diario 21","og_description":"Los Sponsors Privados Se Retiran del CNIO en Medio de Una Crisis de Reputaci\u00f3n El Centro Nacional de Investigaciones Oncol\u00f3gicas (CNIO), que ha sido un referente ... Seguir leyendo &rarr;","og_url":"https:\/\/www.diario21.tv\/noticias\/escandalo-en-el-cnio-patronos-privados-abandonan-el-centro-en-crisis-de-reputacion\/","og_site_name":"Diario 21","article_published_time":"2026-05-03T01:13:17+00:00","article_modified_time":"2026-05-03T01:13:22+00:00","og_image":[{"width":1200,"height":630,"url":"https:\/\/www.diario21.tv\/noticias\/wp-content\/uploads\/2026\/05\/\u00a1Escandalo-en-el-CNIO-Patronos-privados-abandonan-el-centro-en.jpg","type":"image\/jpeg"}],"author":"Juan P\u00e9rez","twitter_card":"summary_large_image","twitter_misc":{"Escrito por":"Juan P\u00e9rez","Tiempo de lectura":"2 minutos"},"schema":{"@context":"https:\/\/schema.org","@graph":[{"@type":"WebPage","@id":"https:\/\/www.diario21.tv\/noticias\/escandalo-en-el-cnio-patronos-privados-abandonan-el-centro-en-crisis-de-reputacion\/","url":"https:\/\/www.diario21.tv\/noticias\/escandalo-en-el-cnio-patronos-privados-abandonan-el-centro-en-crisis-de-reputacion\/","name":"\u00a1Esc\u00e1ndalo en el CNIO! Patronos privados abandonan el centro en crisis de reputaci\u00f3n. - Diario 21","isPartOf":{"@id":"https:\/\/www.diario21.tv\/noticias\/#website"},"primaryImageOfPage":{"@id":"https:\/\/www.diario21.tv\/noticias\/escandalo-en-el-cnio-patronos-privados-abandonan-el-centro-en-crisis-de-reputacion\/#primaryimage"},"image":{"@id":"https:\/\/www.diario21.tv\/noticias\/escandalo-en-el-cnio-patronos-privados-abandonan-el-centro-en-crisis-de-reputacion\/#primaryimage"},"thumbnailUrl":"https:\/\/www.diario21.tv\/noticias\/wp-content\/uploads\/2026\/05\/\u00a1Escandalo-en-el-CNIO-Patronos-privados-abandonan-el-centro-en.jpg","datePublished":"2026-05-03T01:13:17+00:00","dateModified":"2026-05-03T01:13:22+00:00","author":{"@id":"https:\/\/www.diario21.tv\/noticias\/#\/schema\/person\/dfb778f73814d8f09f302618446a526b"},"breadcrumb":{"@id":"https:\/\/www.diario21.tv\/noticias\/escandalo-en-el-cnio-patronos-privados-abandonan-el-centro-en-crisis-de-reputacion\/#breadcrumb"},"inLanguage":"es-AR","potentialAction":[{"@type":"ReadAction","target":["https:\/\/www.diario21.tv\/noticias\/escandalo-en-el-cnio-patronos-privados-abandonan-el-centro-en-crisis-de-reputacion\/"]}]},{"@type":"ImageObject","inLanguage":"es-AR","@id":"https:\/\/www.diario21.tv\/noticias\/escandalo-en-el-cnio-patronos-privados-abandonan-el-centro-en-crisis-de-reputacion\/#primaryimage","url":"https:\/\/www.diario21.tv\/noticias\/wp-content\/uploads\/2026\/05\/\u00a1Escandalo-en-el-CNIO-Patronos-privados-abandonan-el-centro-en.jpg","contentUrl":"https:\/\/www.diario21.tv\/noticias\/wp-content\/uploads\/2026\/05\/\u00a1Escandalo-en-el-CNIO-Patronos-privados-abandonan-el-centro-en.jpg","width":1200,"height":630,"caption":"Los patronos privados del CNIO abandonan el centro en plena crisis de reputaci\u00f3n"},{"@type":"BreadcrumbList","@id":"https:\/\/www.diario21.tv\/noticias\/escandalo-en-el-cnio-patronos-privados-abandonan-el-centro-en-crisis-de-reputacion\/#breadcrumb","itemListElement":[{"@type":"ListItem","position":1,"name":"Accueil","item":"https:\/\/www.diario21.tv\/noticias\/"},{"@type":"ListItem","position":2,"name":"\u00a1Esc\u00e1ndalo en el CNIO! Patronos privados abandonan el centro en crisis de reputaci\u00f3n."}]},{"@type":"WebSite","@id":"https:\/\/www.diario21.tv\/noticias\/#website","url":"https:\/\/www.diario21.tv\/noticias\/","name":"Diario 21","description":"","potentialAction":[{"@type":"SearchAction","target":{"@type":"EntryPoint","urlTemplate":"https:\/\/www.diario21.tv\/noticias\/?s={search_term_string}"},"query-input":{"@type":"PropertyValueSpecification","valueRequired":true,"valueName":"search_term_string"}}],"inLanguage":"es-AR"},{"@type":"Person","@id":"https:\/\/www.diario21.tv\/noticias\/#\/schema\/person\/dfb778f73814d8f09f302618446a526b","name":"Juan P\u00e9rez","image":{"@type":"ImageObject","inLanguage":"es-AR","@id":"https:\/\/www.diario21.tv\/noticias\/#\/schema\/person\/image\/","url":"https:\/\/secure.gravatar.com\/avatar\/c478a405bd10621167f4c3167cc770f5?s=96&d=mm&r=g","contentUrl":"https:\/\/secure.gravatar.com\/avatar\/c478a405bd10621167f4c3167cc770f5?s=96&d=mm&r=g","caption":"Juan P\u00e9rez"},"description":"Juan P\u00e9rez es el redactor en jefe de Diario 21. Con m\u00e1s de 10 a\u00f1os de experiencia en el periodismo, se especializa en pol\u00edtica nacional y an\u00e1lisis socioecon\u00f3mico. Su enfoque cr\u00edtico y riguroso aporta una perspectiva \u00fanica a cada art\u00edculo.","sameAs":["https:\/\/www.diario21.tv\/noticias\/"],"url":"https:\/\/www.diario21.tv\/noticias\/author\/juan-perez\/"}]}},"_links":{"self":[{"href":"https:\/\/www.diario21.tv\/noticias\/wp-json\/wp\/v2\/posts\/7085"}],"collection":[{"href":"https:\/\/www.diario21.tv\/noticias\/wp-json\/wp\/v2\/posts"}],"about":[{"href":"https:\/\/www.diario21.tv\/noticias\/wp-json\/wp\/v2\/types\/post"}],"author":[{"embeddable":true,"href":"https:\/\/www.diario21.tv\/noticias\/wp-json\/wp\/v2\/users\/20"}],"replies":[{"embeddable":true,"href":"https:\/\/www.diario21.tv\/noticias\/wp-json\/wp\/v2\/comments?post=7085"}],"version-history":[{"count":1,"href":"https:\/\/www.diario21.tv\/noticias\/wp-json\/wp\/v2\/posts\/7085\/revisions"}],"predecessor-version":[{"id":7087,"href":"https:\/\/www.diario21.tv\/noticias\/wp-json\/wp\/v2\/posts\/7085\/revisions\/7087"}],"wp:featuredmedia":[{"embeddable":true,"href":"https:\/\/www.diario21.tv\/noticias\/wp-json\/wp\/v2\/media\/7086"}],"wp:attachment":[{"href":"https:\/\/www.diario21.tv\/noticias\/wp-json\/wp\/v2\/media?parent=7085"}],"wp:term":[{"taxonomy":"category","embeddable":true,"href":"https:\/\/www.diario21.tv\/noticias\/wp-json\/wp\/v2\/categories?post=7085"},{"taxonomy":"post_tag","embeddable":true,"href":"https:\/\/www.diario21.tv\/noticias\/wp-json\/wp\/v2\/tags?post=7085"}],"curies":[{"name":"wp","href":"https:\/\/api.w.org\/{rel}","templated":true}]}}