{"id":7076,"date":"2026-05-02T07:08:55","date_gmt":"2026-05-02T07:08:55","guid":{"rendered":"https:\/\/www.diario21.tv\/noticias\/alerta-pensiones-disenadas-para-7-anos-ahora-se-cobran-mas-de-20\/"},"modified":"2026-05-02T07:08:57","modified_gmt":"2026-05-02T07:08:57","slug":"alerta-pensiones-disenadas-para-7-anos-ahora-se-cobran-mas-de-20","status":"publish","type":"post","link":"https:\/\/www.diario21.tv\/noticias\/alerta-pensiones-disenadas-para-7-anos-ahora-se-cobran-mas-de-20\/","title":{"rendered":"\u00a1Alerta pensiones! Dise\u00f1adas para 7 a\u00f1os, \u00a1ahora se cobran m\u00e1s de 20!"},"content":{"rendered":"<h2>Una Realidad Distinta para las Pensiones: De 7 a M\u00e1s de 20 A\u00f1os de Cobro<\/h2>\n<p>Cuando se dise\u00f1aron los sistemas de pensiones, se estimaba que las personas disfrutar\u00edan de este beneficio durante aproximadamente siete a\u00f1os despu\u00e9s de retirarse. Sin embargo, el panorama actual muestra una realidad muy diferente. Hoy en d\u00eda, es com\u00fan que los beneficiarios reciban pensiones durante m\u00e1s de dos d\u00e9cadas.<\/p>\n<h3>El Cambio en la Expectativa de Vida<\/h3>\n<p>Uno de los factores m\u00e1s significativos que ha contribuido a este cambio es el aumento en la esperanza de vida. Gracias a los avances en la medicina y mejoras en las condiciones de vida, las personas viven mucho m\u00e1s tiempo que antes. Este prolongado periodo de vida significa que las pensiones, que originalmente se calculaban para durar unos pocos a\u00f1os despu\u00e9s de la jubilaci\u00f3n, ahora deben extenderse mucho m\u00e1s.<\/p>\n<h3>Implicaciones Econ\u00f3micas<\/h3>\n<p>Este aumento en la duraci\u00f3n de las pensiones presenta varios desaf\u00edos econ\u00f3micos. Los fondos que sustentan estos sistemas se ven m\u00e1s presionados que nunca, dado que deben proporcionar recursos financieros por un periodo mucho mayor al previsto inicialmente. Esto ha llevado a debates sobre la sostenibilidad de los sistemas de pensiones y la necesidad de reformas para asegurar que puedan seguir cumpliendo su prop\u00f3sito sin comprometer las finanzas p\u00fablicas.<\/p>\n<h3>Reflexiones sobre el Futuro<\/h3>\n<p>La realidad de que las pensiones ahora se extienden mucho m\u00e1s all\u00e1 de los siete a\u00f1os originales obliga a reconsiderar c\u00f3mo se estructuran y financian estos beneficios. La reforma de los sistemas de pensiones parece inevitable y es crucial para asegurar que las futuras generaciones tambi\u00e9n puedan disfrutar de una jubilaci\u00f3n segura y digna. La adaptaci\u00f3n a esta nueva normalidad no solo es esencial para los pensionados actuales, sino que tambi\u00e9n lo ser\u00e1 para la sostenibilidad a largo plazo de los sistemas de pensiones en el mundo entero.<\/p>\n\n\n<div class=\"kk-star-ratings kksr-auto kksr-align-left kksr-valign-bottom\"\n    data-payload='{&quot;align&quot;:&quot;left&quot;,&quot;id&quot;:&quot;7076&quot;,&quot;slug&quot;:&quot;default&quot;,&quot;valign&quot;:&quot;bottom&quot;,&quot;ignore&quot;:&quot;&quot;,&quot;reference&quot;:&quot;auto&quot;,&quot;class&quot;:&quot;&quot;,&quot;count&quot;:&quot;0&quot;,&quot;legendonly&quot;:&quot;&quot;,&quot;readonly&quot;:&quot;&quot;,&quot;score&quot;:&quot;0&quot;,&quot;starsonly&quot;:&quot;&quot;,&quot;best&quot;:&quot;5&quot;,&quot;gap&quot;:&quot;5&quot;,&quot;greet&quot;:&quot;Valora este post&quot;,&quot;legend&quot;:&quot;0\\\/5 - (0 votes)&quot;,&quot;size&quot;:&quot;22&quot;,&quot;title&quot;:&quot;\u00a1Alerta pensiones! Dise\u00f1adas para 7 a\u00f1os, \u00a1ahora se cobran m\u00e1s de 20!&quot;,&quot;width&quot;:&quot;0&quot;,&quot;_legend&quot;:&quot;{score}\\\/{best} - ({count} {votes})&quot;,&quot;font_factor&quot;:&quot;1.25&quot;}'>\n            \n<div class=\"kksr-stars\">\n    \n<div class=\"kksr-stars-inactive\">\n            <div class=\"kksr-star\" data-star=\"1\" style=\"padding-right: 5px\">\n            \n\n<div class=\"kksr-icon\" style=\"width: 22px; height: 22px;\"><\/div>\n        <\/div>\n            <div class=\"kksr-star\" data-star=\"2\" style=\"padding-right: 5px\">\n            \n\n<div class=\"kksr-icon\" style=\"width: 22px; height: 22px;\"><\/div>\n        <\/div>\n            <div class=\"kksr-star\" data-star=\"3\" style=\"padding-right: 5px\">\n            \n\n<div class=\"kksr-icon\" style=\"width: 22px; height: 22px;\"><\/div>\n        <\/div>\n            <div class=\"kksr-star\" data-star=\"4\" style=\"padding-right: 5px\">\n            \n\n<div class=\"kksr-icon\" style=\"width: 22px; height: 22px;\"><\/div>\n        <\/div>\n            <div class=\"kksr-star\" data-star=\"5\" style=\"padding-right: 5px\">\n            \n\n<div class=\"kksr-icon\" style=\"width: 22px; height: 22px;\"><\/div>\n        <\/div>\n    <\/div>\n    \n<div class=\"kksr-stars-active\" style=\"width: 0px;\">\n            <div class=\"kksr-star\" style=\"padding-right: 5px\">\n            \n\n<div class=\"kksr-icon\" style=\"width: 22px; height: 22px;\"><\/div>\n        <\/div>\n            <div class=\"kksr-star\" style=\"padding-right: 5px\">\n            \n\n<div class=\"kksr-icon\" style=\"width: 22px; height: 22px;\"><\/div>\n        <\/div>\n            <div class=\"kksr-star\" style=\"padding-right: 5px\">\n            \n\n<div class=\"kksr-icon\" style=\"width: 22px; height: 22px;\"><\/div>\n        <\/div>\n            <div class=\"kksr-star\" style=\"padding-right: 5px\">\n            \n\n<div class=\"kksr-icon\" style=\"width: 22px; height: 22px;\"><\/div>\n        <\/div>\n            <div class=\"kksr-star\" style=\"padding-right: 5px\">\n            \n\n<div class=\"kksr-icon\" style=\"width: 22px; height: 22px;\"><\/div>\n        <\/div>\n    <\/div>\n<\/div>\n                \n\n<div class=\"kksr-legend\" style=\"font-size: 17.6px;\">\n            <span class=\"kksr-muted\">Valora este post<\/span>\n    <\/div>\n    <\/div>\n","protected":false},"excerpt":{"rendered":"<p>Una Realidad Distinta para las Pensiones: De 7 a M\u00e1s de 20 A\u00f1os de Cobro Cuando se dise\u00f1aron los sistemas de pensiones, se estimaba que las &#8230; <a title=\"\u00a1Alerta pensiones! Dise\u00f1adas para 7 a\u00f1os, \u00a1ahora se cobran m\u00e1s de 20!\" class=\"read-more\" href=\"https:\/\/www.diario21.tv\/noticias\/alerta-pensiones-disenadas-para-7-anos-ahora-se-cobran-mas-de-20\/\" aria-label=\"Leer m\u00e1s sobre \u00a1Alerta pensiones! Dise\u00f1adas para 7 a\u00f1os, \u00a1ahora se cobran m\u00e1s de 20!\">Seguir leyendo &rarr;<\/a><\/p>\n","protected":false},"author":20,"featured_media":7077,"comment_status":"open","ping_status":"open","sticky":false,"template":"","format":"standard","meta":{"footnotes":""},"categories":[13],"tags":[],"class_list":["post-7076","post","type-post","status-publish","format-standard","has-post-thumbnail","hentry","category-portada"],"yoast_head":"<!-- This site is optimized with the Yoast SEO plugin v25.6 - https:\/\/yoast.com\/wordpress\/plugins\/seo\/ -->\n<title>\u00a1Alerta pensiones! Dise\u00f1adas para 7 a\u00f1os, \u00a1ahora se cobran m\u00e1s de 20! - Diario 21<\/title>\n<meta name=\"robots\" content=\"index, follow, max-snippet:-1, max-image-preview:large, max-video-preview:-1\" \/>\n<link rel=\"canonical\" href=\"https:\/\/www.diario21.tv\/noticias\/alerta-pensiones-disenadas-para-7-anos-ahora-se-cobran-mas-de-20\/\" \/>\n<meta property=\"og:locale\" content=\"es_ES\" \/>\n<meta property=\"og:type\" content=\"article\" \/>\n<meta property=\"og:title\" content=\"\u00a1Alerta pensiones! Dise\u00f1adas para 7 a\u00f1os, \u00a1ahora se cobran m\u00e1s de 20! - Diario 21\" \/>\n<meta property=\"og:description\" content=\"Una Realidad Distinta para las Pensiones: De 7 a M\u00e1s de 20 A\u00f1os de Cobro Cuando se dise\u00f1aron los sistemas de pensiones, se estimaba que las ... Seguir leyendo &rarr;\" \/>\n<meta property=\"og:url\" content=\"https:\/\/www.diario21.tv\/noticias\/alerta-pensiones-disenadas-para-7-anos-ahora-se-cobran-mas-de-20\/\" \/>\n<meta property=\"og:site_name\" content=\"Diario 21\" \/>\n<meta property=\"article:published_time\" content=\"2026-05-02T07:08:55+00:00\" \/>\n<meta property=\"article:modified_time\" content=\"2026-05-02T07:08:57+00:00\" \/>\n<meta property=\"og:image\" content=\"https:\/\/www.diario21.tv\/noticias\/wp-content\/uploads\/2026\/05\/\u00a1Alerta-pensiones-Disenadas-para-7-anos-\u00a1ahora-se-cobran-mas.jpg\" \/>\n\t<meta property=\"og:image:width\" content=\"1600\" \/>\n\t<meta property=\"og:image:height\" content=\"1066\" \/>\n\t<meta property=\"og:image:type\" content=\"image\/jpeg\" \/>\n<meta name=\"author\" content=\"Juan P\u00e9rez\" \/>\n<meta name=\"twitter:card\" content=\"summary_large_image\" \/>\n<meta name=\"twitter:label1\" content=\"Escrito por\" \/>\n\t<meta name=\"twitter:data1\" content=\"Juan P\u00e9rez\" \/>\n\t<meta name=\"twitter:label2\" content=\"Tiempo de lectura\" \/>\n\t<meta name=\"twitter:data2\" content=\"2 minutos\" \/>\n<script type=\"application\/ld+json\" class=\"yoast-schema-graph\">{\"@context\":\"https:\/\/schema.org\",\"@graph\":[{\"@type\":\"WebPage\",\"@id\":\"https:\/\/www.diario21.tv\/noticias\/alerta-pensiones-disenadas-para-7-anos-ahora-se-cobran-mas-de-20\/\",\"url\":\"https:\/\/www.diario21.tv\/noticias\/alerta-pensiones-disenadas-para-7-anos-ahora-se-cobran-mas-de-20\/\",\"name\":\"\u00a1Alerta pensiones! Dise\u00f1adas para 7 a\u00f1os, \u00a1ahora se cobran m\u00e1s de 20! - Diario 21\",\"isPartOf\":{\"@id\":\"https:\/\/www.diario21.tv\/noticias\/#website\"},\"primaryImageOfPage\":{\"@id\":\"https:\/\/www.diario21.tv\/noticias\/alerta-pensiones-disenadas-para-7-anos-ahora-se-cobran-mas-de-20\/#primaryimage\"},\"image\":{\"@id\":\"https:\/\/www.diario21.tv\/noticias\/alerta-pensiones-disenadas-para-7-anos-ahora-se-cobran-mas-de-20\/#primaryimage\"},\"thumbnailUrl\":\"https:\/\/www.diario21.tv\/noticias\/wp-content\/uploads\/2026\/05\/\u00a1Alerta-pensiones-Disenadas-para-7-anos-\u00a1ahora-se-cobran-mas.jpg\",\"datePublished\":\"2026-05-02T07:08:55+00:00\",\"dateModified\":\"2026-05-02T07:08:57+00:00\",\"author\":{\"@id\":\"https:\/\/www.diario21.tv\/noticias\/#\/schema\/person\/dfb778f73814d8f09f302618446a526b\"},\"breadcrumb\":{\"@id\":\"https:\/\/www.diario21.tv\/noticias\/alerta-pensiones-disenadas-para-7-anos-ahora-se-cobran-mas-de-20\/#breadcrumb\"},\"inLanguage\":\"es-AR\",\"potentialAction\":[{\"@type\":\"ReadAction\",\"target\":[\"https:\/\/www.diario21.tv\/noticias\/alerta-pensiones-disenadas-para-7-anos-ahora-se-cobran-mas-de-20\/\"]}]},{\"@type\":\"ImageObject\",\"inLanguage\":\"es-AR\",\"@id\":\"https:\/\/www.diario21.tv\/noticias\/alerta-pensiones-disenadas-para-7-anos-ahora-se-cobran-mas-de-20\/#primaryimage\",\"url\":\"https:\/\/www.diario21.tv\/noticias\/wp-content\/uploads\/2026\/05\/\u00a1Alerta-pensiones-Disenadas-para-7-anos-\u00a1ahora-se-cobran-mas.jpg\",\"contentUrl\":\"https:\/\/www.diario21.tv\/noticias\/wp-content\/uploads\/2026\/05\/\u00a1Alerta-pensiones-Disenadas-para-7-anos-\u00a1ahora-se-cobran-mas.jpg\",\"width\":1600,\"height\":1066,\"caption\":\"El dato que desmonta las pensiones: se pensaron para 7 a\u00f1os\u2026 y ahora se cobran m\u00e1s de 20\"},{\"@type\":\"BreadcrumbList\",\"@id\":\"https:\/\/www.diario21.tv\/noticias\/alerta-pensiones-disenadas-para-7-anos-ahora-se-cobran-mas-de-20\/#breadcrumb\",\"itemListElement\":[{\"@type\":\"ListItem\",\"position\":1,\"name\":\"Accueil\",\"item\":\"https:\/\/www.diario21.tv\/noticias\/\"},{\"@type\":\"ListItem\",\"position\":2,\"name\":\"\u00a1Alerta pensiones! Dise\u00f1adas para 7 a\u00f1os, \u00a1ahora se cobran m\u00e1s de 20!\"}]},{\"@type\":\"WebSite\",\"@id\":\"https:\/\/www.diario21.tv\/noticias\/#website\",\"url\":\"https:\/\/www.diario21.tv\/noticias\/\",\"name\":\"Diario 21\",\"description\":\"\",\"potentialAction\":[{\"@type\":\"SearchAction\",\"target\":{\"@type\":\"EntryPoint\",\"urlTemplate\":\"https:\/\/www.diario21.tv\/noticias\/?s={search_term_string}\"},\"query-input\":{\"@type\":\"PropertyValueSpecification\",\"valueRequired\":true,\"valueName\":\"search_term_string\"}}],\"inLanguage\":\"es-AR\"},{\"@type\":\"Person\",\"@id\":\"https:\/\/www.diario21.tv\/noticias\/#\/schema\/person\/dfb778f73814d8f09f302618446a526b\",\"name\":\"Juan P\u00e9rez\",\"image\":{\"@type\":\"ImageObject\",\"inLanguage\":\"es-AR\",\"@id\":\"https:\/\/www.diario21.tv\/noticias\/#\/schema\/person\/image\/\",\"url\":\"https:\/\/secure.gravatar.com\/avatar\/c478a405bd10621167f4c3167cc770f5?s=96&d=mm&r=g\",\"contentUrl\":\"https:\/\/secure.gravatar.com\/avatar\/c478a405bd10621167f4c3167cc770f5?s=96&d=mm&r=g\",\"caption\":\"Juan P\u00e9rez\"},\"description\":\"Juan P\u00e9rez es el redactor en jefe de Diario 21. Con m\u00e1s de 10 a\u00f1os de experiencia en el periodismo, se especializa en pol\u00edtica nacional y an\u00e1lisis socioecon\u00f3mico. Su enfoque cr\u00edtico y riguroso aporta una perspectiva \u00fanica a cada art\u00edculo.\",\"sameAs\":[\"https:\/\/www.diario21.tv\/noticias\/\"],\"url\":\"https:\/\/www.diario21.tv\/noticias\/author\/juan-perez\/\"}]}<\/script>\n<!-- \/ Yoast SEO plugin. -->","yoast_head_json":{"title":"\u00a1Alerta pensiones! Dise\u00f1adas para 7 a\u00f1os, \u00a1ahora se cobran m\u00e1s de 20! - Diario 21","robots":{"index":"index","follow":"follow","max-snippet":"max-snippet:-1","max-image-preview":"max-image-preview:large","max-video-preview":"max-video-preview:-1"},"canonical":"https:\/\/www.diario21.tv\/noticias\/alerta-pensiones-disenadas-para-7-anos-ahora-se-cobran-mas-de-20\/","og_locale":"es_ES","og_type":"article","og_title":"\u00a1Alerta pensiones! Dise\u00f1adas para 7 a\u00f1os, \u00a1ahora se cobran m\u00e1s de 20! - Diario 21","og_description":"Una Realidad Distinta para las Pensiones: De 7 a M\u00e1s de 20 A\u00f1os de Cobro Cuando se dise\u00f1aron los sistemas de pensiones, se estimaba que las ... Seguir leyendo &rarr;","og_url":"https:\/\/www.diario21.tv\/noticias\/alerta-pensiones-disenadas-para-7-anos-ahora-se-cobran-mas-de-20\/","og_site_name":"Diario 21","article_published_time":"2026-05-02T07:08:55+00:00","article_modified_time":"2026-05-02T07:08:57+00:00","og_image":[{"width":1600,"height":1066,"url":"https:\/\/www.diario21.tv\/noticias\/wp-content\/uploads\/2026\/05\/\u00a1Alerta-pensiones-Disenadas-para-7-anos-\u00a1ahora-se-cobran-mas.jpg","type":"image\/jpeg"}],"author":"Juan P\u00e9rez","twitter_card":"summary_large_image","twitter_misc":{"Escrito por":"Juan P\u00e9rez","Tiempo de lectura":"2 minutos"},"schema":{"@context":"https:\/\/schema.org","@graph":[{"@type":"WebPage","@id":"https:\/\/www.diario21.tv\/noticias\/alerta-pensiones-disenadas-para-7-anos-ahora-se-cobran-mas-de-20\/","url":"https:\/\/www.diario21.tv\/noticias\/alerta-pensiones-disenadas-para-7-anos-ahora-se-cobran-mas-de-20\/","name":"\u00a1Alerta pensiones! Dise\u00f1adas para 7 a\u00f1os, \u00a1ahora se cobran m\u00e1s de 20! - Diario 21","isPartOf":{"@id":"https:\/\/www.diario21.tv\/noticias\/#website"},"primaryImageOfPage":{"@id":"https:\/\/www.diario21.tv\/noticias\/alerta-pensiones-disenadas-para-7-anos-ahora-se-cobran-mas-de-20\/#primaryimage"},"image":{"@id":"https:\/\/www.diario21.tv\/noticias\/alerta-pensiones-disenadas-para-7-anos-ahora-se-cobran-mas-de-20\/#primaryimage"},"thumbnailUrl":"https:\/\/www.diario21.tv\/noticias\/wp-content\/uploads\/2026\/05\/\u00a1Alerta-pensiones-Disenadas-para-7-anos-\u00a1ahora-se-cobran-mas.jpg","datePublished":"2026-05-02T07:08:55+00:00","dateModified":"2026-05-02T07:08:57+00:00","author":{"@id":"https:\/\/www.diario21.tv\/noticias\/#\/schema\/person\/dfb778f73814d8f09f302618446a526b"},"breadcrumb":{"@id":"https:\/\/www.diario21.tv\/noticias\/alerta-pensiones-disenadas-para-7-anos-ahora-se-cobran-mas-de-20\/#breadcrumb"},"inLanguage":"es-AR","potentialAction":[{"@type":"ReadAction","target":["https:\/\/www.diario21.tv\/noticias\/alerta-pensiones-disenadas-para-7-anos-ahora-se-cobran-mas-de-20\/"]}]},{"@type":"ImageObject","inLanguage":"es-AR","@id":"https:\/\/www.diario21.tv\/noticias\/alerta-pensiones-disenadas-para-7-anos-ahora-se-cobran-mas-de-20\/#primaryimage","url":"https:\/\/www.diario21.tv\/noticias\/wp-content\/uploads\/2026\/05\/\u00a1Alerta-pensiones-Disenadas-para-7-anos-\u00a1ahora-se-cobran-mas.jpg","contentUrl":"https:\/\/www.diario21.tv\/noticias\/wp-content\/uploads\/2026\/05\/\u00a1Alerta-pensiones-Disenadas-para-7-anos-\u00a1ahora-se-cobran-mas.jpg","width":1600,"height":1066,"caption":"El dato que desmonta las pensiones: se pensaron para 7 a\u00f1os\u2026 y ahora se cobran m\u00e1s de 20"},{"@type":"BreadcrumbList","@id":"https:\/\/www.diario21.tv\/noticias\/alerta-pensiones-disenadas-para-7-anos-ahora-se-cobran-mas-de-20\/#breadcrumb","itemListElement":[{"@type":"ListItem","position":1,"name":"Accueil","item":"https:\/\/www.diario21.tv\/noticias\/"},{"@type":"ListItem","position":2,"name":"\u00a1Alerta pensiones! Dise\u00f1adas para 7 a\u00f1os, \u00a1ahora se cobran m\u00e1s de 20!"}]},{"@type":"WebSite","@id":"https:\/\/www.diario21.tv\/noticias\/#website","url":"https:\/\/www.diario21.tv\/noticias\/","name":"Diario 21","description":"","potentialAction":[{"@type":"SearchAction","target":{"@type":"EntryPoint","urlTemplate":"https:\/\/www.diario21.tv\/noticias\/?s={search_term_string}"},"query-input":{"@type":"PropertyValueSpecification","valueRequired":true,"valueName":"search_term_string"}}],"inLanguage":"es-AR"},{"@type":"Person","@id":"https:\/\/www.diario21.tv\/noticias\/#\/schema\/person\/dfb778f73814d8f09f302618446a526b","name":"Juan P\u00e9rez","image":{"@type":"ImageObject","inLanguage":"es-AR","@id":"https:\/\/www.diario21.tv\/noticias\/#\/schema\/person\/image\/","url":"https:\/\/secure.gravatar.com\/avatar\/c478a405bd10621167f4c3167cc770f5?s=96&d=mm&r=g","contentUrl":"https:\/\/secure.gravatar.com\/avatar\/c478a405bd10621167f4c3167cc770f5?s=96&d=mm&r=g","caption":"Juan P\u00e9rez"},"description":"Juan P\u00e9rez es el redactor en jefe de Diario 21. Con m\u00e1s de 10 a\u00f1os de experiencia en el periodismo, se especializa en pol\u00edtica nacional y an\u00e1lisis socioecon\u00f3mico. Su enfoque cr\u00edtico y riguroso aporta una perspectiva \u00fanica a cada art\u00edculo.","sameAs":["https:\/\/www.diario21.tv\/noticias\/"],"url":"https:\/\/www.diario21.tv\/noticias\/author\/juan-perez\/"}]}},"_links":{"self":[{"href":"https:\/\/www.diario21.tv\/noticias\/wp-json\/wp\/v2\/posts\/7076"}],"collection":[{"href":"https:\/\/www.diario21.tv\/noticias\/wp-json\/wp\/v2\/posts"}],"about":[{"href":"https:\/\/www.diario21.tv\/noticias\/wp-json\/wp\/v2\/types\/post"}],"author":[{"embeddable":true,"href":"https:\/\/www.diario21.tv\/noticias\/wp-json\/wp\/v2\/users\/20"}],"replies":[{"embeddable":true,"href":"https:\/\/www.diario21.tv\/noticias\/wp-json\/wp\/v2\/comments?post=7076"}],"version-history":[{"count":1,"href":"https:\/\/www.diario21.tv\/noticias\/wp-json\/wp\/v2\/posts\/7076\/revisions"}],"predecessor-version":[{"id":7078,"href":"https:\/\/www.diario21.tv\/noticias\/wp-json\/wp\/v2\/posts\/7076\/revisions\/7078"}],"wp:featuredmedia":[{"embeddable":true,"href":"https:\/\/www.diario21.tv\/noticias\/wp-json\/wp\/v2\/media\/7077"}],"wp:attachment":[{"href":"https:\/\/www.diario21.tv\/noticias\/wp-json\/wp\/v2\/media?parent=7076"}],"wp:term":[{"taxonomy":"category","embeddable":true,"href":"https:\/\/www.diario21.tv\/noticias\/wp-json\/wp\/v2\/categories?post=7076"},{"taxonomy":"post_tag","embeddable":true,"href":"https:\/\/www.diario21.tv\/noticias\/wp-json\/wp\/v2\/tags?post=7076"}],"curies":[{"name":"wp","href":"https:\/\/api.w.org\/{rel}","templated":true}]}}