{"id":7066,"date":"2026-05-01T00:59:47","date_gmt":"2026-05-01T00:59:47","guid":{"rendered":"https:\/\/www.diario21.tv\/noticias\/alerta-en-toledo-un-lince-devora-gatos-callejeros-en-impactante-paseo-por-el-pueblo\/"},"modified":"2026-05-01T00:59:50","modified_gmt":"2026-05-01T00:59:50","slug":"alerta-en-toledo-un-lince-devora-gatos-callejeros-en-impactante-paseo-por-el-pueblo","status":"publish","type":"post","link":"https:\/\/www.diario21.tv\/noticias\/alerta-en-toledo-un-lince-devora-gatos-callejeros-en-impactante-paseo-por-el-pueblo\/","title":{"rendered":"\u00a1Alerta en Toledo! Un lince devora gatos callejeros en impactante paseo por el pueblo"},"content":{"rendered":"<h2>Un lince causa estragos en una localidad toledana al depredar numerosos gatos ferales<\/h2>\n<p>En los \u00faltimos d\u00edas, los residentes de un peque\u00f1o pueblo en la provincia de Toledo han sido testigos de un fen\u00f3meno tanto inusual como alarmante: un lince ha sido avistado merodeando por las calles, y se le atribuye la desaparici\u00f3n de varios gatos callejeros que sol\u00edan deambular por la localidad. Este suceso ha generado una mezcla de fascinaci\u00f3n y preocupaci\u00f3n entre los habitantes.<\/p>\n<h3>Impacto en la comunidad felina local<\/h3>\n<p>Seg\u00fan informan fuentes locales, el n\u00famero de gatos ferales en el pueblo ha disminuido significativamente desde la aparici\u00f3n del lince. Los vecinos, que sol\u00edan ver a los gatos congreg\u00e1ndose en distintos puntos del pueblo, ahora notan una notable ausencia. Algunos miembros de la comunidad, especialmente aquellos que cuidaban de estos gatos ofreci\u00e9ndoles comida y refugio ocasional, se muestran particularmente afectados.<\/p>\n<h3>Reacciones de los habitantes<\/h3>\n<p>La reacci\u00f3n de los habitantes ante la presencia del lince es variada. Por un lado, hay quienes se muestran entusiasmados por la presencia de un animal silvestre de tal calibre dentro del entorno urbano, lo cual es bastante inusual en esta regi\u00f3n. Por otro lado, existe una preocupaci\u00f3n creciente por la seguridad tanto de los gatos restantes como de las peque\u00f1as mascotas de la localidad.<\/p>\n<h3>Medidas tomadas por las autoridades locales<\/h3>\n<p>Ante esta situaci\u00f3n, las autoridades locales han comenzado a tomar medidas. Se han iniciado patrullas en las horas de mayor actividad del lince, principalmente durante el crep\u00fasculo y la noche, en un intento por asegurar tanto la protecci\u00f3n del lince como la de los animales dom\u00e9sticos de los vecinos. Adem\u00e1s, se est\u00e1 considerando la posibilidad de colaborar con expertos en fauna silvestre para evaluar la situaci\u00f3n y decidir sobre los pasos a seguir.<\/p>\n<h3>Implicaciones para la biodiversidad local<\/h3>\n<p>Este incidente ha abierto un debate sobre la biodiversidad y la convivencia entre especies urbanas y silvestres. Algunos expertos se\u00f1alan que la presencia del lince podr\u00eda ser indicativa de cambios en los ecosistemas locales, posiblemente ligados a la urbanizaci\u00f3n y a la alteraci\u00f3n de los h\u00e1bitats naturales. Este evento podr\u00eda servir para reflexionar sobre c\u00f3mo gestionar la coexistencia de fauna silvestre con comunidades urbanas, un desaf\u00edo creciente en muchas partes del mundo.<\/p>\n<h3>Conclusiones y expectativas futuras<\/h3>\n<p>Mientras el pueblo se adapta a esta nueva realidad, las opiniones y emociones siguen siendo encontradas. Lo que es indudable es que la aparici\u00f3n de este lince ha alterado la rutina diaria del pueblo, poniendo en primer plano la interacci\u00f3n entre el hombre y la naturaleza. Las pr\u00f3ximas semanas ser\u00e1n cruciales para determinar c\u00f3mo se gestionar\u00e1 esta coexistencia y qu\u00e9 medidas se tomar\u00e1n para asegurar un equilibrio entre la vida silvestre y la seguridad de los animales dom\u00e9sticos y ciudadanos del pueblo.<\/p>\n\n\n<div class=\"kk-star-ratings kksr-auto kksr-align-left kksr-valign-bottom\"\n    data-payload='{&quot;align&quot;:&quot;left&quot;,&quot;id&quot;:&quot;7066&quot;,&quot;slug&quot;:&quot;default&quot;,&quot;valign&quot;:&quot;bottom&quot;,&quot;ignore&quot;:&quot;&quot;,&quot;reference&quot;:&quot;auto&quot;,&quot;class&quot;:&quot;&quot;,&quot;count&quot;:&quot;0&quot;,&quot;legendonly&quot;:&quot;&quot;,&quot;readonly&quot;:&quot;&quot;,&quot;score&quot;:&quot;0&quot;,&quot;starsonly&quot;:&quot;&quot;,&quot;best&quot;:&quot;5&quot;,&quot;gap&quot;:&quot;5&quot;,&quot;greet&quot;:&quot;Valora este post&quot;,&quot;legend&quot;:&quot;0\\\/5 - (0 votes)&quot;,&quot;size&quot;:&quot;22&quot;,&quot;title&quot;:&quot;\u00a1Alerta en Toledo! Un lince devora gatos callejeros en impactante paseo por el pueblo&quot;,&quot;width&quot;:&quot;0&quot;,&quot;_legend&quot;:&quot;{score}\\\/{best} - ({count} {votes})&quot;,&quot;font_factor&quot;:&quot;1.25&quot;}'>\n            \n<div class=\"kksr-stars\">\n    \n<div class=\"kksr-stars-inactive\">\n            <div class=\"kksr-star\" data-star=\"1\" style=\"padding-right: 5px\">\n            \n\n<div class=\"kksr-icon\" style=\"width: 22px; height: 22px;\"><\/div>\n        <\/div>\n            <div class=\"kksr-star\" data-star=\"2\" style=\"padding-right: 5px\">\n            \n\n<div class=\"kksr-icon\" style=\"width: 22px; height: 22px;\"><\/div>\n        <\/div>\n            <div class=\"kksr-star\" data-star=\"3\" style=\"padding-right: 5px\">\n            \n\n<div class=\"kksr-icon\" style=\"width: 22px; height: 22px;\"><\/div>\n        <\/div>\n            <div class=\"kksr-star\" data-star=\"4\" style=\"padding-right: 5px\">\n            \n\n<div class=\"kksr-icon\" style=\"width: 22px; height: 22px;\"><\/div>\n        <\/div>\n            <div class=\"kksr-star\" data-star=\"5\" style=\"padding-right: 5px\">\n            \n\n<div class=\"kksr-icon\" style=\"width: 22px; height: 22px;\"><\/div>\n        <\/div>\n    <\/div>\n    \n<div class=\"kksr-stars-active\" style=\"width: 0px;\">\n            <div class=\"kksr-star\" style=\"padding-right: 5px\">\n            \n\n<div class=\"kksr-icon\" style=\"width: 22px; height: 22px;\"><\/div>\n        <\/div>\n            <div class=\"kksr-star\" style=\"padding-right: 5px\">\n            \n\n<div class=\"kksr-icon\" style=\"width: 22px; height: 22px;\"><\/div>\n        <\/div>\n            <div class=\"kksr-star\" style=\"padding-right: 5px\">\n            \n\n<div class=\"kksr-icon\" style=\"width: 22px; height: 22px;\"><\/div>\n        <\/div>\n            <div class=\"kksr-star\" style=\"padding-right: 5px\">\n            \n\n<div class=\"kksr-icon\" style=\"width: 22px; height: 22px;\"><\/div>\n        <\/div>\n            <div class=\"kksr-star\" style=\"padding-right: 5px\">\n            \n\n<div class=\"kksr-icon\" style=\"width: 22px; height: 22px;\"><\/div>\n        <\/div>\n    <\/div>\n<\/div>\n                \n\n<div class=\"kksr-legend\" style=\"font-size: 17.6px;\">\n            <span class=\"kksr-muted\">Valora este post<\/span>\n    <\/div>\n    <\/div>\n","protected":false},"excerpt":{"rendered":"<p>Un lince causa estragos en una localidad toledana al depredar numerosos gatos ferales En los \u00faltimos d\u00edas, los residentes de un peque\u00f1o pueblo en la provincia &#8230; <a title=\"\u00a1Alerta en Toledo! Un lince devora gatos callejeros en impactante paseo por el pueblo\" class=\"read-more\" href=\"https:\/\/www.diario21.tv\/noticias\/alerta-en-toledo-un-lince-devora-gatos-callejeros-en-impactante-paseo-por-el-pueblo\/\" aria-label=\"Leer m\u00e1s sobre \u00a1Alerta en Toledo! Un lince devora gatos callejeros en impactante paseo por el pueblo\">Seguir leyendo &rarr;<\/a><\/p>\n","protected":false},"author":20,"featured_media":7067,"comment_status":"open","ping_status":"open","sticky":false,"template":"","format":"standard","meta":{"footnotes":""},"categories":[13],"tags":[],"class_list":["post-7066","post","type-post","status-publish","format-standard","has-post-thumbnail","hentry","category-portada"],"yoast_head":"<!-- This site is optimized with the Yoast SEO plugin v25.6 - https:\/\/yoast.com\/wordpress\/plugins\/seo\/ -->\n<title>\u00a1Alerta en Toledo! Un lince devora gatos callejeros en impactante paseo por el pueblo - Diario 21<\/title>\n<meta name=\"robots\" content=\"index, follow, max-snippet:-1, max-image-preview:large, max-video-preview:-1\" \/>\n<link rel=\"canonical\" href=\"https:\/\/www.diario21.tv\/noticias\/alerta-en-toledo-un-lince-devora-gatos-callejeros-en-impactante-paseo-por-el-pueblo\/\" \/>\n<meta property=\"og:locale\" content=\"es_ES\" \/>\n<meta property=\"og:type\" content=\"article\" \/>\n<meta property=\"og:title\" content=\"\u00a1Alerta en Toledo! Un lince devora gatos callejeros en impactante paseo por el pueblo - Diario 21\" \/>\n<meta property=\"og:description\" content=\"Un lince causa estragos en una localidad toledana al depredar numerosos gatos ferales En los \u00faltimos d\u00edas, los residentes de un peque\u00f1o pueblo en la provincia ... Seguir leyendo &rarr;\" \/>\n<meta property=\"og:url\" content=\"https:\/\/www.diario21.tv\/noticias\/alerta-en-toledo-un-lince-devora-gatos-callejeros-en-impactante-paseo-por-el-pueblo\/\" \/>\n<meta property=\"og:site_name\" content=\"Diario 21\" \/>\n<meta property=\"article:published_time\" content=\"2026-05-01T00:59:47+00:00\" \/>\n<meta property=\"article:modified_time\" content=\"2026-05-01T00:59:50+00:00\" \/>\n<meta property=\"og:image\" content=\"https:\/\/www.diario21.tv\/noticias\/wp-content\/uploads\/2026\/05\/\u00a1Alerta-en-Toledo-Un-lince-devora-gatos-callejeros-en-impactante.jpg\" \/>\n\t<meta property=\"og:image:width\" content=\"2016\" \/>\n\t<meta property=\"og:image:height\" content=\"1134\" \/>\n\t<meta property=\"og:image:type\" content=\"image\/jpeg\" \/>\n<meta name=\"author\" content=\"Juan P\u00e9rez\" \/>\n<meta name=\"twitter:card\" content=\"summary_large_image\" \/>\n<meta name=\"twitter:label1\" content=\"Escrito por\" \/>\n\t<meta name=\"twitter:data1\" content=\"Juan P\u00e9rez\" \/>\n\t<meta name=\"twitter:label2\" content=\"Tiempo de lectura\" \/>\n\t<meta name=\"twitter:data2\" content=\"2 minutos\" \/>\n<script type=\"application\/ld+json\" class=\"yoast-schema-graph\">{\"@context\":\"https:\/\/schema.org\",\"@graph\":[{\"@type\":\"WebPage\",\"@id\":\"https:\/\/www.diario21.tv\/noticias\/alerta-en-toledo-un-lince-devora-gatos-callejeros-en-impactante-paseo-por-el-pueblo\/\",\"url\":\"https:\/\/www.diario21.tv\/noticias\/alerta-en-toledo-un-lince-devora-gatos-callejeros-en-impactante-paseo-por-el-pueblo\/\",\"name\":\"\u00a1Alerta en Toledo! Un lince devora gatos callejeros en impactante paseo por el pueblo - Diario 21\",\"isPartOf\":{\"@id\":\"https:\/\/www.diario21.tv\/noticias\/#website\"},\"primaryImageOfPage\":{\"@id\":\"https:\/\/www.diario21.tv\/noticias\/alerta-en-toledo-un-lince-devora-gatos-callejeros-en-impactante-paseo-por-el-pueblo\/#primaryimage\"},\"image\":{\"@id\":\"https:\/\/www.diario21.tv\/noticias\/alerta-en-toledo-un-lince-devora-gatos-callejeros-en-impactante-paseo-por-el-pueblo\/#primaryimage\"},\"thumbnailUrl\":\"https:\/\/www.diario21.tv\/noticias\/wp-content\/uploads\/2026\/05\/\u00a1Alerta-en-Toledo-Un-lince-devora-gatos-callejeros-en-impactante.jpg\",\"datePublished\":\"2026-05-01T00:59:47+00:00\",\"dateModified\":\"2026-05-01T00:59:50+00:00\",\"author\":{\"@id\":\"https:\/\/www.diario21.tv\/noticias\/#\/schema\/person\/dfb778f73814d8f09f302618446a526b\"},\"breadcrumb\":{\"@id\":\"https:\/\/www.diario21.tv\/noticias\/alerta-en-toledo-un-lince-devora-gatos-callejeros-en-impactante-paseo-por-el-pueblo\/#breadcrumb\"},\"inLanguage\":\"es-AR\",\"potentialAction\":[{\"@type\":\"ReadAction\",\"target\":[\"https:\/\/www.diario21.tv\/noticias\/alerta-en-toledo-un-lince-devora-gatos-callejeros-en-impactante-paseo-por-el-pueblo\/\"]}]},{\"@type\":\"ImageObject\",\"inLanguage\":\"es-AR\",\"@id\":\"https:\/\/www.diario21.tv\/noticias\/alerta-en-toledo-un-lince-devora-gatos-callejeros-en-impactante-paseo-por-el-pueblo\/#primaryimage\",\"url\":\"https:\/\/www.diario21.tv\/noticias\/wp-content\/uploads\/2026\/05\/\u00a1Alerta-en-Toledo-Un-lince-devora-gatos-callejeros-en-impactante.jpg\",\"contentUrl\":\"https:\/\/www.diario21.tv\/noticias\/wp-content\/uploads\/2026\/05\/\u00a1Alerta-en-Toledo-Un-lince-devora-gatos-callejeros-en-impactante.jpg\",\"width\":2016,\"height\":1134,\"caption\":\"Un lince se pasea por un pueblo de Toledo acabando con buena parte de sus gatos callejeros\"},{\"@type\":\"BreadcrumbList\",\"@id\":\"https:\/\/www.diario21.tv\/noticias\/alerta-en-toledo-un-lince-devora-gatos-callejeros-en-impactante-paseo-por-el-pueblo\/#breadcrumb\",\"itemListElement\":[{\"@type\":\"ListItem\",\"position\":1,\"name\":\"Accueil\",\"item\":\"https:\/\/www.diario21.tv\/noticias\/\"},{\"@type\":\"ListItem\",\"position\":2,\"name\":\"\u00a1Alerta en Toledo! Un lince devora gatos callejeros en impactante paseo por el pueblo\"}]},{\"@type\":\"WebSite\",\"@id\":\"https:\/\/www.diario21.tv\/noticias\/#website\",\"url\":\"https:\/\/www.diario21.tv\/noticias\/\",\"name\":\"Diario 21\",\"description\":\"\",\"potentialAction\":[{\"@type\":\"SearchAction\",\"target\":{\"@type\":\"EntryPoint\",\"urlTemplate\":\"https:\/\/www.diario21.tv\/noticias\/?s={search_term_string}\"},\"query-input\":{\"@type\":\"PropertyValueSpecification\",\"valueRequired\":true,\"valueName\":\"search_term_string\"}}],\"inLanguage\":\"es-AR\"},{\"@type\":\"Person\",\"@id\":\"https:\/\/www.diario21.tv\/noticias\/#\/schema\/person\/dfb778f73814d8f09f302618446a526b\",\"name\":\"Juan P\u00e9rez\",\"image\":{\"@type\":\"ImageObject\",\"inLanguage\":\"es-AR\",\"@id\":\"https:\/\/www.diario21.tv\/noticias\/#\/schema\/person\/image\/\",\"url\":\"https:\/\/secure.gravatar.com\/avatar\/c478a405bd10621167f4c3167cc770f5?s=96&d=mm&r=g\",\"contentUrl\":\"https:\/\/secure.gravatar.com\/avatar\/c478a405bd10621167f4c3167cc770f5?s=96&d=mm&r=g\",\"caption\":\"Juan P\u00e9rez\"},\"description\":\"Juan P\u00e9rez es el redactor en jefe de Diario 21. Con m\u00e1s de 10 a\u00f1os de experiencia en el periodismo, se especializa en pol\u00edtica nacional y an\u00e1lisis socioecon\u00f3mico. Su enfoque cr\u00edtico y riguroso aporta una perspectiva \u00fanica a cada art\u00edculo.\",\"sameAs\":[\"https:\/\/www.diario21.tv\/noticias\/\"],\"url\":\"https:\/\/www.diario21.tv\/noticias\/author\/juan-perez\/\"}]}<\/script>\n<!-- \/ Yoast SEO plugin. -->","yoast_head_json":{"title":"\u00a1Alerta en Toledo! Un lince devora gatos callejeros en impactante paseo por el pueblo - Diario 21","robots":{"index":"index","follow":"follow","max-snippet":"max-snippet:-1","max-image-preview":"max-image-preview:large","max-video-preview":"max-video-preview:-1"},"canonical":"https:\/\/www.diario21.tv\/noticias\/alerta-en-toledo-un-lince-devora-gatos-callejeros-en-impactante-paseo-por-el-pueblo\/","og_locale":"es_ES","og_type":"article","og_title":"\u00a1Alerta en Toledo! Un lince devora gatos callejeros en impactante paseo por el pueblo - Diario 21","og_description":"Un lince causa estragos en una localidad toledana al depredar numerosos gatos ferales En los \u00faltimos d\u00edas, los residentes de un peque\u00f1o pueblo en la provincia ... Seguir leyendo &rarr;","og_url":"https:\/\/www.diario21.tv\/noticias\/alerta-en-toledo-un-lince-devora-gatos-callejeros-en-impactante-paseo-por-el-pueblo\/","og_site_name":"Diario 21","article_published_time":"2026-05-01T00:59:47+00:00","article_modified_time":"2026-05-01T00:59:50+00:00","og_image":[{"width":2016,"height":1134,"url":"https:\/\/www.diario21.tv\/noticias\/wp-content\/uploads\/2026\/05\/\u00a1Alerta-en-Toledo-Un-lince-devora-gatos-callejeros-en-impactante.jpg","type":"image\/jpeg"}],"author":"Juan P\u00e9rez","twitter_card":"summary_large_image","twitter_misc":{"Escrito por":"Juan P\u00e9rez","Tiempo de lectura":"2 minutos"},"schema":{"@context":"https:\/\/schema.org","@graph":[{"@type":"WebPage","@id":"https:\/\/www.diario21.tv\/noticias\/alerta-en-toledo-un-lince-devora-gatos-callejeros-en-impactante-paseo-por-el-pueblo\/","url":"https:\/\/www.diario21.tv\/noticias\/alerta-en-toledo-un-lince-devora-gatos-callejeros-en-impactante-paseo-por-el-pueblo\/","name":"\u00a1Alerta en Toledo! Un lince devora gatos callejeros en impactante paseo por el pueblo - Diario 21","isPartOf":{"@id":"https:\/\/www.diario21.tv\/noticias\/#website"},"primaryImageOfPage":{"@id":"https:\/\/www.diario21.tv\/noticias\/alerta-en-toledo-un-lince-devora-gatos-callejeros-en-impactante-paseo-por-el-pueblo\/#primaryimage"},"image":{"@id":"https:\/\/www.diario21.tv\/noticias\/alerta-en-toledo-un-lince-devora-gatos-callejeros-en-impactante-paseo-por-el-pueblo\/#primaryimage"},"thumbnailUrl":"https:\/\/www.diario21.tv\/noticias\/wp-content\/uploads\/2026\/05\/\u00a1Alerta-en-Toledo-Un-lince-devora-gatos-callejeros-en-impactante.jpg","datePublished":"2026-05-01T00:59:47+00:00","dateModified":"2026-05-01T00:59:50+00:00","author":{"@id":"https:\/\/www.diario21.tv\/noticias\/#\/schema\/person\/dfb778f73814d8f09f302618446a526b"},"breadcrumb":{"@id":"https:\/\/www.diario21.tv\/noticias\/alerta-en-toledo-un-lince-devora-gatos-callejeros-en-impactante-paseo-por-el-pueblo\/#breadcrumb"},"inLanguage":"es-AR","potentialAction":[{"@type":"ReadAction","target":["https:\/\/www.diario21.tv\/noticias\/alerta-en-toledo-un-lince-devora-gatos-callejeros-en-impactante-paseo-por-el-pueblo\/"]}]},{"@type":"ImageObject","inLanguage":"es-AR","@id":"https:\/\/www.diario21.tv\/noticias\/alerta-en-toledo-un-lince-devora-gatos-callejeros-en-impactante-paseo-por-el-pueblo\/#primaryimage","url":"https:\/\/www.diario21.tv\/noticias\/wp-content\/uploads\/2026\/05\/\u00a1Alerta-en-Toledo-Un-lince-devora-gatos-callejeros-en-impactante.jpg","contentUrl":"https:\/\/www.diario21.tv\/noticias\/wp-content\/uploads\/2026\/05\/\u00a1Alerta-en-Toledo-Un-lince-devora-gatos-callejeros-en-impactante.jpg","width":2016,"height":1134,"caption":"Un lince se pasea por un pueblo de Toledo acabando con buena parte de sus gatos callejeros"},{"@type":"BreadcrumbList","@id":"https:\/\/www.diario21.tv\/noticias\/alerta-en-toledo-un-lince-devora-gatos-callejeros-en-impactante-paseo-por-el-pueblo\/#breadcrumb","itemListElement":[{"@type":"ListItem","position":1,"name":"Accueil","item":"https:\/\/www.diario21.tv\/noticias\/"},{"@type":"ListItem","position":2,"name":"\u00a1Alerta en Toledo! Un lince devora gatos callejeros en impactante paseo por el pueblo"}]},{"@type":"WebSite","@id":"https:\/\/www.diario21.tv\/noticias\/#website","url":"https:\/\/www.diario21.tv\/noticias\/","name":"Diario 21","description":"","potentialAction":[{"@type":"SearchAction","target":{"@type":"EntryPoint","urlTemplate":"https:\/\/www.diario21.tv\/noticias\/?s={search_term_string}"},"query-input":{"@type":"PropertyValueSpecification","valueRequired":true,"valueName":"search_term_string"}}],"inLanguage":"es-AR"},{"@type":"Person","@id":"https:\/\/www.diario21.tv\/noticias\/#\/schema\/person\/dfb778f73814d8f09f302618446a526b","name":"Juan P\u00e9rez","image":{"@type":"ImageObject","inLanguage":"es-AR","@id":"https:\/\/www.diario21.tv\/noticias\/#\/schema\/person\/image\/","url":"https:\/\/secure.gravatar.com\/avatar\/c478a405bd10621167f4c3167cc770f5?s=96&d=mm&r=g","contentUrl":"https:\/\/secure.gravatar.com\/avatar\/c478a405bd10621167f4c3167cc770f5?s=96&d=mm&r=g","caption":"Juan P\u00e9rez"},"description":"Juan P\u00e9rez es el redactor en jefe de Diario 21. Con m\u00e1s de 10 a\u00f1os de experiencia en el periodismo, se especializa en pol\u00edtica nacional y an\u00e1lisis socioecon\u00f3mico. Su enfoque cr\u00edtico y riguroso aporta una perspectiva \u00fanica a cada art\u00edculo.","sameAs":["https:\/\/www.diario21.tv\/noticias\/"],"url":"https:\/\/www.diario21.tv\/noticias\/author\/juan-perez\/"}]}},"_links":{"self":[{"href":"https:\/\/www.diario21.tv\/noticias\/wp-json\/wp\/v2\/posts\/7066"}],"collection":[{"href":"https:\/\/www.diario21.tv\/noticias\/wp-json\/wp\/v2\/posts"}],"about":[{"href":"https:\/\/www.diario21.tv\/noticias\/wp-json\/wp\/v2\/types\/post"}],"author":[{"embeddable":true,"href":"https:\/\/www.diario21.tv\/noticias\/wp-json\/wp\/v2\/users\/20"}],"replies":[{"embeddable":true,"href":"https:\/\/www.diario21.tv\/noticias\/wp-json\/wp\/v2\/comments?post=7066"}],"version-history":[{"count":1,"href":"https:\/\/www.diario21.tv\/noticias\/wp-json\/wp\/v2\/posts\/7066\/revisions"}],"predecessor-version":[{"id":7068,"href":"https:\/\/www.diario21.tv\/noticias\/wp-json\/wp\/v2\/posts\/7066\/revisions\/7068"}],"wp:featuredmedia":[{"embeddable":true,"href":"https:\/\/www.diario21.tv\/noticias\/wp-json\/wp\/v2\/media\/7067"}],"wp:attachment":[{"href":"https:\/\/www.diario21.tv\/noticias\/wp-json\/wp\/v2\/media?parent=7066"}],"wp:term":[{"taxonomy":"category","embeddable":true,"href":"https:\/\/www.diario21.tv\/noticias\/wp-json\/wp\/v2\/categories?post=7066"},{"taxonomy":"post_tag","embeddable":true,"href":"https:\/\/www.diario21.tv\/noticias\/wp-json\/wp\/v2\/tags?post=7066"}],"curies":[{"name":"wp","href":"https:\/\/api.w.org\/{rel}","templated":true}]}}