{"id":7063,"date":"2026-04-30T18:54:21","date_gmt":"2026-04-30T18:54:21","guid":{"rendered":"https:\/\/www.diario21.tv\/noticias\/atencion-cambios-inminentes-en-la-tdt-descubre-todo-lo-esencial-aqui\/"},"modified":"2026-04-30T18:54:23","modified_gmt":"2026-04-30T18:54:23","slug":"atencion-cambios-inminentes-en-la-tdt-descubre-todo-lo-esencial-aqui","status":"publish","type":"post","link":"https:\/\/www.diario21.tv\/noticias\/atencion-cambios-inminentes-en-la-tdt-descubre-todo-lo-esencial-aqui\/","title":{"rendered":"\u00a1Atenci\u00f3n! Cambios inminentes en la TDT: descubre todo lo esencial aqu\u00ed"},"content":{"rendered":"<h2>La Inminente Transformaci\u00f3n de la Televisi\u00f3n Digital Terrestre: Informaci\u00f3n Esencial<\/h2>\n<p>La televisi\u00f3n digital terrestre (TDT) est\u00e1 a punto de experimentar una revoluci\u00f3n significativa que podr\u00eda cambiar la manera en que millones de espectadores consumen sus programas favoritos. Este cambio, impulsado por avances tecnol\u00f3gicos y normativas europeas, busca mejorar la calidad de la se\u00f1al y ampliar la oferta de servicios disponibles.<\/p>\n<h3>\u00bfQu\u00e9 Cambios se Esperan?<\/h3>\n<p>El cambio m\u00e1s destacado en la TDT es la transici\u00f3n hacia el nuevo est\u00e1ndar de transmisi\u00f3n, conocido como DVB-T2. Este est\u00e1ndar, que ya se utiliza en varios pa\u00edses europeos, permite transmitir contenido en una calidad superior, incluyendo la alta definici\u00f3n (HD) y eventualmente la ultra alta definici\u00f3n (UHD). Adem\u00e1s, el DVB-T2 ofrece una mayor eficiencia en el uso del espectro radioel\u00e9ctrico, lo que permite liberar frecuencias para otros usos como la red de telefon\u00eda m\u00f3vil 5G.<\/p>\n<p>Otra novedad es la incorporaci\u00f3n del codec HEVC (High Efficiency Video Coding), m\u00e1s eficiente que su predecesor, lo que se traduce en una mejor calidad de imagen y sonido sin ocupar m\u00e1s ancho de banda. Esta mejora es esencial, especialmente para los usuarios que a\u00fan no cuentan con acceso a servicios de televisi\u00f3n por cable o sat\u00e9lite.<\/p>\n<h3>Impacto en los Usuarios<\/h3>\n<p>Para los espectadores, la principal implicaci\u00f3n de estos cambios es la necesidad de adaptar o actualizar sus equipos receptores. Los televisores y decodificadores que no sean compatibles con el est\u00e1ndar DVB-T2 y el codec HEVC no podr\u00e1n recibir la se\u00f1al de la TDT una vez completada la transici\u00f3n. Esto significa que muchos hogares tendr\u00e1n que invertir en nuevos equipos para continuar accediendo a la oferta televisiva gratuita.<\/p>\n<p>Es crucial que los usuarios verifiquen la compatibilidad de sus dispositivos con los nuevos est\u00e1ndares. La mayor\u00eda de los televisores modernos ya incluyen soporte para DVB-T2 y HEVC, pero muchos modelos antiguos necesitar\u00e1n ser reemplazados o complementados con un decodificador externo.<\/p>\n<h3>Beneficios de la Nueva TDT<\/h3>\n<p>A pesar de la inversi\u00f3n inicial que puede representar para algunos usuarios, la actualizaci\u00f3n de la TDT ofrece numerosos beneficios. La mejora en la calidad de la imagen y el sonido es considerable, lo que proporciona una experiencia visual m\u00e1s rica y envolvente. Adem\u00e1s, la eficiencia del DVB-T2 permite ofrecer un mayor n\u00famero de canales y servicios adicionales, como gu\u00edas de programaci\u00f3n avanzadas y aplicaciones interactivas.<\/p>\n<p>Esta transformaci\u00f3n tambi\u00e9n es un paso adelante en la adaptaci\u00f3n de la infraestructura de telecomunicaciones al creciente consumo de datos y a las nuevas tecnolog\u00edas como 5G, que requieren bandas de frecuencia liberadas por la antigua tecnolog\u00eda de transmisi\u00f3n.<\/p>\n<h3>Plazos y Recomendaciones<\/h3>\n<p>La transici\u00f3n hacia el nuevo est\u00e1ndar de TDT se realizar\u00e1 de manera gradual, con fechas l\u00edmite establecidas por cada pa\u00eds conforme a las directrices europeas. Es aconsejable que los usuarios se informen sobre el calendario espec\u00edfico de implementaci\u00f3n en su regi\u00f3n y las medidas de apoyo que puedan estar disponibles, como subvenciones o programas de reciclaje de equipos antiguos.<\/p>\n<p>En conclusi\u00f3n, el pr\u00f3ximo gran cambio en la TDT promete mejorar significativamente la calidad de la televisi\u00f3n gratuita y preparar el terreno para futuras innovaciones en la transmisi\u00f3n de contenido. Aunque requiere cierta adaptaci\u00f3n por parte de los usuarios, los beneficios a largo plazo justifican la inversi\u00f3n en nueva tecnolog\u00eda.<\/p>\n\n\n<div class=\"kk-star-ratings kksr-auto kksr-align-left kksr-valign-bottom\"\n    data-payload='{&quot;align&quot;:&quot;left&quot;,&quot;id&quot;:&quot;7063&quot;,&quot;slug&quot;:&quot;default&quot;,&quot;valign&quot;:&quot;bottom&quot;,&quot;ignore&quot;:&quot;&quot;,&quot;reference&quot;:&quot;auto&quot;,&quot;class&quot;:&quot;&quot;,&quot;count&quot;:&quot;0&quot;,&quot;legendonly&quot;:&quot;&quot;,&quot;readonly&quot;:&quot;&quot;,&quot;score&quot;:&quot;0&quot;,&quot;starsonly&quot;:&quot;&quot;,&quot;best&quot;:&quot;5&quot;,&quot;gap&quot;:&quot;5&quot;,&quot;greet&quot;:&quot;Valora este post&quot;,&quot;legend&quot;:&quot;0\\\/5 - (0 votes)&quot;,&quot;size&quot;:&quot;22&quot;,&quot;title&quot;:&quot;\u00a1Atenci\u00f3n! Cambios inminentes en la TDT: descubre todo lo esencial aqu\u00ed&quot;,&quot;width&quot;:&quot;0&quot;,&quot;_legend&quot;:&quot;{score}\\\/{best} - ({count} {votes})&quot;,&quot;font_factor&quot;:&quot;1.25&quot;}'>\n            \n<div class=\"kksr-stars\">\n    \n<div class=\"kksr-stars-inactive\">\n            <div class=\"kksr-star\" data-star=\"1\" style=\"padding-right: 5px\">\n            \n\n<div class=\"kksr-icon\" style=\"width: 22px; height: 22px;\"><\/div>\n        <\/div>\n            <div class=\"kksr-star\" data-star=\"2\" style=\"padding-right: 5px\">\n            \n\n<div class=\"kksr-icon\" style=\"width: 22px; height: 22px;\"><\/div>\n        <\/div>\n            <div class=\"kksr-star\" data-star=\"3\" style=\"padding-right: 5px\">\n            \n\n<div class=\"kksr-icon\" style=\"width: 22px; height: 22px;\"><\/div>\n        <\/div>\n            <div class=\"kksr-star\" data-star=\"4\" style=\"padding-right: 5px\">\n            \n\n<div class=\"kksr-icon\" style=\"width: 22px; height: 22px;\"><\/div>\n        <\/div>\n            <div class=\"kksr-star\" data-star=\"5\" style=\"padding-right: 5px\">\n            \n\n<div class=\"kksr-icon\" style=\"width: 22px; height: 22px;\"><\/div>\n        <\/div>\n    <\/div>\n    \n<div class=\"kksr-stars-active\" style=\"width: 0px;\">\n            <div class=\"kksr-star\" style=\"padding-right: 5px\">\n            \n\n<div class=\"kksr-icon\" style=\"width: 22px; height: 22px;\"><\/div>\n        <\/div>\n            <div class=\"kksr-star\" style=\"padding-right: 5px\">\n            \n\n<div class=\"kksr-icon\" style=\"width: 22px; height: 22px;\"><\/div>\n        <\/div>\n            <div class=\"kksr-star\" style=\"padding-right: 5px\">\n            \n\n<div class=\"kksr-icon\" style=\"width: 22px; height: 22px;\"><\/div>\n        <\/div>\n            <div class=\"kksr-star\" style=\"padding-right: 5px\">\n            \n\n<div class=\"kksr-icon\" style=\"width: 22px; height: 22px;\"><\/div>\n        <\/div>\n            <div class=\"kksr-star\" style=\"padding-right: 5px\">\n            \n\n<div class=\"kksr-icon\" style=\"width: 22px; height: 22px;\"><\/div>\n        <\/div>\n    <\/div>\n<\/div>\n                \n\n<div class=\"kksr-legend\" style=\"font-size: 17.6px;\">\n            <span class=\"kksr-muted\">Valora este post<\/span>\n    <\/div>\n    <\/div>\n","protected":false},"excerpt":{"rendered":"<p>La Inminente Transformaci\u00f3n de la Televisi\u00f3n Digital Terrestre: Informaci\u00f3n Esencial La televisi\u00f3n digital terrestre (TDT) est\u00e1 a punto de experimentar una revoluci\u00f3n significativa que podr\u00eda cambiar &#8230; <a title=\"\u00a1Atenci\u00f3n! Cambios inminentes en la TDT: descubre todo lo esencial aqu\u00ed\" class=\"read-more\" href=\"https:\/\/www.diario21.tv\/noticias\/atencion-cambios-inminentes-en-la-tdt-descubre-todo-lo-esencial-aqui\/\" aria-label=\"Leer m\u00e1s sobre \u00a1Atenci\u00f3n! Cambios inminentes en la TDT: descubre todo lo esencial aqu\u00ed\">Seguir leyendo &rarr;<\/a><\/p>\n","protected":false},"author":20,"featured_media":7064,"comment_status":"open","ping_status":"open","sticky":false,"template":"","format":"standard","meta":{"footnotes":""},"categories":[13],"tags":[],"class_list":["post-7063","post","type-post","status-publish","format-standard","has-post-thumbnail","hentry","category-portada"],"yoast_head":"<!-- This site is optimized with the Yoast SEO plugin v25.6 - https:\/\/yoast.com\/wordpress\/plugins\/seo\/ -->\n<title>\u00a1Atenci\u00f3n! Cambios inminentes en la TDT: descubre todo lo esencial aqu\u00ed - Diario 21<\/title>\n<meta name=\"robots\" content=\"index, follow, max-snippet:-1, max-image-preview:large, max-video-preview:-1\" \/>\n<link rel=\"canonical\" href=\"https:\/\/www.diario21.tv\/noticias\/atencion-cambios-inminentes-en-la-tdt-descubre-todo-lo-esencial-aqui\/\" \/>\n<meta property=\"og:locale\" content=\"es_ES\" \/>\n<meta property=\"og:type\" content=\"article\" \/>\n<meta property=\"og:title\" content=\"\u00a1Atenci\u00f3n! Cambios inminentes en la TDT: descubre todo lo esencial aqu\u00ed - Diario 21\" \/>\n<meta property=\"og:description\" content=\"La Inminente Transformaci\u00f3n de la Televisi\u00f3n Digital Terrestre: Informaci\u00f3n Esencial La televisi\u00f3n digital terrestre (TDT) est\u00e1 a punto de experimentar una revoluci\u00f3n significativa que podr\u00eda cambiar ... Seguir leyendo &rarr;\" \/>\n<meta property=\"og:url\" content=\"https:\/\/www.diario21.tv\/noticias\/atencion-cambios-inminentes-en-la-tdt-descubre-todo-lo-esencial-aqui\/\" \/>\n<meta property=\"og:site_name\" content=\"Diario 21\" \/>\n<meta property=\"article:published_time\" content=\"2026-04-30T18:54:21+00:00\" \/>\n<meta property=\"article:modified_time\" content=\"2026-04-30T18:54:23+00:00\" \/>\n<meta property=\"og:image\" content=\"https:\/\/www.diario21.tv\/noticias\/wp-content\/uploads\/2026\/04\/\u00a1Atencion-Cambios-inminentes-en-la-TDT-descubre-todo-lo-esencial.jpg\" \/>\n\t<meta property=\"og:image:width\" content=\"1280\" \/>\n\t<meta property=\"og:image:height\" content=\"1920\" \/>\n\t<meta property=\"og:image:type\" content=\"image\/jpeg\" \/>\n<meta name=\"author\" content=\"Juan P\u00e9rez\" \/>\n<meta name=\"twitter:card\" content=\"summary_large_image\" \/>\n<meta name=\"twitter:label1\" content=\"Escrito por\" \/>\n\t<meta name=\"twitter:data1\" content=\"Juan P\u00e9rez\" \/>\n\t<meta name=\"twitter:label2\" content=\"Tiempo de lectura\" \/>\n\t<meta name=\"twitter:data2\" content=\"3 minutos\" \/>\n<script type=\"application\/ld+json\" class=\"yoast-schema-graph\">{\"@context\":\"https:\/\/schema.org\",\"@graph\":[{\"@type\":\"WebPage\",\"@id\":\"https:\/\/www.diario21.tv\/noticias\/atencion-cambios-inminentes-en-la-tdt-descubre-todo-lo-esencial-aqui\/\",\"url\":\"https:\/\/www.diario21.tv\/noticias\/atencion-cambios-inminentes-en-la-tdt-descubre-todo-lo-esencial-aqui\/\",\"name\":\"\u00a1Atenci\u00f3n! Cambios inminentes en la TDT: descubre todo lo esencial aqu\u00ed - Diario 21\",\"isPartOf\":{\"@id\":\"https:\/\/www.diario21.tv\/noticias\/#website\"},\"primaryImageOfPage\":{\"@id\":\"https:\/\/www.diario21.tv\/noticias\/atencion-cambios-inminentes-en-la-tdt-descubre-todo-lo-esencial-aqui\/#primaryimage\"},\"image\":{\"@id\":\"https:\/\/www.diario21.tv\/noticias\/atencion-cambios-inminentes-en-la-tdt-descubre-todo-lo-esencial-aqui\/#primaryimage\"},\"thumbnailUrl\":\"https:\/\/www.diario21.tv\/noticias\/wp-content\/uploads\/2026\/04\/\u00a1Atencion-Cambios-inminentes-en-la-TDT-descubre-todo-lo-esencial.jpg\",\"datePublished\":\"2026-04-30T18:54:21+00:00\",\"dateModified\":\"2026-04-30T18:54:23+00:00\",\"author\":{\"@id\":\"https:\/\/www.diario21.tv\/noticias\/#\/schema\/person\/dfb778f73814d8f09f302618446a526b\"},\"breadcrumb\":{\"@id\":\"https:\/\/www.diario21.tv\/noticias\/atencion-cambios-inminentes-en-la-tdt-descubre-todo-lo-esencial-aqui\/#breadcrumb\"},\"inLanguage\":\"es-AR\",\"potentialAction\":[{\"@type\":\"ReadAction\",\"target\":[\"https:\/\/www.diario21.tv\/noticias\/atencion-cambios-inminentes-en-la-tdt-descubre-todo-lo-esencial-aqui\/\"]}]},{\"@type\":\"ImageObject\",\"inLanguage\":\"es-AR\",\"@id\":\"https:\/\/www.diario21.tv\/noticias\/atencion-cambios-inminentes-en-la-tdt-descubre-todo-lo-esencial-aqui\/#primaryimage\",\"url\":\"https:\/\/www.diario21.tv\/noticias\/wp-content\/uploads\/2026\/04\/\u00a1Atencion-Cambios-inminentes-en-la-TDT-descubre-todo-lo-esencial.jpg\",\"contentUrl\":\"https:\/\/www.diario21.tv\/noticias\/wp-content\/uploads\/2026\/04\/\u00a1Atencion-Cambios-inminentes-en-la-TDT-descubre-todo-lo-esencial.jpg\",\"width\":1280,\"height\":1920,\"caption\":\"El gran cambio que est\u00e1 a punto de llegar a la TDT: todo lo que tienes que saber\"},{\"@type\":\"BreadcrumbList\",\"@id\":\"https:\/\/www.diario21.tv\/noticias\/atencion-cambios-inminentes-en-la-tdt-descubre-todo-lo-esencial-aqui\/#breadcrumb\",\"itemListElement\":[{\"@type\":\"ListItem\",\"position\":1,\"name\":\"Accueil\",\"item\":\"https:\/\/www.diario21.tv\/noticias\/\"},{\"@type\":\"ListItem\",\"position\":2,\"name\":\"\u00a1Atenci\u00f3n! Cambios inminentes en la TDT: descubre todo lo esencial aqu\u00ed\"}]},{\"@type\":\"WebSite\",\"@id\":\"https:\/\/www.diario21.tv\/noticias\/#website\",\"url\":\"https:\/\/www.diario21.tv\/noticias\/\",\"name\":\"Diario 21\",\"description\":\"\",\"potentialAction\":[{\"@type\":\"SearchAction\",\"target\":{\"@type\":\"EntryPoint\",\"urlTemplate\":\"https:\/\/www.diario21.tv\/noticias\/?s={search_term_string}\"},\"query-input\":{\"@type\":\"PropertyValueSpecification\",\"valueRequired\":true,\"valueName\":\"search_term_string\"}}],\"inLanguage\":\"es-AR\"},{\"@type\":\"Person\",\"@id\":\"https:\/\/www.diario21.tv\/noticias\/#\/schema\/person\/dfb778f73814d8f09f302618446a526b\",\"name\":\"Juan P\u00e9rez\",\"image\":{\"@type\":\"ImageObject\",\"inLanguage\":\"es-AR\",\"@id\":\"https:\/\/www.diario21.tv\/noticias\/#\/schema\/person\/image\/\",\"url\":\"https:\/\/secure.gravatar.com\/avatar\/c478a405bd10621167f4c3167cc770f5?s=96&d=mm&r=g\",\"contentUrl\":\"https:\/\/secure.gravatar.com\/avatar\/c478a405bd10621167f4c3167cc770f5?s=96&d=mm&r=g\",\"caption\":\"Juan P\u00e9rez\"},\"description\":\"Juan P\u00e9rez es el redactor en jefe de Diario 21. Con m\u00e1s de 10 a\u00f1os de experiencia en el periodismo, se especializa en pol\u00edtica nacional y an\u00e1lisis socioecon\u00f3mico. Su enfoque cr\u00edtico y riguroso aporta una perspectiva \u00fanica a cada art\u00edculo.\",\"sameAs\":[\"https:\/\/www.diario21.tv\/noticias\/\"],\"url\":\"https:\/\/www.diario21.tv\/noticias\/author\/juan-perez\/\"}]}<\/script>\n<!-- \/ Yoast SEO plugin. -->","yoast_head_json":{"title":"\u00a1Atenci\u00f3n! Cambios inminentes en la TDT: descubre todo lo esencial aqu\u00ed - Diario 21","robots":{"index":"index","follow":"follow","max-snippet":"max-snippet:-1","max-image-preview":"max-image-preview:large","max-video-preview":"max-video-preview:-1"},"canonical":"https:\/\/www.diario21.tv\/noticias\/atencion-cambios-inminentes-en-la-tdt-descubre-todo-lo-esencial-aqui\/","og_locale":"es_ES","og_type":"article","og_title":"\u00a1Atenci\u00f3n! Cambios inminentes en la TDT: descubre todo lo esencial aqu\u00ed - Diario 21","og_description":"La Inminente Transformaci\u00f3n de la Televisi\u00f3n Digital Terrestre: Informaci\u00f3n Esencial La televisi\u00f3n digital terrestre (TDT) est\u00e1 a punto de experimentar una revoluci\u00f3n significativa que podr\u00eda cambiar ... Seguir leyendo &rarr;","og_url":"https:\/\/www.diario21.tv\/noticias\/atencion-cambios-inminentes-en-la-tdt-descubre-todo-lo-esencial-aqui\/","og_site_name":"Diario 21","article_published_time":"2026-04-30T18:54:21+00:00","article_modified_time":"2026-04-30T18:54:23+00:00","og_image":[{"width":1280,"height":1920,"url":"https:\/\/www.diario21.tv\/noticias\/wp-content\/uploads\/2026\/04\/\u00a1Atencion-Cambios-inminentes-en-la-TDT-descubre-todo-lo-esencial.jpg","type":"image\/jpeg"}],"author":"Juan P\u00e9rez","twitter_card":"summary_large_image","twitter_misc":{"Escrito por":"Juan P\u00e9rez","Tiempo de lectura":"3 minutos"},"schema":{"@context":"https:\/\/schema.org","@graph":[{"@type":"WebPage","@id":"https:\/\/www.diario21.tv\/noticias\/atencion-cambios-inminentes-en-la-tdt-descubre-todo-lo-esencial-aqui\/","url":"https:\/\/www.diario21.tv\/noticias\/atencion-cambios-inminentes-en-la-tdt-descubre-todo-lo-esencial-aqui\/","name":"\u00a1Atenci\u00f3n! Cambios inminentes en la TDT: descubre todo lo esencial aqu\u00ed - Diario 21","isPartOf":{"@id":"https:\/\/www.diario21.tv\/noticias\/#website"},"primaryImageOfPage":{"@id":"https:\/\/www.diario21.tv\/noticias\/atencion-cambios-inminentes-en-la-tdt-descubre-todo-lo-esencial-aqui\/#primaryimage"},"image":{"@id":"https:\/\/www.diario21.tv\/noticias\/atencion-cambios-inminentes-en-la-tdt-descubre-todo-lo-esencial-aqui\/#primaryimage"},"thumbnailUrl":"https:\/\/www.diario21.tv\/noticias\/wp-content\/uploads\/2026\/04\/\u00a1Atencion-Cambios-inminentes-en-la-TDT-descubre-todo-lo-esencial.jpg","datePublished":"2026-04-30T18:54:21+00:00","dateModified":"2026-04-30T18:54:23+00:00","author":{"@id":"https:\/\/www.diario21.tv\/noticias\/#\/schema\/person\/dfb778f73814d8f09f302618446a526b"},"breadcrumb":{"@id":"https:\/\/www.diario21.tv\/noticias\/atencion-cambios-inminentes-en-la-tdt-descubre-todo-lo-esencial-aqui\/#breadcrumb"},"inLanguage":"es-AR","potentialAction":[{"@type":"ReadAction","target":["https:\/\/www.diario21.tv\/noticias\/atencion-cambios-inminentes-en-la-tdt-descubre-todo-lo-esencial-aqui\/"]}]},{"@type":"ImageObject","inLanguage":"es-AR","@id":"https:\/\/www.diario21.tv\/noticias\/atencion-cambios-inminentes-en-la-tdt-descubre-todo-lo-esencial-aqui\/#primaryimage","url":"https:\/\/www.diario21.tv\/noticias\/wp-content\/uploads\/2026\/04\/\u00a1Atencion-Cambios-inminentes-en-la-TDT-descubre-todo-lo-esencial.jpg","contentUrl":"https:\/\/www.diario21.tv\/noticias\/wp-content\/uploads\/2026\/04\/\u00a1Atencion-Cambios-inminentes-en-la-TDT-descubre-todo-lo-esencial.jpg","width":1280,"height":1920,"caption":"El gran cambio que est\u00e1 a punto de llegar a la TDT: todo lo que tienes que saber"},{"@type":"BreadcrumbList","@id":"https:\/\/www.diario21.tv\/noticias\/atencion-cambios-inminentes-en-la-tdt-descubre-todo-lo-esencial-aqui\/#breadcrumb","itemListElement":[{"@type":"ListItem","position":1,"name":"Accueil","item":"https:\/\/www.diario21.tv\/noticias\/"},{"@type":"ListItem","position":2,"name":"\u00a1Atenci\u00f3n! Cambios inminentes en la TDT: descubre todo lo esencial aqu\u00ed"}]},{"@type":"WebSite","@id":"https:\/\/www.diario21.tv\/noticias\/#website","url":"https:\/\/www.diario21.tv\/noticias\/","name":"Diario 21","description":"","potentialAction":[{"@type":"SearchAction","target":{"@type":"EntryPoint","urlTemplate":"https:\/\/www.diario21.tv\/noticias\/?s={search_term_string}"},"query-input":{"@type":"PropertyValueSpecification","valueRequired":true,"valueName":"search_term_string"}}],"inLanguage":"es-AR"},{"@type":"Person","@id":"https:\/\/www.diario21.tv\/noticias\/#\/schema\/person\/dfb778f73814d8f09f302618446a526b","name":"Juan P\u00e9rez","image":{"@type":"ImageObject","inLanguage":"es-AR","@id":"https:\/\/www.diario21.tv\/noticias\/#\/schema\/person\/image\/","url":"https:\/\/secure.gravatar.com\/avatar\/c478a405bd10621167f4c3167cc770f5?s=96&d=mm&r=g","contentUrl":"https:\/\/secure.gravatar.com\/avatar\/c478a405bd10621167f4c3167cc770f5?s=96&d=mm&r=g","caption":"Juan P\u00e9rez"},"description":"Juan P\u00e9rez es el redactor en jefe de Diario 21. Con m\u00e1s de 10 a\u00f1os de experiencia en el periodismo, se especializa en pol\u00edtica nacional y an\u00e1lisis socioecon\u00f3mico. Su enfoque cr\u00edtico y riguroso aporta una perspectiva \u00fanica a cada art\u00edculo.","sameAs":["https:\/\/www.diario21.tv\/noticias\/"],"url":"https:\/\/www.diario21.tv\/noticias\/author\/juan-perez\/"}]}},"_links":{"self":[{"href":"https:\/\/www.diario21.tv\/noticias\/wp-json\/wp\/v2\/posts\/7063"}],"collection":[{"href":"https:\/\/www.diario21.tv\/noticias\/wp-json\/wp\/v2\/posts"}],"about":[{"href":"https:\/\/www.diario21.tv\/noticias\/wp-json\/wp\/v2\/types\/post"}],"author":[{"embeddable":true,"href":"https:\/\/www.diario21.tv\/noticias\/wp-json\/wp\/v2\/users\/20"}],"replies":[{"embeddable":true,"href":"https:\/\/www.diario21.tv\/noticias\/wp-json\/wp\/v2\/comments?post=7063"}],"version-history":[{"count":1,"href":"https:\/\/www.diario21.tv\/noticias\/wp-json\/wp\/v2\/posts\/7063\/revisions"}],"predecessor-version":[{"id":7065,"href":"https:\/\/www.diario21.tv\/noticias\/wp-json\/wp\/v2\/posts\/7063\/revisions\/7065"}],"wp:featuredmedia":[{"embeddable":true,"href":"https:\/\/www.diario21.tv\/noticias\/wp-json\/wp\/v2\/media\/7064"}],"wp:attachment":[{"href":"https:\/\/www.diario21.tv\/noticias\/wp-json\/wp\/v2\/media?parent=7063"}],"wp:term":[{"taxonomy":"category","embeddable":true,"href":"https:\/\/www.diario21.tv\/noticias\/wp-json\/wp\/v2\/categories?post=7063"},{"taxonomy":"post_tag","embeddable":true,"href":"https:\/\/www.diario21.tv\/noticias\/wp-json\/wp\/v2\/tags?post=7063"}],"curies":[{"name":"wp","href":"https:\/\/api.w.org\/{rel}","templated":true}]}}