{"id":7060,"date":"2026-04-30T12:52:01","date_gmt":"2026-04-30T12:52:01","guid":{"rendered":"https:\/\/www.diario21.tv\/noticias\/dolores-vazquez-confiesa-insomnio-por-el-cerrojo-y-juicio-humillante\/"},"modified":"2026-04-30T12:52:04","modified_gmt":"2026-04-30T12:52:04","slug":"dolores-vazquez-confiesa-insomnio-por-el-cerrojo-y-juicio-humillante","status":"publish","type":"post","link":"https:\/\/www.diario21.tv\/noticias\/dolores-vazquez-confiesa-insomnio-por-el-cerrojo-y-juicio-humillante\/","title":{"rendered":"Dolores V\u00e1zquez Confiesa: Insomnio por el Cerrojo y Juicio Humillante"},"content":{"rendered":"<h2>Dolores V\u00e1zquez y sus Noches de Desvelo<\/h2>\n<p>Dolores V\u00e1zquez comparte que existen dos elementos perturbadores que frecuentemente interrumpen su sue\u00f1o: la prominencia del cerrojo en su memoria y las vivencias de su juicio, donde se sinti\u00f3 como un espect\u00e1culo para el p\u00fablico. Estos pensamientos contin\u00faan afectando profundamente su bienestar emocional y su descanso nocturno.<\/p>\n<h3>La Marca del Cerrojo y el Recuerdo del Juicio<\/h3>\n<p>V\u00e1zquez relata que el cerrojo, un s\u00edmbolo potente de su tiempo en prisi\u00f3n, sigue siendo una imagen v\u00edvida que a menudo se impone en sus noches. La experiencia de estar encerrada y la realidad de ese cerrojo que se cerraba tras ella, son recuerdos que a\u00fan resuenan con fuerza.<\/p>\n<p>Adem\u00e1s, el juicio es otro fantasma que la atormenta. Describe la sensaci\u00f3n de haber sido tratada no como un ser humano, sino como una atracci\u00f3n de circo, observada y juzgada por muchos que no conoc\u00edan la historia completa ni las circunstancias que la rodeaban. Esta exposici\u00f3n y el sentirse incomprendida han dejado una huella duradera en su psique.<\/p>\n<p>Estas dos poderosas im\u00e1genes, el cerrojo y el juicio, contin\u00faan siendo fuentes de estr\u00e9s y angustia para V\u00e1zquez, impidi\u00e9ndole muchas veces encontrar la paz necesaria para un descanso adecuado. Su lucha por recuperar la normalidad en su vida sigue siendo un desaf\u00edo, marcado por estas persistentes memorias de sus d\u00edas m\u00e1s dif\u00edciles.<\/p>\n\n\n<div class=\"kk-star-ratings kksr-auto kksr-align-left kksr-valign-bottom\"\n    data-payload='{&quot;align&quot;:&quot;left&quot;,&quot;id&quot;:&quot;7060&quot;,&quot;slug&quot;:&quot;default&quot;,&quot;valign&quot;:&quot;bottom&quot;,&quot;ignore&quot;:&quot;&quot;,&quot;reference&quot;:&quot;auto&quot;,&quot;class&quot;:&quot;&quot;,&quot;count&quot;:&quot;0&quot;,&quot;legendonly&quot;:&quot;&quot;,&quot;readonly&quot;:&quot;&quot;,&quot;score&quot;:&quot;0&quot;,&quot;starsonly&quot;:&quot;&quot;,&quot;best&quot;:&quot;5&quot;,&quot;gap&quot;:&quot;5&quot;,&quot;greet&quot;:&quot;Valora este post&quot;,&quot;legend&quot;:&quot;0\\\/5 - (0 votes)&quot;,&quot;size&quot;:&quot;22&quot;,&quot;title&quot;:&quot;Dolores V\u00e1zquez Confiesa: Insomnio por el Cerrojo y Juicio Humillante&quot;,&quot;width&quot;:&quot;0&quot;,&quot;_legend&quot;:&quot;{score}\\\/{best} - ({count} {votes})&quot;,&quot;font_factor&quot;:&quot;1.25&quot;}'>\n            \n<div class=\"kksr-stars\">\n    \n<div class=\"kksr-stars-inactive\">\n            <div class=\"kksr-star\" data-star=\"1\" style=\"padding-right: 5px\">\n            \n\n<div class=\"kksr-icon\" style=\"width: 22px; height: 22px;\"><\/div>\n        <\/div>\n            <div class=\"kksr-star\" data-star=\"2\" style=\"padding-right: 5px\">\n            \n\n<div class=\"kksr-icon\" style=\"width: 22px; height: 22px;\"><\/div>\n        <\/div>\n            <div class=\"kksr-star\" data-star=\"3\" style=\"padding-right: 5px\">\n            \n\n<div class=\"kksr-icon\" style=\"width: 22px; height: 22px;\"><\/div>\n        <\/div>\n            <div class=\"kksr-star\" data-star=\"4\" style=\"padding-right: 5px\">\n            \n\n<div class=\"kksr-icon\" style=\"width: 22px; height: 22px;\"><\/div>\n        <\/div>\n            <div class=\"kksr-star\" data-star=\"5\" style=\"padding-right: 5px\">\n            \n\n<div class=\"kksr-icon\" style=\"width: 22px; height: 22px;\"><\/div>\n        <\/div>\n    <\/div>\n    \n<div class=\"kksr-stars-active\" style=\"width: 0px;\">\n            <div class=\"kksr-star\" style=\"padding-right: 5px\">\n            \n\n<div class=\"kksr-icon\" style=\"width: 22px; height: 22px;\"><\/div>\n        <\/div>\n            <div class=\"kksr-star\" style=\"padding-right: 5px\">\n            \n\n<div class=\"kksr-icon\" style=\"width: 22px; height: 22px;\"><\/div>\n        <\/div>\n            <div class=\"kksr-star\" style=\"padding-right: 5px\">\n            \n\n<div class=\"kksr-icon\" style=\"width: 22px; height: 22px;\"><\/div>\n        <\/div>\n            <div class=\"kksr-star\" style=\"padding-right: 5px\">\n            \n\n<div class=\"kksr-icon\" style=\"width: 22px; height: 22px;\"><\/div>\n        <\/div>\n            <div class=\"kksr-star\" style=\"padding-right: 5px\">\n            \n\n<div class=\"kksr-icon\" style=\"width: 22px; height: 22px;\"><\/div>\n        <\/div>\n    <\/div>\n<\/div>\n                \n\n<div class=\"kksr-legend\" style=\"font-size: 17.6px;\">\n            <span class=\"kksr-muted\">Valora este post<\/span>\n    <\/div>\n    <\/div>\n","protected":false},"excerpt":{"rendered":"<p>Dolores V\u00e1zquez y sus Noches de Desvelo Dolores V\u00e1zquez comparte que existen dos elementos perturbadores que frecuentemente interrumpen su sue\u00f1o: la prominencia del cerrojo en su &#8230; <a title=\"Dolores V\u00e1zquez Confiesa: Insomnio por el Cerrojo y Juicio Humillante\" class=\"read-more\" href=\"https:\/\/www.diario21.tv\/noticias\/dolores-vazquez-confiesa-insomnio-por-el-cerrojo-y-juicio-humillante\/\" aria-label=\"Leer m\u00e1s sobre Dolores V\u00e1zquez Confiesa: Insomnio por el Cerrojo y Juicio Humillante\">Seguir leyendo &rarr;<\/a><\/p>\n","protected":false},"author":20,"featured_media":7061,"comment_status":"open","ping_status":"open","sticky":false,"template":"","format":"standard","meta":{"footnotes":""},"categories":[13],"tags":[],"class_list":["post-7060","post","type-post","status-publish","format-standard","has-post-thumbnail","hentry","category-portada"],"yoast_head":"<!-- This site is optimized with the Yoast SEO plugin v25.6 - https:\/\/yoast.com\/wordpress\/plugins\/seo\/ -->\n<title>Dolores V\u00e1zquez Confiesa: Insomnio por el Cerrojo y Juicio Humillante - Diario 21<\/title>\n<meta name=\"robots\" content=\"index, follow, max-snippet:-1, max-image-preview:large, max-video-preview:-1\" \/>\n<link rel=\"canonical\" href=\"https:\/\/www.diario21.tv\/noticias\/dolores-vazquez-confiesa-insomnio-por-el-cerrojo-y-juicio-humillante\/\" \/>\n<meta property=\"og:locale\" content=\"es_ES\" \/>\n<meta property=\"og:type\" content=\"article\" \/>\n<meta property=\"og:title\" content=\"Dolores V\u00e1zquez Confiesa: Insomnio por el Cerrojo y Juicio Humillante - Diario 21\" \/>\n<meta property=\"og:description\" content=\"Dolores V\u00e1zquez y sus Noches de Desvelo Dolores V\u00e1zquez comparte que existen dos elementos perturbadores que frecuentemente interrumpen su sue\u00f1o: la prominencia del cerrojo en su ... Seguir leyendo &rarr;\" \/>\n<meta property=\"og:url\" content=\"https:\/\/www.diario21.tv\/noticias\/dolores-vazquez-confiesa-insomnio-por-el-cerrojo-y-juicio-humillante\/\" \/>\n<meta property=\"og:site_name\" content=\"Diario 21\" \/>\n<meta property=\"article:published_time\" content=\"2026-04-30T12:52:01+00:00\" \/>\n<meta property=\"article:modified_time\" content=\"2026-04-30T12:52:04+00:00\" \/>\n<meta property=\"og:image\" content=\"https:\/\/www.diario21.tv\/noticias\/wp-content\/uploads\/2026\/04\/Dolores-Vazquez-Confiesa-Insomnio-por-el-Cerrojo-y-Juicio-Humillante.jpg\" \/>\n\t<meta property=\"og:image:width\" content=\"1920\" \/>\n\t<meta property=\"og:image:height\" content=\"1280\" \/>\n\t<meta property=\"og:image:type\" content=\"image\/jpeg\" \/>\n<meta name=\"author\" content=\"Juan P\u00e9rez\" \/>\n<meta name=\"twitter:card\" content=\"summary_large_image\" \/>\n<meta name=\"twitter:label1\" content=\"Escrito por\" \/>\n\t<meta name=\"twitter:data1\" content=\"Juan P\u00e9rez\" \/>\n\t<meta name=\"twitter:label2\" content=\"Tiempo de lectura\" \/>\n\t<meta name=\"twitter:data2\" content=\"1 minuto\" \/>\n<script type=\"application\/ld+json\" class=\"yoast-schema-graph\">{\"@context\":\"https:\/\/schema.org\",\"@graph\":[{\"@type\":\"WebPage\",\"@id\":\"https:\/\/www.diario21.tv\/noticias\/dolores-vazquez-confiesa-insomnio-por-el-cerrojo-y-juicio-humillante\/\",\"url\":\"https:\/\/www.diario21.tv\/noticias\/dolores-vazquez-confiesa-insomnio-por-el-cerrojo-y-juicio-humillante\/\",\"name\":\"Dolores V\u00e1zquez Confiesa: Insomnio por el Cerrojo y Juicio Humillante - Diario 21\",\"isPartOf\":{\"@id\":\"https:\/\/www.diario21.tv\/noticias\/#website\"},\"primaryImageOfPage\":{\"@id\":\"https:\/\/www.diario21.tv\/noticias\/dolores-vazquez-confiesa-insomnio-por-el-cerrojo-y-juicio-humillante\/#primaryimage\"},\"image\":{\"@id\":\"https:\/\/www.diario21.tv\/noticias\/dolores-vazquez-confiesa-insomnio-por-el-cerrojo-y-juicio-humillante\/#primaryimage\"},\"thumbnailUrl\":\"https:\/\/www.diario21.tv\/noticias\/wp-content\/uploads\/2026\/04\/Dolores-Vazquez-Confiesa-Insomnio-por-el-Cerrojo-y-Juicio-Humillante.jpg\",\"datePublished\":\"2026-04-30T12:52:01+00:00\",\"dateModified\":\"2026-04-30T12:52:04+00:00\",\"author\":{\"@id\":\"https:\/\/www.diario21.tv\/noticias\/#\/schema\/person\/dfb778f73814d8f09f302618446a526b\"},\"breadcrumb\":{\"@id\":\"https:\/\/www.diario21.tv\/noticias\/dolores-vazquez-confiesa-insomnio-por-el-cerrojo-y-juicio-humillante\/#breadcrumb\"},\"inLanguage\":\"es-AR\",\"potentialAction\":[{\"@type\":\"ReadAction\",\"target\":[\"https:\/\/www.diario21.tv\/noticias\/dolores-vazquez-confiesa-insomnio-por-el-cerrojo-y-juicio-humillante\/\"]}]},{\"@type\":\"ImageObject\",\"inLanguage\":\"es-AR\",\"@id\":\"https:\/\/www.diario21.tv\/noticias\/dolores-vazquez-confiesa-insomnio-por-el-cerrojo-y-juicio-humillante\/#primaryimage\",\"url\":\"https:\/\/www.diario21.tv\/noticias\/wp-content\/uploads\/2026\/04\/Dolores-Vazquez-Confiesa-Insomnio-por-el-Cerrojo-y-Juicio-Humillante.jpg\",\"contentUrl\":\"https:\/\/www.diario21.tv\/noticias\/wp-content\/uploads\/2026\/04\/Dolores-Vazquez-Confiesa-Insomnio-por-el-Cerrojo-y-Juicio-Humillante.jpg\",\"width\":1920,\"height\":1280,\"caption\":\"Dolores V\u00e1zquez: \u00abHay dos cosas que a veces no me dejan dormir: el cerrojo, que todav\u00eda resalta, y el juicio, en el que me sent\u00eda un mono de feria\u00bb\"},{\"@type\":\"BreadcrumbList\",\"@id\":\"https:\/\/www.diario21.tv\/noticias\/dolores-vazquez-confiesa-insomnio-por-el-cerrojo-y-juicio-humillante\/#breadcrumb\",\"itemListElement\":[{\"@type\":\"ListItem\",\"position\":1,\"name\":\"Accueil\",\"item\":\"https:\/\/www.diario21.tv\/noticias\/\"},{\"@type\":\"ListItem\",\"position\":2,\"name\":\"Dolores V\u00e1zquez Confiesa: Insomnio por el Cerrojo y Juicio Humillante\"}]},{\"@type\":\"WebSite\",\"@id\":\"https:\/\/www.diario21.tv\/noticias\/#website\",\"url\":\"https:\/\/www.diario21.tv\/noticias\/\",\"name\":\"Diario 21\",\"description\":\"\",\"potentialAction\":[{\"@type\":\"SearchAction\",\"target\":{\"@type\":\"EntryPoint\",\"urlTemplate\":\"https:\/\/www.diario21.tv\/noticias\/?s={search_term_string}\"},\"query-input\":{\"@type\":\"PropertyValueSpecification\",\"valueRequired\":true,\"valueName\":\"search_term_string\"}}],\"inLanguage\":\"es-AR\"},{\"@type\":\"Person\",\"@id\":\"https:\/\/www.diario21.tv\/noticias\/#\/schema\/person\/dfb778f73814d8f09f302618446a526b\",\"name\":\"Juan P\u00e9rez\",\"image\":{\"@type\":\"ImageObject\",\"inLanguage\":\"es-AR\",\"@id\":\"https:\/\/www.diario21.tv\/noticias\/#\/schema\/person\/image\/\",\"url\":\"https:\/\/secure.gravatar.com\/avatar\/c478a405bd10621167f4c3167cc770f5?s=96&d=mm&r=g\",\"contentUrl\":\"https:\/\/secure.gravatar.com\/avatar\/c478a405bd10621167f4c3167cc770f5?s=96&d=mm&r=g\",\"caption\":\"Juan P\u00e9rez\"},\"description\":\"Juan P\u00e9rez es el redactor en jefe de Diario 21. Con m\u00e1s de 10 a\u00f1os de experiencia en el periodismo, se especializa en pol\u00edtica nacional y an\u00e1lisis socioecon\u00f3mico. Su enfoque cr\u00edtico y riguroso aporta una perspectiva \u00fanica a cada art\u00edculo.\",\"sameAs\":[\"https:\/\/www.diario21.tv\/noticias\/\"],\"url\":\"https:\/\/www.diario21.tv\/noticias\/author\/juan-perez\/\"}]}<\/script>\n<!-- \/ Yoast SEO plugin. -->","yoast_head_json":{"title":"Dolores V\u00e1zquez Confiesa: Insomnio por el Cerrojo y Juicio Humillante - Diario 21","robots":{"index":"index","follow":"follow","max-snippet":"max-snippet:-1","max-image-preview":"max-image-preview:large","max-video-preview":"max-video-preview:-1"},"canonical":"https:\/\/www.diario21.tv\/noticias\/dolores-vazquez-confiesa-insomnio-por-el-cerrojo-y-juicio-humillante\/","og_locale":"es_ES","og_type":"article","og_title":"Dolores V\u00e1zquez Confiesa: Insomnio por el Cerrojo y Juicio Humillante - Diario 21","og_description":"Dolores V\u00e1zquez y sus Noches de Desvelo Dolores V\u00e1zquez comparte que existen dos elementos perturbadores que frecuentemente interrumpen su sue\u00f1o: la prominencia del cerrojo en su ... Seguir leyendo &rarr;","og_url":"https:\/\/www.diario21.tv\/noticias\/dolores-vazquez-confiesa-insomnio-por-el-cerrojo-y-juicio-humillante\/","og_site_name":"Diario 21","article_published_time":"2026-04-30T12:52:01+00:00","article_modified_time":"2026-04-30T12:52:04+00:00","og_image":[{"width":1920,"height":1280,"url":"https:\/\/www.diario21.tv\/noticias\/wp-content\/uploads\/2026\/04\/Dolores-Vazquez-Confiesa-Insomnio-por-el-Cerrojo-y-Juicio-Humillante.jpg","type":"image\/jpeg"}],"author":"Juan P\u00e9rez","twitter_card":"summary_large_image","twitter_misc":{"Escrito por":"Juan P\u00e9rez","Tiempo de lectura":"1 minuto"},"schema":{"@context":"https:\/\/schema.org","@graph":[{"@type":"WebPage","@id":"https:\/\/www.diario21.tv\/noticias\/dolores-vazquez-confiesa-insomnio-por-el-cerrojo-y-juicio-humillante\/","url":"https:\/\/www.diario21.tv\/noticias\/dolores-vazquez-confiesa-insomnio-por-el-cerrojo-y-juicio-humillante\/","name":"Dolores V\u00e1zquez Confiesa: Insomnio por el Cerrojo y Juicio Humillante - Diario 21","isPartOf":{"@id":"https:\/\/www.diario21.tv\/noticias\/#website"},"primaryImageOfPage":{"@id":"https:\/\/www.diario21.tv\/noticias\/dolores-vazquez-confiesa-insomnio-por-el-cerrojo-y-juicio-humillante\/#primaryimage"},"image":{"@id":"https:\/\/www.diario21.tv\/noticias\/dolores-vazquez-confiesa-insomnio-por-el-cerrojo-y-juicio-humillante\/#primaryimage"},"thumbnailUrl":"https:\/\/www.diario21.tv\/noticias\/wp-content\/uploads\/2026\/04\/Dolores-Vazquez-Confiesa-Insomnio-por-el-Cerrojo-y-Juicio-Humillante.jpg","datePublished":"2026-04-30T12:52:01+00:00","dateModified":"2026-04-30T12:52:04+00:00","author":{"@id":"https:\/\/www.diario21.tv\/noticias\/#\/schema\/person\/dfb778f73814d8f09f302618446a526b"},"breadcrumb":{"@id":"https:\/\/www.diario21.tv\/noticias\/dolores-vazquez-confiesa-insomnio-por-el-cerrojo-y-juicio-humillante\/#breadcrumb"},"inLanguage":"es-AR","potentialAction":[{"@type":"ReadAction","target":["https:\/\/www.diario21.tv\/noticias\/dolores-vazquez-confiesa-insomnio-por-el-cerrojo-y-juicio-humillante\/"]}]},{"@type":"ImageObject","inLanguage":"es-AR","@id":"https:\/\/www.diario21.tv\/noticias\/dolores-vazquez-confiesa-insomnio-por-el-cerrojo-y-juicio-humillante\/#primaryimage","url":"https:\/\/www.diario21.tv\/noticias\/wp-content\/uploads\/2026\/04\/Dolores-Vazquez-Confiesa-Insomnio-por-el-Cerrojo-y-Juicio-Humillante.jpg","contentUrl":"https:\/\/www.diario21.tv\/noticias\/wp-content\/uploads\/2026\/04\/Dolores-Vazquez-Confiesa-Insomnio-por-el-Cerrojo-y-Juicio-Humillante.jpg","width":1920,"height":1280,"caption":"Dolores V\u00e1zquez: \u00abHay dos cosas que a veces no me dejan dormir: el cerrojo, que todav\u00eda resalta, y el juicio, en el que me sent\u00eda un mono de feria\u00bb"},{"@type":"BreadcrumbList","@id":"https:\/\/www.diario21.tv\/noticias\/dolores-vazquez-confiesa-insomnio-por-el-cerrojo-y-juicio-humillante\/#breadcrumb","itemListElement":[{"@type":"ListItem","position":1,"name":"Accueil","item":"https:\/\/www.diario21.tv\/noticias\/"},{"@type":"ListItem","position":2,"name":"Dolores V\u00e1zquez Confiesa: Insomnio por el Cerrojo y Juicio Humillante"}]},{"@type":"WebSite","@id":"https:\/\/www.diario21.tv\/noticias\/#website","url":"https:\/\/www.diario21.tv\/noticias\/","name":"Diario 21","description":"","potentialAction":[{"@type":"SearchAction","target":{"@type":"EntryPoint","urlTemplate":"https:\/\/www.diario21.tv\/noticias\/?s={search_term_string}"},"query-input":{"@type":"PropertyValueSpecification","valueRequired":true,"valueName":"search_term_string"}}],"inLanguage":"es-AR"},{"@type":"Person","@id":"https:\/\/www.diario21.tv\/noticias\/#\/schema\/person\/dfb778f73814d8f09f302618446a526b","name":"Juan P\u00e9rez","image":{"@type":"ImageObject","inLanguage":"es-AR","@id":"https:\/\/www.diario21.tv\/noticias\/#\/schema\/person\/image\/","url":"https:\/\/secure.gravatar.com\/avatar\/c478a405bd10621167f4c3167cc770f5?s=96&d=mm&r=g","contentUrl":"https:\/\/secure.gravatar.com\/avatar\/c478a405bd10621167f4c3167cc770f5?s=96&d=mm&r=g","caption":"Juan P\u00e9rez"},"description":"Juan P\u00e9rez es el redactor en jefe de Diario 21. Con m\u00e1s de 10 a\u00f1os de experiencia en el periodismo, se especializa en pol\u00edtica nacional y an\u00e1lisis socioecon\u00f3mico. Su enfoque cr\u00edtico y riguroso aporta una perspectiva \u00fanica a cada art\u00edculo.","sameAs":["https:\/\/www.diario21.tv\/noticias\/"],"url":"https:\/\/www.diario21.tv\/noticias\/author\/juan-perez\/"}]}},"_links":{"self":[{"href":"https:\/\/www.diario21.tv\/noticias\/wp-json\/wp\/v2\/posts\/7060"}],"collection":[{"href":"https:\/\/www.diario21.tv\/noticias\/wp-json\/wp\/v2\/posts"}],"about":[{"href":"https:\/\/www.diario21.tv\/noticias\/wp-json\/wp\/v2\/types\/post"}],"author":[{"embeddable":true,"href":"https:\/\/www.diario21.tv\/noticias\/wp-json\/wp\/v2\/users\/20"}],"replies":[{"embeddable":true,"href":"https:\/\/www.diario21.tv\/noticias\/wp-json\/wp\/v2\/comments?post=7060"}],"version-history":[{"count":1,"href":"https:\/\/www.diario21.tv\/noticias\/wp-json\/wp\/v2\/posts\/7060\/revisions"}],"predecessor-version":[{"id":7062,"href":"https:\/\/www.diario21.tv\/noticias\/wp-json\/wp\/v2\/posts\/7060\/revisions\/7062"}],"wp:featuredmedia":[{"embeddable":true,"href":"https:\/\/www.diario21.tv\/noticias\/wp-json\/wp\/v2\/media\/7061"}],"wp:attachment":[{"href":"https:\/\/www.diario21.tv\/noticias\/wp-json\/wp\/v2\/media?parent=7060"}],"wp:term":[{"taxonomy":"category","embeddable":true,"href":"https:\/\/www.diario21.tv\/noticias\/wp-json\/wp\/v2\/categories?post=7060"},{"taxonomy":"post_tag","embeddable":true,"href":"https:\/\/www.diario21.tv\/noticias\/wp-json\/wp\/v2\/tags?post=7060"}],"curies":[{"name":"wp","href":"https:\/\/api.w.org\/{rel}","templated":true}]}}