{"id":7057,"date":"2026-04-30T06:50:10","date_gmt":"2026-04-30T06:50:10","guid":{"rendered":"https:\/\/www.diario21.tv\/noticias\/atencion-arcadi-espana-marca-este-miercoles-como-dia-clave-para-la-renta-2026\/"},"modified":"2026-04-30T06:50:12","modified_gmt":"2026-04-30T06:50:12","slug":"atencion-arcadi-espana-marca-este-miercoles-como-dia-clave-para-la-renta-2026","status":"publish","type":"post","link":"https:\/\/www.diario21.tv\/noticias\/atencion-arcadi-espana-marca-este-miercoles-como-dia-clave-para-la-renta-2026\/","title":{"rendered":"\u00a1Atenci\u00f3n! Arcadi Espa\u00f1a marca este mi\u00e9rcoles como d\u00eda clave para la renta 2026"},"content":{"rendered":"<h2>Inicio de la Renta 2026 con Advertencia de Arcadi Espa\u00f1a: El Mi\u00e9rcoles Ser\u00e1 Crucial<\/h2>\n<p>A medida que damos inicio al proceso de la declaraci\u00f3n de la renta del a\u00f1o 2026, Arcadi Espa\u00f1a, un destacado funcionario en el \u00e1mbito econ\u00f3mico, ha marcado el mi\u00e9rcoles como un d\u00eda fundamental para los contribuyentes. Este anuncio pone de relieve la importancia de estar al tanto de las novedades y cumplir con los requisitos establecidos para esta fecha clave.<\/p>\n<h3>\u00bfQu\u00e9 Significa Este Anuncio?<\/h3>\n<p>El comienzo de la renta 2026 trae consigo varias implicaciones importantes para los ciudadanos que deben declarar sus ingresos y gastos del a\u00f1o anterior. Con el aviso proporcionado por Arcadi Espa\u00f1a, se subraya la necesidad de prepararse adecuadamente para enfrentar este proceso sin contratiempos. El \u00e9nfasis en el mi\u00e9rcoles como un d\u00eda clave podr\u00eda estar relacionado con cambios en la legislaci\u00f3n, plazos espec\u00edficos para ciertos tr\u00e1mites o la publicaci\u00f3n de informaci\u00f3n esencial que afectar\u00e1 a muchos contribuyentes.<\/p>\n<h3>Preparativos y Recomendaciones<\/h3>\n<p>Para evitar sorpresas desagradables y asegurarse de cumplir con todas las obligaciones fiscales, es recomendable que los contribuyentes se informen con antelaci\u00f3n sobre cualquier cambio en la normativa y las fechas l\u00edmite. Asimismo, ser\u00eda prudente revisar los documentos y la informaci\u00f3n financiera del a\u00f1o previo, asegur\u00e1ndose de tener todo en orden para cuando llegue el momento de presentar la declaraci\u00f3n.<\/p>\n<p>Es tambi\u00e9n aconsejable que los ciudadanos se mantengan en contacto con asesores fiscales o utilicen recursos en l\u00ednea para obtener gu\u00edas actualizadas y consejos sobre c\u00f3mo manejar la declaraci\u00f3n de la renta de manera efectiva y eficiente.<\/p>\n<h3>Impacto en los Contribuyentes<\/h3>\n<p>El aviso dado por Arcadi Espa\u00f1a no solo es una se\u00f1al para que los individuos se preparen, sino que tambi\u00e9n podr\u00eda influir en la manera en que los negocios y profesionales independientes gestionan sus finanzas. Un cambio significativo anunciado para un d\u00eda espec\u00edfico como el mi\u00e9rcoles puede requerir una r\u00e1pida adaptaci\u00f3n y reorganizaci\u00f3n de las estrategias fiscales previamente planificadas.<\/p>\n<h3>Conclusiones<\/h3>\n<p>La declaraci\u00f3n de la renta es un proceso anual que puede generar estr\u00e9s y confusi\u00f3n. Sin embargo, con la alerta temprana proporcionada por figuras como Arcadi Espa\u00f1a y con una adecuada preparaci\u00f3n, los contribuyentes pueden enfrentar este periodo con mayor seguridad y eficacia. El mi\u00e9rcoles marcado como crucial deber\u00eda ser un recordatorio para no dejar nada a la \u00faltima hora y estar atentos a cualquier anuncio o cambio que pueda surgir.<\/p>\n\n\n<div class=\"kk-star-ratings kksr-auto kksr-align-left kksr-valign-bottom\"\n    data-payload='{&quot;align&quot;:&quot;left&quot;,&quot;id&quot;:&quot;7057&quot;,&quot;slug&quot;:&quot;default&quot;,&quot;valign&quot;:&quot;bottom&quot;,&quot;ignore&quot;:&quot;&quot;,&quot;reference&quot;:&quot;auto&quot;,&quot;class&quot;:&quot;&quot;,&quot;count&quot;:&quot;0&quot;,&quot;legendonly&quot;:&quot;&quot;,&quot;readonly&quot;:&quot;&quot;,&quot;score&quot;:&quot;0&quot;,&quot;starsonly&quot;:&quot;&quot;,&quot;best&quot;:&quot;5&quot;,&quot;gap&quot;:&quot;5&quot;,&quot;greet&quot;:&quot;Valora este post&quot;,&quot;legend&quot;:&quot;0\\\/5 - (0 votes)&quot;,&quot;size&quot;:&quot;22&quot;,&quot;title&quot;:&quot;\u00a1Atenci\u00f3n! Arcadi Espa\u00f1a marca este mi\u00e9rcoles como d\u00eda clave para la renta 2026&quot;,&quot;width&quot;:&quot;0&quot;,&quot;_legend&quot;:&quot;{score}\\\/{best} - ({count} {votes})&quot;,&quot;font_factor&quot;:&quot;1.25&quot;}'>\n            \n<div class=\"kksr-stars\">\n    \n<div class=\"kksr-stars-inactive\">\n            <div class=\"kksr-star\" data-star=\"1\" style=\"padding-right: 5px\">\n            \n\n<div class=\"kksr-icon\" style=\"width: 22px; height: 22px;\"><\/div>\n        <\/div>\n            <div class=\"kksr-star\" data-star=\"2\" style=\"padding-right: 5px\">\n            \n\n<div class=\"kksr-icon\" style=\"width: 22px; height: 22px;\"><\/div>\n        <\/div>\n            <div class=\"kksr-star\" data-star=\"3\" style=\"padding-right: 5px\">\n            \n\n<div class=\"kksr-icon\" style=\"width: 22px; height: 22px;\"><\/div>\n        <\/div>\n            <div class=\"kksr-star\" data-star=\"4\" style=\"padding-right: 5px\">\n            \n\n<div class=\"kksr-icon\" style=\"width: 22px; height: 22px;\"><\/div>\n        <\/div>\n            <div class=\"kksr-star\" data-star=\"5\" style=\"padding-right: 5px\">\n            \n\n<div class=\"kksr-icon\" style=\"width: 22px; height: 22px;\"><\/div>\n        <\/div>\n    <\/div>\n    \n<div class=\"kksr-stars-active\" style=\"width: 0px;\">\n            <div class=\"kksr-star\" style=\"padding-right: 5px\">\n            \n\n<div class=\"kksr-icon\" style=\"width: 22px; height: 22px;\"><\/div>\n        <\/div>\n            <div class=\"kksr-star\" style=\"padding-right: 5px\">\n            \n\n<div class=\"kksr-icon\" style=\"width: 22px; height: 22px;\"><\/div>\n        <\/div>\n            <div class=\"kksr-star\" style=\"padding-right: 5px\">\n            \n\n<div class=\"kksr-icon\" style=\"width: 22px; height: 22px;\"><\/div>\n        <\/div>\n            <div class=\"kksr-star\" style=\"padding-right: 5px\">\n            \n\n<div class=\"kksr-icon\" style=\"width: 22px; height: 22px;\"><\/div>\n        <\/div>\n            <div class=\"kksr-star\" style=\"padding-right: 5px\">\n            \n\n<div class=\"kksr-icon\" style=\"width: 22px; height: 22px;\"><\/div>\n        <\/div>\n    <\/div>\n<\/div>\n                \n\n<div class=\"kksr-legend\" style=\"font-size: 17.6px;\">\n            <span class=\"kksr-muted\">Valora este post<\/span>\n    <\/div>\n    <\/div>\n","protected":false},"excerpt":{"rendered":"<p>Inicio de la Renta 2026 con Advertencia de Arcadi Espa\u00f1a: El Mi\u00e9rcoles Ser\u00e1 Crucial A medida que damos inicio al proceso de la declaraci\u00f3n de la &#8230; <a title=\"\u00a1Atenci\u00f3n! Arcadi Espa\u00f1a marca este mi\u00e9rcoles como d\u00eda clave para la renta 2026\" class=\"read-more\" href=\"https:\/\/www.diario21.tv\/noticias\/atencion-arcadi-espana-marca-este-miercoles-como-dia-clave-para-la-renta-2026\/\" aria-label=\"Leer m\u00e1s sobre \u00a1Atenci\u00f3n! Arcadi Espa\u00f1a marca este mi\u00e9rcoles como d\u00eda clave para la renta 2026\">Seguir leyendo &rarr;<\/a><\/p>\n","protected":false},"author":20,"featured_media":7058,"comment_status":"open","ping_status":"open","sticky":false,"template":"","format":"standard","meta":{"footnotes":""},"categories":[13],"tags":[],"class_list":["post-7057","post","type-post","status-publish","format-standard","has-post-thumbnail","hentry","category-portada"],"yoast_head":"<!-- This site is optimized with the Yoast SEO plugin v25.6 - https:\/\/yoast.com\/wordpress\/plugins\/seo\/ -->\n<title>\u00a1Atenci\u00f3n! Arcadi Espa\u00f1a marca este mi\u00e9rcoles como d\u00eda clave para la renta 2026 - Diario 21<\/title>\n<meta name=\"robots\" content=\"index, follow, max-snippet:-1, max-image-preview:large, max-video-preview:-1\" \/>\n<link rel=\"canonical\" href=\"https:\/\/www.diario21.tv\/noticias\/atencion-arcadi-espana-marca-este-miercoles-como-dia-clave-para-la-renta-2026\/\" \/>\n<meta property=\"og:locale\" content=\"es_ES\" \/>\n<meta property=\"og:type\" content=\"article\" \/>\n<meta property=\"og:title\" content=\"\u00a1Atenci\u00f3n! Arcadi Espa\u00f1a marca este mi\u00e9rcoles como d\u00eda clave para la renta 2026 - Diario 21\" \/>\n<meta property=\"og:description\" content=\"Inicio de la Renta 2026 con Advertencia de Arcadi Espa\u00f1a: El Mi\u00e9rcoles Ser\u00e1 Crucial A medida que damos inicio al proceso de la declaraci\u00f3n de la ... Seguir leyendo &rarr;\" \/>\n<meta property=\"og:url\" content=\"https:\/\/www.diario21.tv\/noticias\/atencion-arcadi-espana-marca-este-miercoles-como-dia-clave-para-la-renta-2026\/\" \/>\n<meta property=\"og:site_name\" content=\"Diario 21\" \/>\n<meta property=\"article:published_time\" content=\"2026-04-30T06:50:10+00:00\" \/>\n<meta property=\"article:modified_time\" content=\"2026-04-30T06:50:12+00:00\" \/>\n<meta property=\"og:image\" content=\"https:\/\/www.diario21.tv\/noticias\/wp-content\/uploads\/2026\/04\/\u00a1Atencion-Arcadi-Espana-marca-este-miercoles-como-dia-clave-para.jpg\" \/>\n\t<meta property=\"og:image:width\" content=\"1600\" \/>\n\t<meta property=\"og:image:height\" content=\"1066\" \/>\n\t<meta property=\"og:image:type\" content=\"image\/jpeg\" \/>\n<meta name=\"author\" content=\"Juan P\u00e9rez\" \/>\n<meta name=\"twitter:card\" content=\"summary_large_image\" \/>\n<meta name=\"twitter:label1\" content=\"Escrito por\" \/>\n\t<meta name=\"twitter:data1\" content=\"Juan P\u00e9rez\" \/>\n\t<meta name=\"twitter:label2\" content=\"Tiempo de lectura\" \/>\n\t<meta name=\"twitter:data2\" content=\"2 minutos\" \/>\n<script type=\"application\/ld+json\" class=\"yoast-schema-graph\">{\"@context\":\"https:\/\/schema.org\",\"@graph\":[{\"@type\":\"WebPage\",\"@id\":\"https:\/\/www.diario21.tv\/noticias\/atencion-arcadi-espana-marca-este-miercoles-como-dia-clave-para-la-renta-2026\/\",\"url\":\"https:\/\/www.diario21.tv\/noticias\/atencion-arcadi-espana-marca-este-miercoles-como-dia-clave-para-la-renta-2026\/\",\"name\":\"\u00a1Atenci\u00f3n! Arcadi Espa\u00f1a marca este mi\u00e9rcoles como d\u00eda clave para la renta 2026 - Diario 21\",\"isPartOf\":{\"@id\":\"https:\/\/www.diario21.tv\/noticias\/#website\"},\"primaryImageOfPage\":{\"@id\":\"https:\/\/www.diario21.tv\/noticias\/atencion-arcadi-espana-marca-este-miercoles-como-dia-clave-para-la-renta-2026\/#primaryimage\"},\"image\":{\"@id\":\"https:\/\/www.diario21.tv\/noticias\/atencion-arcadi-espana-marca-este-miercoles-como-dia-clave-para-la-renta-2026\/#primaryimage\"},\"thumbnailUrl\":\"https:\/\/www.diario21.tv\/noticias\/wp-content\/uploads\/2026\/04\/\u00a1Atencion-Arcadi-Espana-marca-este-miercoles-como-dia-clave-para.jpg\",\"datePublished\":\"2026-04-30T06:50:10+00:00\",\"dateModified\":\"2026-04-30T06:50:12+00:00\",\"author\":{\"@id\":\"https:\/\/www.diario21.tv\/noticias\/#\/schema\/person\/dfb778f73814d8f09f302618446a526b\"},\"breadcrumb\":{\"@id\":\"https:\/\/www.diario21.tv\/noticias\/atencion-arcadi-espana-marca-este-miercoles-como-dia-clave-para-la-renta-2026\/#breadcrumb\"},\"inLanguage\":\"es-AR\",\"potentialAction\":[{\"@type\":\"ReadAction\",\"target\":[\"https:\/\/www.diario21.tv\/noticias\/atencion-arcadi-espana-marca-este-miercoles-como-dia-clave-para-la-renta-2026\/\"]}]},{\"@type\":\"ImageObject\",\"inLanguage\":\"es-AR\",\"@id\":\"https:\/\/www.diario21.tv\/noticias\/atencion-arcadi-espana-marca-este-miercoles-como-dia-clave-para-la-renta-2026\/#primaryimage\",\"url\":\"https:\/\/www.diario21.tv\/noticias\/wp-content\/uploads\/2026\/04\/\u00a1Atencion-Arcadi-Espana-marca-este-miercoles-como-dia-clave-para.jpg\",\"contentUrl\":\"https:\/\/www.diario21.tv\/noticias\/wp-content\/uploads\/2026\/04\/\u00a1Atencion-Arcadi-Espana-marca-este-miercoles-como-dia-clave-para.jpg\",\"width\":1600,\"height\":1066,\"caption\":\"La renta 2026 arranca con aviso de Arcadi Espa\u00f1a: este mi\u00e9rcoles es clave\"},{\"@type\":\"BreadcrumbList\",\"@id\":\"https:\/\/www.diario21.tv\/noticias\/atencion-arcadi-espana-marca-este-miercoles-como-dia-clave-para-la-renta-2026\/#breadcrumb\",\"itemListElement\":[{\"@type\":\"ListItem\",\"position\":1,\"name\":\"Accueil\",\"item\":\"https:\/\/www.diario21.tv\/noticias\/\"},{\"@type\":\"ListItem\",\"position\":2,\"name\":\"\u00a1Atenci\u00f3n! Arcadi Espa\u00f1a marca este mi\u00e9rcoles como d\u00eda clave para la renta 2026\"}]},{\"@type\":\"WebSite\",\"@id\":\"https:\/\/www.diario21.tv\/noticias\/#website\",\"url\":\"https:\/\/www.diario21.tv\/noticias\/\",\"name\":\"Diario 21\",\"description\":\"\",\"potentialAction\":[{\"@type\":\"SearchAction\",\"target\":{\"@type\":\"EntryPoint\",\"urlTemplate\":\"https:\/\/www.diario21.tv\/noticias\/?s={search_term_string}\"},\"query-input\":{\"@type\":\"PropertyValueSpecification\",\"valueRequired\":true,\"valueName\":\"search_term_string\"}}],\"inLanguage\":\"es-AR\"},{\"@type\":\"Person\",\"@id\":\"https:\/\/www.diario21.tv\/noticias\/#\/schema\/person\/dfb778f73814d8f09f302618446a526b\",\"name\":\"Juan P\u00e9rez\",\"image\":{\"@type\":\"ImageObject\",\"inLanguage\":\"es-AR\",\"@id\":\"https:\/\/www.diario21.tv\/noticias\/#\/schema\/person\/image\/\",\"url\":\"https:\/\/secure.gravatar.com\/avatar\/c478a405bd10621167f4c3167cc770f5?s=96&d=mm&r=g\",\"contentUrl\":\"https:\/\/secure.gravatar.com\/avatar\/c478a405bd10621167f4c3167cc770f5?s=96&d=mm&r=g\",\"caption\":\"Juan P\u00e9rez\"},\"description\":\"Juan P\u00e9rez es el redactor en jefe de Diario 21. Con m\u00e1s de 10 a\u00f1os de experiencia en el periodismo, se especializa en pol\u00edtica nacional y an\u00e1lisis socioecon\u00f3mico. Su enfoque cr\u00edtico y riguroso aporta una perspectiva \u00fanica a cada art\u00edculo.\",\"sameAs\":[\"https:\/\/www.diario21.tv\/noticias\/\"],\"url\":\"https:\/\/www.diario21.tv\/noticias\/author\/juan-perez\/\"}]}<\/script>\n<!-- \/ Yoast SEO plugin. -->","yoast_head_json":{"title":"\u00a1Atenci\u00f3n! Arcadi Espa\u00f1a marca este mi\u00e9rcoles como d\u00eda clave para la renta 2026 - Diario 21","robots":{"index":"index","follow":"follow","max-snippet":"max-snippet:-1","max-image-preview":"max-image-preview:large","max-video-preview":"max-video-preview:-1"},"canonical":"https:\/\/www.diario21.tv\/noticias\/atencion-arcadi-espana-marca-este-miercoles-como-dia-clave-para-la-renta-2026\/","og_locale":"es_ES","og_type":"article","og_title":"\u00a1Atenci\u00f3n! Arcadi Espa\u00f1a marca este mi\u00e9rcoles como d\u00eda clave para la renta 2026 - Diario 21","og_description":"Inicio de la Renta 2026 con Advertencia de Arcadi Espa\u00f1a: El Mi\u00e9rcoles Ser\u00e1 Crucial A medida que damos inicio al proceso de la declaraci\u00f3n de la ... Seguir leyendo &rarr;","og_url":"https:\/\/www.diario21.tv\/noticias\/atencion-arcadi-espana-marca-este-miercoles-como-dia-clave-para-la-renta-2026\/","og_site_name":"Diario 21","article_published_time":"2026-04-30T06:50:10+00:00","article_modified_time":"2026-04-30T06:50:12+00:00","og_image":[{"width":1600,"height":1066,"url":"https:\/\/www.diario21.tv\/noticias\/wp-content\/uploads\/2026\/04\/\u00a1Atencion-Arcadi-Espana-marca-este-miercoles-como-dia-clave-para.jpg","type":"image\/jpeg"}],"author":"Juan P\u00e9rez","twitter_card":"summary_large_image","twitter_misc":{"Escrito por":"Juan P\u00e9rez","Tiempo de lectura":"2 minutos"},"schema":{"@context":"https:\/\/schema.org","@graph":[{"@type":"WebPage","@id":"https:\/\/www.diario21.tv\/noticias\/atencion-arcadi-espana-marca-este-miercoles-como-dia-clave-para-la-renta-2026\/","url":"https:\/\/www.diario21.tv\/noticias\/atencion-arcadi-espana-marca-este-miercoles-como-dia-clave-para-la-renta-2026\/","name":"\u00a1Atenci\u00f3n! Arcadi Espa\u00f1a marca este mi\u00e9rcoles como d\u00eda clave para la renta 2026 - Diario 21","isPartOf":{"@id":"https:\/\/www.diario21.tv\/noticias\/#website"},"primaryImageOfPage":{"@id":"https:\/\/www.diario21.tv\/noticias\/atencion-arcadi-espana-marca-este-miercoles-como-dia-clave-para-la-renta-2026\/#primaryimage"},"image":{"@id":"https:\/\/www.diario21.tv\/noticias\/atencion-arcadi-espana-marca-este-miercoles-como-dia-clave-para-la-renta-2026\/#primaryimage"},"thumbnailUrl":"https:\/\/www.diario21.tv\/noticias\/wp-content\/uploads\/2026\/04\/\u00a1Atencion-Arcadi-Espana-marca-este-miercoles-como-dia-clave-para.jpg","datePublished":"2026-04-30T06:50:10+00:00","dateModified":"2026-04-30T06:50:12+00:00","author":{"@id":"https:\/\/www.diario21.tv\/noticias\/#\/schema\/person\/dfb778f73814d8f09f302618446a526b"},"breadcrumb":{"@id":"https:\/\/www.diario21.tv\/noticias\/atencion-arcadi-espana-marca-este-miercoles-como-dia-clave-para-la-renta-2026\/#breadcrumb"},"inLanguage":"es-AR","potentialAction":[{"@type":"ReadAction","target":["https:\/\/www.diario21.tv\/noticias\/atencion-arcadi-espana-marca-este-miercoles-como-dia-clave-para-la-renta-2026\/"]}]},{"@type":"ImageObject","inLanguage":"es-AR","@id":"https:\/\/www.diario21.tv\/noticias\/atencion-arcadi-espana-marca-este-miercoles-como-dia-clave-para-la-renta-2026\/#primaryimage","url":"https:\/\/www.diario21.tv\/noticias\/wp-content\/uploads\/2026\/04\/\u00a1Atencion-Arcadi-Espana-marca-este-miercoles-como-dia-clave-para.jpg","contentUrl":"https:\/\/www.diario21.tv\/noticias\/wp-content\/uploads\/2026\/04\/\u00a1Atencion-Arcadi-Espana-marca-este-miercoles-como-dia-clave-para.jpg","width":1600,"height":1066,"caption":"La renta 2026 arranca con aviso de Arcadi Espa\u00f1a: este mi\u00e9rcoles es clave"},{"@type":"BreadcrumbList","@id":"https:\/\/www.diario21.tv\/noticias\/atencion-arcadi-espana-marca-este-miercoles-como-dia-clave-para-la-renta-2026\/#breadcrumb","itemListElement":[{"@type":"ListItem","position":1,"name":"Accueil","item":"https:\/\/www.diario21.tv\/noticias\/"},{"@type":"ListItem","position":2,"name":"\u00a1Atenci\u00f3n! Arcadi Espa\u00f1a marca este mi\u00e9rcoles como d\u00eda clave para la renta 2026"}]},{"@type":"WebSite","@id":"https:\/\/www.diario21.tv\/noticias\/#website","url":"https:\/\/www.diario21.tv\/noticias\/","name":"Diario 21","description":"","potentialAction":[{"@type":"SearchAction","target":{"@type":"EntryPoint","urlTemplate":"https:\/\/www.diario21.tv\/noticias\/?s={search_term_string}"},"query-input":{"@type":"PropertyValueSpecification","valueRequired":true,"valueName":"search_term_string"}}],"inLanguage":"es-AR"},{"@type":"Person","@id":"https:\/\/www.diario21.tv\/noticias\/#\/schema\/person\/dfb778f73814d8f09f302618446a526b","name":"Juan P\u00e9rez","image":{"@type":"ImageObject","inLanguage":"es-AR","@id":"https:\/\/www.diario21.tv\/noticias\/#\/schema\/person\/image\/","url":"https:\/\/secure.gravatar.com\/avatar\/c478a405bd10621167f4c3167cc770f5?s=96&d=mm&r=g","contentUrl":"https:\/\/secure.gravatar.com\/avatar\/c478a405bd10621167f4c3167cc770f5?s=96&d=mm&r=g","caption":"Juan P\u00e9rez"},"description":"Juan P\u00e9rez es el redactor en jefe de Diario 21. Con m\u00e1s de 10 a\u00f1os de experiencia en el periodismo, se especializa en pol\u00edtica nacional y an\u00e1lisis socioecon\u00f3mico. Su enfoque cr\u00edtico y riguroso aporta una perspectiva \u00fanica a cada art\u00edculo.","sameAs":["https:\/\/www.diario21.tv\/noticias\/"],"url":"https:\/\/www.diario21.tv\/noticias\/author\/juan-perez\/"}]}},"_links":{"self":[{"href":"https:\/\/www.diario21.tv\/noticias\/wp-json\/wp\/v2\/posts\/7057"}],"collection":[{"href":"https:\/\/www.diario21.tv\/noticias\/wp-json\/wp\/v2\/posts"}],"about":[{"href":"https:\/\/www.diario21.tv\/noticias\/wp-json\/wp\/v2\/types\/post"}],"author":[{"embeddable":true,"href":"https:\/\/www.diario21.tv\/noticias\/wp-json\/wp\/v2\/users\/20"}],"replies":[{"embeddable":true,"href":"https:\/\/www.diario21.tv\/noticias\/wp-json\/wp\/v2\/comments?post=7057"}],"version-history":[{"count":1,"href":"https:\/\/www.diario21.tv\/noticias\/wp-json\/wp\/v2\/posts\/7057\/revisions"}],"predecessor-version":[{"id":7059,"href":"https:\/\/www.diario21.tv\/noticias\/wp-json\/wp\/v2\/posts\/7057\/revisions\/7059"}],"wp:featuredmedia":[{"embeddable":true,"href":"https:\/\/www.diario21.tv\/noticias\/wp-json\/wp\/v2\/media\/7058"}],"wp:attachment":[{"href":"https:\/\/www.diario21.tv\/noticias\/wp-json\/wp\/v2\/media?parent=7057"}],"wp:term":[{"taxonomy":"category","embeddable":true,"href":"https:\/\/www.diario21.tv\/noticias\/wp-json\/wp\/v2\/categories?post=7057"},{"taxonomy":"post_tag","embeddable":true,"href":"https:\/\/www.diario21.tv\/noticias\/wp-json\/wp\/v2\/tags?post=7057"}],"curies":[{"name":"wp","href":"https:\/\/api.w.org\/{rel}","templated":true}]}}