{"id":7054,"date":"2026-04-30T00:49:37","date_gmt":"2026-04-30T00:49:37","guid":{"rendered":"https:\/\/www.diario21.tv\/noticias\/atencion-fumadores-nuevas-tarifas-de-tabaco-confirmadas-en-espana-marcas-populares-afectadas\/"},"modified":"2026-04-30T00:49:39","modified_gmt":"2026-04-30T00:49:39","slug":"atencion-fumadores-nuevas-tarifas-de-tabaco-confirmadas-en-espana-marcas-populares-afectadas","status":"publish","type":"post","link":"https:\/\/www.diario21.tv\/noticias\/atencion-fumadores-nuevas-tarifas-de-tabaco-confirmadas-en-espana-marcas-populares-afectadas\/","title":{"rendered":"\u00a1Atenci\u00f3n fumadores! Nuevas tarifas de tabaco confirmadas en Espa\u00f1a: marcas populares afectadas"},"content":{"rendered":"<h2>Incremento en los Precios del Tabaco en Espa\u00f1a: Confirmaci\u00f3n del BOE Sobre Nuevos Precios en Marcas Populares<\/h2>\n<p>El costo del tabaco en Espa\u00f1a ha experimentado una subida reciente, seg\u00fan lo confirmado por el Bolet\u00edn Oficial del Estado (BOE). Esta actualizaci\u00f3n afecta a varias de las marcas m\u00e1s reconocidas en el mercado espa\u00f1ol, lo que podr\u00eda tener un impacto significativo en los consumidores habituales de estos productos.<\/p>\n<h3>Detalles de la Nueva Estructura de Precios<\/h3>\n<p>De acuerdo con las \u00faltimas publicaciones del BOE, varias marcas de tabaco han ajustado sus tarifas al alza. Este cambio no solo afecta a los cigarrillos, sino tambi\u00e9n a otros productos derivados del tabaco, como los cigarros y el tabaco de liar. Estos ajustes de precios son parte de las estrategias de las compa\u00f1\u00edas tabacaleras para enfrentar las fluctuaciones del mercado y los cambios en la legislaci\u00f3n fiscal sobre el tabaco.<\/p>\n<h3>Marcas Afectadas por el Aumento<\/h3>\n<p>Entre las marcas que han visto un incremento en sus precios se encuentran algunas de las m\u00e1s vendidas y populares en el pa\u00eds. Aunque el BOE no especifica los porcentajes exactos del aumento para cada marca, se sabe que el ajuste es significativo y afecta tanto a productos de gama alta como a aquellos m\u00e1s econ\u00f3micos. Este cambio en la estructura de precios es una respuesta directa a los desaf\u00edos econ\u00f3micos que enfrenta la industria del tabaco, incluyendo el aumento de los costos de producci\u00f3n y distribuci\u00f3n.<\/p>\n<h3>Impacto en los Consumidores<\/h3>\n<p>Este incremento en los precios del tabaco probablemente tendr\u00e1 un impacto considerable en los consumidores espa\u00f1oles. Para muchos, el tabaco es un gasto regular y cualquier aumento en su precio puede afectar significativamente su econom\u00eda personal. Adem\u00e1s, este cambio podr\u00eda influir en las decisiones de compra, llevando a algunos consumidores a optar por alternativas m\u00e1s asequibles o incluso a considerar la reducci\u00f3n del consumo.<\/p>\n<h3>Reacciones y Consecuencias Futuras<\/h3>\n<p>Las reacciones ante este aumento han sido variadas. Mientras algunos consumidores expresan su descontento frente a los nuevos precios, otros ven este cambio como una oportunidad para replantear sus h\u00e1bitos de consumo. Desde la perspectiva de la salud p\u00fablica, algunos expertos consideran que el aumento de los precios del tabaco puede ser beneficioso, ya que podr\u00eda desincentivar el consumo y, por lo tanto, reducir los riesgos asociados al tabaquismo.<\/p>\n<p>A largo plazo, ser\u00e1 crucial observar c\u00f3mo este ajuste influye no solo en las decisiones de los consumidores, sino tambi\u00e9n en el mercado del tabaco en general en Espa\u00f1a. Las compa\u00f1\u00edas tabacaleras tendr\u00e1n que navegar por un entorno complejo, equilibrando entre mantener su competitividad y cumplir con las regulaciones gubernamentales, que cada vez son m\u00e1s estrictas en cuanto a la venta y consumo de productos de tabaco.<\/p>\n\n\n<div class=\"kk-star-ratings kksr-auto kksr-align-left kksr-valign-bottom\"\n    data-payload='{&quot;align&quot;:&quot;left&quot;,&quot;id&quot;:&quot;7054&quot;,&quot;slug&quot;:&quot;default&quot;,&quot;valign&quot;:&quot;bottom&quot;,&quot;ignore&quot;:&quot;&quot;,&quot;reference&quot;:&quot;auto&quot;,&quot;class&quot;:&quot;&quot;,&quot;count&quot;:&quot;0&quot;,&quot;legendonly&quot;:&quot;&quot;,&quot;readonly&quot;:&quot;&quot;,&quot;score&quot;:&quot;0&quot;,&quot;starsonly&quot;:&quot;&quot;,&quot;best&quot;:&quot;5&quot;,&quot;gap&quot;:&quot;5&quot;,&quot;greet&quot;:&quot;Valora este post&quot;,&quot;legend&quot;:&quot;0\\\/5 - (0 votes)&quot;,&quot;size&quot;:&quot;22&quot;,&quot;title&quot;:&quot;\u00a1Atenci\u00f3n fumadores! Nuevas tarifas de tabaco confirmadas en Espa\u00f1a: marcas populares afectadas&quot;,&quot;width&quot;:&quot;0&quot;,&quot;_legend&quot;:&quot;{score}\\\/{best} - ({count} {votes})&quot;,&quot;font_factor&quot;:&quot;1.25&quot;}'>\n            \n<div class=\"kksr-stars\">\n    \n<div class=\"kksr-stars-inactive\">\n            <div class=\"kksr-star\" data-star=\"1\" style=\"padding-right: 5px\">\n            \n\n<div class=\"kksr-icon\" style=\"width: 22px; height: 22px;\"><\/div>\n        <\/div>\n            <div class=\"kksr-star\" data-star=\"2\" style=\"padding-right: 5px\">\n            \n\n<div class=\"kksr-icon\" style=\"width: 22px; height: 22px;\"><\/div>\n        <\/div>\n            <div class=\"kksr-star\" data-star=\"3\" style=\"padding-right: 5px\">\n            \n\n<div class=\"kksr-icon\" style=\"width: 22px; height: 22px;\"><\/div>\n        <\/div>\n            <div class=\"kksr-star\" data-star=\"4\" style=\"padding-right: 5px\">\n            \n\n<div class=\"kksr-icon\" style=\"width: 22px; height: 22px;\"><\/div>\n        <\/div>\n            <div class=\"kksr-star\" data-star=\"5\" style=\"padding-right: 5px\">\n            \n\n<div class=\"kksr-icon\" style=\"width: 22px; height: 22px;\"><\/div>\n        <\/div>\n    <\/div>\n    \n<div class=\"kksr-stars-active\" style=\"width: 0px;\">\n            <div class=\"kksr-star\" style=\"padding-right: 5px\">\n            \n\n<div class=\"kksr-icon\" style=\"width: 22px; height: 22px;\"><\/div>\n        <\/div>\n            <div class=\"kksr-star\" style=\"padding-right: 5px\">\n            \n\n<div class=\"kksr-icon\" style=\"width: 22px; height: 22px;\"><\/div>\n        <\/div>\n            <div class=\"kksr-star\" style=\"padding-right: 5px\">\n            \n\n<div class=\"kksr-icon\" style=\"width: 22px; height: 22px;\"><\/div>\n        <\/div>\n            <div class=\"kksr-star\" style=\"padding-right: 5px\">\n            \n\n<div class=\"kksr-icon\" style=\"width: 22px; height: 22px;\"><\/div>\n        <\/div>\n            <div class=\"kksr-star\" style=\"padding-right: 5px\">\n            \n\n<div class=\"kksr-icon\" style=\"width: 22px; height: 22px;\"><\/div>\n        <\/div>\n    <\/div>\n<\/div>\n                \n\n<div class=\"kksr-legend\" style=\"font-size: 17.6px;\">\n            <span class=\"kksr-muted\">Valora este post<\/span>\n    <\/div>\n    <\/div>\n","protected":false},"excerpt":{"rendered":"<p>Incremento en los Precios del Tabaco en Espa\u00f1a: Confirmaci\u00f3n del BOE Sobre Nuevos Precios en Marcas Populares El costo del tabaco en Espa\u00f1a ha experimentado una &#8230; <a title=\"\u00a1Atenci\u00f3n fumadores! Nuevas tarifas de tabaco confirmadas en Espa\u00f1a: marcas populares afectadas\" class=\"read-more\" href=\"https:\/\/www.diario21.tv\/noticias\/atencion-fumadores-nuevas-tarifas-de-tabaco-confirmadas-en-espana-marcas-populares-afectadas\/\" aria-label=\"Leer m\u00e1s sobre \u00a1Atenci\u00f3n fumadores! Nuevas tarifas de tabaco confirmadas en Espa\u00f1a: marcas populares afectadas\">Seguir leyendo &rarr;<\/a><\/p>\n","protected":false},"author":20,"featured_media":7055,"comment_status":"open","ping_status":"open","sticky":false,"template":"","format":"standard","meta":{"footnotes":""},"categories":[13],"tags":[],"class_list":["post-7054","post","type-post","status-publish","format-standard","has-post-thumbnail","hentry","category-portada"],"yoast_head":"<!-- This site is optimized with the Yoast SEO plugin v25.6 - https:\/\/yoast.com\/wordpress\/plugins\/seo\/ -->\n<title>\u00a1Atenci\u00f3n fumadores! Nuevas tarifas de tabaco confirmadas en Espa\u00f1a: marcas populares afectadas - Diario 21<\/title>\n<meta name=\"robots\" content=\"index, follow, max-snippet:-1, max-image-preview:large, max-video-preview:-1\" \/>\n<link rel=\"canonical\" href=\"https:\/\/www.diario21.tv\/noticias\/atencion-fumadores-nuevas-tarifas-de-tabaco-confirmadas-en-espana-marcas-populares-afectadas\/\" \/>\n<meta property=\"og:locale\" content=\"es_ES\" \/>\n<meta property=\"og:type\" content=\"article\" \/>\n<meta property=\"og:title\" content=\"\u00a1Atenci\u00f3n fumadores! Nuevas tarifas de tabaco confirmadas en Espa\u00f1a: marcas populares afectadas - Diario 21\" \/>\n<meta property=\"og:description\" content=\"Incremento en los Precios del Tabaco en Espa\u00f1a: Confirmaci\u00f3n del BOE Sobre Nuevos Precios en Marcas Populares El costo del tabaco en Espa\u00f1a ha experimentado una ... Seguir leyendo &rarr;\" \/>\n<meta property=\"og:url\" content=\"https:\/\/www.diario21.tv\/noticias\/atencion-fumadores-nuevas-tarifas-de-tabaco-confirmadas-en-espana-marcas-populares-afectadas\/\" \/>\n<meta property=\"og:site_name\" content=\"Diario 21\" \/>\n<meta property=\"article:published_time\" content=\"2026-04-30T00:49:37+00:00\" \/>\n<meta property=\"article:modified_time\" content=\"2026-04-30T00:49:39+00:00\" \/>\n<meta property=\"og:image\" content=\"https:\/\/www.diario21.tv\/noticias\/wp-content\/uploads\/2026\/04\/\u00a1Atencion-fumadores-Nuevas-tarifas-de-tabaco-confirmadas-en-Espana-marcas.jpg\" \/>\n\t<meta property=\"og:image:width\" content=\"1920\" \/>\n\t<meta property=\"og:image:height\" content=\"1426\" \/>\n\t<meta property=\"og:image:type\" content=\"image\/jpeg\" \/>\n<meta name=\"author\" content=\"Juan P\u00e9rez\" \/>\n<meta name=\"twitter:card\" content=\"summary_large_image\" \/>\n<meta name=\"twitter:label1\" content=\"Escrito por\" \/>\n\t<meta name=\"twitter:data1\" content=\"Juan P\u00e9rez\" \/>\n\t<meta name=\"twitter:label2\" content=\"Tiempo de lectura\" \/>\n\t<meta name=\"twitter:data2\" content=\"2 minutos\" \/>\n<script type=\"application\/ld+json\" class=\"yoast-schema-graph\">{\"@context\":\"https:\/\/schema.org\",\"@graph\":[{\"@type\":\"WebPage\",\"@id\":\"https:\/\/www.diario21.tv\/noticias\/atencion-fumadores-nuevas-tarifas-de-tabaco-confirmadas-en-espana-marcas-populares-afectadas\/\",\"url\":\"https:\/\/www.diario21.tv\/noticias\/atencion-fumadores-nuevas-tarifas-de-tabaco-confirmadas-en-espana-marcas-populares-afectadas\/\",\"name\":\"\u00a1Atenci\u00f3n fumadores! Nuevas tarifas de tabaco confirmadas en Espa\u00f1a: marcas populares afectadas - Diario 21\",\"isPartOf\":{\"@id\":\"https:\/\/www.diario21.tv\/noticias\/#website\"},\"primaryImageOfPage\":{\"@id\":\"https:\/\/www.diario21.tv\/noticias\/atencion-fumadores-nuevas-tarifas-de-tabaco-confirmadas-en-espana-marcas-populares-afectadas\/#primaryimage\"},\"image\":{\"@id\":\"https:\/\/www.diario21.tv\/noticias\/atencion-fumadores-nuevas-tarifas-de-tabaco-confirmadas-en-espana-marcas-populares-afectadas\/#primaryimage\"},\"thumbnailUrl\":\"https:\/\/www.diario21.tv\/noticias\/wp-content\/uploads\/2026\/04\/\u00a1Atencion-fumadores-Nuevas-tarifas-de-tabaco-confirmadas-en-Espana-marcas.jpg\",\"datePublished\":\"2026-04-30T00:49:37+00:00\",\"dateModified\":\"2026-04-30T00:49:39+00:00\",\"author\":{\"@id\":\"https:\/\/www.diario21.tv\/noticias\/#\/schema\/person\/dfb778f73814d8f09f302618446a526b\"},\"breadcrumb\":{\"@id\":\"https:\/\/www.diario21.tv\/noticias\/atencion-fumadores-nuevas-tarifas-de-tabaco-confirmadas-en-espana-marcas-populares-afectadas\/#breadcrumb\"},\"inLanguage\":\"es-AR\",\"potentialAction\":[{\"@type\":\"ReadAction\",\"target\":[\"https:\/\/www.diario21.tv\/noticias\/atencion-fumadores-nuevas-tarifas-de-tabaco-confirmadas-en-espana-marcas-populares-afectadas\/\"]}]},{\"@type\":\"ImageObject\",\"inLanguage\":\"es-AR\",\"@id\":\"https:\/\/www.diario21.tv\/noticias\/atencion-fumadores-nuevas-tarifas-de-tabaco-confirmadas-en-espana-marcas-populares-afectadas\/#primaryimage\",\"url\":\"https:\/\/www.diario21.tv\/noticias\/wp-content\/uploads\/2026\/04\/\u00a1Atencion-fumadores-Nuevas-tarifas-de-tabaco-confirmadas-en-Espana-marcas.jpg\",\"contentUrl\":\"https:\/\/www.diario21.tv\/noticias\/wp-content\/uploads\/2026\/04\/\u00a1Atencion-fumadores-Nuevas-tarifas-de-tabaco-confirmadas-en-Espana-marcas.jpg\",\"width\":1920,\"height\":1426,\"caption\":\"El precio del tabaco sube en Espa\u00f1a: el BOE confirma nuevas tarifas en estas marcas conocidas\"},{\"@type\":\"BreadcrumbList\",\"@id\":\"https:\/\/www.diario21.tv\/noticias\/atencion-fumadores-nuevas-tarifas-de-tabaco-confirmadas-en-espana-marcas-populares-afectadas\/#breadcrumb\",\"itemListElement\":[{\"@type\":\"ListItem\",\"position\":1,\"name\":\"Accueil\",\"item\":\"https:\/\/www.diario21.tv\/noticias\/\"},{\"@type\":\"ListItem\",\"position\":2,\"name\":\"\u00a1Atenci\u00f3n fumadores! Nuevas tarifas de tabaco confirmadas en Espa\u00f1a: marcas populares afectadas\"}]},{\"@type\":\"WebSite\",\"@id\":\"https:\/\/www.diario21.tv\/noticias\/#website\",\"url\":\"https:\/\/www.diario21.tv\/noticias\/\",\"name\":\"Diario 21\",\"description\":\"\",\"potentialAction\":[{\"@type\":\"SearchAction\",\"target\":{\"@type\":\"EntryPoint\",\"urlTemplate\":\"https:\/\/www.diario21.tv\/noticias\/?s={search_term_string}\"},\"query-input\":{\"@type\":\"PropertyValueSpecification\",\"valueRequired\":true,\"valueName\":\"search_term_string\"}}],\"inLanguage\":\"es-AR\"},{\"@type\":\"Person\",\"@id\":\"https:\/\/www.diario21.tv\/noticias\/#\/schema\/person\/dfb778f73814d8f09f302618446a526b\",\"name\":\"Juan P\u00e9rez\",\"image\":{\"@type\":\"ImageObject\",\"inLanguage\":\"es-AR\",\"@id\":\"https:\/\/www.diario21.tv\/noticias\/#\/schema\/person\/image\/\",\"url\":\"https:\/\/secure.gravatar.com\/avatar\/c478a405bd10621167f4c3167cc770f5?s=96&d=mm&r=g\",\"contentUrl\":\"https:\/\/secure.gravatar.com\/avatar\/c478a405bd10621167f4c3167cc770f5?s=96&d=mm&r=g\",\"caption\":\"Juan P\u00e9rez\"},\"description\":\"Juan P\u00e9rez es el redactor en jefe de Diario 21. Con m\u00e1s de 10 a\u00f1os de experiencia en el periodismo, se especializa en pol\u00edtica nacional y an\u00e1lisis socioecon\u00f3mico. Su enfoque cr\u00edtico y riguroso aporta una perspectiva \u00fanica a cada art\u00edculo.\",\"sameAs\":[\"https:\/\/www.diario21.tv\/noticias\/\"],\"url\":\"https:\/\/www.diario21.tv\/noticias\/author\/juan-perez\/\"}]}<\/script>\n<!-- \/ Yoast SEO plugin. -->","yoast_head_json":{"title":"\u00a1Atenci\u00f3n fumadores! Nuevas tarifas de tabaco confirmadas en Espa\u00f1a: marcas populares afectadas - Diario 21","robots":{"index":"index","follow":"follow","max-snippet":"max-snippet:-1","max-image-preview":"max-image-preview:large","max-video-preview":"max-video-preview:-1"},"canonical":"https:\/\/www.diario21.tv\/noticias\/atencion-fumadores-nuevas-tarifas-de-tabaco-confirmadas-en-espana-marcas-populares-afectadas\/","og_locale":"es_ES","og_type":"article","og_title":"\u00a1Atenci\u00f3n fumadores! Nuevas tarifas de tabaco confirmadas en Espa\u00f1a: marcas populares afectadas - Diario 21","og_description":"Incremento en los Precios del Tabaco en Espa\u00f1a: Confirmaci\u00f3n del BOE Sobre Nuevos Precios en Marcas Populares El costo del tabaco en Espa\u00f1a ha experimentado una ... Seguir leyendo &rarr;","og_url":"https:\/\/www.diario21.tv\/noticias\/atencion-fumadores-nuevas-tarifas-de-tabaco-confirmadas-en-espana-marcas-populares-afectadas\/","og_site_name":"Diario 21","article_published_time":"2026-04-30T00:49:37+00:00","article_modified_time":"2026-04-30T00:49:39+00:00","og_image":[{"width":1920,"height":1426,"url":"https:\/\/www.diario21.tv\/noticias\/wp-content\/uploads\/2026\/04\/\u00a1Atencion-fumadores-Nuevas-tarifas-de-tabaco-confirmadas-en-Espana-marcas.jpg","type":"image\/jpeg"}],"author":"Juan P\u00e9rez","twitter_card":"summary_large_image","twitter_misc":{"Escrito por":"Juan P\u00e9rez","Tiempo de lectura":"2 minutos"},"schema":{"@context":"https:\/\/schema.org","@graph":[{"@type":"WebPage","@id":"https:\/\/www.diario21.tv\/noticias\/atencion-fumadores-nuevas-tarifas-de-tabaco-confirmadas-en-espana-marcas-populares-afectadas\/","url":"https:\/\/www.diario21.tv\/noticias\/atencion-fumadores-nuevas-tarifas-de-tabaco-confirmadas-en-espana-marcas-populares-afectadas\/","name":"\u00a1Atenci\u00f3n fumadores! Nuevas tarifas de tabaco confirmadas en Espa\u00f1a: marcas populares afectadas - Diario 21","isPartOf":{"@id":"https:\/\/www.diario21.tv\/noticias\/#website"},"primaryImageOfPage":{"@id":"https:\/\/www.diario21.tv\/noticias\/atencion-fumadores-nuevas-tarifas-de-tabaco-confirmadas-en-espana-marcas-populares-afectadas\/#primaryimage"},"image":{"@id":"https:\/\/www.diario21.tv\/noticias\/atencion-fumadores-nuevas-tarifas-de-tabaco-confirmadas-en-espana-marcas-populares-afectadas\/#primaryimage"},"thumbnailUrl":"https:\/\/www.diario21.tv\/noticias\/wp-content\/uploads\/2026\/04\/\u00a1Atencion-fumadores-Nuevas-tarifas-de-tabaco-confirmadas-en-Espana-marcas.jpg","datePublished":"2026-04-30T00:49:37+00:00","dateModified":"2026-04-30T00:49:39+00:00","author":{"@id":"https:\/\/www.diario21.tv\/noticias\/#\/schema\/person\/dfb778f73814d8f09f302618446a526b"},"breadcrumb":{"@id":"https:\/\/www.diario21.tv\/noticias\/atencion-fumadores-nuevas-tarifas-de-tabaco-confirmadas-en-espana-marcas-populares-afectadas\/#breadcrumb"},"inLanguage":"es-AR","potentialAction":[{"@type":"ReadAction","target":["https:\/\/www.diario21.tv\/noticias\/atencion-fumadores-nuevas-tarifas-de-tabaco-confirmadas-en-espana-marcas-populares-afectadas\/"]}]},{"@type":"ImageObject","inLanguage":"es-AR","@id":"https:\/\/www.diario21.tv\/noticias\/atencion-fumadores-nuevas-tarifas-de-tabaco-confirmadas-en-espana-marcas-populares-afectadas\/#primaryimage","url":"https:\/\/www.diario21.tv\/noticias\/wp-content\/uploads\/2026\/04\/\u00a1Atencion-fumadores-Nuevas-tarifas-de-tabaco-confirmadas-en-Espana-marcas.jpg","contentUrl":"https:\/\/www.diario21.tv\/noticias\/wp-content\/uploads\/2026\/04\/\u00a1Atencion-fumadores-Nuevas-tarifas-de-tabaco-confirmadas-en-Espana-marcas.jpg","width":1920,"height":1426,"caption":"El precio del tabaco sube en Espa\u00f1a: el BOE confirma nuevas tarifas en estas marcas conocidas"},{"@type":"BreadcrumbList","@id":"https:\/\/www.diario21.tv\/noticias\/atencion-fumadores-nuevas-tarifas-de-tabaco-confirmadas-en-espana-marcas-populares-afectadas\/#breadcrumb","itemListElement":[{"@type":"ListItem","position":1,"name":"Accueil","item":"https:\/\/www.diario21.tv\/noticias\/"},{"@type":"ListItem","position":2,"name":"\u00a1Atenci\u00f3n fumadores! Nuevas tarifas de tabaco confirmadas en Espa\u00f1a: marcas populares afectadas"}]},{"@type":"WebSite","@id":"https:\/\/www.diario21.tv\/noticias\/#website","url":"https:\/\/www.diario21.tv\/noticias\/","name":"Diario 21","description":"","potentialAction":[{"@type":"SearchAction","target":{"@type":"EntryPoint","urlTemplate":"https:\/\/www.diario21.tv\/noticias\/?s={search_term_string}"},"query-input":{"@type":"PropertyValueSpecification","valueRequired":true,"valueName":"search_term_string"}}],"inLanguage":"es-AR"},{"@type":"Person","@id":"https:\/\/www.diario21.tv\/noticias\/#\/schema\/person\/dfb778f73814d8f09f302618446a526b","name":"Juan P\u00e9rez","image":{"@type":"ImageObject","inLanguage":"es-AR","@id":"https:\/\/www.diario21.tv\/noticias\/#\/schema\/person\/image\/","url":"https:\/\/secure.gravatar.com\/avatar\/c478a405bd10621167f4c3167cc770f5?s=96&d=mm&r=g","contentUrl":"https:\/\/secure.gravatar.com\/avatar\/c478a405bd10621167f4c3167cc770f5?s=96&d=mm&r=g","caption":"Juan P\u00e9rez"},"description":"Juan P\u00e9rez es el redactor en jefe de Diario 21. Con m\u00e1s de 10 a\u00f1os de experiencia en el periodismo, se especializa en pol\u00edtica nacional y an\u00e1lisis socioecon\u00f3mico. Su enfoque cr\u00edtico y riguroso aporta una perspectiva \u00fanica a cada art\u00edculo.","sameAs":["https:\/\/www.diario21.tv\/noticias\/"],"url":"https:\/\/www.diario21.tv\/noticias\/author\/juan-perez\/"}]}},"_links":{"self":[{"href":"https:\/\/www.diario21.tv\/noticias\/wp-json\/wp\/v2\/posts\/7054"}],"collection":[{"href":"https:\/\/www.diario21.tv\/noticias\/wp-json\/wp\/v2\/posts"}],"about":[{"href":"https:\/\/www.diario21.tv\/noticias\/wp-json\/wp\/v2\/types\/post"}],"author":[{"embeddable":true,"href":"https:\/\/www.diario21.tv\/noticias\/wp-json\/wp\/v2\/users\/20"}],"replies":[{"embeddable":true,"href":"https:\/\/www.diario21.tv\/noticias\/wp-json\/wp\/v2\/comments?post=7054"}],"version-history":[{"count":1,"href":"https:\/\/www.diario21.tv\/noticias\/wp-json\/wp\/v2\/posts\/7054\/revisions"}],"predecessor-version":[{"id":7056,"href":"https:\/\/www.diario21.tv\/noticias\/wp-json\/wp\/v2\/posts\/7054\/revisions\/7056"}],"wp:featuredmedia":[{"embeddable":true,"href":"https:\/\/www.diario21.tv\/noticias\/wp-json\/wp\/v2\/media\/7055"}],"wp:attachment":[{"href":"https:\/\/www.diario21.tv\/noticias\/wp-json\/wp\/v2\/media?parent=7054"}],"wp:term":[{"taxonomy":"category","embeddable":true,"href":"https:\/\/www.diario21.tv\/noticias\/wp-json\/wp\/v2\/categories?post=7054"},{"taxonomy":"post_tag","embeddable":true,"href":"https:\/\/www.diario21.tv\/noticias\/wp-json\/wp\/v2\/tags?post=7054"}],"curies":[{"name":"wp","href":"https:\/\/api.w.org\/{rel}","templated":true}]}}