{"id":7051,"date":"2026-04-29T18:48:43","date_gmt":"2026-04-29T18:48:43","guid":{"rendered":"https:\/\/www.diario21.tv\/noticias\/alerta-viajeros-fin-inminente-del-plazo-para-solicitar-viajes-del-imserso\/"},"modified":"2026-04-29T18:48:44","modified_gmt":"2026-04-29T18:48:44","slug":"alerta-viajeros-fin-inminente-del-plazo-para-solicitar-viajes-del-imserso","status":"publish","type":"post","link":"https:\/\/www.diario21.tv\/noticias\/alerta-viajeros-fin-inminente-del-plazo-para-solicitar-viajes-del-imserso\/","title":{"rendered":"\u00a1Alerta viajeros! Fin inminente del plazo para solicitar viajes del Imserso"},"content":{"rendered":"<h2>Alerta final para los interesados en los viajes del Imserso: cierre inminente de convocatoria<\/h2>\n<p>Para todos aquellos que est\u00e9n considerando participar en los programas de viajes del Imserso, es crucial estar conscientes de que el per\u00edodo para presentar solicitudes est\u00e1 llegando a su fin. Este aviso sirve como un recordatorio final para no perder la oportunidad de disfrutar de estas opciones de ocio especialmente dise\u00f1adas para personas mayores.<\/p>\n<h3>Detalles sobre el cierre de la convocatoria<\/h3>\n<p>El Imserso, que es el Instituto de Mayores y Servicios Sociales, pronto cerrar\u00e1 el plazo para que los interesados puedan registrar sus solicitudes para los viajes programados. Estos viajes no solo ofrecen una excelente oportunidad de entretenimiento, sino que tambi\u00e9n representan una forma valiosa de integraci\u00f3n social para la tercera edad, permiti\u00e9ndoles conocer nuevos destinos a precios reducidos.<\/p>\n<p>Es imperativo que aquellos que deseen aprovechar esta oportunidad est\u00e9n atentos a las fechas l\u00edmite. La convocatoria para este a\u00f1o est\u00e1 a punto de cerrar, y una vez concluido este periodo, no ser\u00e1 posible realizar inscripciones hasta la pr\u00f3xima temporada. Este programa es altamente popular entre la comunidad senior, por lo que se recomienda actuar con rapidez para asegurar un lugar.<\/p>\n<h3>Proceso de solicitud<\/h3>\n<p>El proceso para aplicar a los viajes del Imserso es sencillo, pero requiere cumplir con todos los requisitos estipulados y seguir cada paso cuidadosamente. Los interesados deben asegurarse de tener toda la documentaci\u00f3n necesaria y completar los formularios de solicitud antes de que finalice el plazo. Es recomendable verificar doblemente que toda la informaci\u00f3n proporcionada sea precisa para evitar demoras o problemas en la inscripci\u00f3n.<\/p>\n<h3>Beneficios de participar en los viajes del Imserso<\/h3>\n<p>Participar en los viajes del Imserso no solo es una excelente manera de disfrutar de unas merecidas vacaciones, sino que tambi\u00e9n ofrece beneficios significativos como el fomento de la socializaci\u00f3n entre personas de la tercera edad. Estos viajes est\u00e1n dise\u00f1ados para ser accesibles y proporcionar comodidades que respetan las necesidades espec\u00edficas de este grupo etario.<\/p>\n<h3>Conclusi\u00f3n<\/h3>\n<p>No deje pasar la \u00faltima oportunidad de inscribirse en los viajes del Imserso este a\u00f1o. Este programa representa una excelente opci\u00f3n para aquellos que buscan combinar recreaci\u00f3n, turismo y la posibilidad de hacer nuevas amistades. Recuerde que una vez cerrado el plazo, deber\u00e1 esperar hasta el pr\u00f3ximo ciclo de programas para poder participar.<\/p>\n\n\n<div class=\"kk-star-ratings kksr-auto kksr-align-left kksr-valign-bottom\"\n    data-payload='{&quot;align&quot;:&quot;left&quot;,&quot;id&quot;:&quot;7051&quot;,&quot;slug&quot;:&quot;default&quot;,&quot;valign&quot;:&quot;bottom&quot;,&quot;ignore&quot;:&quot;&quot;,&quot;reference&quot;:&quot;auto&quot;,&quot;class&quot;:&quot;&quot;,&quot;count&quot;:&quot;0&quot;,&quot;legendonly&quot;:&quot;&quot;,&quot;readonly&quot;:&quot;&quot;,&quot;score&quot;:&quot;0&quot;,&quot;starsonly&quot;:&quot;&quot;,&quot;best&quot;:&quot;5&quot;,&quot;gap&quot;:&quot;5&quot;,&quot;greet&quot;:&quot;Valora este post&quot;,&quot;legend&quot;:&quot;0\\\/5 - (0 votes)&quot;,&quot;size&quot;:&quot;22&quot;,&quot;title&quot;:&quot;\u00a1Alerta viajeros! Fin inminente del plazo para solicitar viajes del Imserso&quot;,&quot;width&quot;:&quot;0&quot;,&quot;_legend&quot;:&quot;{score}\\\/{best} - ({count} {votes})&quot;,&quot;font_factor&quot;:&quot;1.25&quot;}'>\n            \n<div class=\"kksr-stars\">\n    \n<div class=\"kksr-stars-inactive\">\n            <div class=\"kksr-star\" data-star=\"1\" style=\"padding-right: 5px\">\n            \n\n<div class=\"kksr-icon\" style=\"width: 22px; height: 22px;\"><\/div>\n        <\/div>\n            <div class=\"kksr-star\" data-star=\"2\" style=\"padding-right: 5px\">\n            \n\n<div class=\"kksr-icon\" style=\"width: 22px; height: 22px;\"><\/div>\n        <\/div>\n            <div class=\"kksr-star\" data-star=\"3\" style=\"padding-right: 5px\">\n            \n\n<div class=\"kksr-icon\" style=\"width: 22px; height: 22px;\"><\/div>\n        <\/div>\n            <div class=\"kksr-star\" data-star=\"4\" style=\"padding-right: 5px\">\n            \n\n<div class=\"kksr-icon\" style=\"width: 22px; height: 22px;\"><\/div>\n        <\/div>\n            <div class=\"kksr-star\" data-star=\"5\" style=\"padding-right: 5px\">\n            \n\n<div class=\"kksr-icon\" style=\"width: 22px; height: 22px;\"><\/div>\n        <\/div>\n    <\/div>\n    \n<div class=\"kksr-stars-active\" style=\"width: 0px;\">\n            <div class=\"kksr-star\" style=\"padding-right: 5px\">\n            \n\n<div class=\"kksr-icon\" style=\"width: 22px; height: 22px;\"><\/div>\n        <\/div>\n            <div class=\"kksr-star\" style=\"padding-right: 5px\">\n            \n\n<div class=\"kksr-icon\" style=\"width: 22px; height: 22px;\"><\/div>\n        <\/div>\n            <div class=\"kksr-star\" style=\"padding-right: 5px\">\n            \n\n<div class=\"kksr-icon\" style=\"width: 22px; height: 22px;\"><\/div>\n        <\/div>\n            <div class=\"kksr-star\" style=\"padding-right: 5px\">\n            \n\n<div class=\"kksr-icon\" style=\"width: 22px; height: 22px;\"><\/div>\n        <\/div>\n            <div class=\"kksr-star\" style=\"padding-right: 5px\">\n            \n\n<div class=\"kksr-icon\" style=\"width: 22px; height: 22px;\"><\/div>\n        <\/div>\n    <\/div>\n<\/div>\n                \n\n<div class=\"kksr-legend\" style=\"font-size: 17.6px;\">\n            <span class=\"kksr-muted\">Valora este post<\/span>\n    <\/div>\n    <\/div>\n","protected":false},"excerpt":{"rendered":"<p>Alerta final para los interesados en los viajes del Imserso: cierre inminente de convocatoria Para todos aquellos que est\u00e9n considerando participar en los programas de viajes &#8230; <a title=\"\u00a1Alerta viajeros! Fin inminente del plazo para solicitar viajes del Imserso\" class=\"read-more\" href=\"https:\/\/www.diario21.tv\/noticias\/alerta-viajeros-fin-inminente-del-plazo-para-solicitar-viajes-del-imserso\/\" aria-label=\"Leer m\u00e1s sobre \u00a1Alerta viajeros! Fin inminente del plazo para solicitar viajes del Imserso\">Seguir leyendo &rarr;<\/a><\/p>\n","protected":false},"author":20,"featured_media":7052,"comment_status":"open","ping_status":"open","sticky":false,"template":"","format":"standard","meta":{"footnotes":""},"categories":[13],"tags":[],"class_list":["post-7051","post","type-post","status-publish","format-standard","has-post-thumbnail","hentry","category-portada"],"yoast_head":"<!-- This site is optimized with the Yoast SEO plugin v25.6 - https:\/\/yoast.com\/wordpress\/plugins\/seo\/ -->\n<title>\u00a1Alerta viajeros! Fin inminente del plazo para solicitar viajes del Imserso - Diario 21<\/title>\n<meta name=\"robots\" content=\"index, follow, max-snippet:-1, max-image-preview:large, max-video-preview:-1\" \/>\n<link rel=\"canonical\" href=\"https:\/\/www.diario21.tv\/noticias\/alerta-viajeros-fin-inminente-del-plazo-para-solicitar-viajes-del-imserso\/\" \/>\n<meta property=\"og:locale\" content=\"es_ES\" \/>\n<meta property=\"og:type\" content=\"article\" \/>\n<meta property=\"og:title\" content=\"\u00a1Alerta viajeros! Fin inminente del plazo para solicitar viajes del Imserso - Diario 21\" \/>\n<meta property=\"og:description\" content=\"Alerta final para los interesados en los viajes del Imserso: cierre inminente de convocatoria Para todos aquellos que est\u00e9n considerando participar en los programas de viajes ... Seguir leyendo &rarr;\" \/>\n<meta property=\"og:url\" content=\"https:\/\/www.diario21.tv\/noticias\/alerta-viajeros-fin-inminente-del-plazo-para-solicitar-viajes-del-imserso\/\" \/>\n<meta property=\"og:site_name\" content=\"Diario 21\" \/>\n<meta property=\"article:published_time\" content=\"2026-04-29T18:48:43+00:00\" \/>\n<meta property=\"article:modified_time\" content=\"2026-04-29T18:48:44+00:00\" \/>\n<meta property=\"og:image\" content=\"https:\/\/www.diario21.tv\/noticias\/wp-content\/uploads\/2026\/04\/\u00a1Alerta-viajeros-Fin-inminente-del-plazo-para-solicitar-viajes-del.jpg\" \/>\n\t<meta property=\"og:image:width\" content=\"1200\" \/>\n\t<meta property=\"og:image:height\" content=\"840\" \/>\n\t<meta property=\"og:image:type\" content=\"image\/jpeg\" \/>\n<meta name=\"author\" content=\"Juan P\u00e9rez\" \/>\n<meta name=\"twitter:card\" content=\"summary_large_image\" \/>\n<meta name=\"twitter:label1\" content=\"Escrito por\" \/>\n\t<meta name=\"twitter:data1\" content=\"Juan P\u00e9rez\" \/>\n\t<meta name=\"twitter:label2\" content=\"Tiempo de lectura\" \/>\n\t<meta name=\"twitter:data2\" content=\"2 minutos\" \/>\n<script type=\"application\/ld+json\" class=\"yoast-schema-graph\">{\"@context\":\"https:\/\/schema.org\",\"@graph\":[{\"@type\":\"WebPage\",\"@id\":\"https:\/\/www.diario21.tv\/noticias\/alerta-viajeros-fin-inminente-del-plazo-para-solicitar-viajes-del-imserso\/\",\"url\":\"https:\/\/www.diario21.tv\/noticias\/alerta-viajeros-fin-inminente-del-plazo-para-solicitar-viajes-del-imserso\/\",\"name\":\"\u00a1Alerta viajeros! Fin inminente del plazo para solicitar viajes del Imserso - Diario 21\",\"isPartOf\":{\"@id\":\"https:\/\/www.diario21.tv\/noticias\/#website\"},\"primaryImageOfPage\":{\"@id\":\"https:\/\/www.diario21.tv\/noticias\/alerta-viajeros-fin-inminente-del-plazo-para-solicitar-viajes-del-imserso\/#primaryimage\"},\"image\":{\"@id\":\"https:\/\/www.diario21.tv\/noticias\/alerta-viajeros-fin-inminente-del-plazo-para-solicitar-viajes-del-imserso\/#primaryimage\"},\"thumbnailUrl\":\"https:\/\/www.diario21.tv\/noticias\/wp-content\/uploads\/2026\/04\/\u00a1Alerta-viajeros-Fin-inminente-del-plazo-para-solicitar-viajes-del.jpg\",\"datePublished\":\"2026-04-29T18:48:43+00:00\",\"dateModified\":\"2026-04-29T18:48:44+00:00\",\"author\":{\"@id\":\"https:\/\/www.diario21.tv\/noticias\/#\/schema\/person\/dfb778f73814d8f09f302618446a526b\"},\"breadcrumb\":{\"@id\":\"https:\/\/www.diario21.tv\/noticias\/alerta-viajeros-fin-inminente-del-plazo-para-solicitar-viajes-del-imserso\/#breadcrumb\"},\"inLanguage\":\"es-AR\",\"potentialAction\":[{\"@type\":\"ReadAction\",\"target\":[\"https:\/\/www.diario21.tv\/noticias\/alerta-viajeros-fin-inminente-del-plazo-para-solicitar-viajes-del-imserso\/\"]}]},{\"@type\":\"ImageObject\",\"inLanguage\":\"es-AR\",\"@id\":\"https:\/\/www.diario21.tv\/noticias\/alerta-viajeros-fin-inminente-del-plazo-para-solicitar-viajes-del-imserso\/#primaryimage\",\"url\":\"https:\/\/www.diario21.tv\/noticias\/wp-content\/uploads\/2026\/04\/\u00a1Alerta-viajeros-Fin-inminente-del-plazo-para-solicitar-viajes-del.jpg\",\"contentUrl\":\"https:\/\/www.diario21.tv\/noticias\/wp-content\/uploads\/2026\/04\/\u00a1Alerta-viajeros-Fin-inminente-del-plazo-para-solicitar-viajes-del.jpg\",\"width\":1200,\"height\":840,\"caption\":\"\u00daltimo aviso sobre los viajes del Imserso: el plazo de solicitud est\u00e1 a punto de terminar\"},{\"@type\":\"BreadcrumbList\",\"@id\":\"https:\/\/www.diario21.tv\/noticias\/alerta-viajeros-fin-inminente-del-plazo-para-solicitar-viajes-del-imserso\/#breadcrumb\",\"itemListElement\":[{\"@type\":\"ListItem\",\"position\":1,\"name\":\"Accueil\",\"item\":\"https:\/\/www.diario21.tv\/noticias\/\"},{\"@type\":\"ListItem\",\"position\":2,\"name\":\"\u00a1Alerta viajeros! Fin inminente del plazo para solicitar viajes del Imserso\"}]},{\"@type\":\"WebSite\",\"@id\":\"https:\/\/www.diario21.tv\/noticias\/#website\",\"url\":\"https:\/\/www.diario21.tv\/noticias\/\",\"name\":\"Diario 21\",\"description\":\"\",\"potentialAction\":[{\"@type\":\"SearchAction\",\"target\":{\"@type\":\"EntryPoint\",\"urlTemplate\":\"https:\/\/www.diario21.tv\/noticias\/?s={search_term_string}\"},\"query-input\":{\"@type\":\"PropertyValueSpecification\",\"valueRequired\":true,\"valueName\":\"search_term_string\"}}],\"inLanguage\":\"es-AR\"},{\"@type\":\"Person\",\"@id\":\"https:\/\/www.diario21.tv\/noticias\/#\/schema\/person\/dfb778f73814d8f09f302618446a526b\",\"name\":\"Juan P\u00e9rez\",\"image\":{\"@type\":\"ImageObject\",\"inLanguage\":\"es-AR\",\"@id\":\"https:\/\/www.diario21.tv\/noticias\/#\/schema\/person\/image\/\",\"url\":\"https:\/\/secure.gravatar.com\/avatar\/c478a405bd10621167f4c3167cc770f5?s=96&d=mm&r=g\",\"contentUrl\":\"https:\/\/secure.gravatar.com\/avatar\/c478a405bd10621167f4c3167cc770f5?s=96&d=mm&r=g\",\"caption\":\"Juan P\u00e9rez\"},\"description\":\"Juan P\u00e9rez es el redactor en jefe de Diario 21. Con m\u00e1s de 10 a\u00f1os de experiencia en el periodismo, se especializa en pol\u00edtica nacional y an\u00e1lisis socioecon\u00f3mico. Su enfoque cr\u00edtico y riguroso aporta una perspectiva \u00fanica a cada art\u00edculo.\",\"sameAs\":[\"https:\/\/www.diario21.tv\/noticias\/\"],\"url\":\"https:\/\/www.diario21.tv\/noticias\/author\/juan-perez\/\"}]}<\/script>\n<!-- \/ Yoast SEO plugin. -->","yoast_head_json":{"title":"\u00a1Alerta viajeros! Fin inminente del plazo para solicitar viajes del Imserso - Diario 21","robots":{"index":"index","follow":"follow","max-snippet":"max-snippet:-1","max-image-preview":"max-image-preview:large","max-video-preview":"max-video-preview:-1"},"canonical":"https:\/\/www.diario21.tv\/noticias\/alerta-viajeros-fin-inminente-del-plazo-para-solicitar-viajes-del-imserso\/","og_locale":"es_ES","og_type":"article","og_title":"\u00a1Alerta viajeros! Fin inminente del plazo para solicitar viajes del Imserso - Diario 21","og_description":"Alerta final para los interesados en los viajes del Imserso: cierre inminente de convocatoria Para todos aquellos que est\u00e9n considerando participar en los programas de viajes ... Seguir leyendo &rarr;","og_url":"https:\/\/www.diario21.tv\/noticias\/alerta-viajeros-fin-inminente-del-plazo-para-solicitar-viajes-del-imserso\/","og_site_name":"Diario 21","article_published_time":"2026-04-29T18:48:43+00:00","article_modified_time":"2026-04-29T18:48:44+00:00","og_image":[{"width":1200,"height":840,"url":"https:\/\/www.diario21.tv\/noticias\/wp-content\/uploads\/2026\/04\/\u00a1Alerta-viajeros-Fin-inminente-del-plazo-para-solicitar-viajes-del.jpg","type":"image\/jpeg"}],"author":"Juan P\u00e9rez","twitter_card":"summary_large_image","twitter_misc":{"Escrito por":"Juan P\u00e9rez","Tiempo de lectura":"2 minutos"},"schema":{"@context":"https:\/\/schema.org","@graph":[{"@type":"WebPage","@id":"https:\/\/www.diario21.tv\/noticias\/alerta-viajeros-fin-inminente-del-plazo-para-solicitar-viajes-del-imserso\/","url":"https:\/\/www.diario21.tv\/noticias\/alerta-viajeros-fin-inminente-del-plazo-para-solicitar-viajes-del-imserso\/","name":"\u00a1Alerta viajeros! Fin inminente del plazo para solicitar viajes del Imserso - Diario 21","isPartOf":{"@id":"https:\/\/www.diario21.tv\/noticias\/#website"},"primaryImageOfPage":{"@id":"https:\/\/www.diario21.tv\/noticias\/alerta-viajeros-fin-inminente-del-plazo-para-solicitar-viajes-del-imserso\/#primaryimage"},"image":{"@id":"https:\/\/www.diario21.tv\/noticias\/alerta-viajeros-fin-inminente-del-plazo-para-solicitar-viajes-del-imserso\/#primaryimage"},"thumbnailUrl":"https:\/\/www.diario21.tv\/noticias\/wp-content\/uploads\/2026\/04\/\u00a1Alerta-viajeros-Fin-inminente-del-plazo-para-solicitar-viajes-del.jpg","datePublished":"2026-04-29T18:48:43+00:00","dateModified":"2026-04-29T18:48:44+00:00","author":{"@id":"https:\/\/www.diario21.tv\/noticias\/#\/schema\/person\/dfb778f73814d8f09f302618446a526b"},"breadcrumb":{"@id":"https:\/\/www.diario21.tv\/noticias\/alerta-viajeros-fin-inminente-del-plazo-para-solicitar-viajes-del-imserso\/#breadcrumb"},"inLanguage":"es-AR","potentialAction":[{"@type":"ReadAction","target":["https:\/\/www.diario21.tv\/noticias\/alerta-viajeros-fin-inminente-del-plazo-para-solicitar-viajes-del-imserso\/"]}]},{"@type":"ImageObject","inLanguage":"es-AR","@id":"https:\/\/www.diario21.tv\/noticias\/alerta-viajeros-fin-inminente-del-plazo-para-solicitar-viajes-del-imserso\/#primaryimage","url":"https:\/\/www.diario21.tv\/noticias\/wp-content\/uploads\/2026\/04\/\u00a1Alerta-viajeros-Fin-inminente-del-plazo-para-solicitar-viajes-del.jpg","contentUrl":"https:\/\/www.diario21.tv\/noticias\/wp-content\/uploads\/2026\/04\/\u00a1Alerta-viajeros-Fin-inminente-del-plazo-para-solicitar-viajes-del.jpg","width":1200,"height":840,"caption":"\u00daltimo aviso sobre los viajes del Imserso: el plazo de solicitud est\u00e1 a punto de terminar"},{"@type":"BreadcrumbList","@id":"https:\/\/www.diario21.tv\/noticias\/alerta-viajeros-fin-inminente-del-plazo-para-solicitar-viajes-del-imserso\/#breadcrumb","itemListElement":[{"@type":"ListItem","position":1,"name":"Accueil","item":"https:\/\/www.diario21.tv\/noticias\/"},{"@type":"ListItem","position":2,"name":"\u00a1Alerta viajeros! Fin inminente del plazo para solicitar viajes del Imserso"}]},{"@type":"WebSite","@id":"https:\/\/www.diario21.tv\/noticias\/#website","url":"https:\/\/www.diario21.tv\/noticias\/","name":"Diario 21","description":"","potentialAction":[{"@type":"SearchAction","target":{"@type":"EntryPoint","urlTemplate":"https:\/\/www.diario21.tv\/noticias\/?s={search_term_string}"},"query-input":{"@type":"PropertyValueSpecification","valueRequired":true,"valueName":"search_term_string"}}],"inLanguage":"es-AR"},{"@type":"Person","@id":"https:\/\/www.diario21.tv\/noticias\/#\/schema\/person\/dfb778f73814d8f09f302618446a526b","name":"Juan P\u00e9rez","image":{"@type":"ImageObject","inLanguage":"es-AR","@id":"https:\/\/www.diario21.tv\/noticias\/#\/schema\/person\/image\/","url":"https:\/\/secure.gravatar.com\/avatar\/c478a405bd10621167f4c3167cc770f5?s=96&d=mm&r=g","contentUrl":"https:\/\/secure.gravatar.com\/avatar\/c478a405bd10621167f4c3167cc770f5?s=96&d=mm&r=g","caption":"Juan P\u00e9rez"},"description":"Juan P\u00e9rez es el redactor en jefe de Diario 21. Con m\u00e1s de 10 a\u00f1os de experiencia en el periodismo, se especializa en pol\u00edtica nacional y an\u00e1lisis socioecon\u00f3mico. Su enfoque cr\u00edtico y riguroso aporta una perspectiva \u00fanica a cada art\u00edculo.","sameAs":["https:\/\/www.diario21.tv\/noticias\/"],"url":"https:\/\/www.diario21.tv\/noticias\/author\/juan-perez\/"}]}},"_links":{"self":[{"href":"https:\/\/www.diario21.tv\/noticias\/wp-json\/wp\/v2\/posts\/7051"}],"collection":[{"href":"https:\/\/www.diario21.tv\/noticias\/wp-json\/wp\/v2\/posts"}],"about":[{"href":"https:\/\/www.diario21.tv\/noticias\/wp-json\/wp\/v2\/types\/post"}],"author":[{"embeddable":true,"href":"https:\/\/www.diario21.tv\/noticias\/wp-json\/wp\/v2\/users\/20"}],"replies":[{"embeddable":true,"href":"https:\/\/www.diario21.tv\/noticias\/wp-json\/wp\/v2\/comments?post=7051"}],"version-history":[{"count":1,"href":"https:\/\/www.diario21.tv\/noticias\/wp-json\/wp\/v2\/posts\/7051\/revisions"}],"predecessor-version":[{"id":7053,"href":"https:\/\/www.diario21.tv\/noticias\/wp-json\/wp\/v2\/posts\/7051\/revisions\/7053"}],"wp:featuredmedia":[{"embeddable":true,"href":"https:\/\/www.diario21.tv\/noticias\/wp-json\/wp\/v2\/media\/7052"}],"wp:attachment":[{"href":"https:\/\/www.diario21.tv\/noticias\/wp-json\/wp\/v2\/media?parent=7051"}],"wp:term":[{"taxonomy":"category","embeddable":true,"href":"https:\/\/www.diario21.tv\/noticias\/wp-json\/wp\/v2\/categories?post=7051"},{"taxonomy":"post_tag","embeddable":true,"href":"https:\/\/www.diario21.tv\/noticias\/wp-json\/wp\/v2\/tags?post=7051"}],"curies":[{"name":"wp","href":"https:\/\/api.w.org\/{rel}","templated":true}]}}