{"id":7048,"date":"2026-04-29T12:44:29","date_gmt":"2026-04-29T12:44:29","guid":{"rendered":"https:\/\/www.diario21.tv\/noticias\/impactante-hombre-condenado-a-9-anos-por-violar-a-menor-sedada-con-ansioliticos-en-lanzarote\/"},"modified":"2026-04-29T12:44:31","modified_gmt":"2026-04-29T12:44:31","slug":"impactante-hombre-condenado-a-9-anos-por-violar-a-menor-sedada-con-ansioliticos-en-lanzarote","status":"publish","type":"post","link":"https:\/\/www.diario21.tv\/noticias\/impactante-hombre-condenado-a-9-anos-por-violar-a-menor-sedada-con-ansioliticos-en-lanzarote\/","title":{"rendered":"\u00a1Impactante! Hombre condenado a 9 a\u00f1os por violar a menor sedada con ansiol\u00edticos en Lanzarote"},"content":{"rendered":"<h2>Condena de m\u00e1s de nueve a\u00f1os por abuso sexual a una joven en Lanzarote<\/h2>\n<p>En un reciente fallo judicial en Lanzarote, se ha dictado una sentencia de nueve a\u00f1os y seis meses de prisi\u00f3n a un hombre por el delito de violaci\u00f3n a una menor de edad. El suceso, que ha conmocionado a la comunidad local, involucr\u00f3 al acusado sedando a la v\u00edctima con medicamentos ansiol\u00edticos para cometer el acto.<\/p>\n<h3>Detalles del caso<\/h3>\n<p>El hombre, cuya identidad no ha sido revelada para proteger la privacidad de la v\u00edctima, fue encontrado culpable de haber administrado ansiol\u00edticos a la menor con el fin de disminuir su capacidad de resistencia y luego abusar sexualmente de ella. Este grave incidente ocurri\u00f3 en el contexto de una relaci\u00f3n de confianza entre el agresor y la v\u00edctima, lo que a\u00f1adi\u00f3 un elemento de traici\u00f3n al ya de por s\u00ed repugnante acto.<\/p>\n<h3>Reacciones y consecuencias<\/h3>\n<p>La sentencia ha sido recibida con sentimientos encontrados por la comunidad. Por un lado, hay un claro alivio por ver que se ha hecho justicia; por otro lado, persiste la preocupaci\u00f3n sobre la seguridad y protecci\u00f3n de los menores en la regi\u00f3n. La fiscal\u00eda ha destacado la importancia de este caso como un recordatorio cr\u00edtico de la necesidad de proteger a los m\u00e1s vulnerables de la sociedad.<\/p>\n<p>El tribunal tambi\u00e9n orden\u00f3 que, tras cumplir su pena de prisi\u00f3n, el condenado deber\u00eda estar bajo supervisi\u00f3n legal para prevenir cualquier futuro delito. Adem\u00e1s, se ha impuesto una orden de alejamiento que proh\u00edbe al condenado acercarse a la v\u00edctima o comunicarse con ella por un per\u00edodo que excede su tiempo en prisi\u00f3n.<\/p>\n<h3>Impacto en la comunidad<\/h3>\n<p>Este caso ha suscitado un intenso debate sobre la efectividad de las medidas de protecci\u00f3n para los menores y la necesidad de una vigilancia m\u00e1s rigurosa en el contexto de las relaciones de confianza. Organizaciones locales de apoyo a v\u00edctimas de abuso han llamado a una mayor educaci\u00f3n y concienciaci\u00f3n sobre los peligros de abuso de sustancias y su relaci\u00f3n con los delitos sexuales.<\/p>\n<p>El suceso ha servido como un doloroso recordatorio de las vulnerabilidades que enfrentan los j\u00f3venes en la sociedad actual y la imperiosa necesidad de fortalecer las redes de apoyo y seguridad para ellos.<\/p>\n<h3>Reflexiones finales<\/h3>\n<p>Mientras el condenado enfrenta su sentencia, la comunidad de Lanzarote y sus alrededores contin\u00faa lidiando con las repercusiones de este caso. La esperanza es que este incidente tr\u00e1gico sirva para aumentar la conciencia y llevar a cambios positivos en la forma en que se protege a los menores en el futuro. La justicia ha hablado en este caso, pero a\u00fan queda mucho por hacer para asegurar que tales atrocidades no se repitan.<\/p>\n\n\n<div class=\"kk-star-ratings kksr-auto kksr-align-left kksr-valign-bottom\"\n    data-payload='{&quot;align&quot;:&quot;left&quot;,&quot;id&quot;:&quot;7048&quot;,&quot;slug&quot;:&quot;default&quot;,&quot;valign&quot;:&quot;bottom&quot;,&quot;ignore&quot;:&quot;&quot;,&quot;reference&quot;:&quot;auto&quot;,&quot;class&quot;:&quot;&quot;,&quot;count&quot;:&quot;0&quot;,&quot;legendonly&quot;:&quot;&quot;,&quot;readonly&quot;:&quot;&quot;,&quot;score&quot;:&quot;0&quot;,&quot;starsonly&quot;:&quot;&quot;,&quot;best&quot;:&quot;5&quot;,&quot;gap&quot;:&quot;5&quot;,&quot;greet&quot;:&quot;Valora este post&quot;,&quot;legend&quot;:&quot;0\\\/5 - (0 votes)&quot;,&quot;size&quot;:&quot;22&quot;,&quot;title&quot;:&quot;\u00a1Impactante! Hombre condenado a 9 a\u00f1os por violar a menor sedada con ansiol\u00edticos en Lanzarote&quot;,&quot;width&quot;:&quot;0&quot;,&quot;_legend&quot;:&quot;{score}\\\/{best} - ({count} {votes})&quot;,&quot;font_factor&quot;:&quot;1.25&quot;}'>\n            \n<div class=\"kksr-stars\">\n    \n<div class=\"kksr-stars-inactive\">\n            <div class=\"kksr-star\" data-star=\"1\" style=\"padding-right: 5px\">\n            \n\n<div class=\"kksr-icon\" style=\"width: 22px; height: 22px;\"><\/div>\n        <\/div>\n            <div class=\"kksr-star\" data-star=\"2\" style=\"padding-right: 5px\">\n            \n\n<div class=\"kksr-icon\" style=\"width: 22px; height: 22px;\"><\/div>\n        <\/div>\n            <div class=\"kksr-star\" data-star=\"3\" style=\"padding-right: 5px\">\n            \n\n<div class=\"kksr-icon\" style=\"width: 22px; height: 22px;\"><\/div>\n        <\/div>\n            <div class=\"kksr-star\" data-star=\"4\" style=\"padding-right: 5px\">\n            \n\n<div class=\"kksr-icon\" style=\"width: 22px; height: 22px;\"><\/div>\n        <\/div>\n            <div class=\"kksr-star\" data-star=\"5\" style=\"padding-right: 5px\">\n            \n\n<div class=\"kksr-icon\" style=\"width: 22px; height: 22px;\"><\/div>\n        <\/div>\n    <\/div>\n    \n<div class=\"kksr-stars-active\" style=\"width: 0px;\">\n            <div class=\"kksr-star\" style=\"padding-right: 5px\">\n            \n\n<div class=\"kksr-icon\" style=\"width: 22px; height: 22px;\"><\/div>\n        <\/div>\n            <div class=\"kksr-star\" style=\"padding-right: 5px\">\n            \n\n<div class=\"kksr-icon\" style=\"width: 22px; height: 22px;\"><\/div>\n        <\/div>\n            <div class=\"kksr-star\" style=\"padding-right: 5px\">\n            \n\n<div class=\"kksr-icon\" style=\"width: 22px; height: 22px;\"><\/div>\n        <\/div>\n            <div class=\"kksr-star\" style=\"padding-right: 5px\">\n            \n\n<div class=\"kksr-icon\" style=\"width: 22px; height: 22px;\"><\/div>\n        <\/div>\n            <div class=\"kksr-star\" style=\"padding-right: 5px\">\n            \n\n<div class=\"kksr-icon\" style=\"width: 22px; height: 22px;\"><\/div>\n        <\/div>\n    <\/div>\n<\/div>\n                \n\n<div class=\"kksr-legend\" style=\"font-size: 17.6px;\">\n            <span class=\"kksr-muted\">Valora este post<\/span>\n    <\/div>\n    <\/div>\n","protected":false},"excerpt":{"rendered":"<p>Condena de m\u00e1s de nueve a\u00f1os por abuso sexual a una joven en Lanzarote En un reciente fallo judicial en Lanzarote, se ha dictado una sentencia &#8230; <a title=\"\u00a1Impactante! Hombre condenado a 9 a\u00f1os por violar a menor sedada con ansiol\u00edticos en Lanzarote\" class=\"read-more\" href=\"https:\/\/www.diario21.tv\/noticias\/impactante-hombre-condenado-a-9-anos-por-violar-a-menor-sedada-con-ansioliticos-en-lanzarote\/\" aria-label=\"Leer m\u00e1s sobre \u00a1Impactante! Hombre condenado a 9 a\u00f1os por violar a menor sedada con ansiol\u00edticos en Lanzarote\">Seguir leyendo &rarr;<\/a><\/p>\n","protected":false},"author":20,"featured_media":7049,"comment_status":"open","ping_status":"open","sticky":false,"template":"","format":"standard","meta":{"footnotes":""},"categories":[13],"tags":[],"class_list":["post-7048","post","type-post","status-publish","format-standard","has-post-thumbnail","hentry","category-portada"],"yoast_head":"<!-- This site is optimized with the Yoast SEO plugin v25.6 - https:\/\/yoast.com\/wordpress\/plugins\/seo\/ -->\n<title>\u00a1Impactante! Hombre condenado a 9 a\u00f1os por violar a menor sedada con ansiol\u00edticos en Lanzarote - Diario 21<\/title>\n<meta name=\"robots\" content=\"index, follow, max-snippet:-1, max-image-preview:large, max-video-preview:-1\" \/>\n<link rel=\"canonical\" href=\"https:\/\/www.diario21.tv\/noticias\/impactante-hombre-condenado-a-9-anos-por-violar-a-menor-sedada-con-ansioliticos-en-lanzarote\/\" \/>\n<meta property=\"og:locale\" content=\"es_ES\" \/>\n<meta property=\"og:type\" content=\"article\" \/>\n<meta property=\"og:title\" content=\"\u00a1Impactante! Hombre condenado a 9 a\u00f1os por violar a menor sedada con ansiol\u00edticos en Lanzarote - Diario 21\" \/>\n<meta property=\"og:description\" content=\"Condena de m\u00e1s de nueve a\u00f1os por abuso sexual a una joven en Lanzarote En un reciente fallo judicial en Lanzarote, se ha dictado una sentencia ... Seguir leyendo &rarr;\" \/>\n<meta property=\"og:url\" content=\"https:\/\/www.diario21.tv\/noticias\/impactante-hombre-condenado-a-9-anos-por-violar-a-menor-sedada-con-ansioliticos-en-lanzarote\/\" \/>\n<meta property=\"og:site_name\" content=\"Diario 21\" \/>\n<meta property=\"article:published_time\" content=\"2026-04-29T12:44:29+00:00\" \/>\n<meta property=\"article:modified_time\" content=\"2026-04-29T12:44:31+00:00\" \/>\n<meta property=\"og:image\" content=\"https:\/\/www.diario21.tv\/noticias\/wp-content\/uploads\/2026\/04\/\u00a1Impactante-Hombre-condenado-a-9-anos-por-violar-a-menor.jpg\" \/>\n\t<meta property=\"og:image:width\" content=\"1200\" \/>\n\t<meta property=\"og:image:height\" content=\"840\" \/>\n\t<meta property=\"og:image:type\" content=\"image\/jpeg\" \/>\n<meta name=\"author\" content=\"Juan P\u00e9rez\" \/>\n<meta name=\"twitter:card\" content=\"summary_large_image\" \/>\n<meta name=\"twitter:label1\" content=\"Escrito por\" \/>\n\t<meta name=\"twitter:data1\" content=\"Juan P\u00e9rez\" \/>\n\t<meta name=\"twitter:label2\" content=\"Tiempo de lectura\" \/>\n\t<meta name=\"twitter:data2\" content=\"2 minutos\" \/>\n<script type=\"application\/ld+json\" class=\"yoast-schema-graph\">{\"@context\":\"https:\/\/schema.org\",\"@graph\":[{\"@type\":\"WebPage\",\"@id\":\"https:\/\/www.diario21.tv\/noticias\/impactante-hombre-condenado-a-9-anos-por-violar-a-menor-sedada-con-ansioliticos-en-lanzarote\/\",\"url\":\"https:\/\/www.diario21.tv\/noticias\/impactante-hombre-condenado-a-9-anos-por-violar-a-menor-sedada-con-ansioliticos-en-lanzarote\/\",\"name\":\"\u00a1Impactante! Hombre condenado a 9 a\u00f1os por violar a menor sedada con ansiol\u00edticos en Lanzarote - Diario 21\",\"isPartOf\":{\"@id\":\"https:\/\/www.diario21.tv\/noticias\/#website\"},\"primaryImageOfPage\":{\"@id\":\"https:\/\/www.diario21.tv\/noticias\/impactante-hombre-condenado-a-9-anos-por-violar-a-menor-sedada-con-ansioliticos-en-lanzarote\/#primaryimage\"},\"image\":{\"@id\":\"https:\/\/www.diario21.tv\/noticias\/impactante-hombre-condenado-a-9-anos-por-violar-a-menor-sedada-con-ansioliticos-en-lanzarote\/#primaryimage\"},\"thumbnailUrl\":\"https:\/\/www.diario21.tv\/noticias\/wp-content\/uploads\/2026\/04\/\u00a1Impactante-Hombre-condenado-a-9-anos-por-violar-a-menor.jpg\",\"datePublished\":\"2026-04-29T12:44:29+00:00\",\"dateModified\":\"2026-04-29T12:44:31+00:00\",\"author\":{\"@id\":\"https:\/\/www.diario21.tv\/noticias\/#\/schema\/person\/dfb778f73814d8f09f302618446a526b\"},\"breadcrumb\":{\"@id\":\"https:\/\/www.diario21.tv\/noticias\/impactante-hombre-condenado-a-9-anos-por-violar-a-menor-sedada-con-ansioliticos-en-lanzarote\/#breadcrumb\"},\"inLanguage\":\"es-AR\",\"potentialAction\":[{\"@type\":\"ReadAction\",\"target\":[\"https:\/\/www.diario21.tv\/noticias\/impactante-hombre-condenado-a-9-anos-por-violar-a-menor-sedada-con-ansioliticos-en-lanzarote\/\"]}]},{\"@type\":\"ImageObject\",\"inLanguage\":\"es-AR\",\"@id\":\"https:\/\/www.diario21.tv\/noticias\/impactante-hombre-condenado-a-9-anos-por-violar-a-menor-sedada-con-ansioliticos-en-lanzarote\/#primaryimage\",\"url\":\"https:\/\/www.diario21.tv\/noticias\/wp-content\/uploads\/2026\/04\/\u00a1Impactante-Hombre-condenado-a-9-anos-por-violar-a-menor.jpg\",\"contentUrl\":\"https:\/\/www.diario21.tv\/noticias\/wp-content\/uploads\/2026\/04\/\u00a1Impactante-Hombre-condenado-a-9-anos-por-violar-a-menor.jpg\",\"width\":1200,\"height\":840,\"caption\":\"Nueve a\u00f1os y medio a un hombre por violar a una menor tras sedarla con ansiol\u00edticos en Lanzarote\"},{\"@type\":\"BreadcrumbList\",\"@id\":\"https:\/\/www.diario21.tv\/noticias\/impactante-hombre-condenado-a-9-anos-por-violar-a-menor-sedada-con-ansioliticos-en-lanzarote\/#breadcrumb\",\"itemListElement\":[{\"@type\":\"ListItem\",\"position\":1,\"name\":\"Accueil\",\"item\":\"https:\/\/www.diario21.tv\/noticias\/\"},{\"@type\":\"ListItem\",\"position\":2,\"name\":\"\u00a1Impactante! Hombre condenado a 9 a\u00f1os por violar a menor sedada con ansiol\u00edticos en Lanzarote\"}]},{\"@type\":\"WebSite\",\"@id\":\"https:\/\/www.diario21.tv\/noticias\/#website\",\"url\":\"https:\/\/www.diario21.tv\/noticias\/\",\"name\":\"Diario 21\",\"description\":\"\",\"potentialAction\":[{\"@type\":\"SearchAction\",\"target\":{\"@type\":\"EntryPoint\",\"urlTemplate\":\"https:\/\/www.diario21.tv\/noticias\/?s={search_term_string}\"},\"query-input\":{\"@type\":\"PropertyValueSpecification\",\"valueRequired\":true,\"valueName\":\"search_term_string\"}}],\"inLanguage\":\"es-AR\"},{\"@type\":\"Person\",\"@id\":\"https:\/\/www.diario21.tv\/noticias\/#\/schema\/person\/dfb778f73814d8f09f302618446a526b\",\"name\":\"Juan P\u00e9rez\",\"image\":{\"@type\":\"ImageObject\",\"inLanguage\":\"es-AR\",\"@id\":\"https:\/\/www.diario21.tv\/noticias\/#\/schema\/person\/image\/\",\"url\":\"https:\/\/secure.gravatar.com\/avatar\/c478a405bd10621167f4c3167cc770f5?s=96&d=mm&r=g\",\"contentUrl\":\"https:\/\/secure.gravatar.com\/avatar\/c478a405bd10621167f4c3167cc770f5?s=96&d=mm&r=g\",\"caption\":\"Juan P\u00e9rez\"},\"description\":\"Juan P\u00e9rez es el redactor en jefe de Diario 21. Con m\u00e1s de 10 a\u00f1os de experiencia en el periodismo, se especializa en pol\u00edtica nacional y an\u00e1lisis socioecon\u00f3mico. Su enfoque cr\u00edtico y riguroso aporta una perspectiva \u00fanica a cada art\u00edculo.\",\"sameAs\":[\"https:\/\/www.diario21.tv\/noticias\/\"],\"url\":\"https:\/\/www.diario21.tv\/noticias\/author\/juan-perez\/\"}]}<\/script>\n<!-- \/ Yoast SEO plugin. -->","yoast_head_json":{"title":"\u00a1Impactante! Hombre condenado a 9 a\u00f1os por violar a menor sedada con ansiol\u00edticos en Lanzarote - Diario 21","robots":{"index":"index","follow":"follow","max-snippet":"max-snippet:-1","max-image-preview":"max-image-preview:large","max-video-preview":"max-video-preview:-1"},"canonical":"https:\/\/www.diario21.tv\/noticias\/impactante-hombre-condenado-a-9-anos-por-violar-a-menor-sedada-con-ansioliticos-en-lanzarote\/","og_locale":"es_ES","og_type":"article","og_title":"\u00a1Impactante! Hombre condenado a 9 a\u00f1os por violar a menor sedada con ansiol\u00edticos en Lanzarote - Diario 21","og_description":"Condena de m\u00e1s de nueve a\u00f1os por abuso sexual a una joven en Lanzarote En un reciente fallo judicial en Lanzarote, se ha dictado una sentencia ... Seguir leyendo &rarr;","og_url":"https:\/\/www.diario21.tv\/noticias\/impactante-hombre-condenado-a-9-anos-por-violar-a-menor-sedada-con-ansioliticos-en-lanzarote\/","og_site_name":"Diario 21","article_published_time":"2026-04-29T12:44:29+00:00","article_modified_time":"2026-04-29T12:44:31+00:00","og_image":[{"width":1200,"height":840,"url":"https:\/\/www.diario21.tv\/noticias\/wp-content\/uploads\/2026\/04\/\u00a1Impactante-Hombre-condenado-a-9-anos-por-violar-a-menor.jpg","type":"image\/jpeg"}],"author":"Juan P\u00e9rez","twitter_card":"summary_large_image","twitter_misc":{"Escrito por":"Juan P\u00e9rez","Tiempo de lectura":"2 minutos"},"schema":{"@context":"https:\/\/schema.org","@graph":[{"@type":"WebPage","@id":"https:\/\/www.diario21.tv\/noticias\/impactante-hombre-condenado-a-9-anos-por-violar-a-menor-sedada-con-ansioliticos-en-lanzarote\/","url":"https:\/\/www.diario21.tv\/noticias\/impactante-hombre-condenado-a-9-anos-por-violar-a-menor-sedada-con-ansioliticos-en-lanzarote\/","name":"\u00a1Impactante! Hombre condenado a 9 a\u00f1os por violar a menor sedada con ansiol\u00edticos en Lanzarote - Diario 21","isPartOf":{"@id":"https:\/\/www.diario21.tv\/noticias\/#website"},"primaryImageOfPage":{"@id":"https:\/\/www.diario21.tv\/noticias\/impactante-hombre-condenado-a-9-anos-por-violar-a-menor-sedada-con-ansioliticos-en-lanzarote\/#primaryimage"},"image":{"@id":"https:\/\/www.diario21.tv\/noticias\/impactante-hombre-condenado-a-9-anos-por-violar-a-menor-sedada-con-ansioliticos-en-lanzarote\/#primaryimage"},"thumbnailUrl":"https:\/\/www.diario21.tv\/noticias\/wp-content\/uploads\/2026\/04\/\u00a1Impactante-Hombre-condenado-a-9-anos-por-violar-a-menor.jpg","datePublished":"2026-04-29T12:44:29+00:00","dateModified":"2026-04-29T12:44:31+00:00","author":{"@id":"https:\/\/www.diario21.tv\/noticias\/#\/schema\/person\/dfb778f73814d8f09f302618446a526b"},"breadcrumb":{"@id":"https:\/\/www.diario21.tv\/noticias\/impactante-hombre-condenado-a-9-anos-por-violar-a-menor-sedada-con-ansioliticos-en-lanzarote\/#breadcrumb"},"inLanguage":"es-AR","potentialAction":[{"@type":"ReadAction","target":["https:\/\/www.diario21.tv\/noticias\/impactante-hombre-condenado-a-9-anos-por-violar-a-menor-sedada-con-ansioliticos-en-lanzarote\/"]}]},{"@type":"ImageObject","inLanguage":"es-AR","@id":"https:\/\/www.diario21.tv\/noticias\/impactante-hombre-condenado-a-9-anos-por-violar-a-menor-sedada-con-ansioliticos-en-lanzarote\/#primaryimage","url":"https:\/\/www.diario21.tv\/noticias\/wp-content\/uploads\/2026\/04\/\u00a1Impactante-Hombre-condenado-a-9-anos-por-violar-a-menor.jpg","contentUrl":"https:\/\/www.diario21.tv\/noticias\/wp-content\/uploads\/2026\/04\/\u00a1Impactante-Hombre-condenado-a-9-anos-por-violar-a-menor.jpg","width":1200,"height":840,"caption":"Nueve a\u00f1os y medio a un hombre por violar a una menor tras sedarla con ansiol\u00edticos en Lanzarote"},{"@type":"BreadcrumbList","@id":"https:\/\/www.diario21.tv\/noticias\/impactante-hombre-condenado-a-9-anos-por-violar-a-menor-sedada-con-ansioliticos-en-lanzarote\/#breadcrumb","itemListElement":[{"@type":"ListItem","position":1,"name":"Accueil","item":"https:\/\/www.diario21.tv\/noticias\/"},{"@type":"ListItem","position":2,"name":"\u00a1Impactante! Hombre condenado a 9 a\u00f1os por violar a menor sedada con ansiol\u00edticos en Lanzarote"}]},{"@type":"WebSite","@id":"https:\/\/www.diario21.tv\/noticias\/#website","url":"https:\/\/www.diario21.tv\/noticias\/","name":"Diario 21","description":"","potentialAction":[{"@type":"SearchAction","target":{"@type":"EntryPoint","urlTemplate":"https:\/\/www.diario21.tv\/noticias\/?s={search_term_string}"},"query-input":{"@type":"PropertyValueSpecification","valueRequired":true,"valueName":"search_term_string"}}],"inLanguage":"es-AR"},{"@type":"Person","@id":"https:\/\/www.diario21.tv\/noticias\/#\/schema\/person\/dfb778f73814d8f09f302618446a526b","name":"Juan P\u00e9rez","image":{"@type":"ImageObject","inLanguage":"es-AR","@id":"https:\/\/www.diario21.tv\/noticias\/#\/schema\/person\/image\/","url":"https:\/\/secure.gravatar.com\/avatar\/c478a405bd10621167f4c3167cc770f5?s=96&d=mm&r=g","contentUrl":"https:\/\/secure.gravatar.com\/avatar\/c478a405bd10621167f4c3167cc770f5?s=96&d=mm&r=g","caption":"Juan P\u00e9rez"},"description":"Juan P\u00e9rez es el redactor en jefe de Diario 21. Con m\u00e1s de 10 a\u00f1os de experiencia en el periodismo, se especializa en pol\u00edtica nacional y an\u00e1lisis socioecon\u00f3mico. Su enfoque cr\u00edtico y riguroso aporta una perspectiva \u00fanica a cada art\u00edculo.","sameAs":["https:\/\/www.diario21.tv\/noticias\/"],"url":"https:\/\/www.diario21.tv\/noticias\/author\/juan-perez\/"}]}},"_links":{"self":[{"href":"https:\/\/www.diario21.tv\/noticias\/wp-json\/wp\/v2\/posts\/7048"}],"collection":[{"href":"https:\/\/www.diario21.tv\/noticias\/wp-json\/wp\/v2\/posts"}],"about":[{"href":"https:\/\/www.diario21.tv\/noticias\/wp-json\/wp\/v2\/types\/post"}],"author":[{"embeddable":true,"href":"https:\/\/www.diario21.tv\/noticias\/wp-json\/wp\/v2\/users\/20"}],"replies":[{"embeddable":true,"href":"https:\/\/www.diario21.tv\/noticias\/wp-json\/wp\/v2\/comments?post=7048"}],"version-history":[{"count":1,"href":"https:\/\/www.diario21.tv\/noticias\/wp-json\/wp\/v2\/posts\/7048\/revisions"}],"predecessor-version":[{"id":7050,"href":"https:\/\/www.diario21.tv\/noticias\/wp-json\/wp\/v2\/posts\/7048\/revisions\/7050"}],"wp:featuredmedia":[{"embeddable":true,"href":"https:\/\/www.diario21.tv\/noticias\/wp-json\/wp\/v2\/media\/7049"}],"wp:attachment":[{"href":"https:\/\/www.diario21.tv\/noticias\/wp-json\/wp\/v2\/media?parent=7048"}],"wp:term":[{"taxonomy":"category","embeddable":true,"href":"https:\/\/www.diario21.tv\/noticias\/wp-json\/wp\/v2\/categories?post=7048"},{"taxonomy":"post_tag","embeddable":true,"href":"https:\/\/www.diario21.tv\/noticias\/wp-json\/wp\/v2\/tags?post=7048"}],"curies":[{"name":"wp","href":"https:\/\/api.w.org\/{rel}","templated":true}]}}