{"id":7041,"date":"2026-04-28T18:41:57","date_gmt":"2026-04-28T18:41:57","guid":{"rendered":"https:\/\/www.diario21.tv\/noticias\/turista-apunalada-en-el-tobillo-mientras-fotografiaba-un-mirador-en-granada\/"},"modified":"2026-04-28T18:41:59","modified_gmt":"2026-04-28T18:41:59","slug":"turista-apunalada-en-el-tobillo-mientras-fotografiaba-un-mirador-en-granada","status":"publish","type":"post","link":"https:\/\/www.diario21.tv\/noticias\/turista-apunalada-en-el-tobillo-mientras-fotografiaba-un-mirador-en-granada\/","title":{"rendered":"Turista apu\u00f1alada en el tobillo mientras fotografiaba un mirador en Granada"},"content":{"rendered":"<h2>Una turista es apu\u00f1alada en el tobillo mientras tomaba fotograf\u00edas en un mirador de Granada<\/h2>\n<p>En un incidente alarmante, una turista sufri\u00f3 una agresi\u00f3n inesperada mientras capturaba im\u00e1genes en uno de los miradores m\u00e1s populares de Granada. La v\u00edctima, que estaba disfrutando de las vistas panor\u00e1micas de la ciudad, fue sorprendida por un atacante que le clav\u00f3 una navaja en el tobillo.<\/p>\n<h3>Detalles del Ataque<\/h3>\n<p>El suceso ocurri\u00f3 en la tarde del jueves, cuando la turista, cuya identidad no ha sido revelada, se encontraba en uno de los miradores m\u00e1s frecuentados por visitantes y locales por su espectacular vista hacia la Alhambra y el Generalife. Seg\u00fan los informes, mientras estaba concentrada en su c\u00e1mara, un individuo se le acerc\u00f3 por detr\u00e1s y sin mediar palabra, le insert\u00f3 una navaja en el tobillo, caus\u00e1ndole una herida profunda.<\/p>\n<p>Testigos en el lugar r\u00e1pidamente acudieron en ayuda de la mujer, mientras el agresor, descrito solo como un hombre joven, se daba a la fuga. Las autoridades fueron alertadas inmediatamente, y servicios de emergencia llegaron al sitio para atender a la turista herida. La v\u00edctima fue trasladada a un hospital cercano donde se le proporcionaron los primeros auxilios y se inici\u00f3 su recuperaci\u00f3n.<\/p>\n<h3>Reacciones y Consecuencias<\/h3>\n<p>El ataque ha provocado una ola de preocupaci\u00f3n entre los habitantes y los visitantes de Granada. El mirador, conocido por ser un punto de encuentro pac\u00edfico y de gran belleza, ahora se ve ensombrecido por este acto de violencia. La polic\u00eda local ha intensificado su presencia en la zona y ha iniciado una investigaci\u00f3n para dar con el responsable del asalto.<\/p>\n<p>Las autoridades han pedido a cualquier persona que tenga informaci\u00f3n que pueda ayudar a identificar al agresor que se ponga en contacto con ellas. Adem\u00e1s, se ha hecho un llamado a reforzar la seguridad en los puntos tur\u00edsticos de la ciudad para prevenir incidentes similares en el futuro.<\/p>\n<p>Este suceso subraya la importancia de la seguridad en los destinos tur\u00edsticos y la necesidad de medidas preventivas para asegurar el bienestar de los visitantes. La comunidad de Granada, conocida por su hospitalidad y belleza hist\u00f3rica, se muestra consternada y espera que este sea un incidente aislado que no manche la imagen de la ciudad como un lugar acogedor y seguro para turistas de todo el mundo.<\/p>\n\n\n<div class=\"kk-star-ratings kksr-auto kksr-align-left kksr-valign-bottom\"\n    data-payload='{&quot;align&quot;:&quot;left&quot;,&quot;id&quot;:&quot;7041&quot;,&quot;slug&quot;:&quot;default&quot;,&quot;valign&quot;:&quot;bottom&quot;,&quot;ignore&quot;:&quot;&quot;,&quot;reference&quot;:&quot;auto&quot;,&quot;class&quot;:&quot;&quot;,&quot;count&quot;:&quot;0&quot;,&quot;legendonly&quot;:&quot;&quot;,&quot;readonly&quot;:&quot;&quot;,&quot;score&quot;:&quot;0&quot;,&quot;starsonly&quot;:&quot;&quot;,&quot;best&quot;:&quot;5&quot;,&quot;gap&quot;:&quot;5&quot;,&quot;greet&quot;:&quot;Valora este post&quot;,&quot;legend&quot;:&quot;0\\\/5 - (0 votes)&quot;,&quot;size&quot;:&quot;22&quot;,&quot;title&quot;:&quot;Turista apu\u00f1alada en el tobillo mientras fotografiaba un mirador en Granada&quot;,&quot;width&quot;:&quot;0&quot;,&quot;_legend&quot;:&quot;{score}\\\/{best} - ({count} {votes})&quot;,&quot;font_factor&quot;:&quot;1.25&quot;}'>\n            \n<div class=\"kksr-stars\">\n    \n<div class=\"kksr-stars-inactive\">\n            <div class=\"kksr-star\" data-star=\"1\" style=\"padding-right: 5px\">\n            \n\n<div class=\"kksr-icon\" style=\"width: 22px; height: 22px;\"><\/div>\n        <\/div>\n            <div class=\"kksr-star\" data-star=\"2\" style=\"padding-right: 5px\">\n            \n\n<div class=\"kksr-icon\" style=\"width: 22px; height: 22px;\"><\/div>\n        <\/div>\n            <div class=\"kksr-star\" data-star=\"3\" style=\"padding-right: 5px\">\n            \n\n<div class=\"kksr-icon\" style=\"width: 22px; height: 22px;\"><\/div>\n        <\/div>\n            <div class=\"kksr-star\" data-star=\"4\" style=\"padding-right: 5px\">\n            \n\n<div class=\"kksr-icon\" style=\"width: 22px; height: 22px;\"><\/div>\n        <\/div>\n            <div class=\"kksr-star\" data-star=\"5\" style=\"padding-right: 5px\">\n            \n\n<div class=\"kksr-icon\" style=\"width: 22px; height: 22px;\"><\/div>\n        <\/div>\n    <\/div>\n    \n<div class=\"kksr-stars-active\" style=\"width: 0px;\">\n            <div class=\"kksr-star\" style=\"padding-right: 5px\">\n            \n\n<div class=\"kksr-icon\" style=\"width: 22px; height: 22px;\"><\/div>\n        <\/div>\n            <div class=\"kksr-star\" style=\"padding-right: 5px\">\n            \n\n<div class=\"kksr-icon\" style=\"width: 22px; height: 22px;\"><\/div>\n        <\/div>\n            <div class=\"kksr-star\" style=\"padding-right: 5px\">\n            \n\n<div class=\"kksr-icon\" style=\"width: 22px; height: 22px;\"><\/div>\n        <\/div>\n            <div class=\"kksr-star\" style=\"padding-right: 5px\">\n            \n\n<div class=\"kksr-icon\" style=\"width: 22px; height: 22px;\"><\/div>\n        <\/div>\n            <div class=\"kksr-star\" style=\"padding-right: 5px\">\n            \n\n<div class=\"kksr-icon\" style=\"width: 22px; height: 22px;\"><\/div>\n        <\/div>\n    <\/div>\n<\/div>\n                \n\n<div class=\"kksr-legend\" style=\"font-size: 17.6px;\">\n            <span class=\"kksr-muted\">Valora este post<\/span>\n    <\/div>\n    <\/div>\n","protected":false},"excerpt":{"rendered":"<p>Una turista es apu\u00f1alada en el tobillo mientras tomaba fotograf\u00edas en un mirador de Granada En un incidente alarmante, una turista sufri\u00f3 una agresi\u00f3n inesperada mientras &#8230; <a title=\"Turista apu\u00f1alada en el tobillo mientras fotografiaba un mirador en Granada\" class=\"read-more\" href=\"https:\/\/www.diario21.tv\/noticias\/turista-apunalada-en-el-tobillo-mientras-fotografiaba-un-mirador-en-granada\/\" aria-label=\"Leer m\u00e1s sobre Turista apu\u00f1alada en el tobillo mientras fotografiaba un mirador en Granada\">Seguir leyendo &rarr;<\/a><\/p>\n","protected":false},"author":20,"featured_media":7042,"comment_status":"open","ping_status":"open","sticky":false,"template":"","format":"standard","meta":{"footnotes":""},"categories":[13],"tags":[],"class_list":["post-7041","post","type-post","status-publish","format-standard","has-post-thumbnail","hentry","category-portada"],"yoast_head":"<!-- This site is optimized with the Yoast SEO plugin v25.6 - https:\/\/yoast.com\/wordpress\/plugins\/seo\/ -->\n<title>Turista apu\u00f1alada en el tobillo mientras fotografiaba un mirador en Granada - Diario 21<\/title>\n<meta name=\"robots\" content=\"index, follow, max-snippet:-1, max-image-preview:large, max-video-preview:-1\" \/>\n<link rel=\"canonical\" href=\"https:\/\/www.diario21.tv\/noticias\/turista-apunalada-en-el-tobillo-mientras-fotografiaba-un-mirador-en-granada\/\" \/>\n<meta property=\"og:locale\" content=\"es_ES\" \/>\n<meta property=\"og:type\" content=\"article\" \/>\n<meta property=\"og:title\" content=\"Turista apu\u00f1alada en el tobillo mientras fotografiaba un mirador en Granada - Diario 21\" \/>\n<meta property=\"og:description\" content=\"Una turista es apu\u00f1alada en el tobillo mientras tomaba fotograf\u00edas en un mirador de Granada En un incidente alarmante, una turista sufri\u00f3 una agresi\u00f3n inesperada mientras ... Seguir leyendo &rarr;\" \/>\n<meta property=\"og:url\" content=\"https:\/\/www.diario21.tv\/noticias\/turista-apunalada-en-el-tobillo-mientras-fotografiaba-un-mirador-en-granada\/\" \/>\n<meta property=\"og:site_name\" content=\"Diario 21\" \/>\n<meta property=\"article:published_time\" content=\"2026-04-28T18:41:57+00:00\" \/>\n<meta property=\"article:modified_time\" content=\"2026-04-28T18:41:59+00:00\" \/>\n<meta property=\"og:image\" content=\"https:\/\/www.diario21.tv\/noticias\/wp-content\/uploads\/2026\/04\/Turista-apunalada-en-el-tobillo-mientras-fotografiaba-un-mirador-en.jpg\" \/>\n\t<meta property=\"og:image:width\" content=\"1200\" \/>\n\t<meta property=\"og:image:height\" content=\"840\" \/>\n\t<meta property=\"og:image:type\" content=\"image\/jpeg\" \/>\n<meta name=\"author\" content=\"Juan P\u00e9rez\" \/>\n<meta name=\"twitter:card\" content=\"summary_large_image\" \/>\n<meta name=\"twitter:label1\" content=\"Escrito por\" \/>\n\t<meta name=\"twitter:data1\" content=\"Juan P\u00e9rez\" \/>\n\t<meta name=\"twitter:label2\" content=\"Tiempo de lectura\" \/>\n\t<meta name=\"twitter:data2\" content=\"2 minutos\" \/>\n<script type=\"application\/ld+json\" class=\"yoast-schema-graph\">{\"@context\":\"https:\/\/schema.org\",\"@graph\":[{\"@type\":\"WebPage\",\"@id\":\"https:\/\/www.diario21.tv\/noticias\/turista-apunalada-en-el-tobillo-mientras-fotografiaba-un-mirador-en-granada\/\",\"url\":\"https:\/\/www.diario21.tv\/noticias\/turista-apunalada-en-el-tobillo-mientras-fotografiaba-un-mirador-en-granada\/\",\"name\":\"Turista apu\u00f1alada en el tobillo mientras fotografiaba un mirador en Granada - Diario 21\",\"isPartOf\":{\"@id\":\"https:\/\/www.diario21.tv\/noticias\/#website\"},\"primaryImageOfPage\":{\"@id\":\"https:\/\/www.diario21.tv\/noticias\/turista-apunalada-en-el-tobillo-mientras-fotografiaba-un-mirador-en-granada\/#primaryimage\"},\"image\":{\"@id\":\"https:\/\/www.diario21.tv\/noticias\/turista-apunalada-en-el-tobillo-mientras-fotografiaba-un-mirador-en-granada\/#primaryimage\"},\"thumbnailUrl\":\"https:\/\/www.diario21.tv\/noticias\/wp-content\/uploads\/2026\/04\/Turista-apunalada-en-el-tobillo-mientras-fotografiaba-un-mirador-en.jpg\",\"datePublished\":\"2026-04-28T18:41:57+00:00\",\"dateModified\":\"2026-04-28T18:41:59+00:00\",\"author\":{\"@id\":\"https:\/\/www.diario21.tv\/noticias\/#\/schema\/person\/dfb778f73814d8f09f302618446a526b\"},\"breadcrumb\":{\"@id\":\"https:\/\/www.diario21.tv\/noticias\/turista-apunalada-en-el-tobillo-mientras-fotografiaba-un-mirador-en-granada\/#breadcrumb\"},\"inLanguage\":\"es-AR\",\"potentialAction\":[{\"@type\":\"ReadAction\",\"target\":[\"https:\/\/www.diario21.tv\/noticias\/turista-apunalada-en-el-tobillo-mientras-fotografiaba-un-mirador-en-granada\/\"]}]},{\"@type\":\"ImageObject\",\"inLanguage\":\"es-AR\",\"@id\":\"https:\/\/www.diario21.tv\/noticias\/turista-apunalada-en-el-tobillo-mientras-fotografiaba-un-mirador-en-granada\/#primaryimage\",\"url\":\"https:\/\/www.diario21.tv\/noticias\/wp-content\/uploads\/2026\/04\/Turista-apunalada-en-el-tobillo-mientras-fotografiaba-un-mirador-en.jpg\",\"contentUrl\":\"https:\/\/www.diario21.tv\/noticias\/wp-content\/uploads\/2026\/04\/Turista-apunalada-en-el-tobillo-mientras-fotografiaba-un-mirador-en.jpg\",\"width\":1200,\"height\":840,\"caption\":\"Clava una navaja a una turista en el tobillo mientras estaba haciendo fotos en un mirador de Granada\"},{\"@type\":\"BreadcrumbList\",\"@id\":\"https:\/\/www.diario21.tv\/noticias\/turista-apunalada-en-el-tobillo-mientras-fotografiaba-un-mirador-en-granada\/#breadcrumb\",\"itemListElement\":[{\"@type\":\"ListItem\",\"position\":1,\"name\":\"Accueil\",\"item\":\"https:\/\/www.diario21.tv\/noticias\/\"},{\"@type\":\"ListItem\",\"position\":2,\"name\":\"Turista apu\u00f1alada en el tobillo mientras fotografiaba un mirador en Granada\"}]},{\"@type\":\"WebSite\",\"@id\":\"https:\/\/www.diario21.tv\/noticias\/#website\",\"url\":\"https:\/\/www.diario21.tv\/noticias\/\",\"name\":\"Diario 21\",\"description\":\"\",\"potentialAction\":[{\"@type\":\"SearchAction\",\"target\":{\"@type\":\"EntryPoint\",\"urlTemplate\":\"https:\/\/www.diario21.tv\/noticias\/?s={search_term_string}\"},\"query-input\":{\"@type\":\"PropertyValueSpecification\",\"valueRequired\":true,\"valueName\":\"search_term_string\"}}],\"inLanguage\":\"es-AR\"},{\"@type\":\"Person\",\"@id\":\"https:\/\/www.diario21.tv\/noticias\/#\/schema\/person\/dfb778f73814d8f09f302618446a526b\",\"name\":\"Juan P\u00e9rez\",\"image\":{\"@type\":\"ImageObject\",\"inLanguage\":\"es-AR\",\"@id\":\"https:\/\/www.diario21.tv\/noticias\/#\/schema\/person\/image\/\",\"url\":\"https:\/\/secure.gravatar.com\/avatar\/c478a405bd10621167f4c3167cc770f5?s=96&d=mm&r=g\",\"contentUrl\":\"https:\/\/secure.gravatar.com\/avatar\/c478a405bd10621167f4c3167cc770f5?s=96&d=mm&r=g\",\"caption\":\"Juan P\u00e9rez\"},\"description\":\"Juan P\u00e9rez es el redactor en jefe de Diario 21. Con m\u00e1s de 10 a\u00f1os de experiencia en el periodismo, se especializa en pol\u00edtica nacional y an\u00e1lisis socioecon\u00f3mico. Su enfoque cr\u00edtico y riguroso aporta una perspectiva \u00fanica a cada art\u00edculo.\",\"sameAs\":[\"https:\/\/www.diario21.tv\/noticias\/\"],\"url\":\"https:\/\/www.diario21.tv\/noticias\/author\/juan-perez\/\"}]}<\/script>\n<!-- \/ Yoast SEO plugin. -->","yoast_head_json":{"title":"Turista apu\u00f1alada en el tobillo mientras fotografiaba un mirador en Granada - Diario 21","robots":{"index":"index","follow":"follow","max-snippet":"max-snippet:-1","max-image-preview":"max-image-preview:large","max-video-preview":"max-video-preview:-1"},"canonical":"https:\/\/www.diario21.tv\/noticias\/turista-apunalada-en-el-tobillo-mientras-fotografiaba-un-mirador-en-granada\/","og_locale":"es_ES","og_type":"article","og_title":"Turista apu\u00f1alada en el tobillo mientras fotografiaba un mirador en Granada - Diario 21","og_description":"Una turista es apu\u00f1alada en el tobillo mientras tomaba fotograf\u00edas en un mirador de Granada En un incidente alarmante, una turista sufri\u00f3 una agresi\u00f3n inesperada mientras ... Seguir leyendo &rarr;","og_url":"https:\/\/www.diario21.tv\/noticias\/turista-apunalada-en-el-tobillo-mientras-fotografiaba-un-mirador-en-granada\/","og_site_name":"Diario 21","article_published_time":"2026-04-28T18:41:57+00:00","article_modified_time":"2026-04-28T18:41:59+00:00","og_image":[{"width":1200,"height":840,"url":"https:\/\/www.diario21.tv\/noticias\/wp-content\/uploads\/2026\/04\/Turista-apunalada-en-el-tobillo-mientras-fotografiaba-un-mirador-en.jpg","type":"image\/jpeg"}],"author":"Juan P\u00e9rez","twitter_card":"summary_large_image","twitter_misc":{"Escrito por":"Juan P\u00e9rez","Tiempo de lectura":"2 minutos"},"schema":{"@context":"https:\/\/schema.org","@graph":[{"@type":"WebPage","@id":"https:\/\/www.diario21.tv\/noticias\/turista-apunalada-en-el-tobillo-mientras-fotografiaba-un-mirador-en-granada\/","url":"https:\/\/www.diario21.tv\/noticias\/turista-apunalada-en-el-tobillo-mientras-fotografiaba-un-mirador-en-granada\/","name":"Turista apu\u00f1alada en el tobillo mientras fotografiaba un mirador en Granada - Diario 21","isPartOf":{"@id":"https:\/\/www.diario21.tv\/noticias\/#website"},"primaryImageOfPage":{"@id":"https:\/\/www.diario21.tv\/noticias\/turista-apunalada-en-el-tobillo-mientras-fotografiaba-un-mirador-en-granada\/#primaryimage"},"image":{"@id":"https:\/\/www.diario21.tv\/noticias\/turista-apunalada-en-el-tobillo-mientras-fotografiaba-un-mirador-en-granada\/#primaryimage"},"thumbnailUrl":"https:\/\/www.diario21.tv\/noticias\/wp-content\/uploads\/2026\/04\/Turista-apunalada-en-el-tobillo-mientras-fotografiaba-un-mirador-en.jpg","datePublished":"2026-04-28T18:41:57+00:00","dateModified":"2026-04-28T18:41:59+00:00","author":{"@id":"https:\/\/www.diario21.tv\/noticias\/#\/schema\/person\/dfb778f73814d8f09f302618446a526b"},"breadcrumb":{"@id":"https:\/\/www.diario21.tv\/noticias\/turista-apunalada-en-el-tobillo-mientras-fotografiaba-un-mirador-en-granada\/#breadcrumb"},"inLanguage":"es-AR","potentialAction":[{"@type":"ReadAction","target":["https:\/\/www.diario21.tv\/noticias\/turista-apunalada-en-el-tobillo-mientras-fotografiaba-un-mirador-en-granada\/"]}]},{"@type":"ImageObject","inLanguage":"es-AR","@id":"https:\/\/www.diario21.tv\/noticias\/turista-apunalada-en-el-tobillo-mientras-fotografiaba-un-mirador-en-granada\/#primaryimage","url":"https:\/\/www.diario21.tv\/noticias\/wp-content\/uploads\/2026\/04\/Turista-apunalada-en-el-tobillo-mientras-fotografiaba-un-mirador-en.jpg","contentUrl":"https:\/\/www.diario21.tv\/noticias\/wp-content\/uploads\/2026\/04\/Turista-apunalada-en-el-tobillo-mientras-fotografiaba-un-mirador-en.jpg","width":1200,"height":840,"caption":"Clava una navaja a una turista en el tobillo mientras estaba haciendo fotos en un mirador de Granada"},{"@type":"BreadcrumbList","@id":"https:\/\/www.diario21.tv\/noticias\/turista-apunalada-en-el-tobillo-mientras-fotografiaba-un-mirador-en-granada\/#breadcrumb","itemListElement":[{"@type":"ListItem","position":1,"name":"Accueil","item":"https:\/\/www.diario21.tv\/noticias\/"},{"@type":"ListItem","position":2,"name":"Turista apu\u00f1alada en el tobillo mientras fotografiaba un mirador en Granada"}]},{"@type":"WebSite","@id":"https:\/\/www.diario21.tv\/noticias\/#website","url":"https:\/\/www.diario21.tv\/noticias\/","name":"Diario 21","description":"","potentialAction":[{"@type":"SearchAction","target":{"@type":"EntryPoint","urlTemplate":"https:\/\/www.diario21.tv\/noticias\/?s={search_term_string}"},"query-input":{"@type":"PropertyValueSpecification","valueRequired":true,"valueName":"search_term_string"}}],"inLanguage":"es-AR"},{"@type":"Person","@id":"https:\/\/www.diario21.tv\/noticias\/#\/schema\/person\/dfb778f73814d8f09f302618446a526b","name":"Juan P\u00e9rez","image":{"@type":"ImageObject","inLanguage":"es-AR","@id":"https:\/\/www.diario21.tv\/noticias\/#\/schema\/person\/image\/","url":"https:\/\/secure.gravatar.com\/avatar\/c478a405bd10621167f4c3167cc770f5?s=96&d=mm&r=g","contentUrl":"https:\/\/secure.gravatar.com\/avatar\/c478a405bd10621167f4c3167cc770f5?s=96&d=mm&r=g","caption":"Juan P\u00e9rez"},"description":"Juan P\u00e9rez es el redactor en jefe de Diario 21. Con m\u00e1s de 10 a\u00f1os de experiencia en el periodismo, se especializa en pol\u00edtica nacional y an\u00e1lisis socioecon\u00f3mico. Su enfoque cr\u00edtico y riguroso aporta una perspectiva \u00fanica a cada art\u00edculo.","sameAs":["https:\/\/www.diario21.tv\/noticias\/"],"url":"https:\/\/www.diario21.tv\/noticias\/author\/juan-perez\/"}]}},"_links":{"self":[{"href":"https:\/\/www.diario21.tv\/noticias\/wp-json\/wp\/v2\/posts\/7041"}],"collection":[{"href":"https:\/\/www.diario21.tv\/noticias\/wp-json\/wp\/v2\/posts"}],"about":[{"href":"https:\/\/www.diario21.tv\/noticias\/wp-json\/wp\/v2\/types\/post"}],"author":[{"embeddable":true,"href":"https:\/\/www.diario21.tv\/noticias\/wp-json\/wp\/v2\/users\/20"}],"replies":[{"embeddable":true,"href":"https:\/\/www.diario21.tv\/noticias\/wp-json\/wp\/v2\/comments?post=7041"}],"version-history":[{"count":1,"href":"https:\/\/www.diario21.tv\/noticias\/wp-json\/wp\/v2\/posts\/7041\/revisions"}],"predecessor-version":[{"id":7043,"href":"https:\/\/www.diario21.tv\/noticias\/wp-json\/wp\/v2\/posts\/7041\/revisions\/7043"}],"wp:featuredmedia":[{"embeddable":true,"href":"https:\/\/www.diario21.tv\/noticias\/wp-json\/wp\/v2\/media\/7042"}],"wp:attachment":[{"href":"https:\/\/www.diario21.tv\/noticias\/wp-json\/wp\/v2\/media?parent=7041"}],"wp:term":[{"taxonomy":"category","embeddable":true,"href":"https:\/\/www.diario21.tv\/noticias\/wp-json\/wp\/v2\/categories?post=7041"},{"taxonomy":"post_tag","embeddable":true,"href":"https:\/\/www.diario21.tv\/noticias\/wp-json\/wp\/v2\/tags?post=7041"}],"curies":[{"name":"wp","href":"https:\/\/api.w.org\/{rel}","templated":true}]}}