{"id":7038,"date":"2026-04-28T12:38:36","date_gmt":"2026-04-28T12:38:36","guid":{"rendered":"https:\/\/www.diario21.tv\/noticias\/alerta-en-ciudad-real-chofer-escolar-detenido-por-conducir-tras-consumir-cocaina\/"},"modified":"2026-04-28T12:38:38","modified_gmt":"2026-04-28T12:38:38","slug":"alerta-en-ciudad-real-chofer-escolar-detenido-por-conducir-tras-consumir-cocaina","status":"publish","type":"post","link":"https:\/\/www.diario21.tv\/noticias\/alerta-en-ciudad-real-chofer-escolar-detenido-por-conducir-tras-consumir-cocaina\/","title":{"rendered":"\u00a1Alerta en Ciudad Real! Ch\u00f3fer escolar detenido por conducir tras consumir coca\u00edna"},"content":{"rendered":"<h2>Un conductor de autob\u00fas escolar en Ciudad Real es acusado de conducir bajo la influencia de coca\u00edna<\/h2>\n<p>En un reciente incidente en Ciudad Real, un conductor de transporte escolar ha sido denunciado por las autoridades tras dar positivo en un control de drogas. El hecho ha generado preocupaci\u00f3n entre padres y autoridades educativas sobre la seguridad de los ni\u00f1os que utilizan este tipo de transporte diariamente.<\/p>\n<h3>Detalles del incidente<\/h3>\n<p>El incidente ocurri\u00f3 durante una rutina de inspecciones que la Guardia Civil lleva a cabo regularmente para garantizar la seguridad en el transporte escolar. El conductor, cuya identidad no ha sido revelada, fue sometido a un test de drogas tras mostrar comportamiento sospechoso. Los resultados confirmaron la presencia de coca\u00edna en su sistema, lo que inmediatamente llev\u00f3 a su denuncia y a la retirada de su capacidad para conducir el veh\u00edculo escolar.<\/p>\n<h3>Reacciones y consecuencias<\/h3>\n<p>Tras el incidente, las autoridades escolares y los padres de los alumnos expresaron su alarma y descontento. La seguridad de los estudiantes es la m\u00e1xima prioridad para todos los involucrados, y este tipo de noticias pone en duda la rigurosidad de los controles a los que son sometidos los conductores de transporte escolar.<\/p>\n<p>La empresa responsable del servicio de transporte escolar no ha emitido declaraciones oficiales al momento, pero se espera que tomen medidas severas en respuesta a este grave incidente. Asimismo, se ha iniciado una revisi\u00f3n de los procedimientos de contrataci\u00f3n y supervisi\u00f3n de los empleados para asegurar que este tipo de situaciones no se repitan.<\/p>\n<h3>Medidas a tomar<\/h3>\n<p>Este incidente ha puesto de relieve la necesidad de controles m\u00e1s estrictos en el sector del transporte escolar. Se discute la posibilidad de implementar tests de drogas m\u00e1s frecuentes y rigurosos, as\u00ed como mejores pr\u00e1cticas de supervisi\u00f3n y formaci\u00f3n para los conductores. Adem\u00e1s, se est\u00e1 considerando la introducci\u00f3n de pol\u00edticas m\u00e1s estrictas para la contrataci\u00f3n de personal que garantizar\u00edan que solo individuos altamente calificados y sin antecedentes de consumo de drogas puedan operar veh\u00edculos escolares.<\/p>\n<p>Este suceso es un recordatorio crucial de la importancia de mantener altos est\u00e1ndares de seguridad en todos los aspectos del transporte escolar, desde la selecci\u00f3n del personal hasta la ejecuci\u00f3n diaria del servicio. La comunidad de Ciudad Real espera que este incidente sirva como un llamado a la acci\u00f3n para prevenir futuras situaciones que comprometan la seguridad de los estudiantes.<\/p>\n\n\n<div class=\"kk-star-ratings kksr-auto kksr-align-left kksr-valign-bottom\"\n    data-payload='{&quot;align&quot;:&quot;left&quot;,&quot;id&quot;:&quot;7038&quot;,&quot;slug&quot;:&quot;default&quot;,&quot;valign&quot;:&quot;bottom&quot;,&quot;ignore&quot;:&quot;&quot;,&quot;reference&quot;:&quot;auto&quot;,&quot;class&quot;:&quot;&quot;,&quot;count&quot;:&quot;0&quot;,&quot;legendonly&quot;:&quot;&quot;,&quot;readonly&quot;:&quot;&quot;,&quot;score&quot;:&quot;0&quot;,&quot;starsonly&quot;:&quot;&quot;,&quot;best&quot;:&quot;5&quot;,&quot;gap&quot;:&quot;5&quot;,&quot;greet&quot;:&quot;Valora este post&quot;,&quot;legend&quot;:&quot;0\\\/5 - (0 votes)&quot;,&quot;size&quot;:&quot;22&quot;,&quot;title&quot;:&quot;\u00a1Alerta en Ciudad Real! Ch\u00f3fer escolar detenido por conducir tras consumir coca\u00edna&quot;,&quot;width&quot;:&quot;0&quot;,&quot;_legend&quot;:&quot;{score}\\\/{best} - ({count} {votes})&quot;,&quot;font_factor&quot;:&quot;1.25&quot;}'>\n            \n<div class=\"kksr-stars\">\n    \n<div class=\"kksr-stars-inactive\">\n            <div class=\"kksr-star\" data-star=\"1\" style=\"padding-right: 5px\">\n            \n\n<div class=\"kksr-icon\" style=\"width: 22px; height: 22px;\"><\/div>\n        <\/div>\n            <div class=\"kksr-star\" data-star=\"2\" style=\"padding-right: 5px\">\n            \n\n<div class=\"kksr-icon\" style=\"width: 22px; height: 22px;\"><\/div>\n        <\/div>\n            <div class=\"kksr-star\" data-star=\"3\" style=\"padding-right: 5px\">\n            \n\n<div class=\"kksr-icon\" style=\"width: 22px; height: 22px;\"><\/div>\n        <\/div>\n            <div class=\"kksr-star\" data-star=\"4\" style=\"padding-right: 5px\">\n            \n\n<div class=\"kksr-icon\" style=\"width: 22px; height: 22px;\"><\/div>\n        <\/div>\n            <div class=\"kksr-star\" data-star=\"5\" style=\"padding-right: 5px\">\n            \n\n<div class=\"kksr-icon\" style=\"width: 22px; height: 22px;\"><\/div>\n        <\/div>\n    <\/div>\n    \n<div class=\"kksr-stars-active\" style=\"width: 0px;\">\n            <div class=\"kksr-star\" style=\"padding-right: 5px\">\n            \n\n<div class=\"kksr-icon\" style=\"width: 22px; height: 22px;\"><\/div>\n        <\/div>\n            <div class=\"kksr-star\" style=\"padding-right: 5px\">\n            \n\n<div class=\"kksr-icon\" style=\"width: 22px; height: 22px;\"><\/div>\n        <\/div>\n            <div class=\"kksr-star\" style=\"padding-right: 5px\">\n            \n\n<div class=\"kksr-icon\" style=\"width: 22px; height: 22px;\"><\/div>\n        <\/div>\n            <div class=\"kksr-star\" style=\"padding-right: 5px\">\n            \n\n<div class=\"kksr-icon\" style=\"width: 22px; height: 22px;\"><\/div>\n        <\/div>\n            <div class=\"kksr-star\" style=\"padding-right: 5px\">\n            \n\n<div class=\"kksr-icon\" style=\"width: 22px; height: 22px;\"><\/div>\n        <\/div>\n    <\/div>\n<\/div>\n                \n\n<div class=\"kksr-legend\" style=\"font-size: 17.6px;\">\n            <span class=\"kksr-muted\">Valora este post<\/span>\n    <\/div>\n    <\/div>\n","protected":false},"excerpt":{"rendered":"<p>Un conductor de autob\u00fas escolar en Ciudad Real es acusado de conducir bajo la influencia de coca\u00edna En un reciente incidente en Ciudad Real, un conductor &#8230; <a title=\"\u00a1Alerta en Ciudad Real! Ch\u00f3fer escolar detenido por conducir tras consumir coca\u00edna\" class=\"read-more\" href=\"https:\/\/www.diario21.tv\/noticias\/alerta-en-ciudad-real-chofer-escolar-detenido-por-conducir-tras-consumir-cocaina\/\" aria-label=\"Leer m\u00e1s sobre \u00a1Alerta en Ciudad Real! Ch\u00f3fer escolar detenido por conducir tras consumir coca\u00edna\">Seguir leyendo &rarr;<\/a><\/p>\n","protected":false},"author":20,"featured_media":7039,"comment_status":"open","ping_status":"open","sticky":false,"template":"","format":"standard","meta":{"footnotes":""},"categories":[13],"tags":[],"class_list":["post-7038","post","type-post","status-publish","format-standard","has-post-thumbnail","hentry","category-portada"],"yoast_head":"<!-- This site is optimized with the Yoast SEO plugin v25.6 - https:\/\/yoast.com\/wordpress\/plugins\/seo\/ -->\n<title>\u00a1Alerta en Ciudad Real! Ch\u00f3fer escolar detenido por conducir tras consumir coca\u00edna - Diario 21<\/title>\n<meta name=\"robots\" content=\"index, follow, max-snippet:-1, max-image-preview:large, max-video-preview:-1\" \/>\n<link rel=\"canonical\" href=\"https:\/\/www.diario21.tv\/noticias\/alerta-en-ciudad-real-chofer-escolar-detenido-por-conducir-tras-consumir-cocaina\/\" \/>\n<meta property=\"og:locale\" content=\"es_ES\" \/>\n<meta property=\"og:type\" content=\"article\" \/>\n<meta property=\"og:title\" content=\"\u00a1Alerta en Ciudad Real! Ch\u00f3fer escolar detenido por conducir tras consumir coca\u00edna - Diario 21\" \/>\n<meta property=\"og:description\" content=\"Un conductor de autob\u00fas escolar en Ciudad Real es acusado de conducir bajo la influencia de coca\u00edna En un reciente incidente en Ciudad Real, un conductor ... Seguir leyendo &rarr;\" \/>\n<meta property=\"og:url\" content=\"https:\/\/www.diario21.tv\/noticias\/alerta-en-ciudad-real-chofer-escolar-detenido-por-conducir-tras-consumir-cocaina\/\" \/>\n<meta property=\"og:site_name\" content=\"Diario 21\" \/>\n<meta property=\"article:published_time\" content=\"2026-04-28T12:38:36+00:00\" \/>\n<meta property=\"article:modified_time\" content=\"2026-04-28T12:38:38+00:00\" \/>\n<meta property=\"og:image\" content=\"https:\/\/www.diario21.tv\/noticias\/wp-content\/uploads\/2026\/04\/\u00a1Alerta-en-Ciudad-Real-Chofer-escolar-detenido-por-conducir-tras.jpg\" \/>\n\t<meta property=\"og:image:width\" content=\"1440\" \/>\n\t<meta property=\"og:image:height\" content=\"750\" \/>\n\t<meta property=\"og:image:type\" content=\"image\/jpeg\" \/>\n<meta name=\"author\" content=\"Juan P\u00e9rez\" \/>\n<meta name=\"twitter:card\" content=\"summary_large_image\" \/>\n<meta name=\"twitter:label1\" content=\"Escrito por\" \/>\n\t<meta name=\"twitter:data1\" content=\"Juan P\u00e9rez\" \/>\n\t<meta name=\"twitter:label2\" content=\"Tiempo de lectura\" \/>\n\t<meta name=\"twitter:data2\" content=\"2 minutos\" \/>\n<script type=\"application\/ld+json\" class=\"yoast-schema-graph\">{\"@context\":\"https:\/\/schema.org\",\"@graph\":[{\"@type\":\"WebPage\",\"@id\":\"https:\/\/www.diario21.tv\/noticias\/alerta-en-ciudad-real-chofer-escolar-detenido-por-conducir-tras-consumir-cocaina\/\",\"url\":\"https:\/\/www.diario21.tv\/noticias\/alerta-en-ciudad-real-chofer-escolar-detenido-por-conducir-tras-consumir-cocaina\/\",\"name\":\"\u00a1Alerta en Ciudad Real! Ch\u00f3fer escolar detenido por conducir tras consumir coca\u00edna - Diario 21\",\"isPartOf\":{\"@id\":\"https:\/\/www.diario21.tv\/noticias\/#website\"},\"primaryImageOfPage\":{\"@id\":\"https:\/\/www.diario21.tv\/noticias\/alerta-en-ciudad-real-chofer-escolar-detenido-por-conducir-tras-consumir-cocaina\/#primaryimage\"},\"image\":{\"@id\":\"https:\/\/www.diario21.tv\/noticias\/alerta-en-ciudad-real-chofer-escolar-detenido-por-conducir-tras-consumir-cocaina\/#primaryimage\"},\"thumbnailUrl\":\"https:\/\/www.diario21.tv\/noticias\/wp-content\/uploads\/2026\/04\/\u00a1Alerta-en-Ciudad-Real-Chofer-escolar-detenido-por-conducir-tras.jpg\",\"datePublished\":\"2026-04-28T12:38:36+00:00\",\"dateModified\":\"2026-04-28T12:38:38+00:00\",\"author\":{\"@id\":\"https:\/\/www.diario21.tv\/noticias\/#\/schema\/person\/dfb778f73814d8f09f302618446a526b\"},\"breadcrumb\":{\"@id\":\"https:\/\/www.diario21.tv\/noticias\/alerta-en-ciudad-real-chofer-escolar-detenido-por-conducir-tras-consumir-cocaina\/#breadcrumb\"},\"inLanguage\":\"es-AR\",\"potentialAction\":[{\"@type\":\"ReadAction\",\"target\":[\"https:\/\/www.diario21.tv\/noticias\/alerta-en-ciudad-real-chofer-escolar-detenido-por-conducir-tras-consumir-cocaina\/\"]}]},{\"@type\":\"ImageObject\",\"inLanguage\":\"es-AR\",\"@id\":\"https:\/\/www.diario21.tv\/noticias\/alerta-en-ciudad-real-chofer-escolar-detenido-por-conducir-tras-consumir-cocaina\/#primaryimage\",\"url\":\"https:\/\/www.diario21.tv\/noticias\/wp-content\/uploads\/2026\/04\/\u00a1Alerta-en-Ciudad-Real-Chofer-escolar-detenido-por-conducir-tras.jpg\",\"contentUrl\":\"https:\/\/www.diario21.tv\/noticias\/wp-content\/uploads\/2026\/04\/\u00a1Alerta-en-Ciudad-Real-Chofer-escolar-detenido-por-conducir-tras.jpg\",\"width\":1440,\"height\":750,\"caption\":\"Denunciado en Ciudad Real un ch\u00f3fer de transporte escolar por conducir bajo los efectos de la coca\u00edna\"},{\"@type\":\"BreadcrumbList\",\"@id\":\"https:\/\/www.diario21.tv\/noticias\/alerta-en-ciudad-real-chofer-escolar-detenido-por-conducir-tras-consumir-cocaina\/#breadcrumb\",\"itemListElement\":[{\"@type\":\"ListItem\",\"position\":1,\"name\":\"Accueil\",\"item\":\"https:\/\/www.diario21.tv\/noticias\/\"},{\"@type\":\"ListItem\",\"position\":2,\"name\":\"\u00a1Alerta en Ciudad Real! Ch\u00f3fer escolar detenido por conducir tras consumir coca\u00edna\"}]},{\"@type\":\"WebSite\",\"@id\":\"https:\/\/www.diario21.tv\/noticias\/#website\",\"url\":\"https:\/\/www.diario21.tv\/noticias\/\",\"name\":\"Diario 21\",\"description\":\"\",\"potentialAction\":[{\"@type\":\"SearchAction\",\"target\":{\"@type\":\"EntryPoint\",\"urlTemplate\":\"https:\/\/www.diario21.tv\/noticias\/?s={search_term_string}\"},\"query-input\":{\"@type\":\"PropertyValueSpecification\",\"valueRequired\":true,\"valueName\":\"search_term_string\"}}],\"inLanguage\":\"es-AR\"},{\"@type\":\"Person\",\"@id\":\"https:\/\/www.diario21.tv\/noticias\/#\/schema\/person\/dfb778f73814d8f09f302618446a526b\",\"name\":\"Juan P\u00e9rez\",\"image\":{\"@type\":\"ImageObject\",\"inLanguage\":\"es-AR\",\"@id\":\"https:\/\/www.diario21.tv\/noticias\/#\/schema\/person\/image\/\",\"url\":\"https:\/\/secure.gravatar.com\/avatar\/c478a405bd10621167f4c3167cc770f5?s=96&d=mm&r=g\",\"contentUrl\":\"https:\/\/secure.gravatar.com\/avatar\/c478a405bd10621167f4c3167cc770f5?s=96&d=mm&r=g\",\"caption\":\"Juan P\u00e9rez\"},\"description\":\"Juan P\u00e9rez es el redactor en jefe de Diario 21. Con m\u00e1s de 10 a\u00f1os de experiencia en el periodismo, se especializa en pol\u00edtica nacional y an\u00e1lisis socioecon\u00f3mico. Su enfoque cr\u00edtico y riguroso aporta una perspectiva \u00fanica a cada art\u00edculo.\",\"sameAs\":[\"https:\/\/www.diario21.tv\/noticias\/\"],\"url\":\"https:\/\/www.diario21.tv\/noticias\/author\/juan-perez\/\"}]}<\/script>\n<!-- \/ Yoast SEO plugin. -->","yoast_head_json":{"title":"\u00a1Alerta en Ciudad Real! Ch\u00f3fer escolar detenido por conducir tras consumir coca\u00edna - Diario 21","robots":{"index":"index","follow":"follow","max-snippet":"max-snippet:-1","max-image-preview":"max-image-preview:large","max-video-preview":"max-video-preview:-1"},"canonical":"https:\/\/www.diario21.tv\/noticias\/alerta-en-ciudad-real-chofer-escolar-detenido-por-conducir-tras-consumir-cocaina\/","og_locale":"es_ES","og_type":"article","og_title":"\u00a1Alerta en Ciudad Real! Ch\u00f3fer escolar detenido por conducir tras consumir coca\u00edna - Diario 21","og_description":"Un conductor de autob\u00fas escolar en Ciudad Real es acusado de conducir bajo la influencia de coca\u00edna En un reciente incidente en Ciudad Real, un conductor ... Seguir leyendo &rarr;","og_url":"https:\/\/www.diario21.tv\/noticias\/alerta-en-ciudad-real-chofer-escolar-detenido-por-conducir-tras-consumir-cocaina\/","og_site_name":"Diario 21","article_published_time":"2026-04-28T12:38:36+00:00","article_modified_time":"2026-04-28T12:38:38+00:00","og_image":[{"width":1440,"height":750,"url":"https:\/\/www.diario21.tv\/noticias\/wp-content\/uploads\/2026\/04\/\u00a1Alerta-en-Ciudad-Real-Chofer-escolar-detenido-por-conducir-tras.jpg","type":"image\/jpeg"}],"author":"Juan P\u00e9rez","twitter_card":"summary_large_image","twitter_misc":{"Escrito por":"Juan P\u00e9rez","Tiempo de lectura":"2 minutos"},"schema":{"@context":"https:\/\/schema.org","@graph":[{"@type":"WebPage","@id":"https:\/\/www.diario21.tv\/noticias\/alerta-en-ciudad-real-chofer-escolar-detenido-por-conducir-tras-consumir-cocaina\/","url":"https:\/\/www.diario21.tv\/noticias\/alerta-en-ciudad-real-chofer-escolar-detenido-por-conducir-tras-consumir-cocaina\/","name":"\u00a1Alerta en Ciudad Real! Ch\u00f3fer escolar detenido por conducir tras consumir coca\u00edna - Diario 21","isPartOf":{"@id":"https:\/\/www.diario21.tv\/noticias\/#website"},"primaryImageOfPage":{"@id":"https:\/\/www.diario21.tv\/noticias\/alerta-en-ciudad-real-chofer-escolar-detenido-por-conducir-tras-consumir-cocaina\/#primaryimage"},"image":{"@id":"https:\/\/www.diario21.tv\/noticias\/alerta-en-ciudad-real-chofer-escolar-detenido-por-conducir-tras-consumir-cocaina\/#primaryimage"},"thumbnailUrl":"https:\/\/www.diario21.tv\/noticias\/wp-content\/uploads\/2026\/04\/\u00a1Alerta-en-Ciudad-Real-Chofer-escolar-detenido-por-conducir-tras.jpg","datePublished":"2026-04-28T12:38:36+00:00","dateModified":"2026-04-28T12:38:38+00:00","author":{"@id":"https:\/\/www.diario21.tv\/noticias\/#\/schema\/person\/dfb778f73814d8f09f302618446a526b"},"breadcrumb":{"@id":"https:\/\/www.diario21.tv\/noticias\/alerta-en-ciudad-real-chofer-escolar-detenido-por-conducir-tras-consumir-cocaina\/#breadcrumb"},"inLanguage":"es-AR","potentialAction":[{"@type":"ReadAction","target":["https:\/\/www.diario21.tv\/noticias\/alerta-en-ciudad-real-chofer-escolar-detenido-por-conducir-tras-consumir-cocaina\/"]}]},{"@type":"ImageObject","inLanguage":"es-AR","@id":"https:\/\/www.diario21.tv\/noticias\/alerta-en-ciudad-real-chofer-escolar-detenido-por-conducir-tras-consumir-cocaina\/#primaryimage","url":"https:\/\/www.diario21.tv\/noticias\/wp-content\/uploads\/2026\/04\/\u00a1Alerta-en-Ciudad-Real-Chofer-escolar-detenido-por-conducir-tras.jpg","contentUrl":"https:\/\/www.diario21.tv\/noticias\/wp-content\/uploads\/2026\/04\/\u00a1Alerta-en-Ciudad-Real-Chofer-escolar-detenido-por-conducir-tras.jpg","width":1440,"height":750,"caption":"Denunciado en Ciudad Real un ch\u00f3fer de transporte escolar por conducir bajo los efectos de la coca\u00edna"},{"@type":"BreadcrumbList","@id":"https:\/\/www.diario21.tv\/noticias\/alerta-en-ciudad-real-chofer-escolar-detenido-por-conducir-tras-consumir-cocaina\/#breadcrumb","itemListElement":[{"@type":"ListItem","position":1,"name":"Accueil","item":"https:\/\/www.diario21.tv\/noticias\/"},{"@type":"ListItem","position":2,"name":"\u00a1Alerta en Ciudad Real! Ch\u00f3fer escolar detenido por conducir tras consumir coca\u00edna"}]},{"@type":"WebSite","@id":"https:\/\/www.diario21.tv\/noticias\/#website","url":"https:\/\/www.diario21.tv\/noticias\/","name":"Diario 21","description":"","potentialAction":[{"@type":"SearchAction","target":{"@type":"EntryPoint","urlTemplate":"https:\/\/www.diario21.tv\/noticias\/?s={search_term_string}"},"query-input":{"@type":"PropertyValueSpecification","valueRequired":true,"valueName":"search_term_string"}}],"inLanguage":"es-AR"},{"@type":"Person","@id":"https:\/\/www.diario21.tv\/noticias\/#\/schema\/person\/dfb778f73814d8f09f302618446a526b","name":"Juan P\u00e9rez","image":{"@type":"ImageObject","inLanguage":"es-AR","@id":"https:\/\/www.diario21.tv\/noticias\/#\/schema\/person\/image\/","url":"https:\/\/secure.gravatar.com\/avatar\/c478a405bd10621167f4c3167cc770f5?s=96&d=mm&r=g","contentUrl":"https:\/\/secure.gravatar.com\/avatar\/c478a405bd10621167f4c3167cc770f5?s=96&d=mm&r=g","caption":"Juan P\u00e9rez"},"description":"Juan P\u00e9rez es el redactor en jefe de Diario 21. Con m\u00e1s de 10 a\u00f1os de experiencia en el periodismo, se especializa en pol\u00edtica nacional y an\u00e1lisis socioecon\u00f3mico. Su enfoque cr\u00edtico y riguroso aporta una perspectiva \u00fanica a cada art\u00edculo.","sameAs":["https:\/\/www.diario21.tv\/noticias\/"],"url":"https:\/\/www.diario21.tv\/noticias\/author\/juan-perez\/"}]}},"_links":{"self":[{"href":"https:\/\/www.diario21.tv\/noticias\/wp-json\/wp\/v2\/posts\/7038"}],"collection":[{"href":"https:\/\/www.diario21.tv\/noticias\/wp-json\/wp\/v2\/posts"}],"about":[{"href":"https:\/\/www.diario21.tv\/noticias\/wp-json\/wp\/v2\/types\/post"}],"author":[{"embeddable":true,"href":"https:\/\/www.diario21.tv\/noticias\/wp-json\/wp\/v2\/users\/20"}],"replies":[{"embeddable":true,"href":"https:\/\/www.diario21.tv\/noticias\/wp-json\/wp\/v2\/comments?post=7038"}],"version-history":[{"count":1,"href":"https:\/\/www.diario21.tv\/noticias\/wp-json\/wp\/v2\/posts\/7038\/revisions"}],"predecessor-version":[{"id":7040,"href":"https:\/\/www.diario21.tv\/noticias\/wp-json\/wp\/v2\/posts\/7038\/revisions\/7040"}],"wp:featuredmedia":[{"embeddable":true,"href":"https:\/\/www.diario21.tv\/noticias\/wp-json\/wp\/v2\/media\/7039"}],"wp:attachment":[{"href":"https:\/\/www.diario21.tv\/noticias\/wp-json\/wp\/v2\/media?parent=7038"}],"wp:term":[{"taxonomy":"category","embeddable":true,"href":"https:\/\/www.diario21.tv\/noticias\/wp-json\/wp\/v2\/categories?post=7038"},{"taxonomy":"post_tag","embeddable":true,"href":"https:\/\/www.diario21.tv\/noticias\/wp-json\/wp\/v2\/tags?post=7038"}],"curies":[{"name":"wp","href":"https:\/\/api.w.org\/{rel}","templated":true}]}}