{"id":7035,"date":"2026-04-28T06:38:01","date_gmt":"2026-04-28T06:38:01","guid":{"rendered":"https:\/\/www.diario21.tv\/noticias\/increible-arroz-con-toques-extremenos-triunfa-en-el-festival-de-valencia\/"},"modified":"2026-04-28T06:38:03","modified_gmt":"2026-04-28T06:38:03","slug":"increible-arroz-con-toques-extremenos-triunfa-en-el-festival-de-valencia","status":"publish","type":"post","link":"https:\/\/www.diario21.tv\/noticias\/increible-arroz-con-toques-extremenos-triunfa-en-el-festival-de-valencia\/","title":{"rendered":"\u00a1Incre\u00edble! Arroz con toques extreme\u00f1os triunfa en el festival de Valencia"},"content":{"rendered":"<h2>Un plato de arroz con toques de Extremadura triunfa en el festival valenciano<\/h2>\n<p>En una reciente celebraci\u00f3n culinaria en Valencia, un plato de arroz que incorpora elementos t\u00edpicos de Extremadura captur\u00f3 la atenci\u00f3n y el aplauso de los asistentes, alz\u00e1ndose como el ganador del prestigioso festival del arroz de la regi\u00f3n. Este evento, que anualmente atrae a numerosos chefs y aficionados de la gastronom\u00eda, se ha convertido en un escenario para la innovaci\u00f3n y la tradici\u00f3n en el arte culinario del arroz.<\/p>\n<h3>Innovaci\u00f3n y tradici\u00f3n en un solo plato<\/h3>\n<p>El plato ganador, una creaci\u00f3n de un chef local que decidi\u00f3 fusionar las t\u00e9cnicas tradicionales valencianas con ingredientes representativos de Extremadura, logr\u00f3 un equilibrio perfecto que encant\u00f3 al jurado. La base del plato es el arroz, cocinado al punto exacto, complementado con productos como el piment\u00f3n y el cerdo ib\u00e9rico, ambos distintivos de Extremadura, que aportaron un sabor \u00fanico y una textura inigualable.<\/p>\n<p>Este plato no solo destac\u00f3 por su sabor, sino tambi\u00e9n por c\u00f3mo represent\u00f3 una fusi\u00f3n cultural, mostrando c\u00f3mo la cocina puede ser un puente entre diferentes tradiciones espa\u00f1olas. El uso de ingredientes locales, junto con las t\u00e9cnicas de cocci\u00f3n valencianas, result\u00f3 en una experiencia culinaria que fue tanto un homenaje a la regi\u00f3n de Valencia como un gui\u00f1o a Extremadura.<\/p>\n<h3>La relevancia del festival<\/h3>\n<p>El festival del arroz de Valencia es conocido por ser un punto de encuentro para los amantes del arroz y la gastronom\u00eda espa\u00f1ola. Cada a\u00f1o, el festival no solo busca celebrar las diversas formas en que se puede cocinar el arroz, sino tambi\u00e9n innovar y experimentar con nuevos sabores y combinaciones. La competencia es intensa, ya que chefs de toda Espa\u00f1a y de otros pa\u00edses vienen con la esperanza de ganar el reconocimiento por su habilidad y creatividad.<\/p>\n<p>La victoria de este plato con influencias extreme\u00f1as es testimonio de la apertura y la diversidad que caracterizan al festival. Adem\u00e1s, destaca la importancia de la innovaci\u00f3n en la cocina tradicional, demostrando que siempre hay espacio para nuevas ideas y fusiones que pueden enriquecer la experiencia culinaria.<\/p>\n<p>El \u00e9xito de este evento y del plato ganador subraya la rica tapestry culinaria de Espa\u00f1a, donde cada regi\u00f3n aporta algo \u00fanico al panorama gastron\u00f3mico del pa\u00eds. As\u00ed, el festival no solo es una competici\u00f3n, sino tambi\u00e9n una celebraci\u00f3n de la cultura, la historia y la innovaci\u00f3n culinaria que define a Espa\u00f1a.<\/p>\n\n\n<div class=\"kk-star-ratings kksr-auto kksr-align-left kksr-valign-bottom\"\n    data-payload='{&quot;align&quot;:&quot;left&quot;,&quot;id&quot;:&quot;7035&quot;,&quot;slug&quot;:&quot;default&quot;,&quot;valign&quot;:&quot;bottom&quot;,&quot;ignore&quot;:&quot;&quot;,&quot;reference&quot;:&quot;auto&quot;,&quot;class&quot;:&quot;&quot;,&quot;count&quot;:&quot;0&quot;,&quot;legendonly&quot;:&quot;&quot;,&quot;readonly&quot;:&quot;&quot;,&quot;score&quot;:&quot;0&quot;,&quot;starsonly&quot;:&quot;&quot;,&quot;best&quot;:&quot;5&quot;,&quot;gap&quot;:&quot;5&quot;,&quot;greet&quot;:&quot;Valora este post&quot;,&quot;legend&quot;:&quot;0\\\/5 - (0 votes)&quot;,&quot;size&quot;:&quot;22&quot;,&quot;title&quot;:&quot;\u00a1Incre\u00edble! Arroz con toques extreme\u00f1os triunfa en el festival de Valencia&quot;,&quot;width&quot;:&quot;0&quot;,&quot;_legend&quot;:&quot;{score}\\\/{best} - ({count} {votes})&quot;,&quot;font_factor&quot;:&quot;1.25&quot;}'>\n            \n<div class=\"kksr-stars\">\n    \n<div class=\"kksr-stars-inactive\">\n            <div class=\"kksr-star\" data-star=\"1\" style=\"padding-right: 5px\">\n            \n\n<div class=\"kksr-icon\" style=\"width: 22px; height: 22px;\"><\/div>\n        <\/div>\n            <div class=\"kksr-star\" data-star=\"2\" style=\"padding-right: 5px\">\n            \n\n<div class=\"kksr-icon\" style=\"width: 22px; height: 22px;\"><\/div>\n        <\/div>\n            <div class=\"kksr-star\" data-star=\"3\" style=\"padding-right: 5px\">\n            \n\n<div class=\"kksr-icon\" style=\"width: 22px; height: 22px;\"><\/div>\n        <\/div>\n            <div class=\"kksr-star\" data-star=\"4\" style=\"padding-right: 5px\">\n            \n\n<div class=\"kksr-icon\" style=\"width: 22px; height: 22px;\"><\/div>\n        <\/div>\n            <div class=\"kksr-star\" data-star=\"5\" style=\"padding-right: 5px\">\n            \n\n<div class=\"kksr-icon\" style=\"width: 22px; height: 22px;\"><\/div>\n        <\/div>\n    <\/div>\n    \n<div class=\"kksr-stars-active\" style=\"width: 0px;\">\n            <div class=\"kksr-star\" style=\"padding-right: 5px\">\n            \n\n<div class=\"kksr-icon\" style=\"width: 22px; height: 22px;\"><\/div>\n        <\/div>\n            <div class=\"kksr-star\" style=\"padding-right: 5px\">\n            \n\n<div class=\"kksr-icon\" style=\"width: 22px; height: 22px;\"><\/div>\n        <\/div>\n            <div class=\"kksr-star\" style=\"padding-right: 5px\">\n            \n\n<div class=\"kksr-icon\" style=\"width: 22px; height: 22px;\"><\/div>\n        <\/div>\n            <div class=\"kksr-star\" style=\"padding-right: 5px\">\n            \n\n<div class=\"kksr-icon\" style=\"width: 22px; height: 22px;\"><\/div>\n        <\/div>\n            <div class=\"kksr-star\" style=\"padding-right: 5px\">\n            \n\n<div class=\"kksr-icon\" style=\"width: 22px; height: 22px;\"><\/div>\n        <\/div>\n    <\/div>\n<\/div>\n                \n\n<div class=\"kksr-legend\" style=\"font-size: 17.6px;\">\n            <span class=\"kksr-muted\">Valora este post<\/span>\n    <\/div>\n    <\/div>\n","protected":false},"excerpt":{"rendered":"<p>Un plato de arroz con toques de Extremadura triunfa en el festival valenciano En una reciente celebraci\u00f3n culinaria en Valencia, un plato de arroz que incorpora &#8230; <a title=\"\u00a1Incre\u00edble! Arroz con toques extreme\u00f1os triunfa en el festival de Valencia\" class=\"read-more\" href=\"https:\/\/www.diario21.tv\/noticias\/increible-arroz-con-toques-extremenos-triunfa-en-el-festival-de-valencia\/\" aria-label=\"Leer m\u00e1s sobre \u00a1Incre\u00edble! Arroz con toques extreme\u00f1os triunfa en el festival de Valencia\">Seguir leyendo &rarr;<\/a><\/p>\n","protected":false},"author":20,"featured_media":7036,"comment_status":"open","ping_status":"open","sticky":false,"template":"","format":"standard","meta":{"footnotes":""},"categories":[13],"tags":[],"class_list":["post-7035","post","type-post","status-publish","format-standard","has-post-thumbnail","hentry","category-portada"],"yoast_head":"<!-- This site is optimized with the Yoast SEO plugin v25.6 - https:\/\/yoast.com\/wordpress\/plugins\/seo\/ -->\n<title>\u00a1Incre\u00edble! Arroz con toques extreme\u00f1os triunfa en el festival de Valencia - Diario 21<\/title>\n<meta name=\"robots\" content=\"index, follow, max-snippet:-1, max-image-preview:large, max-video-preview:-1\" \/>\n<link rel=\"canonical\" href=\"https:\/\/www.diario21.tv\/noticias\/increible-arroz-con-toques-extremenos-triunfa-en-el-festival-de-valencia\/\" \/>\n<meta property=\"og:locale\" content=\"es_ES\" \/>\n<meta property=\"og:type\" content=\"article\" \/>\n<meta property=\"og:title\" content=\"\u00a1Incre\u00edble! Arroz con toques extreme\u00f1os triunfa en el festival de Valencia - Diario 21\" \/>\n<meta property=\"og:description\" content=\"Un plato de arroz con toques de Extremadura triunfa en el festival valenciano En una reciente celebraci\u00f3n culinaria en Valencia, un plato de arroz que incorpora ... Seguir leyendo &rarr;\" \/>\n<meta property=\"og:url\" content=\"https:\/\/www.diario21.tv\/noticias\/increible-arroz-con-toques-extremenos-triunfa-en-el-festival-de-valencia\/\" \/>\n<meta property=\"og:site_name\" content=\"Diario 21\" \/>\n<meta property=\"article:published_time\" content=\"2026-04-28T06:38:01+00:00\" \/>\n<meta property=\"article:modified_time\" content=\"2026-04-28T06:38:03+00:00\" \/>\n<meta property=\"og:image\" content=\"https:\/\/www.diario21.tv\/noticias\/wp-content\/uploads\/2026\/04\/\u00a1Increible-Arroz-con-toques-extremenos-triunfa-en-el-festival-de.jpg\" \/>\n\t<meta property=\"og:image:width\" content=\"1200\" \/>\n\t<meta property=\"og:image:height\" content=\"840\" \/>\n\t<meta property=\"og:image:type\" content=\"image\/jpeg\" \/>\n<meta name=\"author\" content=\"Juan P\u00e9rez\" \/>\n<meta name=\"twitter:card\" content=\"summary_large_image\" \/>\n<meta name=\"twitter:label1\" content=\"Escrito por\" \/>\n\t<meta name=\"twitter:data1\" content=\"Juan P\u00e9rez\" \/>\n\t<meta name=\"twitter:label2\" content=\"Tiempo de lectura\" \/>\n\t<meta name=\"twitter:data2\" content=\"2 minutos\" \/>\n<script type=\"application\/ld+json\" class=\"yoast-schema-graph\">{\"@context\":\"https:\/\/schema.org\",\"@graph\":[{\"@type\":\"WebPage\",\"@id\":\"https:\/\/www.diario21.tv\/noticias\/increible-arroz-con-toques-extremenos-triunfa-en-el-festival-de-valencia\/\",\"url\":\"https:\/\/www.diario21.tv\/noticias\/increible-arroz-con-toques-extremenos-triunfa-en-el-festival-de-valencia\/\",\"name\":\"\u00a1Incre\u00edble! Arroz con toques extreme\u00f1os triunfa en el festival de Valencia - Diario 21\",\"isPartOf\":{\"@id\":\"https:\/\/www.diario21.tv\/noticias\/#website\"},\"primaryImageOfPage\":{\"@id\":\"https:\/\/www.diario21.tv\/noticias\/increible-arroz-con-toques-extremenos-triunfa-en-el-festival-de-valencia\/#primaryimage\"},\"image\":{\"@id\":\"https:\/\/www.diario21.tv\/noticias\/increible-arroz-con-toques-extremenos-triunfa-en-el-festival-de-valencia\/#primaryimage\"},\"thumbnailUrl\":\"https:\/\/www.diario21.tv\/noticias\/wp-content\/uploads\/2026\/04\/\u00a1Increible-Arroz-con-toques-extremenos-triunfa-en-el-festival-de.jpg\",\"datePublished\":\"2026-04-28T06:38:01+00:00\",\"dateModified\":\"2026-04-28T06:38:03+00:00\",\"author\":{\"@id\":\"https:\/\/www.diario21.tv\/noticias\/#\/schema\/person\/dfb778f73814d8f09f302618446a526b\"},\"breadcrumb\":{\"@id\":\"https:\/\/www.diario21.tv\/noticias\/increible-arroz-con-toques-extremenos-triunfa-en-el-festival-de-valencia\/#breadcrumb\"},\"inLanguage\":\"es-AR\",\"potentialAction\":[{\"@type\":\"ReadAction\",\"target\":[\"https:\/\/www.diario21.tv\/noticias\/increible-arroz-con-toques-extremenos-triunfa-en-el-festival-de-valencia\/\"]}]},{\"@type\":\"ImageObject\",\"inLanguage\":\"es-AR\",\"@id\":\"https:\/\/www.diario21.tv\/noticias\/increible-arroz-con-toques-extremenos-triunfa-en-el-festival-de-valencia\/#primaryimage\",\"url\":\"https:\/\/www.diario21.tv\/noticias\/wp-content\/uploads\/2026\/04\/\u00a1Increible-Arroz-con-toques-extremenos-triunfa-en-el-festival-de.jpg\",\"contentUrl\":\"https:\/\/www.diario21.tv\/noticias\/wp-content\/uploads\/2026\/04\/\u00a1Increible-Arroz-con-toques-extremenos-triunfa-en-el-festival-de.jpg\",\"width\":1200,\"height\":840,\"caption\":\"Un arroz con gui\u00f1os extreme\u00f1os gana el festival del arroz de Valencia\"},{\"@type\":\"BreadcrumbList\",\"@id\":\"https:\/\/www.diario21.tv\/noticias\/increible-arroz-con-toques-extremenos-triunfa-en-el-festival-de-valencia\/#breadcrumb\",\"itemListElement\":[{\"@type\":\"ListItem\",\"position\":1,\"name\":\"Accueil\",\"item\":\"https:\/\/www.diario21.tv\/noticias\/\"},{\"@type\":\"ListItem\",\"position\":2,\"name\":\"\u00a1Incre\u00edble! Arroz con toques extreme\u00f1os triunfa en el festival de Valencia\"}]},{\"@type\":\"WebSite\",\"@id\":\"https:\/\/www.diario21.tv\/noticias\/#website\",\"url\":\"https:\/\/www.diario21.tv\/noticias\/\",\"name\":\"Diario 21\",\"description\":\"\",\"potentialAction\":[{\"@type\":\"SearchAction\",\"target\":{\"@type\":\"EntryPoint\",\"urlTemplate\":\"https:\/\/www.diario21.tv\/noticias\/?s={search_term_string}\"},\"query-input\":{\"@type\":\"PropertyValueSpecification\",\"valueRequired\":true,\"valueName\":\"search_term_string\"}}],\"inLanguage\":\"es-AR\"},{\"@type\":\"Person\",\"@id\":\"https:\/\/www.diario21.tv\/noticias\/#\/schema\/person\/dfb778f73814d8f09f302618446a526b\",\"name\":\"Juan P\u00e9rez\",\"image\":{\"@type\":\"ImageObject\",\"inLanguage\":\"es-AR\",\"@id\":\"https:\/\/www.diario21.tv\/noticias\/#\/schema\/person\/image\/\",\"url\":\"https:\/\/secure.gravatar.com\/avatar\/c478a405bd10621167f4c3167cc770f5?s=96&d=mm&r=g\",\"contentUrl\":\"https:\/\/secure.gravatar.com\/avatar\/c478a405bd10621167f4c3167cc770f5?s=96&d=mm&r=g\",\"caption\":\"Juan P\u00e9rez\"},\"description\":\"Juan P\u00e9rez es el redactor en jefe de Diario 21. Con m\u00e1s de 10 a\u00f1os de experiencia en el periodismo, se especializa en pol\u00edtica nacional y an\u00e1lisis socioecon\u00f3mico. Su enfoque cr\u00edtico y riguroso aporta una perspectiva \u00fanica a cada art\u00edculo.\",\"sameAs\":[\"https:\/\/www.diario21.tv\/noticias\/\"],\"url\":\"https:\/\/www.diario21.tv\/noticias\/author\/juan-perez\/\"}]}<\/script>\n<!-- \/ Yoast SEO plugin. -->","yoast_head_json":{"title":"\u00a1Incre\u00edble! Arroz con toques extreme\u00f1os triunfa en el festival de Valencia - Diario 21","robots":{"index":"index","follow":"follow","max-snippet":"max-snippet:-1","max-image-preview":"max-image-preview:large","max-video-preview":"max-video-preview:-1"},"canonical":"https:\/\/www.diario21.tv\/noticias\/increible-arroz-con-toques-extremenos-triunfa-en-el-festival-de-valencia\/","og_locale":"es_ES","og_type":"article","og_title":"\u00a1Incre\u00edble! Arroz con toques extreme\u00f1os triunfa en el festival de Valencia - Diario 21","og_description":"Un plato de arroz con toques de Extremadura triunfa en el festival valenciano En una reciente celebraci\u00f3n culinaria en Valencia, un plato de arroz que incorpora ... Seguir leyendo &rarr;","og_url":"https:\/\/www.diario21.tv\/noticias\/increible-arroz-con-toques-extremenos-triunfa-en-el-festival-de-valencia\/","og_site_name":"Diario 21","article_published_time":"2026-04-28T06:38:01+00:00","article_modified_time":"2026-04-28T06:38:03+00:00","og_image":[{"width":1200,"height":840,"url":"https:\/\/www.diario21.tv\/noticias\/wp-content\/uploads\/2026\/04\/\u00a1Increible-Arroz-con-toques-extremenos-triunfa-en-el-festival-de.jpg","type":"image\/jpeg"}],"author":"Juan P\u00e9rez","twitter_card":"summary_large_image","twitter_misc":{"Escrito por":"Juan P\u00e9rez","Tiempo de lectura":"2 minutos"},"schema":{"@context":"https:\/\/schema.org","@graph":[{"@type":"WebPage","@id":"https:\/\/www.diario21.tv\/noticias\/increible-arroz-con-toques-extremenos-triunfa-en-el-festival-de-valencia\/","url":"https:\/\/www.diario21.tv\/noticias\/increible-arroz-con-toques-extremenos-triunfa-en-el-festival-de-valencia\/","name":"\u00a1Incre\u00edble! Arroz con toques extreme\u00f1os triunfa en el festival de Valencia - Diario 21","isPartOf":{"@id":"https:\/\/www.diario21.tv\/noticias\/#website"},"primaryImageOfPage":{"@id":"https:\/\/www.diario21.tv\/noticias\/increible-arroz-con-toques-extremenos-triunfa-en-el-festival-de-valencia\/#primaryimage"},"image":{"@id":"https:\/\/www.diario21.tv\/noticias\/increible-arroz-con-toques-extremenos-triunfa-en-el-festival-de-valencia\/#primaryimage"},"thumbnailUrl":"https:\/\/www.diario21.tv\/noticias\/wp-content\/uploads\/2026\/04\/\u00a1Increible-Arroz-con-toques-extremenos-triunfa-en-el-festival-de.jpg","datePublished":"2026-04-28T06:38:01+00:00","dateModified":"2026-04-28T06:38:03+00:00","author":{"@id":"https:\/\/www.diario21.tv\/noticias\/#\/schema\/person\/dfb778f73814d8f09f302618446a526b"},"breadcrumb":{"@id":"https:\/\/www.diario21.tv\/noticias\/increible-arroz-con-toques-extremenos-triunfa-en-el-festival-de-valencia\/#breadcrumb"},"inLanguage":"es-AR","potentialAction":[{"@type":"ReadAction","target":["https:\/\/www.diario21.tv\/noticias\/increible-arroz-con-toques-extremenos-triunfa-en-el-festival-de-valencia\/"]}]},{"@type":"ImageObject","inLanguage":"es-AR","@id":"https:\/\/www.diario21.tv\/noticias\/increible-arroz-con-toques-extremenos-triunfa-en-el-festival-de-valencia\/#primaryimage","url":"https:\/\/www.diario21.tv\/noticias\/wp-content\/uploads\/2026\/04\/\u00a1Increible-Arroz-con-toques-extremenos-triunfa-en-el-festival-de.jpg","contentUrl":"https:\/\/www.diario21.tv\/noticias\/wp-content\/uploads\/2026\/04\/\u00a1Increible-Arroz-con-toques-extremenos-triunfa-en-el-festival-de.jpg","width":1200,"height":840,"caption":"Un arroz con gui\u00f1os extreme\u00f1os gana el festival del arroz de Valencia"},{"@type":"BreadcrumbList","@id":"https:\/\/www.diario21.tv\/noticias\/increible-arroz-con-toques-extremenos-triunfa-en-el-festival-de-valencia\/#breadcrumb","itemListElement":[{"@type":"ListItem","position":1,"name":"Accueil","item":"https:\/\/www.diario21.tv\/noticias\/"},{"@type":"ListItem","position":2,"name":"\u00a1Incre\u00edble! Arroz con toques extreme\u00f1os triunfa en el festival de Valencia"}]},{"@type":"WebSite","@id":"https:\/\/www.diario21.tv\/noticias\/#website","url":"https:\/\/www.diario21.tv\/noticias\/","name":"Diario 21","description":"","potentialAction":[{"@type":"SearchAction","target":{"@type":"EntryPoint","urlTemplate":"https:\/\/www.diario21.tv\/noticias\/?s={search_term_string}"},"query-input":{"@type":"PropertyValueSpecification","valueRequired":true,"valueName":"search_term_string"}}],"inLanguage":"es-AR"},{"@type":"Person","@id":"https:\/\/www.diario21.tv\/noticias\/#\/schema\/person\/dfb778f73814d8f09f302618446a526b","name":"Juan P\u00e9rez","image":{"@type":"ImageObject","inLanguage":"es-AR","@id":"https:\/\/www.diario21.tv\/noticias\/#\/schema\/person\/image\/","url":"https:\/\/secure.gravatar.com\/avatar\/c478a405bd10621167f4c3167cc770f5?s=96&d=mm&r=g","contentUrl":"https:\/\/secure.gravatar.com\/avatar\/c478a405bd10621167f4c3167cc770f5?s=96&d=mm&r=g","caption":"Juan P\u00e9rez"},"description":"Juan P\u00e9rez es el redactor en jefe de Diario 21. Con m\u00e1s de 10 a\u00f1os de experiencia en el periodismo, se especializa en pol\u00edtica nacional y an\u00e1lisis socioecon\u00f3mico. Su enfoque cr\u00edtico y riguroso aporta una perspectiva \u00fanica a cada art\u00edculo.","sameAs":["https:\/\/www.diario21.tv\/noticias\/"],"url":"https:\/\/www.diario21.tv\/noticias\/author\/juan-perez\/"}]}},"_links":{"self":[{"href":"https:\/\/www.diario21.tv\/noticias\/wp-json\/wp\/v2\/posts\/7035"}],"collection":[{"href":"https:\/\/www.diario21.tv\/noticias\/wp-json\/wp\/v2\/posts"}],"about":[{"href":"https:\/\/www.diario21.tv\/noticias\/wp-json\/wp\/v2\/types\/post"}],"author":[{"embeddable":true,"href":"https:\/\/www.diario21.tv\/noticias\/wp-json\/wp\/v2\/users\/20"}],"replies":[{"embeddable":true,"href":"https:\/\/www.diario21.tv\/noticias\/wp-json\/wp\/v2\/comments?post=7035"}],"version-history":[{"count":1,"href":"https:\/\/www.diario21.tv\/noticias\/wp-json\/wp\/v2\/posts\/7035\/revisions"}],"predecessor-version":[{"id":7037,"href":"https:\/\/www.diario21.tv\/noticias\/wp-json\/wp\/v2\/posts\/7035\/revisions\/7037"}],"wp:featuredmedia":[{"embeddable":true,"href":"https:\/\/www.diario21.tv\/noticias\/wp-json\/wp\/v2\/media\/7036"}],"wp:attachment":[{"href":"https:\/\/www.diario21.tv\/noticias\/wp-json\/wp\/v2\/media?parent=7035"}],"wp:term":[{"taxonomy":"category","embeddable":true,"href":"https:\/\/www.diario21.tv\/noticias\/wp-json\/wp\/v2\/categories?post=7035"},{"taxonomy":"post_tag","embeddable":true,"href":"https:\/\/www.diario21.tv\/noticias\/wp-json\/wp\/v2\/tags?post=7035"}],"curies":[{"name":"wp","href":"https:\/\/api.w.org\/{rel}","templated":true}]}}