{"id":7032,"date":"2026-04-28T00:36:36","date_gmt":"2026-04-28T00:36:36","guid":{"rendered":"https:\/\/www.diario21.tv\/noticias\/alerta-urgente-salmonela-detectada-en-mejillones-espanoles-cuidado\/"},"modified":"2026-04-28T00:36:38","modified_gmt":"2026-04-28T00:36:38","slug":"alerta-urgente-salmonela-detectada-en-mejillones-espanoles-cuidado","status":"publish","type":"post","link":"https:\/\/www.diario21.tv\/noticias\/alerta-urgente-salmonela-detectada-en-mejillones-espanoles-cuidado\/","title":{"rendered":"Alerta urgente: salmonela detectada en mejillones espa\u00f1oles \u00a1Cuidado!"},"content":{"rendered":"<h2>Advertencia seria desde Italia: presencia de salmonela en mejillones originarios de Espa\u00f1a<\/h2>\n<p>En un reciente comunicado, las autoridades sanitarias de Italia han emitido una alerta importante respecto a la detecci\u00f3n de salmonela en partidas de mejillones importados desde Espa\u00f1a. Este hallazgo ha provocado preocupaci\u00f3n tanto en consumidores como en reguladores del sector alimenticio, dada la popularidad del marisco en cuesti\u00f3n y los riesgos para la salud que implica este tipo de contaminaci\u00f3n.<\/p>\n<h3>Detalles de la Contaminaci\u00f3n<\/h3>\n<p>La alarma se dispar\u00f3 tras los an\u00e1lisis de rutina que se realizan a los productos del mar que entran al pa\u00eds. En una de estas revisiones, se encontr\u00f3 que un lote espec\u00edfico de mejillones, que hab\u00eda sido enviado desde Espa\u00f1a, conten\u00eda niveles significativos de salmonela. La salmonela es una bacteria que puede causar enfermedades graves en humanos, y su presencia en alimentos es un motivo serio de alerta.<\/p>\n<h3>Medidas Tomadas<\/h3>\n<p>Inmediatamente despu\u00e9s de detectar la contaminaci\u00f3n, las autoridades italianas procedieron a retirar del mercado todos los productos afectados. Adem\u00e1s, se ha instado a quienes pudieran haber adquirido estos mejillones a que no los consuman y los devuelvan al punto de compra. Paralelamente, se est\u00e1n llevando a cabo investigaciones m\u00e1s profundas para determinar la fuente exacta y el alcance de la contaminaci\u00f3n, en colaboraci\u00f3n con las autoridades espa\u00f1olas.<\/p>\n<h3>Repercusiones y Recomendaciones<\/h3>\n<p>Este incidente ha reavivado el debate sobre la seguridad alimentaria y los controles necesarios para garantizar que los alimentos importados cumplan con los est\u00e1ndares sanitarios locales. Los consumidores est\u00e1n siendo alertados sobre los riesgos de la salmonelosis, una enfermedad provocada por la bacteria salmonela, que puede manifestarse con s\u00edntomas como fiebre, diarrea y v\u00f3mitos. Se recomienda encarecidamente seguir las directrices de las autoridades sanitarias y mantenerse informado sobre las actualizaciones de esta alerta.<\/p>\n<p>Para concluir, la situaci\u00f3n actual subraya la importancia de mantener rigurosos controles de seguridad alimentaria y de cooperaci\u00f3n internacional efectiva en la gesti\u00f3n de riesgos asociados a los alimentos importados. Las autoridades correspondientes est\u00e1n trabajando para resolver esta situaci\u00f3n y asegurar que medidas preventivas sean implementadas para evitar futuros incidentes.<\/p>\n\n\n<div class=\"kk-star-ratings kksr-auto kksr-align-left kksr-valign-bottom\"\n    data-payload='{&quot;align&quot;:&quot;left&quot;,&quot;id&quot;:&quot;7032&quot;,&quot;slug&quot;:&quot;default&quot;,&quot;valign&quot;:&quot;bottom&quot;,&quot;ignore&quot;:&quot;&quot;,&quot;reference&quot;:&quot;auto&quot;,&quot;class&quot;:&quot;&quot;,&quot;count&quot;:&quot;0&quot;,&quot;legendonly&quot;:&quot;&quot;,&quot;readonly&quot;:&quot;&quot;,&quot;score&quot;:&quot;0&quot;,&quot;starsonly&quot;:&quot;&quot;,&quot;best&quot;:&quot;5&quot;,&quot;gap&quot;:&quot;5&quot;,&quot;greet&quot;:&quot;Valora este post&quot;,&quot;legend&quot;:&quot;0\\\/5 - (0 votes)&quot;,&quot;size&quot;:&quot;22&quot;,&quot;title&quot;:&quot;Alerta urgente: salmonela detectada en mejillones espa\u00f1oles \u00a1Cuidado!&quot;,&quot;width&quot;:&quot;0&quot;,&quot;_legend&quot;:&quot;{score}\\\/{best} - ({count} {votes})&quot;,&quot;font_factor&quot;:&quot;1.25&quot;}'>\n            \n<div class=\"kksr-stars\">\n    \n<div class=\"kksr-stars-inactive\">\n            <div class=\"kksr-star\" data-star=\"1\" style=\"padding-right: 5px\">\n            \n\n<div class=\"kksr-icon\" style=\"width: 22px; height: 22px;\"><\/div>\n        <\/div>\n            <div class=\"kksr-star\" data-star=\"2\" style=\"padding-right: 5px\">\n            \n\n<div class=\"kksr-icon\" style=\"width: 22px; height: 22px;\"><\/div>\n        <\/div>\n            <div class=\"kksr-star\" data-star=\"3\" style=\"padding-right: 5px\">\n            \n\n<div class=\"kksr-icon\" style=\"width: 22px; height: 22px;\"><\/div>\n        <\/div>\n            <div class=\"kksr-star\" data-star=\"4\" style=\"padding-right: 5px\">\n            \n\n<div class=\"kksr-icon\" style=\"width: 22px; height: 22px;\"><\/div>\n        <\/div>\n            <div class=\"kksr-star\" data-star=\"5\" style=\"padding-right: 5px\">\n            \n\n<div class=\"kksr-icon\" style=\"width: 22px; height: 22px;\"><\/div>\n        <\/div>\n    <\/div>\n    \n<div class=\"kksr-stars-active\" style=\"width: 0px;\">\n            <div class=\"kksr-star\" style=\"padding-right: 5px\">\n            \n\n<div class=\"kksr-icon\" style=\"width: 22px; height: 22px;\"><\/div>\n        <\/div>\n            <div class=\"kksr-star\" style=\"padding-right: 5px\">\n            \n\n<div class=\"kksr-icon\" style=\"width: 22px; height: 22px;\"><\/div>\n        <\/div>\n            <div class=\"kksr-star\" style=\"padding-right: 5px\">\n            \n\n<div class=\"kksr-icon\" style=\"width: 22px; height: 22px;\"><\/div>\n        <\/div>\n            <div class=\"kksr-star\" style=\"padding-right: 5px\">\n            \n\n<div class=\"kksr-icon\" style=\"width: 22px; height: 22px;\"><\/div>\n        <\/div>\n            <div class=\"kksr-star\" style=\"padding-right: 5px\">\n            \n\n<div class=\"kksr-icon\" style=\"width: 22px; height: 22px;\"><\/div>\n        <\/div>\n    <\/div>\n<\/div>\n                \n\n<div class=\"kksr-legend\" style=\"font-size: 17.6px;\">\n            <span class=\"kksr-muted\">Valora este post<\/span>\n    <\/div>\n    <\/div>\n","protected":false},"excerpt":{"rendered":"<p>Advertencia seria desde Italia: presencia de salmonela en mejillones originarios de Espa\u00f1a En un reciente comunicado, las autoridades sanitarias de Italia han emitido una alerta importante &#8230; <a title=\"Alerta urgente: salmonela detectada en mejillones espa\u00f1oles \u00a1Cuidado!\" class=\"read-more\" href=\"https:\/\/www.diario21.tv\/noticias\/alerta-urgente-salmonela-detectada-en-mejillones-espanoles-cuidado\/\" aria-label=\"Leer m\u00e1s sobre Alerta urgente: salmonela detectada en mejillones espa\u00f1oles \u00a1Cuidado!\">Seguir leyendo &rarr;<\/a><\/p>\n","protected":false},"author":20,"featured_media":7033,"comment_status":"open","ping_status":"open","sticky":false,"template":"","format":"standard","meta":{"footnotes":""},"categories":[13],"tags":[],"class_list":["post-7032","post","type-post","status-publish","format-standard","has-post-thumbnail","hentry","category-portada"],"yoast_head":"<!-- This site is optimized with the Yoast SEO plugin v25.6 - https:\/\/yoast.com\/wordpress\/plugins\/seo\/ -->\n<title>Alerta urgente: salmonela detectada en mejillones espa\u00f1oles \u00a1Cuidado! - Diario 21<\/title>\n<meta name=\"robots\" content=\"index, follow, max-snippet:-1, max-image-preview:large, max-video-preview:-1\" \/>\n<link rel=\"canonical\" href=\"https:\/\/www.diario21.tv\/noticias\/alerta-urgente-salmonela-detectada-en-mejillones-espanoles-cuidado\/\" \/>\n<meta property=\"og:locale\" content=\"es_ES\" \/>\n<meta property=\"og:type\" content=\"article\" \/>\n<meta property=\"og:title\" content=\"Alerta urgente: salmonela detectada en mejillones espa\u00f1oles \u00a1Cuidado! - Diario 21\" \/>\n<meta property=\"og:description\" content=\"Advertencia seria desde Italia: presencia de salmonela en mejillones originarios de Espa\u00f1a En un reciente comunicado, las autoridades sanitarias de Italia han emitido una alerta importante ... Seguir leyendo &rarr;\" \/>\n<meta property=\"og:url\" content=\"https:\/\/www.diario21.tv\/noticias\/alerta-urgente-salmonela-detectada-en-mejillones-espanoles-cuidado\/\" \/>\n<meta property=\"og:site_name\" content=\"Diario 21\" \/>\n<meta property=\"article:published_time\" content=\"2026-04-28T00:36:36+00:00\" \/>\n<meta property=\"article:modified_time\" content=\"2026-04-28T00:36:38+00:00\" \/>\n<meta property=\"og:image\" content=\"https:\/\/www.diario21.tv\/noticias\/wp-content\/uploads\/2026\/04\/Alerta-urgente-salmonela-detectada-en-mejillones-espanoles-\u00a1Cuidado.jpg\" \/>\n\t<meta property=\"og:image:width\" content=\"1280\" \/>\n\t<meta property=\"og:image:height\" content=\"1920\" \/>\n\t<meta property=\"og:image:type\" content=\"image\/jpeg\" \/>\n<meta name=\"author\" content=\"Juan P\u00e9rez\" \/>\n<meta name=\"twitter:card\" content=\"summary_large_image\" \/>\n<meta name=\"twitter:label1\" content=\"Escrito por\" \/>\n\t<meta name=\"twitter:data1\" content=\"Juan P\u00e9rez\" \/>\n\t<meta name=\"twitter:label2\" content=\"Tiempo de lectura\" \/>\n\t<meta name=\"twitter:data2\" content=\"2 minutos\" \/>\n<script type=\"application\/ld+json\" class=\"yoast-schema-graph\">{\"@context\":\"https:\/\/schema.org\",\"@graph\":[{\"@type\":\"WebPage\",\"@id\":\"https:\/\/www.diario21.tv\/noticias\/alerta-urgente-salmonela-detectada-en-mejillones-espanoles-cuidado\/\",\"url\":\"https:\/\/www.diario21.tv\/noticias\/alerta-urgente-salmonela-detectada-en-mejillones-espanoles-cuidado\/\",\"name\":\"Alerta urgente: salmonela detectada en mejillones espa\u00f1oles \u00a1Cuidado! - Diario 21\",\"isPartOf\":{\"@id\":\"https:\/\/www.diario21.tv\/noticias\/#website\"},\"primaryImageOfPage\":{\"@id\":\"https:\/\/www.diario21.tv\/noticias\/alerta-urgente-salmonela-detectada-en-mejillones-espanoles-cuidado\/#primaryimage\"},\"image\":{\"@id\":\"https:\/\/www.diario21.tv\/noticias\/alerta-urgente-salmonela-detectada-en-mejillones-espanoles-cuidado\/#primaryimage\"},\"thumbnailUrl\":\"https:\/\/www.diario21.tv\/noticias\/wp-content\/uploads\/2026\/04\/Alerta-urgente-salmonela-detectada-en-mejillones-espanoles-\u00a1Cuidado.jpg\",\"datePublished\":\"2026-04-28T00:36:36+00:00\",\"dateModified\":\"2026-04-28T00:36:38+00:00\",\"author\":{\"@id\":\"https:\/\/www.diario21.tv\/noticias\/#\/schema\/person\/dfb778f73814d8f09f302618446a526b\"},\"breadcrumb\":{\"@id\":\"https:\/\/www.diario21.tv\/noticias\/alerta-urgente-salmonela-detectada-en-mejillones-espanoles-cuidado\/#breadcrumb\"},\"inLanguage\":\"es-AR\",\"potentialAction\":[{\"@type\":\"ReadAction\",\"target\":[\"https:\/\/www.diario21.tv\/noticias\/alerta-urgente-salmonela-detectada-en-mejillones-espanoles-cuidado\/\"]}]},{\"@type\":\"ImageObject\",\"inLanguage\":\"es-AR\",\"@id\":\"https:\/\/www.diario21.tv\/noticias\/alerta-urgente-salmonela-detectada-en-mejillones-espanoles-cuidado\/#primaryimage\",\"url\":\"https:\/\/www.diario21.tv\/noticias\/wp-content\/uploads\/2026\/04\/Alerta-urgente-salmonela-detectada-en-mejillones-espanoles-\u00a1Cuidado.jpg\",\"contentUrl\":\"https:\/\/www.diario21.tv\/noticias\/wp-content\/uploads\/2026\/04\/Alerta-urgente-salmonela-detectada-en-mejillones-espanoles-\u00a1Cuidado.jpg\",\"width\":1280,\"height\":1920,\"caption\":\"Grave alerta desde Italia: salmonela en mejillones procedentes de Espa\u00f1a\"},{\"@type\":\"BreadcrumbList\",\"@id\":\"https:\/\/www.diario21.tv\/noticias\/alerta-urgente-salmonela-detectada-en-mejillones-espanoles-cuidado\/#breadcrumb\",\"itemListElement\":[{\"@type\":\"ListItem\",\"position\":1,\"name\":\"Accueil\",\"item\":\"https:\/\/www.diario21.tv\/noticias\/\"},{\"@type\":\"ListItem\",\"position\":2,\"name\":\"Alerta urgente: salmonela detectada en mejillones espa\u00f1oles \u00a1Cuidado!\"}]},{\"@type\":\"WebSite\",\"@id\":\"https:\/\/www.diario21.tv\/noticias\/#website\",\"url\":\"https:\/\/www.diario21.tv\/noticias\/\",\"name\":\"Diario 21\",\"description\":\"\",\"potentialAction\":[{\"@type\":\"SearchAction\",\"target\":{\"@type\":\"EntryPoint\",\"urlTemplate\":\"https:\/\/www.diario21.tv\/noticias\/?s={search_term_string}\"},\"query-input\":{\"@type\":\"PropertyValueSpecification\",\"valueRequired\":true,\"valueName\":\"search_term_string\"}}],\"inLanguage\":\"es-AR\"},{\"@type\":\"Person\",\"@id\":\"https:\/\/www.diario21.tv\/noticias\/#\/schema\/person\/dfb778f73814d8f09f302618446a526b\",\"name\":\"Juan P\u00e9rez\",\"image\":{\"@type\":\"ImageObject\",\"inLanguage\":\"es-AR\",\"@id\":\"https:\/\/www.diario21.tv\/noticias\/#\/schema\/person\/image\/\",\"url\":\"https:\/\/secure.gravatar.com\/avatar\/c478a405bd10621167f4c3167cc770f5?s=96&d=mm&r=g\",\"contentUrl\":\"https:\/\/secure.gravatar.com\/avatar\/c478a405bd10621167f4c3167cc770f5?s=96&d=mm&r=g\",\"caption\":\"Juan P\u00e9rez\"},\"description\":\"Juan P\u00e9rez es el redactor en jefe de Diario 21. Con m\u00e1s de 10 a\u00f1os de experiencia en el periodismo, se especializa en pol\u00edtica nacional y an\u00e1lisis socioecon\u00f3mico. Su enfoque cr\u00edtico y riguroso aporta una perspectiva \u00fanica a cada art\u00edculo.\",\"sameAs\":[\"https:\/\/www.diario21.tv\/noticias\/\"],\"url\":\"https:\/\/www.diario21.tv\/noticias\/author\/juan-perez\/\"}]}<\/script>\n<!-- \/ Yoast SEO plugin. -->","yoast_head_json":{"title":"Alerta urgente: salmonela detectada en mejillones espa\u00f1oles \u00a1Cuidado! - Diario 21","robots":{"index":"index","follow":"follow","max-snippet":"max-snippet:-1","max-image-preview":"max-image-preview:large","max-video-preview":"max-video-preview:-1"},"canonical":"https:\/\/www.diario21.tv\/noticias\/alerta-urgente-salmonela-detectada-en-mejillones-espanoles-cuidado\/","og_locale":"es_ES","og_type":"article","og_title":"Alerta urgente: salmonela detectada en mejillones espa\u00f1oles \u00a1Cuidado! - Diario 21","og_description":"Advertencia seria desde Italia: presencia de salmonela en mejillones originarios de Espa\u00f1a En un reciente comunicado, las autoridades sanitarias de Italia han emitido una alerta importante ... Seguir leyendo &rarr;","og_url":"https:\/\/www.diario21.tv\/noticias\/alerta-urgente-salmonela-detectada-en-mejillones-espanoles-cuidado\/","og_site_name":"Diario 21","article_published_time":"2026-04-28T00:36:36+00:00","article_modified_time":"2026-04-28T00:36:38+00:00","og_image":[{"width":1280,"height":1920,"url":"https:\/\/www.diario21.tv\/noticias\/wp-content\/uploads\/2026\/04\/Alerta-urgente-salmonela-detectada-en-mejillones-espanoles-\u00a1Cuidado.jpg","type":"image\/jpeg"}],"author":"Juan P\u00e9rez","twitter_card":"summary_large_image","twitter_misc":{"Escrito por":"Juan P\u00e9rez","Tiempo de lectura":"2 minutos"},"schema":{"@context":"https:\/\/schema.org","@graph":[{"@type":"WebPage","@id":"https:\/\/www.diario21.tv\/noticias\/alerta-urgente-salmonela-detectada-en-mejillones-espanoles-cuidado\/","url":"https:\/\/www.diario21.tv\/noticias\/alerta-urgente-salmonela-detectada-en-mejillones-espanoles-cuidado\/","name":"Alerta urgente: salmonela detectada en mejillones espa\u00f1oles \u00a1Cuidado! - Diario 21","isPartOf":{"@id":"https:\/\/www.diario21.tv\/noticias\/#website"},"primaryImageOfPage":{"@id":"https:\/\/www.diario21.tv\/noticias\/alerta-urgente-salmonela-detectada-en-mejillones-espanoles-cuidado\/#primaryimage"},"image":{"@id":"https:\/\/www.diario21.tv\/noticias\/alerta-urgente-salmonela-detectada-en-mejillones-espanoles-cuidado\/#primaryimage"},"thumbnailUrl":"https:\/\/www.diario21.tv\/noticias\/wp-content\/uploads\/2026\/04\/Alerta-urgente-salmonela-detectada-en-mejillones-espanoles-\u00a1Cuidado.jpg","datePublished":"2026-04-28T00:36:36+00:00","dateModified":"2026-04-28T00:36:38+00:00","author":{"@id":"https:\/\/www.diario21.tv\/noticias\/#\/schema\/person\/dfb778f73814d8f09f302618446a526b"},"breadcrumb":{"@id":"https:\/\/www.diario21.tv\/noticias\/alerta-urgente-salmonela-detectada-en-mejillones-espanoles-cuidado\/#breadcrumb"},"inLanguage":"es-AR","potentialAction":[{"@type":"ReadAction","target":["https:\/\/www.diario21.tv\/noticias\/alerta-urgente-salmonela-detectada-en-mejillones-espanoles-cuidado\/"]}]},{"@type":"ImageObject","inLanguage":"es-AR","@id":"https:\/\/www.diario21.tv\/noticias\/alerta-urgente-salmonela-detectada-en-mejillones-espanoles-cuidado\/#primaryimage","url":"https:\/\/www.diario21.tv\/noticias\/wp-content\/uploads\/2026\/04\/Alerta-urgente-salmonela-detectada-en-mejillones-espanoles-\u00a1Cuidado.jpg","contentUrl":"https:\/\/www.diario21.tv\/noticias\/wp-content\/uploads\/2026\/04\/Alerta-urgente-salmonela-detectada-en-mejillones-espanoles-\u00a1Cuidado.jpg","width":1280,"height":1920,"caption":"Grave alerta desde Italia: salmonela en mejillones procedentes de Espa\u00f1a"},{"@type":"BreadcrumbList","@id":"https:\/\/www.diario21.tv\/noticias\/alerta-urgente-salmonela-detectada-en-mejillones-espanoles-cuidado\/#breadcrumb","itemListElement":[{"@type":"ListItem","position":1,"name":"Accueil","item":"https:\/\/www.diario21.tv\/noticias\/"},{"@type":"ListItem","position":2,"name":"Alerta urgente: salmonela detectada en mejillones espa\u00f1oles \u00a1Cuidado!"}]},{"@type":"WebSite","@id":"https:\/\/www.diario21.tv\/noticias\/#website","url":"https:\/\/www.diario21.tv\/noticias\/","name":"Diario 21","description":"","potentialAction":[{"@type":"SearchAction","target":{"@type":"EntryPoint","urlTemplate":"https:\/\/www.diario21.tv\/noticias\/?s={search_term_string}"},"query-input":{"@type":"PropertyValueSpecification","valueRequired":true,"valueName":"search_term_string"}}],"inLanguage":"es-AR"},{"@type":"Person","@id":"https:\/\/www.diario21.tv\/noticias\/#\/schema\/person\/dfb778f73814d8f09f302618446a526b","name":"Juan P\u00e9rez","image":{"@type":"ImageObject","inLanguage":"es-AR","@id":"https:\/\/www.diario21.tv\/noticias\/#\/schema\/person\/image\/","url":"https:\/\/secure.gravatar.com\/avatar\/c478a405bd10621167f4c3167cc770f5?s=96&d=mm&r=g","contentUrl":"https:\/\/secure.gravatar.com\/avatar\/c478a405bd10621167f4c3167cc770f5?s=96&d=mm&r=g","caption":"Juan P\u00e9rez"},"description":"Juan P\u00e9rez es el redactor en jefe de Diario 21. Con m\u00e1s de 10 a\u00f1os de experiencia en el periodismo, se especializa en pol\u00edtica nacional y an\u00e1lisis socioecon\u00f3mico. Su enfoque cr\u00edtico y riguroso aporta una perspectiva \u00fanica a cada art\u00edculo.","sameAs":["https:\/\/www.diario21.tv\/noticias\/"],"url":"https:\/\/www.diario21.tv\/noticias\/author\/juan-perez\/"}]}},"_links":{"self":[{"href":"https:\/\/www.diario21.tv\/noticias\/wp-json\/wp\/v2\/posts\/7032"}],"collection":[{"href":"https:\/\/www.diario21.tv\/noticias\/wp-json\/wp\/v2\/posts"}],"about":[{"href":"https:\/\/www.diario21.tv\/noticias\/wp-json\/wp\/v2\/types\/post"}],"author":[{"embeddable":true,"href":"https:\/\/www.diario21.tv\/noticias\/wp-json\/wp\/v2\/users\/20"}],"replies":[{"embeddable":true,"href":"https:\/\/www.diario21.tv\/noticias\/wp-json\/wp\/v2\/comments?post=7032"}],"version-history":[{"count":1,"href":"https:\/\/www.diario21.tv\/noticias\/wp-json\/wp\/v2\/posts\/7032\/revisions"}],"predecessor-version":[{"id":7034,"href":"https:\/\/www.diario21.tv\/noticias\/wp-json\/wp\/v2\/posts\/7032\/revisions\/7034"}],"wp:featuredmedia":[{"embeddable":true,"href":"https:\/\/www.diario21.tv\/noticias\/wp-json\/wp\/v2\/media\/7033"}],"wp:attachment":[{"href":"https:\/\/www.diario21.tv\/noticias\/wp-json\/wp\/v2\/media?parent=7032"}],"wp:term":[{"taxonomy":"category","embeddable":true,"href":"https:\/\/www.diario21.tv\/noticias\/wp-json\/wp\/v2\/categories?post=7032"},{"taxonomy":"post_tag","embeddable":true,"href":"https:\/\/www.diario21.tv\/noticias\/wp-json\/wp\/v2\/tags?post=7032"}],"curies":[{"name":"wp","href":"https:\/\/api.w.org\/{rel}","templated":true}]}}