{"id":7029,"date":"2026-04-27T12:35:29","date_gmt":"2026-04-27T12:35:29","guid":{"rendered":"https:\/\/www.diario21.tv\/noticias\/doble-luna-llena-en-mayo-descubre-cuando-y-donde-observar-este-fenomeno-unico\/"},"modified":"2026-04-27T12:35:31","modified_gmt":"2026-04-27T12:35:31","slug":"doble-luna-llena-en-mayo-descubre-cuando-y-donde-observar-este-fenomeno-unico","status":"publish","type":"post","link":"https:\/\/www.diario21.tv\/noticias\/doble-luna-llena-en-mayo-descubre-cuando-y-donde-observar-este-fenomeno-unico\/","title":{"rendered":"Doble luna llena en mayo: descubre cu\u00e1ndo y d\u00f3nde observar este fen\u00f3meno \u00fanico"},"content":{"rendered":"<h2>Mayo presentar\u00e1 dos plenilunios: fechas y recomendaciones para observarlos<\/h2>\n<p>Este pr\u00f3ximo mes de mayo, los aficionados a la astronom\u00eda tendr\u00e1n una oportunidad especial para deleitarse con un fen\u00f3meno poco com\u00fan: la aparici\u00f3n de dos lunas llenas. Este evento, conocido como &#8220;luna azul&#8221;, no se refiere a un cambio en el color del sat\u00e9lite, sino a la rareza de que ocurran dos lunas llenas en un mismo mes calendario.<\/p>\n<h3>\u00bfCu\u00e1ndo suceder\u00e1n estos eventos astron\u00f3micos?<\/h3>\n<p>La primera luna llena de mayo se podr\u00e1 observar el 5 de mayo. Como es t\u00edpico de las lunas llenas, esta aparecer\u00e1 completamente iluminada desde nuestro punto de vista en la Tierra, debido a que su posici\u00f3n opuesta al Sol permite que la luz solar la ilumine por completo.<\/p>\n<p>La segunda luna llena, que justifica el t\u00e9rmino &#8220;luna azul&#8221;, se presentar\u00e1 el 31 de mayo. Este es un suceso que a\u00f1ade un toque especial al mes, ya que no es frecuente observar dos plenilunios en tan corto tiempo.<\/p>\n<h3>Lugares ideales para la observaci\u00f3n de las lunas llenas<\/h3>\n<p>Para disfrutar de la vista de las lunas llenas, es recomendable dirigirse a lugares con poca contaminaci\u00f3n lum\u00ednica. \u00c1reas alejadas de las luces urbanas, como parques naturales o reservas, ofrecen un cielo m\u00e1s oscuro y por ende, una mejor visualizaci\u00f3n.<\/p>\n<h3>Consejos para los espectadores<\/h3>\n<p>Si planeas observar estas lunas llenas, considera llevar un equipo adecuado como binoculares o un telescopio, aunque el fen\u00f3meno ser\u00e1 claramente visible a simple vista. Adem\u00e1s, es aconsejable revisar el pron\u00f3stico del tiempo local para asegurarte de que las condiciones clim\u00e1ticas sean favorables, es decir, cielos despejados sin nubosidad que pueda obstruir la vista.<\/p>\n<h3>Implicaciones culturales y cient\u00edficas<\/h3>\n<p>Las lunas llenas han fascinado a la humanidad a lo largo de los siglos, no solo por su belleza, sino tambi\u00e9n por su influencia en la cultura y la ciencia. En diversas culturas, las lunas llenas han sido ocasi\u00f3n de mitos, leyendas y tradiciones. Cient\u00edficamente, estos eventos tambi\u00e9n son de inter\u00e9s para los astr\u00f3nomos y ge\u00f3logos que estudian los efectos gravitacionales y otros fen\u00f3menos relacionados con el sat\u00e9lite terrestre.<\/p>\n<p>Este mayo, no pierdas la oportunidad de ser testigo de este hermoso espect\u00e1culo natural. Ya sea que lo observes por simple disfrute o inter\u00e9s cient\u00edfico, las dos lunas llenas ofrecen una excelente oportunidad para mirar hacia el cielo y maravillarse con los misterios del universo.<\/p>\n\n\n<div class=\"kk-star-ratings kksr-auto kksr-align-left kksr-valign-bottom\"\n    data-payload='{&quot;align&quot;:&quot;left&quot;,&quot;id&quot;:&quot;7029&quot;,&quot;slug&quot;:&quot;default&quot;,&quot;valign&quot;:&quot;bottom&quot;,&quot;ignore&quot;:&quot;&quot;,&quot;reference&quot;:&quot;auto&quot;,&quot;class&quot;:&quot;&quot;,&quot;count&quot;:&quot;0&quot;,&quot;legendonly&quot;:&quot;&quot;,&quot;readonly&quot;:&quot;&quot;,&quot;score&quot;:&quot;0&quot;,&quot;starsonly&quot;:&quot;&quot;,&quot;best&quot;:&quot;5&quot;,&quot;gap&quot;:&quot;5&quot;,&quot;greet&quot;:&quot;Valora este post&quot;,&quot;legend&quot;:&quot;0\\\/5 - (0 votes)&quot;,&quot;size&quot;:&quot;22&quot;,&quot;title&quot;:&quot;Doble luna llena en mayo: descubre cu\u00e1ndo y d\u00f3nde observar este fen\u00f3meno \u00fanico&quot;,&quot;width&quot;:&quot;0&quot;,&quot;_legend&quot;:&quot;{score}\\\/{best} - ({count} {votes})&quot;,&quot;font_factor&quot;:&quot;1.25&quot;}'>\n            \n<div class=\"kksr-stars\">\n    \n<div class=\"kksr-stars-inactive\">\n            <div class=\"kksr-star\" data-star=\"1\" style=\"padding-right: 5px\">\n            \n\n<div class=\"kksr-icon\" style=\"width: 22px; height: 22px;\"><\/div>\n        <\/div>\n            <div class=\"kksr-star\" data-star=\"2\" style=\"padding-right: 5px\">\n            \n\n<div class=\"kksr-icon\" style=\"width: 22px; height: 22px;\"><\/div>\n        <\/div>\n            <div class=\"kksr-star\" data-star=\"3\" style=\"padding-right: 5px\">\n            \n\n<div class=\"kksr-icon\" style=\"width: 22px; height: 22px;\"><\/div>\n        <\/div>\n            <div class=\"kksr-star\" data-star=\"4\" style=\"padding-right: 5px\">\n            \n\n<div class=\"kksr-icon\" style=\"width: 22px; height: 22px;\"><\/div>\n        <\/div>\n            <div class=\"kksr-star\" data-star=\"5\" style=\"padding-right: 5px\">\n            \n\n<div class=\"kksr-icon\" style=\"width: 22px; height: 22px;\"><\/div>\n        <\/div>\n    <\/div>\n    \n<div class=\"kksr-stars-active\" style=\"width: 0px;\">\n            <div class=\"kksr-star\" style=\"padding-right: 5px\">\n            \n\n<div class=\"kksr-icon\" style=\"width: 22px; height: 22px;\"><\/div>\n        <\/div>\n            <div class=\"kksr-star\" style=\"padding-right: 5px\">\n            \n\n<div class=\"kksr-icon\" style=\"width: 22px; height: 22px;\"><\/div>\n        <\/div>\n            <div class=\"kksr-star\" style=\"padding-right: 5px\">\n            \n\n<div class=\"kksr-icon\" style=\"width: 22px; height: 22px;\"><\/div>\n        <\/div>\n            <div class=\"kksr-star\" style=\"padding-right: 5px\">\n            \n\n<div class=\"kksr-icon\" style=\"width: 22px; height: 22px;\"><\/div>\n        <\/div>\n            <div class=\"kksr-star\" style=\"padding-right: 5px\">\n            \n\n<div class=\"kksr-icon\" style=\"width: 22px; height: 22px;\"><\/div>\n        <\/div>\n    <\/div>\n<\/div>\n                \n\n<div class=\"kksr-legend\" style=\"font-size: 17.6px;\">\n            <span class=\"kksr-muted\">Valora este post<\/span>\n    <\/div>\n    <\/div>\n","protected":false},"excerpt":{"rendered":"<p>Mayo presentar\u00e1 dos plenilunios: fechas y recomendaciones para observarlos Este pr\u00f3ximo mes de mayo, los aficionados a la astronom\u00eda tendr\u00e1n una oportunidad especial para deleitarse con &#8230; <a title=\"Doble luna llena en mayo: descubre cu\u00e1ndo y d\u00f3nde observar este fen\u00f3meno \u00fanico\" class=\"read-more\" href=\"https:\/\/www.diario21.tv\/noticias\/doble-luna-llena-en-mayo-descubre-cuando-y-donde-observar-este-fenomeno-unico\/\" aria-label=\"Leer m\u00e1s sobre Doble luna llena en mayo: descubre cu\u00e1ndo y d\u00f3nde observar este fen\u00f3meno \u00fanico\">Seguir leyendo &rarr;<\/a><\/p>\n","protected":false},"author":20,"featured_media":7030,"comment_status":"open","ping_status":"open","sticky":false,"template":"","format":"standard","meta":{"footnotes":""},"categories":[13],"tags":[],"class_list":["post-7029","post","type-post","status-publish","format-standard","has-post-thumbnail","hentry","category-portada"],"yoast_head":"<!-- This site is optimized with the Yoast SEO plugin v25.6 - https:\/\/yoast.com\/wordpress\/plugins\/seo\/ -->\n<title>Doble luna llena en mayo: descubre cu\u00e1ndo y d\u00f3nde observar este fen\u00f3meno \u00fanico - Diario 21<\/title>\n<meta name=\"robots\" content=\"index, follow, max-snippet:-1, max-image-preview:large, max-video-preview:-1\" \/>\n<link rel=\"canonical\" href=\"https:\/\/www.diario21.tv\/noticias\/doble-luna-llena-en-mayo-descubre-cuando-y-donde-observar-este-fenomeno-unico\/\" \/>\n<meta property=\"og:locale\" content=\"es_ES\" \/>\n<meta property=\"og:type\" content=\"article\" \/>\n<meta property=\"og:title\" content=\"Doble luna llena en mayo: descubre cu\u00e1ndo y d\u00f3nde observar este fen\u00f3meno \u00fanico - Diario 21\" \/>\n<meta property=\"og:description\" content=\"Mayo presentar\u00e1 dos plenilunios: fechas y recomendaciones para observarlos Este pr\u00f3ximo mes de mayo, los aficionados a la astronom\u00eda tendr\u00e1n una oportunidad especial para deleitarse con ... Seguir leyendo &rarr;\" \/>\n<meta property=\"og:url\" content=\"https:\/\/www.diario21.tv\/noticias\/doble-luna-llena-en-mayo-descubre-cuando-y-donde-observar-este-fenomeno-unico\/\" \/>\n<meta property=\"og:site_name\" content=\"Diario 21\" \/>\n<meta property=\"article:published_time\" content=\"2026-04-27T12:35:29+00:00\" \/>\n<meta property=\"article:modified_time\" content=\"2026-04-27T12:35:31+00:00\" \/>\n<meta property=\"og:image\" content=\"https:\/\/www.diario21.tv\/noticias\/wp-content\/uploads\/2026\/04\/Doble-luna-llena-en-mayo-descubre-cuando-y-donde-observar.jpg\" \/>\n\t<meta property=\"og:image:width\" content=\"1200\" \/>\n\t<meta property=\"og:image:height\" content=\"840\" \/>\n\t<meta property=\"og:image:type\" content=\"image\/jpeg\" \/>\n<meta name=\"author\" content=\"Juan P\u00e9rez\" \/>\n<meta name=\"twitter:card\" content=\"summary_large_image\" \/>\n<meta name=\"twitter:label1\" content=\"Escrito por\" \/>\n\t<meta name=\"twitter:data1\" content=\"Juan P\u00e9rez\" \/>\n\t<meta name=\"twitter:label2\" content=\"Tiempo de lectura\" \/>\n\t<meta name=\"twitter:data2\" content=\"2 minutos\" \/>\n<script type=\"application\/ld+json\" class=\"yoast-schema-graph\">{\"@context\":\"https:\/\/schema.org\",\"@graph\":[{\"@type\":\"WebPage\",\"@id\":\"https:\/\/www.diario21.tv\/noticias\/doble-luna-llena-en-mayo-descubre-cuando-y-donde-observar-este-fenomeno-unico\/\",\"url\":\"https:\/\/www.diario21.tv\/noticias\/doble-luna-llena-en-mayo-descubre-cuando-y-donde-observar-este-fenomeno-unico\/\",\"name\":\"Doble luna llena en mayo: descubre cu\u00e1ndo y d\u00f3nde observar este fen\u00f3meno \u00fanico - Diario 21\",\"isPartOf\":{\"@id\":\"https:\/\/www.diario21.tv\/noticias\/#website\"},\"primaryImageOfPage\":{\"@id\":\"https:\/\/www.diario21.tv\/noticias\/doble-luna-llena-en-mayo-descubre-cuando-y-donde-observar-este-fenomeno-unico\/#primaryimage\"},\"image\":{\"@id\":\"https:\/\/www.diario21.tv\/noticias\/doble-luna-llena-en-mayo-descubre-cuando-y-donde-observar-este-fenomeno-unico\/#primaryimage\"},\"thumbnailUrl\":\"https:\/\/www.diario21.tv\/noticias\/wp-content\/uploads\/2026\/04\/Doble-luna-llena-en-mayo-descubre-cuando-y-donde-observar.jpg\",\"datePublished\":\"2026-04-27T12:35:29+00:00\",\"dateModified\":\"2026-04-27T12:35:31+00:00\",\"author\":{\"@id\":\"https:\/\/www.diario21.tv\/noticias\/#\/schema\/person\/dfb778f73814d8f09f302618446a526b\"},\"breadcrumb\":{\"@id\":\"https:\/\/www.diario21.tv\/noticias\/doble-luna-llena-en-mayo-descubre-cuando-y-donde-observar-este-fenomeno-unico\/#breadcrumb\"},\"inLanguage\":\"es-AR\",\"potentialAction\":[{\"@type\":\"ReadAction\",\"target\":[\"https:\/\/www.diario21.tv\/noticias\/doble-luna-llena-en-mayo-descubre-cuando-y-donde-observar-este-fenomeno-unico\/\"]}]},{\"@type\":\"ImageObject\",\"inLanguage\":\"es-AR\",\"@id\":\"https:\/\/www.diario21.tv\/noticias\/doble-luna-llena-en-mayo-descubre-cuando-y-donde-observar-este-fenomeno-unico\/#primaryimage\",\"url\":\"https:\/\/www.diario21.tv\/noticias\/wp-content\/uploads\/2026\/04\/Doble-luna-llena-en-mayo-descubre-cuando-y-donde-observar.jpg\",\"contentUrl\":\"https:\/\/www.diario21.tv\/noticias\/wp-content\/uploads\/2026\/04\/Doble-luna-llena-en-mayo-descubre-cuando-y-donde-observar.jpg\",\"width\":1200,\"height\":840,\"caption\":\"Mayo contar\u00e1 con dos lunas llenas: cu\u00e1ndo y d\u00f3nde verlas\"},{\"@type\":\"BreadcrumbList\",\"@id\":\"https:\/\/www.diario21.tv\/noticias\/doble-luna-llena-en-mayo-descubre-cuando-y-donde-observar-este-fenomeno-unico\/#breadcrumb\",\"itemListElement\":[{\"@type\":\"ListItem\",\"position\":1,\"name\":\"Accueil\",\"item\":\"https:\/\/www.diario21.tv\/noticias\/\"},{\"@type\":\"ListItem\",\"position\":2,\"name\":\"Doble luna llena en mayo: descubre cu\u00e1ndo y d\u00f3nde observar este fen\u00f3meno \u00fanico\"}]},{\"@type\":\"WebSite\",\"@id\":\"https:\/\/www.diario21.tv\/noticias\/#website\",\"url\":\"https:\/\/www.diario21.tv\/noticias\/\",\"name\":\"Diario 21\",\"description\":\"\",\"potentialAction\":[{\"@type\":\"SearchAction\",\"target\":{\"@type\":\"EntryPoint\",\"urlTemplate\":\"https:\/\/www.diario21.tv\/noticias\/?s={search_term_string}\"},\"query-input\":{\"@type\":\"PropertyValueSpecification\",\"valueRequired\":true,\"valueName\":\"search_term_string\"}}],\"inLanguage\":\"es-AR\"},{\"@type\":\"Person\",\"@id\":\"https:\/\/www.diario21.tv\/noticias\/#\/schema\/person\/dfb778f73814d8f09f302618446a526b\",\"name\":\"Juan P\u00e9rez\",\"image\":{\"@type\":\"ImageObject\",\"inLanguage\":\"es-AR\",\"@id\":\"https:\/\/www.diario21.tv\/noticias\/#\/schema\/person\/image\/\",\"url\":\"https:\/\/secure.gravatar.com\/avatar\/c478a405bd10621167f4c3167cc770f5?s=96&d=mm&r=g\",\"contentUrl\":\"https:\/\/secure.gravatar.com\/avatar\/c478a405bd10621167f4c3167cc770f5?s=96&d=mm&r=g\",\"caption\":\"Juan P\u00e9rez\"},\"description\":\"Juan P\u00e9rez es el redactor en jefe de Diario 21. Con m\u00e1s de 10 a\u00f1os de experiencia en el periodismo, se especializa en pol\u00edtica nacional y an\u00e1lisis socioecon\u00f3mico. Su enfoque cr\u00edtico y riguroso aporta una perspectiva \u00fanica a cada art\u00edculo.\",\"sameAs\":[\"https:\/\/www.diario21.tv\/noticias\/\"],\"url\":\"https:\/\/www.diario21.tv\/noticias\/author\/juan-perez\/\"}]}<\/script>\n<!-- \/ Yoast SEO plugin. -->","yoast_head_json":{"title":"Doble luna llena en mayo: descubre cu\u00e1ndo y d\u00f3nde observar este fen\u00f3meno \u00fanico - Diario 21","robots":{"index":"index","follow":"follow","max-snippet":"max-snippet:-1","max-image-preview":"max-image-preview:large","max-video-preview":"max-video-preview:-1"},"canonical":"https:\/\/www.diario21.tv\/noticias\/doble-luna-llena-en-mayo-descubre-cuando-y-donde-observar-este-fenomeno-unico\/","og_locale":"es_ES","og_type":"article","og_title":"Doble luna llena en mayo: descubre cu\u00e1ndo y d\u00f3nde observar este fen\u00f3meno \u00fanico - Diario 21","og_description":"Mayo presentar\u00e1 dos plenilunios: fechas y recomendaciones para observarlos Este pr\u00f3ximo mes de mayo, los aficionados a la astronom\u00eda tendr\u00e1n una oportunidad especial para deleitarse con ... Seguir leyendo &rarr;","og_url":"https:\/\/www.diario21.tv\/noticias\/doble-luna-llena-en-mayo-descubre-cuando-y-donde-observar-este-fenomeno-unico\/","og_site_name":"Diario 21","article_published_time":"2026-04-27T12:35:29+00:00","article_modified_time":"2026-04-27T12:35:31+00:00","og_image":[{"width":1200,"height":840,"url":"https:\/\/www.diario21.tv\/noticias\/wp-content\/uploads\/2026\/04\/Doble-luna-llena-en-mayo-descubre-cuando-y-donde-observar.jpg","type":"image\/jpeg"}],"author":"Juan P\u00e9rez","twitter_card":"summary_large_image","twitter_misc":{"Escrito por":"Juan P\u00e9rez","Tiempo de lectura":"2 minutos"},"schema":{"@context":"https:\/\/schema.org","@graph":[{"@type":"WebPage","@id":"https:\/\/www.diario21.tv\/noticias\/doble-luna-llena-en-mayo-descubre-cuando-y-donde-observar-este-fenomeno-unico\/","url":"https:\/\/www.diario21.tv\/noticias\/doble-luna-llena-en-mayo-descubre-cuando-y-donde-observar-este-fenomeno-unico\/","name":"Doble luna llena en mayo: descubre cu\u00e1ndo y d\u00f3nde observar este fen\u00f3meno \u00fanico - Diario 21","isPartOf":{"@id":"https:\/\/www.diario21.tv\/noticias\/#website"},"primaryImageOfPage":{"@id":"https:\/\/www.diario21.tv\/noticias\/doble-luna-llena-en-mayo-descubre-cuando-y-donde-observar-este-fenomeno-unico\/#primaryimage"},"image":{"@id":"https:\/\/www.diario21.tv\/noticias\/doble-luna-llena-en-mayo-descubre-cuando-y-donde-observar-este-fenomeno-unico\/#primaryimage"},"thumbnailUrl":"https:\/\/www.diario21.tv\/noticias\/wp-content\/uploads\/2026\/04\/Doble-luna-llena-en-mayo-descubre-cuando-y-donde-observar.jpg","datePublished":"2026-04-27T12:35:29+00:00","dateModified":"2026-04-27T12:35:31+00:00","author":{"@id":"https:\/\/www.diario21.tv\/noticias\/#\/schema\/person\/dfb778f73814d8f09f302618446a526b"},"breadcrumb":{"@id":"https:\/\/www.diario21.tv\/noticias\/doble-luna-llena-en-mayo-descubre-cuando-y-donde-observar-este-fenomeno-unico\/#breadcrumb"},"inLanguage":"es-AR","potentialAction":[{"@type":"ReadAction","target":["https:\/\/www.diario21.tv\/noticias\/doble-luna-llena-en-mayo-descubre-cuando-y-donde-observar-este-fenomeno-unico\/"]}]},{"@type":"ImageObject","inLanguage":"es-AR","@id":"https:\/\/www.diario21.tv\/noticias\/doble-luna-llena-en-mayo-descubre-cuando-y-donde-observar-este-fenomeno-unico\/#primaryimage","url":"https:\/\/www.diario21.tv\/noticias\/wp-content\/uploads\/2026\/04\/Doble-luna-llena-en-mayo-descubre-cuando-y-donde-observar.jpg","contentUrl":"https:\/\/www.diario21.tv\/noticias\/wp-content\/uploads\/2026\/04\/Doble-luna-llena-en-mayo-descubre-cuando-y-donde-observar.jpg","width":1200,"height":840,"caption":"Mayo contar\u00e1 con dos lunas llenas: cu\u00e1ndo y d\u00f3nde verlas"},{"@type":"BreadcrumbList","@id":"https:\/\/www.diario21.tv\/noticias\/doble-luna-llena-en-mayo-descubre-cuando-y-donde-observar-este-fenomeno-unico\/#breadcrumb","itemListElement":[{"@type":"ListItem","position":1,"name":"Accueil","item":"https:\/\/www.diario21.tv\/noticias\/"},{"@type":"ListItem","position":2,"name":"Doble luna llena en mayo: descubre cu\u00e1ndo y d\u00f3nde observar este fen\u00f3meno \u00fanico"}]},{"@type":"WebSite","@id":"https:\/\/www.diario21.tv\/noticias\/#website","url":"https:\/\/www.diario21.tv\/noticias\/","name":"Diario 21","description":"","potentialAction":[{"@type":"SearchAction","target":{"@type":"EntryPoint","urlTemplate":"https:\/\/www.diario21.tv\/noticias\/?s={search_term_string}"},"query-input":{"@type":"PropertyValueSpecification","valueRequired":true,"valueName":"search_term_string"}}],"inLanguage":"es-AR"},{"@type":"Person","@id":"https:\/\/www.diario21.tv\/noticias\/#\/schema\/person\/dfb778f73814d8f09f302618446a526b","name":"Juan P\u00e9rez","image":{"@type":"ImageObject","inLanguage":"es-AR","@id":"https:\/\/www.diario21.tv\/noticias\/#\/schema\/person\/image\/","url":"https:\/\/secure.gravatar.com\/avatar\/c478a405bd10621167f4c3167cc770f5?s=96&d=mm&r=g","contentUrl":"https:\/\/secure.gravatar.com\/avatar\/c478a405bd10621167f4c3167cc770f5?s=96&d=mm&r=g","caption":"Juan P\u00e9rez"},"description":"Juan P\u00e9rez es el redactor en jefe de Diario 21. Con m\u00e1s de 10 a\u00f1os de experiencia en el periodismo, se especializa en pol\u00edtica nacional y an\u00e1lisis socioecon\u00f3mico. Su enfoque cr\u00edtico y riguroso aporta una perspectiva \u00fanica a cada art\u00edculo.","sameAs":["https:\/\/www.diario21.tv\/noticias\/"],"url":"https:\/\/www.diario21.tv\/noticias\/author\/juan-perez\/"}]}},"_links":{"self":[{"href":"https:\/\/www.diario21.tv\/noticias\/wp-json\/wp\/v2\/posts\/7029"}],"collection":[{"href":"https:\/\/www.diario21.tv\/noticias\/wp-json\/wp\/v2\/posts"}],"about":[{"href":"https:\/\/www.diario21.tv\/noticias\/wp-json\/wp\/v2\/types\/post"}],"author":[{"embeddable":true,"href":"https:\/\/www.diario21.tv\/noticias\/wp-json\/wp\/v2\/users\/20"}],"replies":[{"embeddable":true,"href":"https:\/\/www.diario21.tv\/noticias\/wp-json\/wp\/v2\/comments?post=7029"}],"version-history":[{"count":1,"href":"https:\/\/www.diario21.tv\/noticias\/wp-json\/wp\/v2\/posts\/7029\/revisions"}],"predecessor-version":[{"id":7031,"href":"https:\/\/www.diario21.tv\/noticias\/wp-json\/wp\/v2\/posts\/7029\/revisions\/7031"}],"wp:featuredmedia":[{"embeddable":true,"href":"https:\/\/www.diario21.tv\/noticias\/wp-json\/wp\/v2\/media\/7030"}],"wp:attachment":[{"href":"https:\/\/www.diario21.tv\/noticias\/wp-json\/wp\/v2\/media?parent=7029"}],"wp:term":[{"taxonomy":"category","embeddable":true,"href":"https:\/\/www.diario21.tv\/noticias\/wp-json\/wp\/v2\/categories?post=7029"},{"taxonomy":"post_tag","embeddable":true,"href":"https:\/\/www.diario21.tv\/noticias\/wp-json\/wp\/v2\/tags?post=7029"}],"curies":[{"name":"wp","href":"https:\/\/api.w.org\/{rel}","templated":true}]}}