{"id":7023,"date":"2026-04-27T00:32:20","date_gmt":"2026-04-27T00:32:20","guid":{"rendered":"https:\/\/www.diario21.tv\/noticias\/alerta-de-salud-aumento-alarmante-de-cancer-de-recto-en-jovenes-de-20-a-44-anos-con-alta-mortalidad\/"},"modified":"2026-04-27T00:32:22","modified_gmt":"2026-04-27T00:32:22","slug":"alerta-de-salud-aumento-alarmante-de-cancer-de-recto-en-jovenes-de-20-a-44-anos-con-alta-mortalidad","status":"publish","type":"post","link":"https:\/\/www.diario21.tv\/noticias\/alerta-de-salud-aumento-alarmante-de-cancer-de-recto-en-jovenes-de-20-a-44-anos-con-alta-mortalidad\/","title":{"rendered":"Alerta de salud: Aumento alarmante de c\u00e1ncer de recto en j\u00f3venes de 20 a 44 a\u00f1os con alta mortalidad"},"content":{"rendered":"<h2>Aumento de Incidencia y Mortalidad por C\u00e1ncer de Recto en J\u00f3venes Adultos<\/h2>\n<p>En los \u00faltimos a\u00f1os, ha surgido una preocupante tendencia en la salud global: un incremento en los casos de c\u00e1ncer de recto entre los adultos j\u00f3venes, espec\u00edficamente en aquellos de 20 a 44 a\u00f1os. Este grupo etario est\u00e1 experimentando no solo un aumento en la incidencia de esta enfermedad sino tambi\u00e9n una elevaci\u00f3n en las tasas de mortalidad asociadas.<\/p>\n<h3>Factores Contribuyentes<\/h3>\n<p>Los expertos en salud est\u00e1n investigando una variedad de factores que podr\u00edan estar contribuyendo a este fen\u00f3meno. Entre estos, la dieta y el estilo de vida modernos parecen jugar un papel crucial. El consumo excesivo de alimentos procesados y una vida sedentaria son solo algunos de los aspectos que se est\u00e1n examinando. Adem\u00e1s, la gen\u00e9tica y la exposici\u00f3n a toxinas ambientales tambi\u00e9n est\u00e1n bajo estudio para entender mejor su relaci\u00f3n con el aumento de casos de c\u00e1ncer de recto en j\u00f3venes.<\/p>\n<h3>Impacto en la Salud P\u00fablica<\/h3>\n<p>El aumento de la incidencia y mortalidad por c\u00e1ncer de recto en este grupo de edad representa un desaf\u00edo significativo para los sistemas de salud p\u00fablica. Este cambio demogr\u00e1fico en la enfermedad est\u00e1 llevando a los profesionales de la salud a replantear las estrategias de detecci\u00f3n y prevenci\u00f3n. Tradicionalmente, las pruebas de detecci\u00f3n de c\u00e1ncer colorrectal no se recomiendan hasta despu\u00e9s de los 50 a\u00f1os, pero esta nueva tendencia est\u00e1 forzando a considerar la reducci\u00f3n de la edad de inicio para estas pruebas.<\/p>\n<h3>Recomendaciones para la Prevenci\u00f3n<\/h3>\n<p>Frente a este aumento, se aconseja que los individuos en riesgo adopten un estilo de vida m\u00e1s saludable, que incluya una dieta rica en fibras, frutas y verduras, y una reducci\u00f3n en el consumo de carnes rojas y procesadas. Asimismo, es crucial aumentar la actividad f\u00edsica y evitar el consumo de alcohol y tabaco.<\/p>\n<p>En conclusi\u00f3n, el c\u00e1ncer de recto est\u00e1 afectando cada vez m\u00e1s a los adultos j\u00f3venes, lo que exige una atenci\u00f3n inmediata y adaptaciones en las pol\u00edticas de salud p\u00fablica. Con un enfoque proactivo y preventivo, es posible combatir esta tendencia y mejorar la calidad de vida de las personas afectadas.<\/p>\n\n\n<div class=\"kk-star-ratings kksr-auto kksr-align-left kksr-valign-bottom\"\n    data-payload='{&quot;align&quot;:&quot;left&quot;,&quot;id&quot;:&quot;7023&quot;,&quot;slug&quot;:&quot;default&quot;,&quot;valign&quot;:&quot;bottom&quot;,&quot;ignore&quot;:&quot;&quot;,&quot;reference&quot;:&quot;auto&quot;,&quot;class&quot;:&quot;&quot;,&quot;count&quot;:&quot;0&quot;,&quot;legendonly&quot;:&quot;&quot;,&quot;readonly&quot;:&quot;&quot;,&quot;score&quot;:&quot;0&quot;,&quot;starsonly&quot;:&quot;&quot;,&quot;best&quot;:&quot;5&quot;,&quot;gap&quot;:&quot;5&quot;,&quot;greet&quot;:&quot;Valora este post&quot;,&quot;legend&quot;:&quot;0\\\/5 - (0 votes)&quot;,&quot;size&quot;:&quot;22&quot;,&quot;title&quot;:&quot;Alerta de salud: Aumento alarmante de c\u00e1ncer de recto en j\u00f3venes de 20 a 44 a\u00f1os con alta mortalidad&quot;,&quot;width&quot;:&quot;0&quot;,&quot;_legend&quot;:&quot;{score}\\\/{best} - ({count} {votes})&quot;,&quot;font_factor&quot;:&quot;1.25&quot;}'>\n            \n<div class=\"kksr-stars\">\n    \n<div class=\"kksr-stars-inactive\">\n            <div class=\"kksr-star\" data-star=\"1\" style=\"padding-right: 5px\">\n            \n\n<div class=\"kksr-icon\" style=\"width: 22px; height: 22px;\"><\/div>\n        <\/div>\n            <div class=\"kksr-star\" data-star=\"2\" style=\"padding-right: 5px\">\n            \n\n<div class=\"kksr-icon\" style=\"width: 22px; height: 22px;\"><\/div>\n        <\/div>\n            <div class=\"kksr-star\" data-star=\"3\" style=\"padding-right: 5px\">\n            \n\n<div class=\"kksr-icon\" style=\"width: 22px; height: 22px;\"><\/div>\n        <\/div>\n            <div class=\"kksr-star\" data-star=\"4\" style=\"padding-right: 5px\">\n            \n\n<div class=\"kksr-icon\" style=\"width: 22px; height: 22px;\"><\/div>\n        <\/div>\n            <div class=\"kksr-star\" data-star=\"5\" style=\"padding-right: 5px\">\n            \n\n<div class=\"kksr-icon\" style=\"width: 22px; height: 22px;\"><\/div>\n        <\/div>\n    <\/div>\n    \n<div class=\"kksr-stars-active\" style=\"width: 0px;\">\n            <div class=\"kksr-star\" style=\"padding-right: 5px\">\n            \n\n<div class=\"kksr-icon\" style=\"width: 22px; height: 22px;\"><\/div>\n        <\/div>\n            <div class=\"kksr-star\" style=\"padding-right: 5px\">\n            \n\n<div class=\"kksr-icon\" style=\"width: 22px; height: 22px;\"><\/div>\n        <\/div>\n            <div class=\"kksr-star\" style=\"padding-right: 5px\">\n            \n\n<div class=\"kksr-icon\" style=\"width: 22px; height: 22px;\"><\/div>\n        <\/div>\n            <div class=\"kksr-star\" style=\"padding-right: 5px\">\n            \n\n<div class=\"kksr-icon\" style=\"width: 22px; height: 22px;\"><\/div>\n        <\/div>\n            <div class=\"kksr-star\" style=\"padding-right: 5px\">\n            \n\n<div class=\"kksr-icon\" style=\"width: 22px; height: 22px;\"><\/div>\n        <\/div>\n    <\/div>\n<\/div>\n                \n\n<div class=\"kksr-legend\" style=\"font-size: 17.6px;\">\n            <span class=\"kksr-muted\">Valora este post<\/span>\n    <\/div>\n    <\/div>\n","protected":false},"excerpt":{"rendered":"<p>Aumento de Incidencia y Mortalidad por C\u00e1ncer de Recto en J\u00f3venes Adultos En los \u00faltimos a\u00f1os, ha surgido una preocupante tendencia en la salud global: un &#8230; <a title=\"Alerta de salud: Aumento alarmante de c\u00e1ncer de recto en j\u00f3venes de 20 a 44 a\u00f1os con alta mortalidad\" class=\"read-more\" href=\"https:\/\/www.diario21.tv\/noticias\/alerta-de-salud-aumento-alarmante-de-cancer-de-recto-en-jovenes-de-20-a-44-anos-con-alta-mortalidad\/\" aria-label=\"Leer m\u00e1s sobre Alerta de salud: Aumento alarmante de c\u00e1ncer de recto en j\u00f3venes de 20 a 44 a\u00f1os con alta mortalidad\">Seguir leyendo &rarr;<\/a><\/p>\n","protected":false},"author":20,"featured_media":7024,"comment_status":"open","ping_status":"open","sticky":false,"template":"","format":"standard","meta":{"footnotes":""},"categories":[13],"tags":[],"class_list":["post-7023","post","type-post","status-publish","format-standard","has-post-thumbnail","hentry","category-portada"],"yoast_head":"<!-- This site is optimized with the Yoast SEO plugin v25.6 - https:\/\/yoast.com\/wordpress\/plugins\/seo\/ -->\n<title>Alerta de salud: Aumento alarmante de c\u00e1ncer de recto en j\u00f3venes de 20 a 44 a\u00f1os con alta mortalidad - Diario 21<\/title>\n<meta name=\"robots\" content=\"index, follow, max-snippet:-1, max-image-preview:large, max-video-preview:-1\" \/>\n<link rel=\"canonical\" href=\"https:\/\/www.diario21.tv\/noticias\/alerta-de-salud-aumento-alarmante-de-cancer-de-recto-en-jovenes-de-20-a-44-anos-con-alta-mortalidad\/\" \/>\n<meta property=\"og:locale\" content=\"es_ES\" \/>\n<meta property=\"og:type\" content=\"article\" \/>\n<meta property=\"og:title\" content=\"Alerta de salud: Aumento alarmante de c\u00e1ncer de recto en j\u00f3venes de 20 a 44 a\u00f1os con alta mortalidad - Diario 21\" \/>\n<meta property=\"og:description\" content=\"Aumento de Incidencia y Mortalidad por C\u00e1ncer de Recto en J\u00f3venes Adultos En los \u00faltimos a\u00f1os, ha surgido una preocupante tendencia en la salud global: un ... Seguir leyendo &rarr;\" \/>\n<meta property=\"og:url\" content=\"https:\/\/www.diario21.tv\/noticias\/alerta-de-salud-aumento-alarmante-de-cancer-de-recto-en-jovenes-de-20-a-44-anos-con-alta-mortalidad\/\" \/>\n<meta property=\"og:site_name\" content=\"Diario 21\" \/>\n<meta property=\"article:published_time\" content=\"2026-04-27T00:32:20+00:00\" \/>\n<meta property=\"article:modified_time\" content=\"2026-04-27T00:32:22+00:00\" \/>\n<meta property=\"og:image\" content=\"https:\/\/www.diario21.tv\/noticias\/wp-content\/uploads\/2026\/04\/Alerta-de-salud-Aumento-alarmante-de-cancer-de-recto-en.jpg\" \/>\n\t<meta property=\"og:image:width\" content=\"1200\" \/>\n\t<meta property=\"og:image:height\" content=\"840\" \/>\n\t<meta property=\"og:image:type\" content=\"image\/jpeg\" \/>\n<meta name=\"author\" content=\"Juan P\u00e9rez\" \/>\n<meta name=\"twitter:card\" content=\"summary_large_image\" \/>\n<meta name=\"twitter:label1\" content=\"Escrito por\" \/>\n\t<meta name=\"twitter:data1\" content=\"Juan P\u00e9rez\" \/>\n\t<meta name=\"twitter:label2\" content=\"Tiempo de lectura\" \/>\n\t<meta name=\"twitter:data2\" content=\"2 minutos\" \/>\n<script type=\"application\/ld+json\" class=\"yoast-schema-graph\">{\"@context\":\"https:\/\/schema.org\",\"@graph\":[{\"@type\":\"WebPage\",\"@id\":\"https:\/\/www.diario21.tv\/noticias\/alerta-de-salud-aumento-alarmante-de-cancer-de-recto-en-jovenes-de-20-a-44-anos-con-alta-mortalidad\/\",\"url\":\"https:\/\/www.diario21.tv\/noticias\/alerta-de-salud-aumento-alarmante-de-cancer-de-recto-en-jovenes-de-20-a-44-anos-con-alta-mortalidad\/\",\"name\":\"Alerta de salud: Aumento alarmante de c\u00e1ncer de recto en j\u00f3venes de 20 a 44 a\u00f1os con alta mortalidad - Diario 21\",\"isPartOf\":{\"@id\":\"https:\/\/www.diario21.tv\/noticias\/#website\"},\"primaryImageOfPage\":{\"@id\":\"https:\/\/www.diario21.tv\/noticias\/alerta-de-salud-aumento-alarmante-de-cancer-de-recto-en-jovenes-de-20-a-44-anos-con-alta-mortalidad\/#primaryimage\"},\"image\":{\"@id\":\"https:\/\/www.diario21.tv\/noticias\/alerta-de-salud-aumento-alarmante-de-cancer-de-recto-en-jovenes-de-20-a-44-anos-con-alta-mortalidad\/#primaryimage\"},\"thumbnailUrl\":\"https:\/\/www.diario21.tv\/noticias\/wp-content\/uploads\/2026\/04\/Alerta-de-salud-Aumento-alarmante-de-cancer-de-recto-en.jpg\",\"datePublished\":\"2026-04-27T00:32:20+00:00\",\"dateModified\":\"2026-04-27T00:32:22+00:00\",\"author\":{\"@id\":\"https:\/\/www.diario21.tv\/noticias\/#\/schema\/person\/dfb778f73814d8f09f302618446a526b\"},\"breadcrumb\":{\"@id\":\"https:\/\/www.diario21.tv\/noticias\/alerta-de-salud-aumento-alarmante-de-cancer-de-recto-en-jovenes-de-20-a-44-anos-con-alta-mortalidad\/#breadcrumb\"},\"inLanguage\":\"es-AR\",\"potentialAction\":[{\"@type\":\"ReadAction\",\"target\":[\"https:\/\/www.diario21.tv\/noticias\/alerta-de-salud-aumento-alarmante-de-cancer-de-recto-en-jovenes-de-20-a-44-anos-con-alta-mortalidad\/\"]}]},{\"@type\":\"ImageObject\",\"inLanguage\":\"es-AR\",\"@id\":\"https:\/\/www.diario21.tv\/noticias\/alerta-de-salud-aumento-alarmante-de-cancer-de-recto-en-jovenes-de-20-a-44-anos-con-alta-mortalidad\/#primaryimage\",\"url\":\"https:\/\/www.diario21.tv\/noticias\/wp-content\/uploads\/2026\/04\/Alerta-de-salud-Aumento-alarmante-de-cancer-de-recto-en.jpg\",\"contentUrl\":\"https:\/\/www.diario21.tv\/noticias\/wp-content\/uploads\/2026\/04\/Alerta-de-salud-Aumento-alarmante-de-cancer-de-recto-en.jpg\",\"width\":1200,\"height\":840,\"caption\":\"El c\u00e1ncer de recto aumenta con una mortalidad mayor entre las personas con 20 y 44 a\u00f1os\"},{\"@type\":\"BreadcrumbList\",\"@id\":\"https:\/\/www.diario21.tv\/noticias\/alerta-de-salud-aumento-alarmante-de-cancer-de-recto-en-jovenes-de-20-a-44-anos-con-alta-mortalidad\/#breadcrumb\",\"itemListElement\":[{\"@type\":\"ListItem\",\"position\":1,\"name\":\"Accueil\",\"item\":\"https:\/\/www.diario21.tv\/noticias\/\"},{\"@type\":\"ListItem\",\"position\":2,\"name\":\"Alerta de salud: Aumento alarmante de c\u00e1ncer de recto en j\u00f3venes de 20 a 44 a\u00f1os con alta mortalidad\"}]},{\"@type\":\"WebSite\",\"@id\":\"https:\/\/www.diario21.tv\/noticias\/#website\",\"url\":\"https:\/\/www.diario21.tv\/noticias\/\",\"name\":\"Diario 21\",\"description\":\"\",\"potentialAction\":[{\"@type\":\"SearchAction\",\"target\":{\"@type\":\"EntryPoint\",\"urlTemplate\":\"https:\/\/www.diario21.tv\/noticias\/?s={search_term_string}\"},\"query-input\":{\"@type\":\"PropertyValueSpecification\",\"valueRequired\":true,\"valueName\":\"search_term_string\"}}],\"inLanguage\":\"es-AR\"},{\"@type\":\"Person\",\"@id\":\"https:\/\/www.diario21.tv\/noticias\/#\/schema\/person\/dfb778f73814d8f09f302618446a526b\",\"name\":\"Juan P\u00e9rez\",\"image\":{\"@type\":\"ImageObject\",\"inLanguage\":\"es-AR\",\"@id\":\"https:\/\/www.diario21.tv\/noticias\/#\/schema\/person\/image\/\",\"url\":\"https:\/\/secure.gravatar.com\/avatar\/c478a405bd10621167f4c3167cc770f5?s=96&d=mm&r=g\",\"contentUrl\":\"https:\/\/secure.gravatar.com\/avatar\/c478a405bd10621167f4c3167cc770f5?s=96&d=mm&r=g\",\"caption\":\"Juan P\u00e9rez\"},\"description\":\"Juan P\u00e9rez es el redactor en jefe de Diario 21. Con m\u00e1s de 10 a\u00f1os de experiencia en el periodismo, se especializa en pol\u00edtica nacional y an\u00e1lisis socioecon\u00f3mico. Su enfoque cr\u00edtico y riguroso aporta una perspectiva \u00fanica a cada art\u00edculo.\",\"sameAs\":[\"https:\/\/www.diario21.tv\/noticias\/\"],\"url\":\"https:\/\/www.diario21.tv\/noticias\/author\/juan-perez\/\"}]}<\/script>\n<!-- \/ Yoast SEO plugin. -->","yoast_head_json":{"title":"Alerta de salud: Aumento alarmante de c\u00e1ncer de recto en j\u00f3venes de 20 a 44 a\u00f1os con alta mortalidad - Diario 21","robots":{"index":"index","follow":"follow","max-snippet":"max-snippet:-1","max-image-preview":"max-image-preview:large","max-video-preview":"max-video-preview:-1"},"canonical":"https:\/\/www.diario21.tv\/noticias\/alerta-de-salud-aumento-alarmante-de-cancer-de-recto-en-jovenes-de-20-a-44-anos-con-alta-mortalidad\/","og_locale":"es_ES","og_type":"article","og_title":"Alerta de salud: Aumento alarmante de c\u00e1ncer de recto en j\u00f3venes de 20 a 44 a\u00f1os con alta mortalidad - Diario 21","og_description":"Aumento de Incidencia y Mortalidad por C\u00e1ncer de Recto en J\u00f3venes Adultos En los \u00faltimos a\u00f1os, ha surgido una preocupante tendencia en la salud global: un ... Seguir leyendo &rarr;","og_url":"https:\/\/www.diario21.tv\/noticias\/alerta-de-salud-aumento-alarmante-de-cancer-de-recto-en-jovenes-de-20-a-44-anos-con-alta-mortalidad\/","og_site_name":"Diario 21","article_published_time":"2026-04-27T00:32:20+00:00","article_modified_time":"2026-04-27T00:32:22+00:00","og_image":[{"width":1200,"height":840,"url":"https:\/\/www.diario21.tv\/noticias\/wp-content\/uploads\/2026\/04\/Alerta-de-salud-Aumento-alarmante-de-cancer-de-recto-en.jpg","type":"image\/jpeg"}],"author":"Juan P\u00e9rez","twitter_card":"summary_large_image","twitter_misc":{"Escrito por":"Juan P\u00e9rez","Tiempo de lectura":"2 minutos"},"schema":{"@context":"https:\/\/schema.org","@graph":[{"@type":"WebPage","@id":"https:\/\/www.diario21.tv\/noticias\/alerta-de-salud-aumento-alarmante-de-cancer-de-recto-en-jovenes-de-20-a-44-anos-con-alta-mortalidad\/","url":"https:\/\/www.diario21.tv\/noticias\/alerta-de-salud-aumento-alarmante-de-cancer-de-recto-en-jovenes-de-20-a-44-anos-con-alta-mortalidad\/","name":"Alerta de salud: Aumento alarmante de c\u00e1ncer de recto en j\u00f3venes de 20 a 44 a\u00f1os con alta mortalidad - Diario 21","isPartOf":{"@id":"https:\/\/www.diario21.tv\/noticias\/#website"},"primaryImageOfPage":{"@id":"https:\/\/www.diario21.tv\/noticias\/alerta-de-salud-aumento-alarmante-de-cancer-de-recto-en-jovenes-de-20-a-44-anos-con-alta-mortalidad\/#primaryimage"},"image":{"@id":"https:\/\/www.diario21.tv\/noticias\/alerta-de-salud-aumento-alarmante-de-cancer-de-recto-en-jovenes-de-20-a-44-anos-con-alta-mortalidad\/#primaryimage"},"thumbnailUrl":"https:\/\/www.diario21.tv\/noticias\/wp-content\/uploads\/2026\/04\/Alerta-de-salud-Aumento-alarmante-de-cancer-de-recto-en.jpg","datePublished":"2026-04-27T00:32:20+00:00","dateModified":"2026-04-27T00:32:22+00:00","author":{"@id":"https:\/\/www.diario21.tv\/noticias\/#\/schema\/person\/dfb778f73814d8f09f302618446a526b"},"breadcrumb":{"@id":"https:\/\/www.diario21.tv\/noticias\/alerta-de-salud-aumento-alarmante-de-cancer-de-recto-en-jovenes-de-20-a-44-anos-con-alta-mortalidad\/#breadcrumb"},"inLanguage":"es-AR","potentialAction":[{"@type":"ReadAction","target":["https:\/\/www.diario21.tv\/noticias\/alerta-de-salud-aumento-alarmante-de-cancer-de-recto-en-jovenes-de-20-a-44-anos-con-alta-mortalidad\/"]}]},{"@type":"ImageObject","inLanguage":"es-AR","@id":"https:\/\/www.diario21.tv\/noticias\/alerta-de-salud-aumento-alarmante-de-cancer-de-recto-en-jovenes-de-20-a-44-anos-con-alta-mortalidad\/#primaryimage","url":"https:\/\/www.diario21.tv\/noticias\/wp-content\/uploads\/2026\/04\/Alerta-de-salud-Aumento-alarmante-de-cancer-de-recto-en.jpg","contentUrl":"https:\/\/www.diario21.tv\/noticias\/wp-content\/uploads\/2026\/04\/Alerta-de-salud-Aumento-alarmante-de-cancer-de-recto-en.jpg","width":1200,"height":840,"caption":"El c\u00e1ncer de recto aumenta con una mortalidad mayor entre las personas con 20 y 44 a\u00f1os"},{"@type":"BreadcrumbList","@id":"https:\/\/www.diario21.tv\/noticias\/alerta-de-salud-aumento-alarmante-de-cancer-de-recto-en-jovenes-de-20-a-44-anos-con-alta-mortalidad\/#breadcrumb","itemListElement":[{"@type":"ListItem","position":1,"name":"Accueil","item":"https:\/\/www.diario21.tv\/noticias\/"},{"@type":"ListItem","position":2,"name":"Alerta de salud: Aumento alarmante de c\u00e1ncer de recto en j\u00f3venes de 20 a 44 a\u00f1os con alta mortalidad"}]},{"@type":"WebSite","@id":"https:\/\/www.diario21.tv\/noticias\/#website","url":"https:\/\/www.diario21.tv\/noticias\/","name":"Diario 21","description":"","potentialAction":[{"@type":"SearchAction","target":{"@type":"EntryPoint","urlTemplate":"https:\/\/www.diario21.tv\/noticias\/?s={search_term_string}"},"query-input":{"@type":"PropertyValueSpecification","valueRequired":true,"valueName":"search_term_string"}}],"inLanguage":"es-AR"},{"@type":"Person","@id":"https:\/\/www.diario21.tv\/noticias\/#\/schema\/person\/dfb778f73814d8f09f302618446a526b","name":"Juan P\u00e9rez","image":{"@type":"ImageObject","inLanguage":"es-AR","@id":"https:\/\/www.diario21.tv\/noticias\/#\/schema\/person\/image\/","url":"https:\/\/secure.gravatar.com\/avatar\/c478a405bd10621167f4c3167cc770f5?s=96&d=mm&r=g","contentUrl":"https:\/\/secure.gravatar.com\/avatar\/c478a405bd10621167f4c3167cc770f5?s=96&d=mm&r=g","caption":"Juan P\u00e9rez"},"description":"Juan P\u00e9rez es el redactor en jefe de Diario 21. Con m\u00e1s de 10 a\u00f1os de experiencia en el periodismo, se especializa en pol\u00edtica nacional y an\u00e1lisis socioecon\u00f3mico. Su enfoque cr\u00edtico y riguroso aporta una perspectiva \u00fanica a cada art\u00edculo.","sameAs":["https:\/\/www.diario21.tv\/noticias\/"],"url":"https:\/\/www.diario21.tv\/noticias\/author\/juan-perez\/"}]}},"_links":{"self":[{"href":"https:\/\/www.diario21.tv\/noticias\/wp-json\/wp\/v2\/posts\/7023"}],"collection":[{"href":"https:\/\/www.diario21.tv\/noticias\/wp-json\/wp\/v2\/posts"}],"about":[{"href":"https:\/\/www.diario21.tv\/noticias\/wp-json\/wp\/v2\/types\/post"}],"author":[{"embeddable":true,"href":"https:\/\/www.diario21.tv\/noticias\/wp-json\/wp\/v2\/users\/20"}],"replies":[{"embeddable":true,"href":"https:\/\/www.diario21.tv\/noticias\/wp-json\/wp\/v2\/comments?post=7023"}],"version-history":[{"count":1,"href":"https:\/\/www.diario21.tv\/noticias\/wp-json\/wp\/v2\/posts\/7023\/revisions"}],"predecessor-version":[{"id":7025,"href":"https:\/\/www.diario21.tv\/noticias\/wp-json\/wp\/v2\/posts\/7023\/revisions\/7025"}],"wp:featuredmedia":[{"embeddable":true,"href":"https:\/\/www.diario21.tv\/noticias\/wp-json\/wp\/v2\/media\/7024"}],"wp:attachment":[{"href":"https:\/\/www.diario21.tv\/noticias\/wp-json\/wp\/v2\/media?parent=7023"}],"wp:term":[{"taxonomy":"category","embeddable":true,"href":"https:\/\/www.diario21.tv\/noticias\/wp-json\/wp\/v2\/categories?post=7023"},{"taxonomy":"post_tag","embeddable":true,"href":"https:\/\/www.diario21.tv\/noticias\/wp-json\/wp\/v2\/tags?post=7023"}],"curies":[{"name":"wp","href":"https:\/\/api.w.org\/{rel}","templated":true}]}}