{"id":7020,"date":"2026-04-26T18:31:29","date_gmt":"2026-04-26T18:31:29","guid":{"rendered":"https:\/\/www.diario21.tv\/noticias\/tercer-paciente-oncologico-fallece-en-burgos-tras-sobredosis-de-quimioterapia-en-la-uci\/"},"modified":"2026-04-26T18:31:30","modified_gmt":"2026-04-26T18:31:30","slug":"tercer-paciente-oncologico-fallece-en-burgos-tras-sobredosis-de-quimioterapia-en-la-uci","status":"publish","type":"post","link":"https:\/\/www.diario21.tv\/noticias\/tercer-paciente-oncologico-fallece-en-burgos-tras-sobredosis-de-quimioterapia-en-la-uci\/","title":{"rendered":"Tercer paciente oncol\u00f3gico fallece en Burgos tras sobredosis de quimioterapia en la UCI"},"content":{"rendered":"<h2>Muerte de un Tercer Paciente en Oncolog\u00eda en Burgos Tras Recibir Sobredosis de Quimioterapia<\/h2>\n<p>Un tercer paciente del servicio de oncolog\u00eda ha fallecido despu\u00e9s de pasar cinco meses en la Unidad de Cuidados Intensivos (UCI) del hospital de Burgos, debido a una sobredosis de quimioterapia. Este lamentable incidente pone de manifiesto graves errores en el manejo y administraci\u00f3n de tratamientos m\u00e9dicos.<\/p>\n<h3>Detalles del Incidente<\/h3>\n<p>El suceso ocurri\u00f3 cuando a los pacientes, que estaban recibiendo tratamiento para el c\u00e1ncer, se les administr\u00f3 una dosis de quimioterapia significativamente mayor a la recomendada. Este error result\u00f3 en efectos adversos severos que llevaron a los pacientes a requerir cuidados intensivos. Desafortunadamente, este tercer paciente no logr\u00f3 superar las complicaciones derivadas de la sobredosis y falleci\u00f3 tras una prolongada lucha en la UCI.<\/p>\n<h3>Investigaci\u00f3n en Curso<\/h3>\n<p>Las autoridades sanitarias y el hospital han iniciado una investigaci\u00f3n exhaustiva para determinar la cadena de errores que condujo a este fatal desenlace. Se est\u00e1n revisando los protocolos de tratamiento, la formaci\u00f3n del personal y los sistemas de supervisi\u00f3n y control en el \u00e1rea de oncolog\u00eda para identificar y corregir las deficiencias que pudieron haber contribuido a la tragedia.<\/p>\n<p>Este incidente ha generado una alarma considerable en la comunidad m\u00e9dica y entre el p\u00fablico general, suscitando preocupaciones sobre la seguridad de los pacientes y la calidad de la atenci\u00f3n en tratamientos tan delicados y cr\u00edticos como la quimioterapia.<\/p>\n<h3>Respuesta del Hospital<\/h3>\n<p>El hospital ha expresado sus condolencias a las familias de los pacientes afectados y ha asegurado que est\u00e1 tomando medidas inmediatas para fortalecer los controles internos y prevenir que un incidente similar vuelva a ocurrir. Adem\u00e1s, se ha comprometido a cooperar plenamente con las autoridades en la investigaci\u00f3n en curso y a implementar recomendaciones para mejorar la seguridad del paciente.<\/p>\n<p>Este tr\u00e1gico evento subraya la importancia de la adherencia estricta a los protocolos m\u00e9dicos y la necesidad de una vigilancia constante para proteger a los pacientes de errores que pueden tener consecuencias fatales.<\/p>\n\n\n<div class=\"kk-star-ratings kksr-auto kksr-align-left kksr-valign-bottom\"\n    data-payload='{&quot;align&quot;:&quot;left&quot;,&quot;id&quot;:&quot;7020&quot;,&quot;slug&quot;:&quot;default&quot;,&quot;valign&quot;:&quot;bottom&quot;,&quot;ignore&quot;:&quot;&quot;,&quot;reference&quot;:&quot;auto&quot;,&quot;class&quot;:&quot;&quot;,&quot;count&quot;:&quot;0&quot;,&quot;legendonly&quot;:&quot;&quot;,&quot;readonly&quot;:&quot;&quot;,&quot;score&quot;:&quot;0&quot;,&quot;starsonly&quot;:&quot;&quot;,&quot;best&quot;:&quot;5&quot;,&quot;gap&quot;:&quot;5&quot;,&quot;greet&quot;:&quot;Valora este post&quot;,&quot;legend&quot;:&quot;0\\\/5 - (0 votes)&quot;,&quot;size&quot;:&quot;22&quot;,&quot;title&quot;:&quot;Tercer paciente oncol\u00f3gico fallece en Burgos tras sobredosis de quimioterapia en la UCI&quot;,&quot;width&quot;:&quot;0&quot;,&quot;_legend&quot;:&quot;{score}\\\/{best} - ({count} {votes})&quot;,&quot;font_factor&quot;:&quot;1.25&quot;}'>\n            \n<div class=\"kksr-stars\">\n    \n<div class=\"kksr-stars-inactive\">\n            <div class=\"kksr-star\" data-star=\"1\" style=\"padding-right: 5px\">\n            \n\n<div class=\"kksr-icon\" style=\"width: 22px; height: 22px;\"><\/div>\n        <\/div>\n            <div class=\"kksr-star\" data-star=\"2\" style=\"padding-right: 5px\">\n            \n\n<div class=\"kksr-icon\" style=\"width: 22px; height: 22px;\"><\/div>\n        <\/div>\n            <div class=\"kksr-star\" data-star=\"3\" style=\"padding-right: 5px\">\n            \n\n<div class=\"kksr-icon\" style=\"width: 22px; height: 22px;\"><\/div>\n        <\/div>\n            <div class=\"kksr-star\" data-star=\"4\" style=\"padding-right: 5px\">\n            \n\n<div class=\"kksr-icon\" style=\"width: 22px; height: 22px;\"><\/div>\n        <\/div>\n            <div class=\"kksr-star\" data-star=\"5\" style=\"padding-right: 5px\">\n            \n\n<div class=\"kksr-icon\" style=\"width: 22px; height: 22px;\"><\/div>\n        <\/div>\n    <\/div>\n    \n<div class=\"kksr-stars-active\" style=\"width: 0px;\">\n            <div class=\"kksr-star\" style=\"padding-right: 5px\">\n            \n\n<div class=\"kksr-icon\" style=\"width: 22px; height: 22px;\"><\/div>\n        <\/div>\n            <div class=\"kksr-star\" style=\"padding-right: 5px\">\n            \n\n<div class=\"kksr-icon\" style=\"width: 22px; height: 22px;\"><\/div>\n        <\/div>\n            <div class=\"kksr-star\" style=\"padding-right: 5px\">\n            \n\n<div class=\"kksr-icon\" style=\"width: 22px; height: 22px;\"><\/div>\n        <\/div>\n            <div class=\"kksr-star\" style=\"padding-right: 5px\">\n            \n\n<div class=\"kksr-icon\" style=\"width: 22px; height: 22px;\"><\/div>\n        <\/div>\n            <div class=\"kksr-star\" style=\"padding-right: 5px\">\n            \n\n<div class=\"kksr-icon\" style=\"width: 22px; height: 22px;\"><\/div>\n        <\/div>\n    <\/div>\n<\/div>\n                \n\n<div class=\"kksr-legend\" style=\"font-size: 17.6px;\">\n            <span class=\"kksr-muted\">Valora este post<\/span>\n    <\/div>\n    <\/div>\n","protected":false},"excerpt":{"rendered":"<p>Muerte de un Tercer Paciente en Oncolog\u00eda en Burgos Tras Recibir Sobredosis de Quimioterapia Un tercer paciente del servicio de oncolog\u00eda ha fallecido despu\u00e9s de pasar &#8230; <a title=\"Tercer paciente oncol\u00f3gico fallece en Burgos tras sobredosis de quimioterapia en la UCI\" class=\"read-more\" href=\"https:\/\/www.diario21.tv\/noticias\/tercer-paciente-oncologico-fallece-en-burgos-tras-sobredosis-de-quimioterapia-en-la-uci\/\" aria-label=\"Leer m\u00e1s sobre Tercer paciente oncol\u00f3gico fallece en Burgos tras sobredosis de quimioterapia en la UCI\">Seguir leyendo &rarr;<\/a><\/p>\n","protected":false},"author":20,"featured_media":7021,"comment_status":"open","ping_status":"open","sticky":false,"template":"","format":"standard","meta":{"footnotes":""},"categories":[13],"tags":[],"class_list":["post-7020","post","type-post","status-publish","format-standard","has-post-thumbnail","hentry","category-portada"],"yoast_head":"<!-- This site is optimized with the Yoast SEO plugin v25.6 - https:\/\/yoast.com\/wordpress\/plugins\/seo\/ -->\n<title>Tercer paciente oncol\u00f3gico fallece en Burgos tras sobredosis de quimioterapia en la UCI - Diario 21<\/title>\n<meta name=\"robots\" content=\"index, follow, max-snippet:-1, max-image-preview:large, max-video-preview:-1\" \/>\n<link rel=\"canonical\" href=\"https:\/\/www.diario21.tv\/noticias\/tercer-paciente-oncologico-fallece-en-burgos-tras-sobredosis-de-quimioterapia-en-la-uci\/\" \/>\n<meta property=\"og:locale\" content=\"es_ES\" \/>\n<meta property=\"og:type\" content=\"article\" \/>\n<meta property=\"og:title\" content=\"Tercer paciente oncol\u00f3gico fallece en Burgos tras sobredosis de quimioterapia en la UCI - Diario 21\" \/>\n<meta property=\"og:description\" content=\"Muerte de un Tercer Paciente en Oncolog\u00eda en Burgos Tras Recibir Sobredosis de Quimioterapia Un tercer paciente del servicio de oncolog\u00eda ha fallecido despu\u00e9s de pasar ... Seguir leyendo &rarr;\" \/>\n<meta property=\"og:url\" content=\"https:\/\/www.diario21.tv\/noticias\/tercer-paciente-oncologico-fallece-en-burgos-tras-sobredosis-de-quimioterapia-en-la-uci\/\" \/>\n<meta property=\"og:site_name\" content=\"Diario 21\" \/>\n<meta property=\"article:published_time\" content=\"2026-04-26T18:31:29+00:00\" \/>\n<meta property=\"article:modified_time\" content=\"2026-04-26T18:31:30+00:00\" \/>\n<meta property=\"og:image\" content=\"https:\/\/www.diario21.tv\/noticias\/wp-content\/uploads\/2026\/04\/Tercer-paciente-oncologico-fallece-en-Burgos-tras-sobredosis-de-quimioterapia.jpg\" \/>\n\t<meta property=\"og:image:width\" content=\"1200\" \/>\n\t<meta property=\"og:image:height\" content=\"840\" \/>\n\t<meta property=\"og:image:type\" content=\"image\/jpeg\" \/>\n<meta name=\"author\" content=\"Juan P\u00e9rez\" \/>\n<meta name=\"twitter:card\" content=\"summary_large_image\" \/>\n<meta name=\"twitter:label1\" content=\"Escrito por\" \/>\n\t<meta name=\"twitter:data1\" content=\"Juan P\u00e9rez\" \/>\n\t<meta name=\"twitter:label2\" content=\"Tiempo de lectura\" \/>\n\t<meta name=\"twitter:data2\" content=\"2 minutos\" \/>\n<script type=\"application\/ld+json\" class=\"yoast-schema-graph\">{\"@context\":\"https:\/\/schema.org\",\"@graph\":[{\"@type\":\"WebPage\",\"@id\":\"https:\/\/www.diario21.tv\/noticias\/tercer-paciente-oncologico-fallece-en-burgos-tras-sobredosis-de-quimioterapia-en-la-uci\/\",\"url\":\"https:\/\/www.diario21.tv\/noticias\/tercer-paciente-oncologico-fallece-en-burgos-tras-sobredosis-de-quimioterapia-en-la-uci\/\",\"name\":\"Tercer paciente oncol\u00f3gico fallece en Burgos tras sobredosis de quimioterapia en la UCI - Diario 21\",\"isPartOf\":{\"@id\":\"https:\/\/www.diario21.tv\/noticias\/#website\"},\"primaryImageOfPage\":{\"@id\":\"https:\/\/www.diario21.tv\/noticias\/tercer-paciente-oncologico-fallece-en-burgos-tras-sobredosis-de-quimioterapia-en-la-uci\/#primaryimage\"},\"image\":{\"@id\":\"https:\/\/www.diario21.tv\/noticias\/tercer-paciente-oncologico-fallece-en-burgos-tras-sobredosis-de-quimioterapia-en-la-uci\/#primaryimage\"},\"thumbnailUrl\":\"https:\/\/www.diario21.tv\/noticias\/wp-content\/uploads\/2026\/04\/Tercer-paciente-oncologico-fallece-en-Burgos-tras-sobredosis-de-quimioterapia.jpg\",\"datePublished\":\"2026-04-26T18:31:29+00:00\",\"dateModified\":\"2026-04-26T18:31:30+00:00\",\"author\":{\"@id\":\"https:\/\/www.diario21.tv\/noticias\/#\/schema\/person\/dfb778f73814d8f09f302618446a526b\"},\"breadcrumb\":{\"@id\":\"https:\/\/www.diario21.tv\/noticias\/tercer-paciente-oncologico-fallece-en-burgos-tras-sobredosis-de-quimioterapia-en-la-uci\/#breadcrumb\"},\"inLanguage\":\"es-AR\",\"potentialAction\":[{\"@type\":\"ReadAction\",\"target\":[\"https:\/\/www.diario21.tv\/noticias\/tercer-paciente-oncologico-fallece-en-burgos-tras-sobredosis-de-quimioterapia-en-la-uci\/\"]}]},{\"@type\":\"ImageObject\",\"inLanguage\":\"es-AR\",\"@id\":\"https:\/\/www.diario21.tv\/noticias\/tercer-paciente-oncologico-fallece-en-burgos-tras-sobredosis-de-quimioterapia-en-la-uci\/#primaryimage\",\"url\":\"https:\/\/www.diario21.tv\/noticias\/wp-content\/uploads\/2026\/04\/Tercer-paciente-oncologico-fallece-en-Burgos-tras-sobredosis-de-quimioterapia.jpg\",\"contentUrl\":\"https:\/\/www.diario21.tv\/noticias\/wp-content\/uploads\/2026\/04\/Tercer-paciente-oncologico-fallece-en-Burgos-tras-sobredosis-de-quimioterapia.jpg\",\"width\":1200,\"height\":840,\"caption\":\"Muere un tercer paciente de oncolog\u00eda tras cinco meses en la UCI de Burgos por recibir una sobredosis de quimioterapia\"},{\"@type\":\"BreadcrumbList\",\"@id\":\"https:\/\/www.diario21.tv\/noticias\/tercer-paciente-oncologico-fallece-en-burgos-tras-sobredosis-de-quimioterapia-en-la-uci\/#breadcrumb\",\"itemListElement\":[{\"@type\":\"ListItem\",\"position\":1,\"name\":\"Accueil\",\"item\":\"https:\/\/www.diario21.tv\/noticias\/\"},{\"@type\":\"ListItem\",\"position\":2,\"name\":\"Tercer paciente oncol\u00f3gico fallece en Burgos tras sobredosis de quimioterapia en la UCI\"}]},{\"@type\":\"WebSite\",\"@id\":\"https:\/\/www.diario21.tv\/noticias\/#website\",\"url\":\"https:\/\/www.diario21.tv\/noticias\/\",\"name\":\"Diario 21\",\"description\":\"\",\"potentialAction\":[{\"@type\":\"SearchAction\",\"target\":{\"@type\":\"EntryPoint\",\"urlTemplate\":\"https:\/\/www.diario21.tv\/noticias\/?s={search_term_string}\"},\"query-input\":{\"@type\":\"PropertyValueSpecification\",\"valueRequired\":true,\"valueName\":\"search_term_string\"}}],\"inLanguage\":\"es-AR\"},{\"@type\":\"Person\",\"@id\":\"https:\/\/www.diario21.tv\/noticias\/#\/schema\/person\/dfb778f73814d8f09f302618446a526b\",\"name\":\"Juan P\u00e9rez\",\"image\":{\"@type\":\"ImageObject\",\"inLanguage\":\"es-AR\",\"@id\":\"https:\/\/www.diario21.tv\/noticias\/#\/schema\/person\/image\/\",\"url\":\"https:\/\/secure.gravatar.com\/avatar\/c478a405bd10621167f4c3167cc770f5?s=96&d=mm&r=g\",\"contentUrl\":\"https:\/\/secure.gravatar.com\/avatar\/c478a405bd10621167f4c3167cc770f5?s=96&d=mm&r=g\",\"caption\":\"Juan P\u00e9rez\"},\"description\":\"Juan P\u00e9rez es el redactor en jefe de Diario 21. Con m\u00e1s de 10 a\u00f1os de experiencia en el periodismo, se especializa en pol\u00edtica nacional y an\u00e1lisis socioecon\u00f3mico. Su enfoque cr\u00edtico y riguroso aporta una perspectiva \u00fanica a cada art\u00edculo.\",\"sameAs\":[\"https:\/\/www.diario21.tv\/noticias\/\"],\"url\":\"https:\/\/www.diario21.tv\/noticias\/author\/juan-perez\/\"}]}<\/script>\n<!-- \/ Yoast SEO plugin. -->","yoast_head_json":{"title":"Tercer paciente oncol\u00f3gico fallece en Burgos tras sobredosis de quimioterapia en la UCI - Diario 21","robots":{"index":"index","follow":"follow","max-snippet":"max-snippet:-1","max-image-preview":"max-image-preview:large","max-video-preview":"max-video-preview:-1"},"canonical":"https:\/\/www.diario21.tv\/noticias\/tercer-paciente-oncologico-fallece-en-burgos-tras-sobredosis-de-quimioterapia-en-la-uci\/","og_locale":"es_ES","og_type":"article","og_title":"Tercer paciente oncol\u00f3gico fallece en Burgos tras sobredosis de quimioterapia en la UCI - Diario 21","og_description":"Muerte de un Tercer Paciente en Oncolog\u00eda en Burgos Tras Recibir Sobredosis de Quimioterapia Un tercer paciente del servicio de oncolog\u00eda ha fallecido despu\u00e9s de pasar ... Seguir leyendo &rarr;","og_url":"https:\/\/www.diario21.tv\/noticias\/tercer-paciente-oncologico-fallece-en-burgos-tras-sobredosis-de-quimioterapia-en-la-uci\/","og_site_name":"Diario 21","article_published_time":"2026-04-26T18:31:29+00:00","article_modified_time":"2026-04-26T18:31:30+00:00","og_image":[{"width":1200,"height":840,"url":"https:\/\/www.diario21.tv\/noticias\/wp-content\/uploads\/2026\/04\/Tercer-paciente-oncologico-fallece-en-Burgos-tras-sobredosis-de-quimioterapia.jpg","type":"image\/jpeg"}],"author":"Juan P\u00e9rez","twitter_card":"summary_large_image","twitter_misc":{"Escrito por":"Juan P\u00e9rez","Tiempo de lectura":"2 minutos"},"schema":{"@context":"https:\/\/schema.org","@graph":[{"@type":"WebPage","@id":"https:\/\/www.diario21.tv\/noticias\/tercer-paciente-oncologico-fallece-en-burgos-tras-sobredosis-de-quimioterapia-en-la-uci\/","url":"https:\/\/www.diario21.tv\/noticias\/tercer-paciente-oncologico-fallece-en-burgos-tras-sobredosis-de-quimioterapia-en-la-uci\/","name":"Tercer paciente oncol\u00f3gico fallece en Burgos tras sobredosis de quimioterapia en la UCI - Diario 21","isPartOf":{"@id":"https:\/\/www.diario21.tv\/noticias\/#website"},"primaryImageOfPage":{"@id":"https:\/\/www.diario21.tv\/noticias\/tercer-paciente-oncologico-fallece-en-burgos-tras-sobredosis-de-quimioterapia-en-la-uci\/#primaryimage"},"image":{"@id":"https:\/\/www.diario21.tv\/noticias\/tercer-paciente-oncologico-fallece-en-burgos-tras-sobredosis-de-quimioterapia-en-la-uci\/#primaryimage"},"thumbnailUrl":"https:\/\/www.diario21.tv\/noticias\/wp-content\/uploads\/2026\/04\/Tercer-paciente-oncologico-fallece-en-Burgos-tras-sobredosis-de-quimioterapia.jpg","datePublished":"2026-04-26T18:31:29+00:00","dateModified":"2026-04-26T18:31:30+00:00","author":{"@id":"https:\/\/www.diario21.tv\/noticias\/#\/schema\/person\/dfb778f73814d8f09f302618446a526b"},"breadcrumb":{"@id":"https:\/\/www.diario21.tv\/noticias\/tercer-paciente-oncologico-fallece-en-burgos-tras-sobredosis-de-quimioterapia-en-la-uci\/#breadcrumb"},"inLanguage":"es-AR","potentialAction":[{"@type":"ReadAction","target":["https:\/\/www.diario21.tv\/noticias\/tercer-paciente-oncologico-fallece-en-burgos-tras-sobredosis-de-quimioterapia-en-la-uci\/"]}]},{"@type":"ImageObject","inLanguage":"es-AR","@id":"https:\/\/www.diario21.tv\/noticias\/tercer-paciente-oncologico-fallece-en-burgos-tras-sobredosis-de-quimioterapia-en-la-uci\/#primaryimage","url":"https:\/\/www.diario21.tv\/noticias\/wp-content\/uploads\/2026\/04\/Tercer-paciente-oncologico-fallece-en-Burgos-tras-sobredosis-de-quimioterapia.jpg","contentUrl":"https:\/\/www.diario21.tv\/noticias\/wp-content\/uploads\/2026\/04\/Tercer-paciente-oncologico-fallece-en-Burgos-tras-sobredosis-de-quimioterapia.jpg","width":1200,"height":840,"caption":"Muere un tercer paciente de oncolog\u00eda tras cinco meses en la UCI de Burgos por recibir una sobredosis de quimioterapia"},{"@type":"BreadcrumbList","@id":"https:\/\/www.diario21.tv\/noticias\/tercer-paciente-oncologico-fallece-en-burgos-tras-sobredosis-de-quimioterapia-en-la-uci\/#breadcrumb","itemListElement":[{"@type":"ListItem","position":1,"name":"Accueil","item":"https:\/\/www.diario21.tv\/noticias\/"},{"@type":"ListItem","position":2,"name":"Tercer paciente oncol\u00f3gico fallece en Burgos tras sobredosis de quimioterapia en la UCI"}]},{"@type":"WebSite","@id":"https:\/\/www.diario21.tv\/noticias\/#website","url":"https:\/\/www.diario21.tv\/noticias\/","name":"Diario 21","description":"","potentialAction":[{"@type":"SearchAction","target":{"@type":"EntryPoint","urlTemplate":"https:\/\/www.diario21.tv\/noticias\/?s={search_term_string}"},"query-input":{"@type":"PropertyValueSpecification","valueRequired":true,"valueName":"search_term_string"}}],"inLanguage":"es-AR"},{"@type":"Person","@id":"https:\/\/www.diario21.tv\/noticias\/#\/schema\/person\/dfb778f73814d8f09f302618446a526b","name":"Juan P\u00e9rez","image":{"@type":"ImageObject","inLanguage":"es-AR","@id":"https:\/\/www.diario21.tv\/noticias\/#\/schema\/person\/image\/","url":"https:\/\/secure.gravatar.com\/avatar\/c478a405bd10621167f4c3167cc770f5?s=96&d=mm&r=g","contentUrl":"https:\/\/secure.gravatar.com\/avatar\/c478a405bd10621167f4c3167cc770f5?s=96&d=mm&r=g","caption":"Juan P\u00e9rez"},"description":"Juan P\u00e9rez es el redactor en jefe de Diario 21. Con m\u00e1s de 10 a\u00f1os de experiencia en el periodismo, se especializa en pol\u00edtica nacional y an\u00e1lisis socioecon\u00f3mico. Su enfoque cr\u00edtico y riguroso aporta una perspectiva \u00fanica a cada art\u00edculo.","sameAs":["https:\/\/www.diario21.tv\/noticias\/"],"url":"https:\/\/www.diario21.tv\/noticias\/author\/juan-perez\/"}]}},"_links":{"self":[{"href":"https:\/\/www.diario21.tv\/noticias\/wp-json\/wp\/v2\/posts\/7020"}],"collection":[{"href":"https:\/\/www.diario21.tv\/noticias\/wp-json\/wp\/v2\/posts"}],"about":[{"href":"https:\/\/www.diario21.tv\/noticias\/wp-json\/wp\/v2\/types\/post"}],"author":[{"embeddable":true,"href":"https:\/\/www.diario21.tv\/noticias\/wp-json\/wp\/v2\/users\/20"}],"replies":[{"embeddable":true,"href":"https:\/\/www.diario21.tv\/noticias\/wp-json\/wp\/v2\/comments?post=7020"}],"version-history":[{"count":1,"href":"https:\/\/www.diario21.tv\/noticias\/wp-json\/wp\/v2\/posts\/7020\/revisions"}],"predecessor-version":[{"id":7022,"href":"https:\/\/www.diario21.tv\/noticias\/wp-json\/wp\/v2\/posts\/7020\/revisions\/7022"}],"wp:featuredmedia":[{"embeddable":true,"href":"https:\/\/www.diario21.tv\/noticias\/wp-json\/wp\/v2\/media\/7021"}],"wp:attachment":[{"href":"https:\/\/www.diario21.tv\/noticias\/wp-json\/wp\/v2\/media?parent=7020"}],"wp:term":[{"taxonomy":"category","embeddable":true,"href":"https:\/\/www.diario21.tv\/noticias\/wp-json\/wp\/v2\/categories?post=7020"},{"taxonomy":"post_tag","embeddable":true,"href":"https:\/\/www.diario21.tv\/noticias\/wp-json\/wp\/v2\/tags?post=7020"}],"curies":[{"name":"wp","href":"https:\/\/api.w.org\/{rel}","templated":true}]}}