{"id":7014,"date":"2026-04-26T06:30:15","date_gmt":"2026-04-26T06:30:15","guid":{"rendered":"https:\/\/www.diario21.tv\/noticias\/alerta-en-valencia-detienen-a-profesor-por-agresion-sexual-a-nina-de-5-anos\/"},"modified":"2026-04-26T06:30:18","modified_gmt":"2026-04-26T06:30:18","slug":"alerta-en-valencia-detienen-a-profesor-por-agresion-sexual-a-nina-de-5-anos","status":"publish","type":"post","link":"https:\/\/www.diario21.tv\/noticias\/alerta-en-valencia-detienen-a-profesor-por-agresion-sexual-a-nina-de-5-anos\/","title":{"rendered":"\u00a1Alerta en Valencia! Detienen a profesor por agresi\u00f3n sexual a ni\u00f1a de 5 a\u00f1os"},"content":{"rendered":"<h2>Arresto de un docente en Valencia por abuso sexual a una menor<\/h2>\n<p>En un reciente y perturbador suceso en Valencia, las autoridades han procedido a la detenci\u00f3n de un maestro bajo la acusaci\u00f3n de haber cometido agresi\u00f3n sexual contra una de sus alumnas, una ni\u00f1a de apenas cinco a\u00f1os de edad. Este grave incidente ha sacudido a la comunidad educativa y ha puesto de relieve la necesidad de medidas de protecci\u00f3n m\u00e1s rigurosas dentro de las instituciones educativas.<\/p>\n<h3>Detalles del caso<\/h3>\n<p>El arresto se efectu\u00f3 despu\u00e9s de que los padres de la menor afectada presentaran una denuncia formal ante la polic\u00eda, alegando que su hija hab\u00eda sido v\u00edctima de abusos sexuales por parte de su profesor. Tras la denuncia, se inici\u00f3 una investigaci\u00f3n que culmin\u00f3 con la detenci\u00f3n del educador implicado. La investigaci\u00f3n sigue en curso, y el docente se encuentra actualmente bajo custodia, a la espera de m\u00e1s procedimientos judiciales que determinar\u00e1n su situaci\u00f3n legal.<\/p>\n<h3>Reacciones y medidas adoptadas<\/h3>\n<p>La noticia ha generado una oleada de consternaci\u00f3n tanto en la escuela donde ocurri\u00f3 el presunto delito como en la sociedad valenciana en general. La direcci\u00f3n del centro educativo ha emitido un comunicado expresando su profundo rechazo a cualquier forma de violencia y su compromiso con la seguridad de sus estudiantes. Adem\u00e1s, se han implementado protocolos adicionales de seguridad y se est\u00e1 proporcionando apoyo psicol\u00f3gico a la estudiante afectada y a su familia.<\/p>\n<p>Este incidente ha reavivado el debate sobre la seguridad en las escuelas y la importancia de establecer sistemas efectivos para detectar y prevenir situaciones de abuso. La comunidad educativa y las autoridades locales est\u00e1n llamadas a revisar y fortalecer las pol\u00edticas de protecci\u00f3n infantil para asegurar que las escuelas sean entornos seguros para todos los ni\u00f1os.<\/p>\n<h3>Conclusiones y pasos a seguir<\/h3>\n<p>A medida que el caso contin\u00faa desarroll\u00e1ndose, la comunidad espera que se haga justicia y que se tomen las medidas necesarias para evitar que sucesos como este se repitan en el futuro. La prioridad sigue siendo garantizar la seguridad y el bienestar de todos los estudiantes y restaurar la confianza en las instituciones encargadas de su educaci\u00f3n y cuidado.<\/p>\n\n\n<div class=\"kk-star-ratings kksr-auto kksr-align-left kksr-valign-bottom\"\n    data-payload='{&quot;align&quot;:&quot;left&quot;,&quot;id&quot;:&quot;7014&quot;,&quot;slug&quot;:&quot;default&quot;,&quot;valign&quot;:&quot;bottom&quot;,&quot;ignore&quot;:&quot;&quot;,&quot;reference&quot;:&quot;auto&quot;,&quot;class&quot;:&quot;&quot;,&quot;count&quot;:&quot;0&quot;,&quot;legendonly&quot;:&quot;&quot;,&quot;readonly&quot;:&quot;&quot;,&quot;score&quot;:&quot;0&quot;,&quot;starsonly&quot;:&quot;&quot;,&quot;best&quot;:&quot;5&quot;,&quot;gap&quot;:&quot;5&quot;,&quot;greet&quot;:&quot;Valora este post&quot;,&quot;legend&quot;:&quot;0\\\/5 - (0 votes)&quot;,&quot;size&quot;:&quot;22&quot;,&quot;title&quot;:&quot;\u00a1Alerta en Valencia! Detienen a profesor por agresi\u00f3n sexual a ni\u00f1a de 5 a\u00f1os&quot;,&quot;width&quot;:&quot;0&quot;,&quot;_legend&quot;:&quot;{score}\\\/{best} - ({count} {votes})&quot;,&quot;font_factor&quot;:&quot;1.25&quot;}'>\n            \n<div class=\"kksr-stars\">\n    \n<div class=\"kksr-stars-inactive\">\n            <div class=\"kksr-star\" data-star=\"1\" style=\"padding-right: 5px\">\n            \n\n<div class=\"kksr-icon\" style=\"width: 22px; height: 22px;\"><\/div>\n        <\/div>\n            <div class=\"kksr-star\" data-star=\"2\" style=\"padding-right: 5px\">\n            \n\n<div class=\"kksr-icon\" style=\"width: 22px; height: 22px;\"><\/div>\n        <\/div>\n            <div class=\"kksr-star\" data-star=\"3\" style=\"padding-right: 5px\">\n            \n\n<div class=\"kksr-icon\" style=\"width: 22px; height: 22px;\"><\/div>\n        <\/div>\n            <div class=\"kksr-star\" data-star=\"4\" style=\"padding-right: 5px\">\n            \n\n<div class=\"kksr-icon\" style=\"width: 22px; height: 22px;\"><\/div>\n        <\/div>\n            <div class=\"kksr-star\" data-star=\"5\" style=\"padding-right: 5px\">\n            \n\n<div class=\"kksr-icon\" style=\"width: 22px; height: 22px;\"><\/div>\n        <\/div>\n    <\/div>\n    \n<div class=\"kksr-stars-active\" style=\"width: 0px;\">\n            <div class=\"kksr-star\" style=\"padding-right: 5px\">\n            \n\n<div class=\"kksr-icon\" style=\"width: 22px; height: 22px;\"><\/div>\n        <\/div>\n            <div class=\"kksr-star\" style=\"padding-right: 5px\">\n            \n\n<div class=\"kksr-icon\" style=\"width: 22px; height: 22px;\"><\/div>\n        <\/div>\n            <div class=\"kksr-star\" style=\"padding-right: 5px\">\n            \n\n<div class=\"kksr-icon\" style=\"width: 22px; height: 22px;\"><\/div>\n        <\/div>\n            <div class=\"kksr-star\" style=\"padding-right: 5px\">\n            \n\n<div class=\"kksr-icon\" style=\"width: 22px; height: 22px;\"><\/div>\n        <\/div>\n            <div class=\"kksr-star\" style=\"padding-right: 5px\">\n            \n\n<div class=\"kksr-icon\" style=\"width: 22px; height: 22px;\"><\/div>\n        <\/div>\n    <\/div>\n<\/div>\n                \n\n<div class=\"kksr-legend\" style=\"font-size: 17.6px;\">\n            <span class=\"kksr-muted\">Valora este post<\/span>\n    <\/div>\n    <\/div>\n","protected":false},"excerpt":{"rendered":"<p>Arresto de un docente en Valencia por abuso sexual a una menor En un reciente y perturbador suceso en Valencia, las autoridades han procedido a la &#8230; <a title=\"\u00a1Alerta en Valencia! Detienen a profesor por agresi\u00f3n sexual a ni\u00f1a de 5 a\u00f1os\" class=\"read-more\" href=\"https:\/\/www.diario21.tv\/noticias\/alerta-en-valencia-detienen-a-profesor-por-agresion-sexual-a-nina-de-5-anos\/\" aria-label=\"Leer m\u00e1s sobre \u00a1Alerta en Valencia! Detienen a profesor por agresi\u00f3n sexual a ni\u00f1a de 5 a\u00f1os\">Seguir leyendo &rarr;<\/a><\/p>\n","protected":false},"author":20,"featured_media":7015,"comment_status":"open","ping_status":"open","sticky":false,"template":"","format":"standard","meta":{"footnotes":""},"categories":[13],"tags":[],"class_list":["post-7014","post","type-post","status-publish","format-standard","has-post-thumbnail","hentry","category-portada"],"yoast_head":"<!-- This site is optimized with the Yoast SEO plugin v25.6 - https:\/\/yoast.com\/wordpress\/plugins\/seo\/ -->\n<title>\u00a1Alerta en Valencia! Detienen a profesor por agresi\u00f3n sexual a ni\u00f1a de 5 a\u00f1os - Diario 21<\/title>\n<meta name=\"robots\" content=\"index, follow, max-snippet:-1, max-image-preview:large, max-video-preview:-1\" \/>\n<link rel=\"canonical\" href=\"https:\/\/www.diario21.tv\/noticias\/alerta-en-valencia-detienen-a-profesor-por-agresion-sexual-a-nina-de-5-anos\/\" \/>\n<meta property=\"og:locale\" content=\"es_ES\" \/>\n<meta property=\"og:type\" content=\"article\" \/>\n<meta property=\"og:title\" content=\"\u00a1Alerta en Valencia! Detienen a profesor por agresi\u00f3n sexual a ni\u00f1a de 5 a\u00f1os - Diario 21\" \/>\n<meta property=\"og:description\" content=\"Arresto de un docente en Valencia por abuso sexual a una menor En un reciente y perturbador suceso en Valencia, las autoridades han procedido a la ... Seguir leyendo &rarr;\" \/>\n<meta property=\"og:url\" content=\"https:\/\/www.diario21.tv\/noticias\/alerta-en-valencia-detienen-a-profesor-por-agresion-sexual-a-nina-de-5-anos\/\" \/>\n<meta property=\"og:site_name\" content=\"Diario 21\" \/>\n<meta property=\"article:published_time\" content=\"2026-04-26T06:30:15+00:00\" \/>\n<meta property=\"article:modified_time\" content=\"2026-04-26T06:30:18+00:00\" \/>\n<meta property=\"og:image\" content=\"https:\/\/www.diario21.tv\/noticias\/wp-content\/uploads\/2026\/04\/\u00a1Alerta-en-Valencia-Detienen-a-profesor-por-agresion-sexual-a.jpg\" \/>\n\t<meta property=\"og:image:width\" content=\"1200\" \/>\n\t<meta property=\"og:image:height\" content=\"840\" \/>\n\t<meta property=\"og:image:type\" content=\"image\/jpeg\" \/>\n<meta name=\"author\" content=\"Juan P\u00e9rez\" \/>\n<meta name=\"twitter:card\" content=\"summary_large_image\" \/>\n<meta name=\"twitter:label1\" content=\"Escrito por\" \/>\n\t<meta name=\"twitter:data1\" content=\"Juan P\u00e9rez\" \/>\n\t<meta name=\"twitter:label2\" content=\"Tiempo de lectura\" \/>\n\t<meta name=\"twitter:data2\" content=\"2 minutos\" \/>\n<script type=\"application\/ld+json\" class=\"yoast-schema-graph\">{\"@context\":\"https:\/\/schema.org\",\"@graph\":[{\"@type\":\"WebPage\",\"@id\":\"https:\/\/www.diario21.tv\/noticias\/alerta-en-valencia-detienen-a-profesor-por-agresion-sexual-a-nina-de-5-anos\/\",\"url\":\"https:\/\/www.diario21.tv\/noticias\/alerta-en-valencia-detienen-a-profesor-por-agresion-sexual-a-nina-de-5-anos\/\",\"name\":\"\u00a1Alerta en Valencia! Detienen a profesor por agresi\u00f3n sexual a ni\u00f1a de 5 a\u00f1os - Diario 21\",\"isPartOf\":{\"@id\":\"https:\/\/www.diario21.tv\/noticias\/#website\"},\"primaryImageOfPage\":{\"@id\":\"https:\/\/www.diario21.tv\/noticias\/alerta-en-valencia-detienen-a-profesor-por-agresion-sexual-a-nina-de-5-anos\/#primaryimage\"},\"image\":{\"@id\":\"https:\/\/www.diario21.tv\/noticias\/alerta-en-valencia-detienen-a-profesor-por-agresion-sexual-a-nina-de-5-anos\/#primaryimage\"},\"thumbnailUrl\":\"https:\/\/www.diario21.tv\/noticias\/wp-content\/uploads\/2026\/04\/\u00a1Alerta-en-Valencia-Detienen-a-profesor-por-agresion-sexual-a.jpg\",\"datePublished\":\"2026-04-26T06:30:15+00:00\",\"dateModified\":\"2026-04-26T06:30:18+00:00\",\"author\":{\"@id\":\"https:\/\/www.diario21.tv\/noticias\/#\/schema\/person\/dfb778f73814d8f09f302618446a526b\"},\"breadcrumb\":{\"@id\":\"https:\/\/www.diario21.tv\/noticias\/alerta-en-valencia-detienen-a-profesor-por-agresion-sexual-a-nina-de-5-anos\/#breadcrumb\"},\"inLanguage\":\"es-AR\",\"potentialAction\":[{\"@type\":\"ReadAction\",\"target\":[\"https:\/\/www.diario21.tv\/noticias\/alerta-en-valencia-detienen-a-profesor-por-agresion-sexual-a-nina-de-5-anos\/\"]}]},{\"@type\":\"ImageObject\",\"inLanguage\":\"es-AR\",\"@id\":\"https:\/\/www.diario21.tv\/noticias\/alerta-en-valencia-detienen-a-profesor-por-agresion-sexual-a-nina-de-5-anos\/#primaryimage\",\"url\":\"https:\/\/www.diario21.tv\/noticias\/wp-content\/uploads\/2026\/04\/\u00a1Alerta-en-Valencia-Detienen-a-profesor-por-agresion-sexual-a.jpg\",\"contentUrl\":\"https:\/\/www.diario21.tv\/noticias\/wp-content\/uploads\/2026\/04\/\u00a1Alerta-en-Valencia-Detienen-a-profesor-por-agresion-sexual-a.jpg\",\"width\":1200,\"height\":840,\"caption\":\"Detenido un profesor por agresi\u00f3n sexual a una alumna de cinco a\u00f1os en Valencia\"},{\"@type\":\"BreadcrumbList\",\"@id\":\"https:\/\/www.diario21.tv\/noticias\/alerta-en-valencia-detienen-a-profesor-por-agresion-sexual-a-nina-de-5-anos\/#breadcrumb\",\"itemListElement\":[{\"@type\":\"ListItem\",\"position\":1,\"name\":\"Accueil\",\"item\":\"https:\/\/www.diario21.tv\/noticias\/\"},{\"@type\":\"ListItem\",\"position\":2,\"name\":\"\u00a1Alerta en Valencia! Detienen a profesor por agresi\u00f3n sexual a ni\u00f1a de 5 a\u00f1os\"}]},{\"@type\":\"WebSite\",\"@id\":\"https:\/\/www.diario21.tv\/noticias\/#website\",\"url\":\"https:\/\/www.diario21.tv\/noticias\/\",\"name\":\"Diario 21\",\"description\":\"\",\"potentialAction\":[{\"@type\":\"SearchAction\",\"target\":{\"@type\":\"EntryPoint\",\"urlTemplate\":\"https:\/\/www.diario21.tv\/noticias\/?s={search_term_string}\"},\"query-input\":{\"@type\":\"PropertyValueSpecification\",\"valueRequired\":true,\"valueName\":\"search_term_string\"}}],\"inLanguage\":\"es-AR\"},{\"@type\":\"Person\",\"@id\":\"https:\/\/www.diario21.tv\/noticias\/#\/schema\/person\/dfb778f73814d8f09f302618446a526b\",\"name\":\"Juan P\u00e9rez\",\"image\":{\"@type\":\"ImageObject\",\"inLanguage\":\"es-AR\",\"@id\":\"https:\/\/www.diario21.tv\/noticias\/#\/schema\/person\/image\/\",\"url\":\"https:\/\/secure.gravatar.com\/avatar\/c478a405bd10621167f4c3167cc770f5?s=96&d=mm&r=g\",\"contentUrl\":\"https:\/\/secure.gravatar.com\/avatar\/c478a405bd10621167f4c3167cc770f5?s=96&d=mm&r=g\",\"caption\":\"Juan P\u00e9rez\"},\"description\":\"Juan P\u00e9rez es el redactor en jefe de Diario 21. Con m\u00e1s de 10 a\u00f1os de experiencia en el periodismo, se especializa en pol\u00edtica nacional y an\u00e1lisis socioecon\u00f3mico. Su enfoque cr\u00edtico y riguroso aporta una perspectiva \u00fanica a cada art\u00edculo.\",\"sameAs\":[\"https:\/\/www.diario21.tv\/noticias\/\"],\"url\":\"https:\/\/www.diario21.tv\/noticias\/author\/juan-perez\/\"}]}<\/script>\n<!-- \/ Yoast SEO plugin. -->","yoast_head_json":{"title":"\u00a1Alerta en Valencia! Detienen a profesor por agresi\u00f3n sexual a ni\u00f1a de 5 a\u00f1os - Diario 21","robots":{"index":"index","follow":"follow","max-snippet":"max-snippet:-1","max-image-preview":"max-image-preview:large","max-video-preview":"max-video-preview:-1"},"canonical":"https:\/\/www.diario21.tv\/noticias\/alerta-en-valencia-detienen-a-profesor-por-agresion-sexual-a-nina-de-5-anos\/","og_locale":"es_ES","og_type":"article","og_title":"\u00a1Alerta en Valencia! Detienen a profesor por agresi\u00f3n sexual a ni\u00f1a de 5 a\u00f1os - Diario 21","og_description":"Arresto de un docente en Valencia por abuso sexual a una menor En un reciente y perturbador suceso en Valencia, las autoridades han procedido a la ... Seguir leyendo &rarr;","og_url":"https:\/\/www.diario21.tv\/noticias\/alerta-en-valencia-detienen-a-profesor-por-agresion-sexual-a-nina-de-5-anos\/","og_site_name":"Diario 21","article_published_time":"2026-04-26T06:30:15+00:00","article_modified_time":"2026-04-26T06:30:18+00:00","og_image":[{"width":1200,"height":840,"url":"https:\/\/www.diario21.tv\/noticias\/wp-content\/uploads\/2026\/04\/\u00a1Alerta-en-Valencia-Detienen-a-profesor-por-agresion-sexual-a.jpg","type":"image\/jpeg"}],"author":"Juan P\u00e9rez","twitter_card":"summary_large_image","twitter_misc":{"Escrito por":"Juan P\u00e9rez","Tiempo de lectura":"2 minutos"},"schema":{"@context":"https:\/\/schema.org","@graph":[{"@type":"WebPage","@id":"https:\/\/www.diario21.tv\/noticias\/alerta-en-valencia-detienen-a-profesor-por-agresion-sexual-a-nina-de-5-anos\/","url":"https:\/\/www.diario21.tv\/noticias\/alerta-en-valencia-detienen-a-profesor-por-agresion-sexual-a-nina-de-5-anos\/","name":"\u00a1Alerta en Valencia! Detienen a profesor por agresi\u00f3n sexual a ni\u00f1a de 5 a\u00f1os - Diario 21","isPartOf":{"@id":"https:\/\/www.diario21.tv\/noticias\/#website"},"primaryImageOfPage":{"@id":"https:\/\/www.diario21.tv\/noticias\/alerta-en-valencia-detienen-a-profesor-por-agresion-sexual-a-nina-de-5-anos\/#primaryimage"},"image":{"@id":"https:\/\/www.diario21.tv\/noticias\/alerta-en-valencia-detienen-a-profesor-por-agresion-sexual-a-nina-de-5-anos\/#primaryimage"},"thumbnailUrl":"https:\/\/www.diario21.tv\/noticias\/wp-content\/uploads\/2026\/04\/\u00a1Alerta-en-Valencia-Detienen-a-profesor-por-agresion-sexual-a.jpg","datePublished":"2026-04-26T06:30:15+00:00","dateModified":"2026-04-26T06:30:18+00:00","author":{"@id":"https:\/\/www.diario21.tv\/noticias\/#\/schema\/person\/dfb778f73814d8f09f302618446a526b"},"breadcrumb":{"@id":"https:\/\/www.diario21.tv\/noticias\/alerta-en-valencia-detienen-a-profesor-por-agresion-sexual-a-nina-de-5-anos\/#breadcrumb"},"inLanguage":"es-AR","potentialAction":[{"@type":"ReadAction","target":["https:\/\/www.diario21.tv\/noticias\/alerta-en-valencia-detienen-a-profesor-por-agresion-sexual-a-nina-de-5-anos\/"]}]},{"@type":"ImageObject","inLanguage":"es-AR","@id":"https:\/\/www.diario21.tv\/noticias\/alerta-en-valencia-detienen-a-profesor-por-agresion-sexual-a-nina-de-5-anos\/#primaryimage","url":"https:\/\/www.diario21.tv\/noticias\/wp-content\/uploads\/2026\/04\/\u00a1Alerta-en-Valencia-Detienen-a-profesor-por-agresion-sexual-a.jpg","contentUrl":"https:\/\/www.diario21.tv\/noticias\/wp-content\/uploads\/2026\/04\/\u00a1Alerta-en-Valencia-Detienen-a-profesor-por-agresion-sexual-a.jpg","width":1200,"height":840,"caption":"Detenido un profesor por agresi\u00f3n sexual a una alumna de cinco a\u00f1os en Valencia"},{"@type":"BreadcrumbList","@id":"https:\/\/www.diario21.tv\/noticias\/alerta-en-valencia-detienen-a-profesor-por-agresion-sexual-a-nina-de-5-anos\/#breadcrumb","itemListElement":[{"@type":"ListItem","position":1,"name":"Accueil","item":"https:\/\/www.diario21.tv\/noticias\/"},{"@type":"ListItem","position":2,"name":"\u00a1Alerta en Valencia! Detienen a profesor por agresi\u00f3n sexual a ni\u00f1a de 5 a\u00f1os"}]},{"@type":"WebSite","@id":"https:\/\/www.diario21.tv\/noticias\/#website","url":"https:\/\/www.diario21.tv\/noticias\/","name":"Diario 21","description":"","potentialAction":[{"@type":"SearchAction","target":{"@type":"EntryPoint","urlTemplate":"https:\/\/www.diario21.tv\/noticias\/?s={search_term_string}"},"query-input":{"@type":"PropertyValueSpecification","valueRequired":true,"valueName":"search_term_string"}}],"inLanguage":"es-AR"},{"@type":"Person","@id":"https:\/\/www.diario21.tv\/noticias\/#\/schema\/person\/dfb778f73814d8f09f302618446a526b","name":"Juan P\u00e9rez","image":{"@type":"ImageObject","inLanguage":"es-AR","@id":"https:\/\/www.diario21.tv\/noticias\/#\/schema\/person\/image\/","url":"https:\/\/secure.gravatar.com\/avatar\/c478a405bd10621167f4c3167cc770f5?s=96&d=mm&r=g","contentUrl":"https:\/\/secure.gravatar.com\/avatar\/c478a405bd10621167f4c3167cc770f5?s=96&d=mm&r=g","caption":"Juan P\u00e9rez"},"description":"Juan P\u00e9rez es el redactor en jefe de Diario 21. Con m\u00e1s de 10 a\u00f1os de experiencia en el periodismo, se especializa en pol\u00edtica nacional y an\u00e1lisis socioecon\u00f3mico. Su enfoque cr\u00edtico y riguroso aporta una perspectiva \u00fanica a cada art\u00edculo.","sameAs":["https:\/\/www.diario21.tv\/noticias\/"],"url":"https:\/\/www.diario21.tv\/noticias\/author\/juan-perez\/"}]}},"_links":{"self":[{"href":"https:\/\/www.diario21.tv\/noticias\/wp-json\/wp\/v2\/posts\/7014"}],"collection":[{"href":"https:\/\/www.diario21.tv\/noticias\/wp-json\/wp\/v2\/posts"}],"about":[{"href":"https:\/\/www.diario21.tv\/noticias\/wp-json\/wp\/v2\/types\/post"}],"author":[{"embeddable":true,"href":"https:\/\/www.diario21.tv\/noticias\/wp-json\/wp\/v2\/users\/20"}],"replies":[{"embeddable":true,"href":"https:\/\/www.diario21.tv\/noticias\/wp-json\/wp\/v2\/comments?post=7014"}],"version-history":[{"count":1,"href":"https:\/\/www.diario21.tv\/noticias\/wp-json\/wp\/v2\/posts\/7014\/revisions"}],"predecessor-version":[{"id":7016,"href":"https:\/\/www.diario21.tv\/noticias\/wp-json\/wp\/v2\/posts\/7014\/revisions\/7016"}],"wp:featuredmedia":[{"embeddable":true,"href":"https:\/\/www.diario21.tv\/noticias\/wp-json\/wp\/v2\/media\/7015"}],"wp:attachment":[{"href":"https:\/\/www.diario21.tv\/noticias\/wp-json\/wp\/v2\/media?parent=7014"}],"wp:term":[{"taxonomy":"category","embeddable":true,"href":"https:\/\/www.diario21.tv\/noticias\/wp-json\/wp\/v2\/categories?post=7014"},{"taxonomy":"post_tag","embeddable":true,"href":"https:\/\/www.diario21.tv\/noticias\/wp-json\/wp\/v2\/tags?post=7014"}],"curies":[{"name":"wp","href":"https:\/\/api.w.org\/{rel}","templated":true}]}}