{"id":7011,"date":"2026-04-26T00:26:59","date_gmt":"2026-04-26T00:26:59","guid":{"rendered":"https:\/\/www.diario21.tv\/noticias\/exclusivo-exesposa-del-asesino-de-alex-declara-fue-para-danarme-a-mi\/"},"modified":"2026-04-26T00:27:04","modified_gmt":"2026-04-26T00:27:04","slug":"exclusivo-exesposa-del-asesino-de-alex-declara-fue-para-danarme-a-mi","status":"publish","type":"post","link":"https:\/\/www.diario21.tv\/noticias\/exclusivo-exesposa-del-asesino-de-alex-declara-fue-para-danarme-a-mi\/","title":{"rendered":"Exclusivo: Exesposa del asesino de \u00c1lex declara: &#8220;Fue para da\u00f1arme a m\u00ed&#8221;"},"content":{"rendered":"<h2>Declaraciones de la Exesposa del Homicida del Ni\u00f1o \u00c1lex Frente al Magistrado<\/h2>\n<p>En un conmovedor testimonio frente al tribunal, la exesposa del hombre acusado de asesinar al peque\u00f1o \u00c1lex revel\u00f3 que cree que el m\u00f3vil detr\u00e1s del crimen fue causarle da\u00f1o personalmente. Durante la audiencia, la mujer expres\u00f3 con gran emoci\u00f3n que el acto horrendo fue un intento por parte de su exmarido de herirla a ella indirectamente.<\/p>\n<h3>Impactantes Revelaciones en la Sala<\/h3>\n<p>La sala de audiencias qued\u00f3 enmudecida cuando la exesposa del acusado, visiblemente afectada, comparti\u00f3 detalles sobre su tormentosa relaci\u00f3n con el padre de \u00c1lex. Seg\u00fan declar\u00f3, el asesinato del menor no fue un acto de violencia aleatorio, sino una forma extrema de venganza hacia ella, debido a conflictos no resueltos en su relaci\u00f3n pasada.<\/p>\n<p>La mujer explic\u00f3 que su relaci\u00f3n con el acusado hab\u00eda sido profundamente problem\u00e1tica y que, a pesar de haberse separado, \u00e9l continuaba buscando maneras de manipularla y castigarla. El asesinato de \u00c1lex, argument\u00f3, fue la manifestaci\u00f3n m\u00e1s tr\u00e1gica y dolorosa de esta conducta vengativa.<\/p>\n<h3>La Reacci\u00f3n del Tribunal<\/h3>\n<p>El juez, junto con el resto del tribunal, escuch\u00f3 atentamente mientras la exesposa detallaba los eventos que, seg\u00fan ella, apuntaban a la intenci\u00f3n clara de su exmarido de infligir un da\u00f1o irreparable. La fiscal\u00eda, por su parte, tom\u00f3 nota de estas declaraciones, consider\u00e1ndolas cruciales para entender la profundidad de la malicia y la premeditaci\u00f3n que podr\u00eda haber motivado el crimen.<\/p>\n<p>Mientras tanto, la defensa del acusado cuestion\u00f3 la veracidad de las afirmaciones, sugiriendo que el dolor y la rabia de la exesposa podr\u00edan estar coloreando su interpretaci\u00f3n de los hechos. Sin embargo, ella mantuvo firme su posici\u00f3n, argumentando que conoc\u00eda bien al acusado y que no hab\u00eda duda de sus intenciones.<\/p>\n<h3>Consecuencias y Expectativas<\/h3>\n<p>El caso ha conmocionado a la comunidad y ha generado un intenso debate sobre las din\u00e1micas de poder y control en las relaciones personales y su impacto en actos de violencia. Expertos en comportamiento criminal han sido llamados a testificar, proporcionando insights sobre c\u00f3mo las vendettas personales pueden manifestarse en formas tr\u00e1gicamente destructivas.<\/p>\n<p>La exesposa finaliz\u00f3 su testimonio solicitando justicia para \u00c1lex, cuya vida fue truncada de manera tan brutal y sin sentido. Ella espera que este caso sirva para arrojar luz sobre los peligros del abuso emocional y la manipulaci\u00f3n, y que se tomen medidas m\u00e1s firmes para proteger a las v\u00edctimas de violencia dom\u00e9stica.<\/p>\n<p>Con el juicio a\u00fan en curso, todas las partes esperan ansiosamente la decisi\u00f3n del juez, que tendr\u00e1 que sopesar cuidadosamente los testimonios y las evidencias presentadas para llegar a un veredicto justo.<\/p>\n\n\n<div class=\"kk-star-ratings kksr-auto kksr-align-left kksr-valign-bottom\"\n    data-payload='{&quot;align&quot;:&quot;left&quot;,&quot;id&quot;:&quot;7011&quot;,&quot;slug&quot;:&quot;default&quot;,&quot;valign&quot;:&quot;bottom&quot;,&quot;ignore&quot;:&quot;&quot;,&quot;reference&quot;:&quot;auto&quot;,&quot;class&quot;:&quot;&quot;,&quot;count&quot;:&quot;0&quot;,&quot;legendonly&quot;:&quot;&quot;,&quot;readonly&quot;:&quot;&quot;,&quot;score&quot;:&quot;0&quot;,&quot;starsonly&quot;:&quot;&quot;,&quot;best&quot;:&quot;5&quot;,&quot;gap&quot;:&quot;5&quot;,&quot;greet&quot;:&quot;Valora este post&quot;,&quot;legend&quot;:&quot;0\\\/5 - (0 votes)&quot;,&quot;size&quot;:&quot;22&quot;,&quot;title&quot;:&quot;Exclusivo: Exesposa del asesino de \u00c1lex declara: \\u0026quot;Fue para da\u00f1arme a m\u00ed\\u0026quot;&quot;,&quot;width&quot;:&quot;0&quot;,&quot;_legend&quot;:&quot;{score}\\\/{best} - ({count} {votes})&quot;,&quot;font_factor&quot;:&quot;1.25&quot;}'>\n            \n<div class=\"kksr-stars\">\n    \n<div class=\"kksr-stars-inactive\">\n            <div class=\"kksr-star\" data-star=\"1\" style=\"padding-right: 5px\">\n            \n\n<div class=\"kksr-icon\" style=\"width: 22px; height: 22px;\"><\/div>\n        <\/div>\n            <div class=\"kksr-star\" data-star=\"2\" style=\"padding-right: 5px\">\n            \n\n<div class=\"kksr-icon\" style=\"width: 22px; height: 22px;\"><\/div>\n        <\/div>\n            <div class=\"kksr-star\" data-star=\"3\" style=\"padding-right: 5px\">\n            \n\n<div class=\"kksr-icon\" style=\"width: 22px; height: 22px;\"><\/div>\n        <\/div>\n            <div class=\"kksr-star\" data-star=\"4\" style=\"padding-right: 5px\">\n            \n\n<div class=\"kksr-icon\" style=\"width: 22px; height: 22px;\"><\/div>\n        <\/div>\n            <div class=\"kksr-star\" data-star=\"5\" style=\"padding-right: 5px\">\n            \n\n<div class=\"kksr-icon\" style=\"width: 22px; height: 22px;\"><\/div>\n        <\/div>\n    <\/div>\n    \n<div class=\"kksr-stars-active\" style=\"width: 0px;\">\n            <div class=\"kksr-star\" style=\"padding-right: 5px\">\n            \n\n<div class=\"kksr-icon\" style=\"width: 22px; height: 22px;\"><\/div>\n        <\/div>\n            <div class=\"kksr-star\" style=\"padding-right: 5px\">\n            \n\n<div class=\"kksr-icon\" style=\"width: 22px; height: 22px;\"><\/div>\n        <\/div>\n            <div class=\"kksr-star\" style=\"padding-right: 5px\">\n            \n\n<div class=\"kksr-icon\" style=\"width: 22px; height: 22px;\"><\/div>\n        <\/div>\n            <div class=\"kksr-star\" style=\"padding-right: 5px\">\n            \n\n<div class=\"kksr-icon\" style=\"width: 22px; height: 22px;\"><\/div>\n        <\/div>\n            <div class=\"kksr-star\" style=\"padding-right: 5px\">\n            \n\n<div class=\"kksr-icon\" style=\"width: 22px; height: 22px;\"><\/div>\n        <\/div>\n    <\/div>\n<\/div>\n                \n\n<div class=\"kksr-legend\" style=\"font-size: 17.6px;\">\n            <span class=\"kksr-muted\">Valora este post<\/span>\n    <\/div>\n    <\/div>\n","protected":false},"excerpt":{"rendered":"<p>Declaraciones de la Exesposa del Homicida del Ni\u00f1o \u00c1lex Frente al Magistrado En un conmovedor testimonio frente al tribunal, la exesposa del hombre acusado de asesinar &#8230; <a title=\"Exclusivo: Exesposa del asesino de \u00c1lex declara: &#8220;Fue para da\u00f1arme a m\u00ed&#8221;\" class=\"read-more\" href=\"https:\/\/www.diario21.tv\/noticias\/exclusivo-exesposa-del-asesino-de-alex-declara-fue-para-danarme-a-mi\/\" aria-label=\"Leer m\u00e1s sobre Exclusivo: Exesposa del asesino de \u00c1lex declara: &#8220;Fue para da\u00f1arme a m\u00ed&#8221;\">Seguir leyendo &rarr;<\/a><\/p>\n","protected":false},"author":20,"featured_media":7012,"comment_status":"open","ping_status":"open","sticky":false,"template":"","format":"standard","meta":{"footnotes":""},"categories":[13],"tags":[],"class_list":["post-7011","post","type-post","status-publish","format-standard","has-post-thumbnail","hentry","category-portada"],"yoast_head":"<!-- This site is optimized with the Yoast SEO plugin v25.6 - https:\/\/yoast.com\/wordpress\/plugins\/seo\/ -->\n<title>Exclusivo: Exesposa del asesino de \u00c1lex declara: &quot;Fue para da\u00f1arme a m\u00ed&quot; - Diario 21<\/title>\n<meta name=\"robots\" content=\"index, follow, max-snippet:-1, max-image-preview:large, max-video-preview:-1\" \/>\n<link rel=\"canonical\" href=\"https:\/\/www.diario21.tv\/noticias\/exclusivo-exesposa-del-asesino-de-alex-declara-fue-para-danarme-a-mi\/\" \/>\n<meta property=\"og:locale\" content=\"es_ES\" \/>\n<meta property=\"og:type\" content=\"article\" \/>\n<meta property=\"og:title\" content=\"Exclusivo: Exesposa del asesino de \u00c1lex declara: &quot;Fue para da\u00f1arme a m\u00ed&quot; - Diario 21\" \/>\n<meta property=\"og:description\" content=\"Declaraciones de la Exesposa del Homicida del Ni\u00f1o \u00c1lex Frente al Magistrado En un conmovedor testimonio frente al tribunal, la exesposa del hombre acusado de asesinar ... Seguir leyendo &rarr;\" \/>\n<meta property=\"og:url\" content=\"https:\/\/www.diario21.tv\/noticias\/exclusivo-exesposa-del-asesino-de-alex-declara-fue-para-danarme-a-mi\/\" \/>\n<meta property=\"og:site_name\" content=\"Diario 21\" \/>\n<meta property=\"article:published_time\" content=\"2026-04-26T00:26:59+00:00\" \/>\n<meta property=\"article:modified_time\" content=\"2026-04-26T00:27:04+00:00\" \/>\n<meta property=\"og:image\" content=\"https:\/\/www.diario21.tv\/noticias\/wp-content\/uploads\/2026\/04\/Exclusivo-Exesposa-del-asesino-de-Alex-declara-Fue-para-danarme.jpg\" \/>\n\t<meta property=\"og:image:width\" content=\"1200\" \/>\n\t<meta property=\"og:image:height\" content=\"840\" \/>\n\t<meta property=\"og:image:type\" content=\"image\/jpeg\" \/>\n<meta name=\"author\" content=\"Juan P\u00e9rez\" \/>\n<meta name=\"twitter:card\" content=\"summary_large_image\" \/>\n<meta name=\"twitter:label1\" content=\"Escrito por\" \/>\n\t<meta name=\"twitter:data1\" content=\"Juan P\u00e9rez\" \/>\n\t<meta name=\"twitter:label2\" content=\"Tiempo de lectura\" \/>\n\t<meta name=\"twitter:data2\" content=\"2 minutos\" \/>\n<script type=\"application\/ld+json\" class=\"yoast-schema-graph\">{\"@context\":\"https:\/\/schema.org\",\"@graph\":[{\"@type\":\"WebPage\",\"@id\":\"https:\/\/www.diario21.tv\/noticias\/exclusivo-exesposa-del-asesino-de-alex-declara-fue-para-danarme-a-mi\/\",\"url\":\"https:\/\/www.diario21.tv\/noticias\/exclusivo-exesposa-del-asesino-de-alex-declara-fue-para-danarme-a-mi\/\",\"name\":\"Exclusivo: Exesposa del asesino de \u00c1lex declara: \\\"Fue para da\u00f1arme a m\u00ed\\\" - Diario 21\",\"isPartOf\":{\"@id\":\"https:\/\/www.diario21.tv\/noticias\/#website\"},\"primaryImageOfPage\":{\"@id\":\"https:\/\/www.diario21.tv\/noticias\/exclusivo-exesposa-del-asesino-de-alex-declara-fue-para-danarme-a-mi\/#primaryimage\"},\"image\":{\"@id\":\"https:\/\/www.diario21.tv\/noticias\/exclusivo-exesposa-del-asesino-de-alex-declara-fue-para-danarme-a-mi\/#primaryimage\"},\"thumbnailUrl\":\"https:\/\/www.diario21.tv\/noticias\/wp-content\/uploads\/2026\/04\/Exclusivo-Exesposa-del-asesino-de-Alex-declara-Fue-para-danarme.jpg\",\"datePublished\":\"2026-04-26T00:26:59+00:00\",\"dateModified\":\"2026-04-26T00:27:04+00:00\",\"author\":{\"@id\":\"https:\/\/www.diario21.tv\/noticias\/#\/schema\/person\/dfb778f73814d8f09f302618446a526b\"},\"breadcrumb\":{\"@id\":\"https:\/\/www.diario21.tv\/noticias\/exclusivo-exesposa-del-asesino-de-alex-declara-fue-para-danarme-a-mi\/#breadcrumb\"},\"inLanguage\":\"es-AR\",\"potentialAction\":[{\"@type\":\"ReadAction\",\"target\":[\"https:\/\/www.diario21.tv\/noticias\/exclusivo-exesposa-del-asesino-de-alex-declara-fue-para-danarme-a-mi\/\"]}]},{\"@type\":\"ImageObject\",\"inLanguage\":\"es-AR\",\"@id\":\"https:\/\/www.diario21.tv\/noticias\/exclusivo-exesposa-del-asesino-de-alex-declara-fue-para-danarme-a-mi\/#primaryimage\",\"url\":\"https:\/\/www.diario21.tv\/noticias\/wp-content\/uploads\/2026\/04\/Exclusivo-Exesposa-del-asesino-de-Alex-declara-Fue-para-danarme.jpg\",\"contentUrl\":\"https:\/\/www.diario21.tv\/noticias\/wp-content\/uploads\/2026\/04\/Exclusivo-Exesposa-del-asesino-de-Alex-declara-Fue-para-danarme.jpg\",\"width\":1200,\"height\":840,\"caption\":\"La exmujer del asesino del peque\u00f1o \u00c1lex ante el juez: \u00abLo hizo para perjudicarme a m\u00ed\u00bb\"},{\"@type\":\"BreadcrumbList\",\"@id\":\"https:\/\/www.diario21.tv\/noticias\/exclusivo-exesposa-del-asesino-de-alex-declara-fue-para-danarme-a-mi\/#breadcrumb\",\"itemListElement\":[{\"@type\":\"ListItem\",\"position\":1,\"name\":\"Accueil\",\"item\":\"https:\/\/www.diario21.tv\/noticias\/\"},{\"@type\":\"ListItem\",\"position\":2,\"name\":\"Exclusivo: Exesposa del asesino de \u00c1lex declara: &#8220;Fue para da\u00f1arme a m\u00ed&#8221;\"}]},{\"@type\":\"WebSite\",\"@id\":\"https:\/\/www.diario21.tv\/noticias\/#website\",\"url\":\"https:\/\/www.diario21.tv\/noticias\/\",\"name\":\"Diario 21\",\"description\":\"\",\"potentialAction\":[{\"@type\":\"SearchAction\",\"target\":{\"@type\":\"EntryPoint\",\"urlTemplate\":\"https:\/\/www.diario21.tv\/noticias\/?s={search_term_string}\"},\"query-input\":{\"@type\":\"PropertyValueSpecification\",\"valueRequired\":true,\"valueName\":\"search_term_string\"}}],\"inLanguage\":\"es-AR\"},{\"@type\":\"Person\",\"@id\":\"https:\/\/www.diario21.tv\/noticias\/#\/schema\/person\/dfb778f73814d8f09f302618446a526b\",\"name\":\"Juan P\u00e9rez\",\"image\":{\"@type\":\"ImageObject\",\"inLanguage\":\"es-AR\",\"@id\":\"https:\/\/www.diario21.tv\/noticias\/#\/schema\/person\/image\/\",\"url\":\"https:\/\/secure.gravatar.com\/avatar\/c478a405bd10621167f4c3167cc770f5?s=96&d=mm&r=g\",\"contentUrl\":\"https:\/\/secure.gravatar.com\/avatar\/c478a405bd10621167f4c3167cc770f5?s=96&d=mm&r=g\",\"caption\":\"Juan P\u00e9rez\"},\"description\":\"Juan P\u00e9rez es el redactor en jefe de Diario 21. Con m\u00e1s de 10 a\u00f1os de experiencia en el periodismo, se especializa en pol\u00edtica nacional y an\u00e1lisis socioecon\u00f3mico. Su enfoque cr\u00edtico y riguroso aporta una perspectiva \u00fanica a cada art\u00edculo.\",\"sameAs\":[\"https:\/\/www.diario21.tv\/noticias\/\"],\"url\":\"https:\/\/www.diario21.tv\/noticias\/author\/juan-perez\/\"}]}<\/script>\n<!-- \/ Yoast SEO plugin. -->","yoast_head_json":{"title":"Exclusivo: Exesposa del asesino de \u00c1lex declara: \"Fue para da\u00f1arme a m\u00ed\" - Diario 21","robots":{"index":"index","follow":"follow","max-snippet":"max-snippet:-1","max-image-preview":"max-image-preview:large","max-video-preview":"max-video-preview:-1"},"canonical":"https:\/\/www.diario21.tv\/noticias\/exclusivo-exesposa-del-asesino-de-alex-declara-fue-para-danarme-a-mi\/","og_locale":"es_ES","og_type":"article","og_title":"Exclusivo: Exesposa del asesino de \u00c1lex declara: \"Fue para da\u00f1arme a m\u00ed\" - Diario 21","og_description":"Declaraciones de la Exesposa del Homicida del Ni\u00f1o \u00c1lex Frente al Magistrado En un conmovedor testimonio frente al tribunal, la exesposa del hombre acusado de asesinar ... Seguir leyendo &rarr;","og_url":"https:\/\/www.diario21.tv\/noticias\/exclusivo-exesposa-del-asesino-de-alex-declara-fue-para-danarme-a-mi\/","og_site_name":"Diario 21","article_published_time":"2026-04-26T00:26:59+00:00","article_modified_time":"2026-04-26T00:27:04+00:00","og_image":[{"width":1200,"height":840,"url":"https:\/\/www.diario21.tv\/noticias\/wp-content\/uploads\/2026\/04\/Exclusivo-Exesposa-del-asesino-de-Alex-declara-Fue-para-danarme.jpg","type":"image\/jpeg"}],"author":"Juan P\u00e9rez","twitter_card":"summary_large_image","twitter_misc":{"Escrito por":"Juan P\u00e9rez","Tiempo de lectura":"2 minutos"},"schema":{"@context":"https:\/\/schema.org","@graph":[{"@type":"WebPage","@id":"https:\/\/www.diario21.tv\/noticias\/exclusivo-exesposa-del-asesino-de-alex-declara-fue-para-danarme-a-mi\/","url":"https:\/\/www.diario21.tv\/noticias\/exclusivo-exesposa-del-asesino-de-alex-declara-fue-para-danarme-a-mi\/","name":"Exclusivo: Exesposa del asesino de \u00c1lex declara: \"Fue para da\u00f1arme a m\u00ed\" - Diario 21","isPartOf":{"@id":"https:\/\/www.diario21.tv\/noticias\/#website"},"primaryImageOfPage":{"@id":"https:\/\/www.diario21.tv\/noticias\/exclusivo-exesposa-del-asesino-de-alex-declara-fue-para-danarme-a-mi\/#primaryimage"},"image":{"@id":"https:\/\/www.diario21.tv\/noticias\/exclusivo-exesposa-del-asesino-de-alex-declara-fue-para-danarme-a-mi\/#primaryimage"},"thumbnailUrl":"https:\/\/www.diario21.tv\/noticias\/wp-content\/uploads\/2026\/04\/Exclusivo-Exesposa-del-asesino-de-Alex-declara-Fue-para-danarme.jpg","datePublished":"2026-04-26T00:26:59+00:00","dateModified":"2026-04-26T00:27:04+00:00","author":{"@id":"https:\/\/www.diario21.tv\/noticias\/#\/schema\/person\/dfb778f73814d8f09f302618446a526b"},"breadcrumb":{"@id":"https:\/\/www.diario21.tv\/noticias\/exclusivo-exesposa-del-asesino-de-alex-declara-fue-para-danarme-a-mi\/#breadcrumb"},"inLanguage":"es-AR","potentialAction":[{"@type":"ReadAction","target":["https:\/\/www.diario21.tv\/noticias\/exclusivo-exesposa-del-asesino-de-alex-declara-fue-para-danarme-a-mi\/"]}]},{"@type":"ImageObject","inLanguage":"es-AR","@id":"https:\/\/www.diario21.tv\/noticias\/exclusivo-exesposa-del-asesino-de-alex-declara-fue-para-danarme-a-mi\/#primaryimage","url":"https:\/\/www.diario21.tv\/noticias\/wp-content\/uploads\/2026\/04\/Exclusivo-Exesposa-del-asesino-de-Alex-declara-Fue-para-danarme.jpg","contentUrl":"https:\/\/www.diario21.tv\/noticias\/wp-content\/uploads\/2026\/04\/Exclusivo-Exesposa-del-asesino-de-Alex-declara-Fue-para-danarme.jpg","width":1200,"height":840,"caption":"La exmujer del asesino del peque\u00f1o \u00c1lex ante el juez: \u00abLo hizo para perjudicarme a m\u00ed\u00bb"},{"@type":"BreadcrumbList","@id":"https:\/\/www.diario21.tv\/noticias\/exclusivo-exesposa-del-asesino-de-alex-declara-fue-para-danarme-a-mi\/#breadcrumb","itemListElement":[{"@type":"ListItem","position":1,"name":"Accueil","item":"https:\/\/www.diario21.tv\/noticias\/"},{"@type":"ListItem","position":2,"name":"Exclusivo: Exesposa del asesino de \u00c1lex declara: &#8220;Fue para da\u00f1arme a m\u00ed&#8221;"}]},{"@type":"WebSite","@id":"https:\/\/www.diario21.tv\/noticias\/#website","url":"https:\/\/www.diario21.tv\/noticias\/","name":"Diario 21","description":"","potentialAction":[{"@type":"SearchAction","target":{"@type":"EntryPoint","urlTemplate":"https:\/\/www.diario21.tv\/noticias\/?s={search_term_string}"},"query-input":{"@type":"PropertyValueSpecification","valueRequired":true,"valueName":"search_term_string"}}],"inLanguage":"es-AR"},{"@type":"Person","@id":"https:\/\/www.diario21.tv\/noticias\/#\/schema\/person\/dfb778f73814d8f09f302618446a526b","name":"Juan P\u00e9rez","image":{"@type":"ImageObject","inLanguage":"es-AR","@id":"https:\/\/www.diario21.tv\/noticias\/#\/schema\/person\/image\/","url":"https:\/\/secure.gravatar.com\/avatar\/c478a405bd10621167f4c3167cc770f5?s=96&d=mm&r=g","contentUrl":"https:\/\/secure.gravatar.com\/avatar\/c478a405bd10621167f4c3167cc770f5?s=96&d=mm&r=g","caption":"Juan P\u00e9rez"},"description":"Juan P\u00e9rez es el redactor en jefe de Diario 21. Con m\u00e1s de 10 a\u00f1os de experiencia en el periodismo, se especializa en pol\u00edtica nacional y an\u00e1lisis socioecon\u00f3mico. Su enfoque cr\u00edtico y riguroso aporta una perspectiva \u00fanica a cada art\u00edculo.","sameAs":["https:\/\/www.diario21.tv\/noticias\/"],"url":"https:\/\/www.diario21.tv\/noticias\/author\/juan-perez\/"}]}},"_links":{"self":[{"href":"https:\/\/www.diario21.tv\/noticias\/wp-json\/wp\/v2\/posts\/7011"}],"collection":[{"href":"https:\/\/www.diario21.tv\/noticias\/wp-json\/wp\/v2\/posts"}],"about":[{"href":"https:\/\/www.diario21.tv\/noticias\/wp-json\/wp\/v2\/types\/post"}],"author":[{"embeddable":true,"href":"https:\/\/www.diario21.tv\/noticias\/wp-json\/wp\/v2\/users\/20"}],"replies":[{"embeddable":true,"href":"https:\/\/www.diario21.tv\/noticias\/wp-json\/wp\/v2\/comments?post=7011"}],"version-history":[{"count":1,"href":"https:\/\/www.diario21.tv\/noticias\/wp-json\/wp\/v2\/posts\/7011\/revisions"}],"predecessor-version":[{"id":7013,"href":"https:\/\/www.diario21.tv\/noticias\/wp-json\/wp\/v2\/posts\/7011\/revisions\/7013"}],"wp:featuredmedia":[{"embeddable":true,"href":"https:\/\/www.diario21.tv\/noticias\/wp-json\/wp\/v2\/media\/7012"}],"wp:attachment":[{"href":"https:\/\/www.diario21.tv\/noticias\/wp-json\/wp\/v2\/media?parent=7011"}],"wp:term":[{"taxonomy":"category","embeddable":true,"href":"https:\/\/www.diario21.tv\/noticias\/wp-json\/wp\/v2\/categories?post=7011"},{"taxonomy":"post_tag","embeddable":true,"href":"https:\/\/www.diario21.tv\/noticias\/wp-json\/wp\/v2\/tags?post=7011"}],"curies":[{"name":"wp","href":"https:\/\/api.w.org\/{rel}","templated":true}]}}