{"id":7005,"date":"2026-04-25T12:23:40","date_gmt":"2026-04-25T12:23:40","guid":{"rendered":"https:\/\/www.diario21.tv\/noticias\/tragedia-en-benidorm-colapso-de-andamios-en-torre-de-18-plantas-mata-a-dos-obreros\/"},"modified":"2026-04-25T12:23:42","modified_gmt":"2026-04-25T12:23:42","slug":"tragedia-en-benidorm-colapso-de-andamios-en-torre-de-18-plantas-mata-a-dos-obreros","status":"publish","type":"post","link":"https:\/\/www.diario21.tv\/noticias\/tragedia-en-benidorm-colapso-de-andamios-en-torre-de-18-plantas-mata-a-dos-obreros\/","title":{"rendered":"\u00a1Tragedia en Benidorm! Colapso de andamios en torre de 18 plantas mata a dos obreros."},"content":{"rendered":"<h2>Dos Obreros Fallecen Tras Colapso de Andamios en Edificio de Benidorm<\/h2>\n<p>En un tr\u00e1gico incidente en Benidorm, dos trabajadores de la construcci\u00f3n perdieron la vida despu\u00e9s de que los andamios en los que trabajaban se derrumbaran. El suceso ocurri\u00f3 en una torre de 18 pisos, destacando los riesgos asociados con el trabajo en construcciones de gran altura.<\/p>\n<h3>Detalles del Accidente<\/h3>\n<p>El incidente tuvo lugar por la ma\u00f1ana, cuando los andamios instalados en una torre en construcci\u00f3n de 18 plantas cedieron repentinamente. Los trabajadores, que se encontraban en el andamio en ese momento, cayeron al vac\u00edo, lo que result\u00f3 en muertes instant\u00e1neas debido al impacto.<\/p>\n<p>Seg\u00fan informes preliminares, las v\u00edctimas estaban realizando labores de fachada en los pisos superiores del edificio cuando la estructura colaps\u00f3. A pesar de la r\u00e1pida intervenci\u00f3n de los servicios de emergencia, nada se pudo hacer para salvar a los obreros.<\/p>\n<h3>Investigaci\u00f3n en Curso<\/h3>\n<p>Las autoridades han iniciado una investigaci\u00f3n exhaustiva para determinar las causas exactas del derrumbe. Se est\u00e1n examinando varios factores, incluyendo la estabilidad estructural de los andamios y si se siguieron las normativas de seguridad pertinentes.<\/p>\n<p>Adem\u00e1s, se revisar\u00e1 si los trabajadores contaban con el equipo de protecci\u00f3n individual necesario y si se hab\u00edan realizado inspecciones regulares a la estructura que fall\u00f3.<\/p>\n<p>Este lamentable suceso subraya la importancia de adherirse estrictamente a las normas de seguridad en los sitios de construcci\u00f3n, especialmente en aquellos que involucran estructuras altas y trabajos en altura. La comunidad de Benidorm y el sector de la construcci\u00f3n est\u00e1n conmocionados por la tragedia, esperando respuestas y medidas que prevengan futuros incidentes de esta naturaleza.<\/p>\n\n\n<div class=\"kk-star-ratings kksr-auto kksr-align-left kksr-valign-bottom\"\n    data-payload='{&quot;align&quot;:&quot;left&quot;,&quot;id&quot;:&quot;7005&quot;,&quot;slug&quot;:&quot;default&quot;,&quot;valign&quot;:&quot;bottom&quot;,&quot;ignore&quot;:&quot;&quot;,&quot;reference&quot;:&quot;auto&quot;,&quot;class&quot;:&quot;&quot;,&quot;count&quot;:&quot;0&quot;,&quot;legendonly&quot;:&quot;&quot;,&quot;readonly&quot;:&quot;&quot;,&quot;score&quot;:&quot;0&quot;,&quot;starsonly&quot;:&quot;&quot;,&quot;best&quot;:&quot;5&quot;,&quot;gap&quot;:&quot;5&quot;,&quot;greet&quot;:&quot;Valora este post&quot;,&quot;legend&quot;:&quot;0\\\/5 - (0 votes)&quot;,&quot;size&quot;:&quot;22&quot;,&quot;title&quot;:&quot;\u00a1Tragedia en Benidorm! Colapso de andamios en torre de 18 plantas mata a dos obreros.&quot;,&quot;width&quot;:&quot;0&quot;,&quot;_legend&quot;:&quot;{score}\\\/{best} - ({count} {votes})&quot;,&quot;font_factor&quot;:&quot;1.25&quot;}'>\n            \n<div class=\"kksr-stars\">\n    \n<div class=\"kksr-stars-inactive\">\n            <div class=\"kksr-star\" data-star=\"1\" style=\"padding-right: 5px\">\n            \n\n<div class=\"kksr-icon\" style=\"width: 22px; height: 22px;\"><\/div>\n        <\/div>\n            <div class=\"kksr-star\" data-star=\"2\" style=\"padding-right: 5px\">\n            \n\n<div class=\"kksr-icon\" style=\"width: 22px; height: 22px;\"><\/div>\n        <\/div>\n            <div class=\"kksr-star\" data-star=\"3\" style=\"padding-right: 5px\">\n            \n\n<div class=\"kksr-icon\" style=\"width: 22px; height: 22px;\"><\/div>\n        <\/div>\n            <div class=\"kksr-star\" data-star=\"4\" style=\"padding-right: 5px\">\n            \n\n<div class=\"kksr-icon\" style=\"width: 22px; height: 22px;\"><\/div>\n        <\/div>\n            <div class=\"kksr-star\" data-star=\"5\" style=\"padding-right: 5px\">\n            \n\n<div class=\"kksr-icon\" style=\"width: 22px; height: 22px;\"><\/div>\n        <\/div>\n    <\/div>\n    \n<div class=\"kksr-stars-active\" style=\"width: 0px;\">\n            <div class=\"kksr-star\" style=\"padding-right: 5px\">\n            \n\n<div class=\"kksr-icon\" style=\"width: 22px; height: 22px;\"><\/div>\n        <\/div>\n            <div class=\"kksr-star\" style=\"padding-right: 5px\">\n            \n\n<div class=\"kksr-icon\" style=\"width: 22px; height: 22px;\"><\/div>\n        <\/div>\n            <div class=\"kksr-star\" style=\"padding-right: 5px\">\n            \n\n<div class=\"kksr-icon\" style=\"width: 22px; height: 22px;\"><\/div>\n        <\/div>\n            <div class=\"kksr-star\" style=\"padding-right: 5px\">\n            \n\n<div class=\"kksr-icon\" style=\"width: 22px; height: 22px;\"><\/div>\n        <\/div>\n            <div class=\"kksr-star\" style=\"padding-right: 5px\">\n            \n\n<div class=\"kksr-icon\" style=\"width: 22px; height: 22px;\"><\/div>\n        <\/div>\n    <\/div>\n<\/div>\n                \n\n<div class=\"kksr-legend\" style=\"font-size: 17.6px;\">\n            <span class=\"kksr-muted\">Valora este post<\/span>\n    <\/div>\n    <\/div>\n","protected":false},"excerpt":{"rendered":"<p>Dos Obreros Fallecen Tras Colapso de Andamios en Edificio de Benidorm En un tr\u00e1gico incidente en Benidorm, dos trabajadores de la construcci\u00f3n perdieron la vida despu\u00e9s &#8230; <a title=\"\u00a1Tragedia en Benidorm! Colapso de andamios en torre de 18 plantas mata a dos obreros.\" class=\"read-more\" href=\"https:\/\/www.diario21.tv\/noticias\/tragedia-en-benidorm-colapso-de-andamios-en-torre-de-18-plantas-mata-a-dos-obreros\/\" aria-label=\"Leer m\u00e1s sobre \u00a1Tragedia en Benidorm! Colapso de andamios en torre de 18 plantas mata a dos obreros.\">Seguir leyendo &rarr;<\/a><\/p>\n","protected":false},"author":20,"featured_media":7006,"comment_status":"open","ping_status":"open","sticky":false,"template":"","format":"standard","meta":{"footnotes":""},"categories":[13],"tags":[],"class_list":["post-7005","post","type-post","status-publish","format-standard","has-post-thumbnail","hentry","category-portada"],"yoast_head":"<!-- This site is optimized with the Yoast SEO plugin v25.6 - https:\/\/yoast.com\/wordpress\/plugins\/seo\/ -->\n<title>\u00a1Tragedia en Benidorm! Colapso de andamios en torre de 18 plantas mata a dos obreros. - Diario 21<\/title>\n<meta name=\"robots\" content=\"index, follow, max-snippet:-1, max-image-preview:large, max-video-preview:-1\" \/>\n<link rel=\"canonical\" href=\"https:\/\/www.diario21.tv\/noticias\/tragedia-en-benidorm-colapso-de-andamios-en-torre-de-18-plantas-mata-a-dos-obreros\/\" \/>\n<meta property=\"og:locale\" content=\"es_ES\" \/>\n<meta property=\"og:type\" content=\"article\" \/>\n<meta property=\"og:title\" content=\"\u00a1Tragedia en Benidorm! Colapso de andamios en torre de 18 plantas mata a dos obreros. - Diario 21\" \/>\n<meta property=\"og:description\" content=\"Dos Obreros Fallecen Tras Colapso de Andamios en Edificio de Benidorm En un tr\u00e1gico incidente en Benidorm, dos trabajadores de la construcci\u00f3n perdieron la vida despu\u00e9s ... Seguir leyendo &rarr;\" \/>\n<meta property=\"og:url\" content=\"https:\/\/www.diario21.tv\/noticias\/tragedia-en-benidorm-colapso-de-andamios-en-torre-de-18-plantas-mata-a-dos-obreros\/\" \/>\n<meta property=\"og:site_name\" content=\"Diario 21\" \/>\n<meta property=\"article:published_time\" content=\"2026-04-25T12:23:40+00:00\" \/>\n<meta property=\"article:modified_time\" content=\"2026-04-25T12:23:42+00:00\" \/>\n<meta property=\"og:image\" content=\"https:\/\/www.diario21.tv\/noticias\/wp-content\/uploads\/2026\/04\/\u00a1Tragedia-en-Benidorm-Colapso-de-andamios-en-torre-de-18.jpg\" \/>\n\t<meta property=\"og:image:width\" content=\"1200\" \/>\n\t<meta property=\"og:image:height\" content=\"840\" \/>\n\t<meta property=\"og:image:type\" content=\"image\/jpeg\" \/>\n<meta name=\"author\" content=\"Juan P\u00e9rez\" \/>\n<meta name=\"twitter:card\" content=\"summary_large_image\" \/>\n<meta name=\"twitter:label1\" content=\"Escrito por\" \/>\n\t<meta name=\"twitter:data1\" content=\"Juan P\u00e9rez\" \/>\n\t<meta name=\"twitter:label2\" content=\"Tiempo de lectura\" \/>\n\t<meta name=\"twitter:data2\" content=\"1 minuto\" \/>\n<script type=\"application\/ld+json\" class=\"yoast-schema-graph\">{\"@context\":\"https:\/\/schema.org\",\"@graph\":[{\"@type\":\"WebPage\",\"@id\":\"https:\/\/www.diario21.tv\/noticias\/tragedia-en-benidorm-colapso-de-andamios-en-torre-de-18-plantas-mata-a-dos-obreros\/\",\"url\":\"https:\/\/www.diario21.tv\/noticias\/tragedia-en-benidorm-colapso-de-andamios-en-torre-de-18-plantas-mata-a-dos-obreros\/\",\"name\":\"\u00a1Tragedia en Benidorm! Colapso de andamios en torre de 18 plantas mata a dos obreros. - Diario 21\",\"isPartOf\":{\"@id\":\"https:\/\/www.diario21.tv\/noticias\/#website\"},\"primaryImageOfPage\":{\"@id\":\"https:\/\/www.diario21.tv\/noticias\/tragedia-en-benidorm-colapso-de-andamios-en-torre-de-18-plantas-mata-a-dos-obreros\/#primaryimage\"},\"image\":{\"@id\":\"https:\/\/www.diario21.tv\/noticias\/tragedia-en-benidorm-colapso-de-andamios-en-torre-de-18-plantas-mata-a-dos-obreros\/#primaryimage\"},\"thumbnailUrl\":\"https:\/\/www.diario21.tv\/noticias\/wp-content\/uploads\/2026\/04\/\u00a1Tragedia-en-Benidorm-Colapso-de-andamios-en-torre-de-18.jpg\",\"datePublished\":\"2026-04-25T12:23:40+00:00\",\"dateModified\":\"2026-04-25T12:23:42+00:00\",\"author\":{\"@id\":\"https:\/\/www.diario21.tv\/noticias\/#\/schema\/person\/dfb778f73814d8f09f302618446a526b\"},\"breadcrumb\":{\"@id\":\"https:\/\/www.diario21.tv\/noticias\/tragedia-en-benidorm-colapso-de-andamios-en-torre-de-18-plantas-mata-a-dos-obreros\/#breadcrumb\"},\"inLanguage\":\"es-AR\",\"potentialAction\":[{\"@type\":\"ReadAction\",\"target\":[\"https:\/\/www.diario21.tv\/noticias\/tragedia-en-benidorm-colapso-de-andamios-en-torre-de-18-plantas-mata-a-dos-obreros\/\"]}]},{\"@type\":\"ImageObject\",\"inLanguage\":\"es-AR\",\"@id\":\"https:\/\/www.diario21.tv\/noticias\/tragedia-en-benidorm-colapso-de-andamios-en-torre-de-18-plantas-mata-a-dos-obreros\/#primaryimage\",\"url\":\"https:\/\/www.diario21.tv\/noticias\/wp-content\/uploads\/2026\/04\/\u00a1Tragedia-en-Benidorm-Colapso-de-andamios-en-torre-de-18.jpg\",\"contentUrl\":\"https:\/\/www.diario21.tv\/noticias\/wp-content\/uploads\/2026\/04\/\u00a1Tragedia-en-Benidorm-Colapso-de-andamios-en-torre-de-18.jpg\",\"width\":1200,\"height\":840,\"caption\":\"Mueren dos trabajadores al derrumbarse los andamios de obra en una torre de 18 plantas de Benidorm\"},{\"@type\":\"BreadcrumbList\",\"@id\":\"https:\/\/www.diario21.tv\/noticias\/tragedia-en-benidorm-colapso-de-andamios-en-torre-de-18-plantas-mata-a-dos-obreros\/#breadcrumb\",\"itemListElement\":[{\"@type\":\"ListItem\",\"position\":1,\"name\":\"Accueil\",\"item\":\"https:\/\/www.diario21.tv\/noticias\/\"},{\"@type\":\"ListItem\",\"position\":2,\"name\":\"\u00a1Tragedia en Benidorm! Colapso de andamios en torre de 18 plantas mata a dos obreros.\"}]},{\"@type\":\"WebSite\",\"@id\":\"https:\/\/www.diario21.tv\/noticias\/#website\",\"url\":\"https:\/\/www.diario21.tv\/noticias\/\",\"name\":\"Diario 21\",\"description\":\"\",\"potentialAction\":[{\"@type\":\"SearchAction\",\"target\":{\"@type\":\"EntryPoint\",\"urlTemplate\":\"https:\/\/www.diario21.tv\/noticias\/?s={search_term_string}\"},\"query-input\":{\"@type\":\"PropertyValueSpecification\",\"valueRequired\":true,\"valueName\":\"search_term_string\"}}],\"inLanguage\":\"es-AR\"},{\"@type\":\"Person\",\"@id\":\"https:\/\/www.diario21.tv\/noticias\/#\/schema\/person\/dfb778f73814d8f09f302618446a526b\",\"name\":\"Juan P\u00e9rez\",\"image\":{\"@type\":\"ImageObject\",\"inLanguage\":\"es-AR\",\"@id\":\"https:\/\/www.diario21.tv\/noticias\/#\/schema\/person\/image\/\",\"url\":\"https:\/\/secure.gravatar.com\/avatar\/c478a405bd10621167f4c3167cc770f5?s=96&d=mm&r=g\",\"contentUrl\":\"https:\/\/secure.gravatar.com\/avatar\/c478a405bd10621167f4c3167cc770f5?s=96&d=mm&r=g\",\"caption\":\"Juan P\u00e9rez\"},\"description\":\"Juan P\u00e9rez es el redactor en jefe de Diario 21. Con m\u00e1s de 10 a\u00f1os de experiencia en el periodismo, se especializa en pol\u00edtica nacional y an\u00e1lisis socioecon\u00f3mico. Su enfoque cr\u00edtico y riguroso aporta una perspectiva \u00fanica a cada art\u00edculo.\",\"sameAs\":[\"https:\/\/www.diario21.tv\/noticias\/\"],\"url\":\"https:\/\/www.diario21.tv\/noticias\/author\/juan-perez\/\"}]}<\/script>\n<!-- \/ Yoast SEO plugin. -->","yoast_head_json":{"title":"\u00a1Tragedia en Benidorm! Colapso de andamios en torre de 18 plantas mata a dos obreros. - Diario 21","robots":{"index":"index","follow":"follow","max-snippet":"max-snippet:-1","max-image-preview":"max-image-preview:large","max-video-preview":"max-video-preview:-1"},"canonical":"https:\/\/www.diario21.tv\/noticias\/tragedia-en-benidorm-colapso-de-andamios-en-torre-de-18-plantas-mata-a-dos-obreros\/","og_locale":"es_ES","og_type":"article","og_title":"\u00a1Tragedia en Benidorm! Colapso de andamios en torre de 18 plantas mata a dos obreros. - Diario 21","og_description":"Dos Obreros Fallecen Tras Colapso de Andamios en Edificio de Benidorm En un tr\u00e1gico incidente en Benidorm, dos trabajadores de la construcci\u00f3n perdieron la vida despu\u00e9s ... Seguir leyendo &rarr;","og_url":"https:\/\/www.diario21.tv\/noticias\/tragedia-en-benidorm-colapso-de-andamios-en-torre-de-18-plantas-mata-a-dos-obreros\/","og_site_name":"Diario 21","article_published_time":"2026-04-25T12:23:40+00:00","article_modified_time":"2026-04-25T12:23:42+00:00","og_image":[{"width":1200,"height":840,"url":"https:\/\/www.diario21.tv\/noticias\/wp-content\/uploads\/2026\/04\/\u00a1Tragedia-en-Benidorm-Colapso-de-andamios-en-torre-de-18.jpg","type":"image\/jpeg"}],"author":"Juan P\u00e9rez","twitter_card":"summary_large_image","twitter_misc":{"Escrito por":"Juan P\u00e9rez","Tiempo de lectura":"1 minuto"},"schema":{"@context":"https:\/\/schema.org","@graph":[{"@type":"WebPage","@id":"https:\/\/www.diario21.tv\/noticias\/tragedia-en-benidorm-colapso-de-andamios-en-torre-de-18-plantas-mata-a-dos-obreros\/","url":"https:\/\/www.diario21.tv\/noticias\/tragedia-en-benidorm-colapso-de-andamios-en-torre-de-18-plantas-mata-a-dos-obreros\/","name":"\u00a1Tragedia en Benidorm! Colapso de andamios en torre de 18 plantas mata a dos obreros. - Diario 21","isPartOf":{"@id":"https:\/\/www.diario21.tv\/noticias\/#website"},"primaryImageOfPage":{"@id":"https:\/\/www.diario21.tv\/noticias\/tragedia-en-benidorm-colapso-de-andamios-en-torre-de-18-plantas-mata-a-dos-obreros\/#primaryimage"},"image":{"@id":"https:\/\/www.diario21.tv\/noticias\/tragedia-en-benidorm-colapso-de-andamios-en-torre-de-18-plantas-mata-a-dos-obreros\/#primaryimage"},"thumbnailUrl":"https:\/\/www.diario21.tv\/noticias\/wp-content\/uploads\/2026\/04\/\u00a1Tragedia-en-Benidorm-Colapso-de-andamios-en-torre-de-18.jpg","datePublished":"2026-04-25T12:23:40+00:00","dateModified":"2026-04-25T12:23:42+00:00","author":{"@id":"https:\/\/www.diario21.tv\/noticias\/#\/schema\/person\/dfb778f73814d8f09f302618446a526b"},"breadcrumb":{"@id":"https:\/\/www.diario21.tv\/noticias\/tragedia-en-benidorm-colapso-de-andamios-en-torre-de-18-plantas-mata-a-dos-obreros\/#breadcrumb"},"inLanguage":"es-AR","potentialAction":[{"@type":"ReadAction","target":["https:\/\/www.diario21.tv\/noticias\/tragedia-en-benidorm-colapso-de-andamios-en-torre-de-18-plantas-mata-a-dos-obreros\/"]}]},{"@type":"ImageObject","inLanguage":"es-AR","@id":"https:\/\/www.diario21.tv\/noticias\/tragedia-en-benidorm-colapso-de-andamios-en-torre-de-18-plantas-mata-a-dos-obreros\/#primaryimage","url":"https:\/\/www.diario21.tv\/noticias\/wp-content\/uploads\/2026\/04\/\u00a1Tragedia-en-Benidorm-Colapso-de-andamios-en-torre-de-18.jpg","contentUrl":"https:\/\/www.diario21.tv\/noticias\/wp-content\/uploads\/2026\/04\/\u00a1Tragedia-en-Benidorm-Colapso-de-andamios-en-torre-de-18.jpg","width":1200,"height":840,"caption":"Mueren dos trabajadores al derrumbarse los andamios de obra en una torre de 18 plantas de Benidorm"},{"@type":"BreadcrumbList","@id":"https:\/\/www.diario21.tv\/noticias\/tragedia-en-benidorm-colapso-de-andamios-en-torre-de-18-plantas-mata-a-dos-obreros\/#breadcrumb","itemListElement":[{"@type":"ListItem","position":1,"name":"Accueil","item":"https:\/\/www.diario21.tv\/noticias\/"},{"@type":"ListItem","position":2,"name":"\u00a1Tragedia en Benidorm! Colapso de andamios en torre de 18 plantas mata a dos obreros."}]},{"@type":"WebSite","@id":"https:\/\/www.diario21.tv\/noticias\/#website","url":"https:\/\/www.diario21.tv\/noticias\/","name":"Diario 21","description":"","potentialAction":[{"@type":"SearchAction","target":{"@type":"EntryPoint","urlTemplate":"https:\/\/www.diario21.tv\/noticias\/?s={search_term_string}"},"query-input":{"@type":"PropertyValueSpecification","valueRequired":true,"valueName":"search_term_string"}}],"inLanguage":"es-AR"},{"@type":"Person","@id":"https:\/\/www.diario21.tv\/noticias\/#\/schema\/person\/dfb778f73814d8f09f302618446a526b","name":"Juan P\u00e9rez","image":{"@type":"ImageObject","inLanguage":"es-AR","@id":"https:\/\/www.diario21.tv\/noticias\/#\/schema\/person\/image\/","url":"https:\/\/secure.gravatar.com\/avatar\/c478a405bd10621167f4c3167cc770f5?s=96&d=mm&r=g","contentUrl":"https:\/\/secure.gravatar.com\/avatar\/c478a405bd10621167f4c3167cc770f5?s=96&d=mm&r=g","caption":"Juan P\u00e9rez"},"description":"Juan P\u00e9rez es el redactor en jefe de Diario 21. Con m\u00e1s de 10 a\u00f1os de experiencia en el periodismo, se especializa en pol\u00edtica nacional y an\u00e1lisis socioecon\u00f3mico. Su enfoque cr\u00edtico y riguroso aporta una perspectiva \u00fanica a cada art\u00edculo.","sameAs":["https:\/\/www.diario21.tv\/noticias\/"],"url":"https:\/\/www.diario21.tv\/noticias\/author\/juan-perez\/"}]}},"_links":{"self":[{"href":"https:\/\/www.diario21.tv\/noticias\/wp-json\/wp\/v2\/posts\/7005"}],"collection":[{"href":"https:\/\/www.diario21.tv\/noticias\/wp-json\/wp\/v2\/posts"}],"about":[{"href":"https:\/\/www.diario21.tv\/noticias\/wp-json\/wp\/v2\/types\/post"}],"author":[{"embeddable":true,"href":"https:\/\/www.diario21.tv\/noticias\/wp-json\/wp\/v2\/users\/20"}],"replies":[{"embeddable":true,"href":"https:\/\/www.diario21.tv\/noticias\/wp-json\/wp\/v2\/comments?post=7005"}],"version-history":[{"count":1,"href":"https:\/\/www.diario21.tv\/noticias\/wp-json\/wp\/v2\/posts\/7005\/revisions"}],"predecessor-version":[{"id":7007,"href":"https:\/\/www.diario21.tv\/noticias\/wp-json\/wp\/v2\/posts\/7005\/revisions\/7007"}],"wp:featuredmedia":[{"embeddable":true,"href":"https:\/\/www.diario21.tv\/noticias\/wp-json\/wp\/v2\/media\/7006"}],"wp:attachment":[{"href":"https:\/\/www.diario21.tv\/noticias\/wp-json\/wp\/v2\/media?parent=7005"}],"wp:term":[{"taxonomy":"category","embeddable":true,"href":"https:\/\/www.diario21.tv\/noticias\/wp-json\/wp\/v2\/categories?post=7005"},{"taxonomy":"post_tag","embeddable":true,"href":"https:\/\/www.diario21.tv\/noticias\/wp-json\/wp\/v2\/tags?post=7005"}],"curies":[{"name":"wp","href":"https:\/\/api.w.org\/{rel}","templated":true}]}}