{"id":7002,"date":"2026-04-25T06:20:17","date_gmt":"2026-04-25T06:20:17","guid":{"rendered":"https:\/\/www.diario21.tv\/noticias\/nina-de-22-meses-en-estado-critico-tras-brutal-ataque-de-perro-en-talavera-de-la-reina\/"},"modified":"2026-04-25T06:20:19","modified_gmt":"2026-04-25T06:20:19","slug":"nina-de-22-meses-en-estado-critico-tras-brutal-ataque-de-perro-en-talavera-de-la-reina","status":"publish","type":"post","link":"https:\/\/www.diario21.tv\/noticias\/nina-de-22-meses-en-estado-critico-tras-brutal-ataque-de-perro-en-talavera-de-la-reina\/","title":{"rendered":"Ni\u00f1a de 22 meses en estado cr\u00edtico tras brutal ataque de perro en Talavera de la Reina"},"content":{"rendered":"<h2>Una peque\u00f1a de 22 meses en estado cr\u00edtico tras sufrir un ataque canino en Talavera de la Reina<\/h2>\n<p>En un incidente alarmante ocurrido en Talavera de la Reina, una ni\u00f1a de tan solo 22 meses se encuentra en una situaci\u00f3n de salud extremadamente grave despu\u00e9s de ser mordida por un perro. El suceso ha conmocionado a la comunidad local y ha puesto de manifiesto la potencial peligrosidad de situaciones involucrando animales dom\u00e9sticos y ni\u00f1os peque\u00f1os.<\/p>\n<h3>Detalles del Incidente<\/h3>\n<p>El ataque tuvo lugar en una zona residencial de Talavera de la Reina, donde, seg\u00fan informes preliminares, la ni\u00f1a estaba en compa\u00f1\u00eda de adultos en el momento del incidente. Aparentemente, el perro, cuya raza no ha sido especificada, se encontraba tambi\u00e9n en el lugar y, por razones a\u00fan desconocidas, atac\u00f3 a la ni\u00f1a caus\u00e1ndole heridas graves.<\/p>\n<p>La r\u00e1pida intervenci\u00f3n de los servicios de emergencia fue crucial. Tras recibir la alerta, una ambulancia se traslad\u00f3 inmediatamente al lugar del suceso para prestar los primeros auxilios a la menor. Debido a la gravedad de sus lesiones, fue necesario su traslado urgente al hospital m\u00e1s cercano.<\/p>\n<h3>Respuesta M\u00e9dica y Condici\u00f3n Actual<\/h3>\n<p>Al llegar al hospital, el equipo m\u00e9dico realiz\u00f3 una evaluaci\u00f3n completa de las heridas de la ni\u00f1a, que inclu\u00edan mordeduras profundas en varias partes del cuerpo. La gravedad de estas lesiones llev\u00f3 a los m\u00e9dicos a decidir su ingreso inmediato en la unidad de cuidados intensivos pedi\u00e1tricos.<\/p>\n<p>Actualmente, la ni\u00f1a se encuentra bajo observaci\u00f3n constante mientras los m\u00e9dicos luchan por estabilizar su estado. La comunidad m\u00e9dica ha expresado su preocupaci\u00f3n, pero se mantiene esperanzada en que la respuesta al tratamiento sea positiva y que la peque\u00f1a pueda recuperarse completamente de este tr\u00e1gico suceso.<\/p>\n<h3>Investigaci\u00f3n en Curso<\/h3>\n<p>Las autoridades han iniciado una investigaci\u00f3n para esclarecer las circunstancias exactas del ataque. Esto incluye determinar la propiedad del perro, su historial de comportamiento y si exist\u00edan medidas de seguridad adecuadas para prevenir este tipo de incidentes. La polic\u00eda local est\u00e1 trabajando en colaboraci\u00f3n con especialistas en comportamiento animal para entender mejor qu\u00e9 pudo haber desencadenado el ataque.<\/p>\n<h3>Reacciones y Medidas Preventivas<\/h3>\n<p>Este incidente ha generado una ola de reacciones entre los residentes de Talavera de la Reina y ha reavivado el debate sobre la tenencia responsable de mascotas y las medidas de seguridad necesarias cuando se tienen animales potencialmente peligrosos en entornos con ni\u00f1os.<\/p>\n<p>Las autoridades locales han aprovechado esta lamentable situaci\u00f3n para recordar a los propietarios de perros la importancia de cumplir con la legislaci\u00f3n vigente en materia de tenencia de mascotas y de asegurarse de que estos animales est\u00e9n adecuadamente adiestrados y controlados en todo momento.<\/p>\n<p>Este tr\u00e1gico evento subraya la necesidad de vigilancia y precauci\u00f3n constante para proteger a los m\u00e1s vulnerables de nuestra sociedad y asegurar que tales incidentes no se repitan en el futuro.<\/p>\n\n\n<div class=\"kk-star-ratings kksr-auto kksr-align-left kksr-valign-bottom\"\n    data-payload='{&quot;align&quot;:&quot;left&quot;,&quot;id&quot;:&quot;7002&quot;,&quot;slug&quot;:&quot;default&quot;,&quot;valign&quot;:&quot;bottom&quot;,&quot;ignore&quot;:&quot;&quot;,&quot;reference&quot;:&quot;auto&quot;,&quot;class&quot;:&quot;&quot;,&quot;count&quot;:&quot;0&quot;,&quot;legendonly&quot;:&quot;&quot;,&quot;readonly&quot;:&quot;&quot;,&quot;score&quot;:&quot;0&quot;,&quot;starsonly&quot;:&quot;&quot;,&quot;best&quot;:&quot;5&quot;,&quot;gap&quot;:&quot;5&quot;,&quot;greet&quot;:&quot;Valora este post&quot;,&quot;legend&quot;:&quot;0\\\/5 - (0 votes)&quot;,&quot;size&quot;:&quot;22&quot;,&quot;title&quot;:&quot;Ni\u00f1a de 22 meses en estado cr\u00edtico tras brutal ataque de perro en Talavera de la Reina&quot;,&quot;width&quot;:&quot;0&quot;,&quot;_legend&quot;:&quot;{score}\\\/{best} - ({count} {votes})&quot;,&quot;font_factor&quot;:&quot;1.25&quot;}'>\n            \n<div class=\"kksr-stars\">\n    \n<div class=\"kksr-stars-inactive\">\n            <div class=\"kksr-star\" data-star=\"1\" style=\"padding-right: 5px\">\n            \n\n<div class=\"kksr-icon\" style=\"width: 22px; height: 22px;\"><\/div>\n        <\/div>\n            <div class=\"kksr-star\" data-star=\"2\" style=\"padding-right: 5px\">\n            \n\n<div class=\"kksr-icon\" style=\"width: 22px; height: 22px;\"><\/div>\n        <\/div>\n            <div class=\"kksr-star\" data-star=\"3\" style=\"padding-right: 5px\">\n            \n\n<div class=\"kksr-icon\" style=\"width: 22px; height: 22px;\"><\/div>\n        <\/div>\n            <div class=\"kksr-star\" data-star=\"4\" style=\"padding-right: 5px\">\n            \n\n<div class=\"kksr-icon\" style=\"width: 22px; height: 22px;\"><\/div>\n        <\/div>\n            <div class=\"kksr-star\" data-star=\"5\" style=\"padding-right: 5px\">\n            \n\n<div class=\"kksr-icon\" style=\"width: 22px; height: 22px;\"><\/div>\n        <\/div>\n    <\/div>\n    \n<div class=\"kksr-stars-active\" style=\"width: 0px;\">\n            <div class=\"kksr-star\" style=\"padding-right: 5px\">\n            \n\n<div class=\"kksr-icon\" style=\"width: 22px; height: 22px;\"><\/div>\n        <\/div>\n            <div class=\"kksr-star\" style=\"padding-right: 5px\">\n            \n\n<div class=\"kksr-icon\" style=\"width: 22px; height: 22px;\"><\/div>\n        <\/div>\n            <div class=\"kksr-star\" style=\"padding-right: 5px\">\n            \n\n<div class=\"kksr-icon\" style=\"width: 22px; height: 22px;\"><\/div>\n        <\/div>\n            <div class=\"kksr-star\" style=\"padding-right: 5px\">\n            \n\n<div class=\"kksr-icon\" style=\"width: 22px; height: 22px;\"><\/div>\n        <\/div>\n            <div class=\"kksr-star\" style=\"padding-right: 5px\">\n            \n\n<div class=\"kksr-icon\" style=\"width: 22px; height: 22px;\"><\/div>\n        <\/div>\n    <\/div>\n<\/div>\n                \n\n<div class=\"kksr-legend\" style=\"font-size: 17.6px;\">\n            <span class=\"kksr-muted\">Valora este post<\/span>\n    <\/div>\n    <\/div>\n","protected":false},"excerpt":{"rendered":"<p>Una peque\u00f1a de 22 meses en estado cr\u00edtico tras sufrir un ataque canino en Talavera de la Reina En un incidente alarmante ocurrido en Talavera de &#8230; <a title=\"Ni\u00f1a de 22 meses en estado cr\u00edtico tras brutal ataque de perro en Talavera de la Reina\" class=\"read-more\" href=\"https:\/\/www.diario21.tv\/noticias\/nina-de-22-meses-en-estado-critico-tras-brutal-ataque-de-perro-en-talavera-de-la-reina\/\" aria-label=\"Leer m\u00e1s sobre Ni\u00f1a de 22 meses en estado cr\u00edtico tras brutal ataque de perro en Talavera de la Reina\">Seguir leyendo &rarr;<\/a><\/p>\n","protected":false},"author":20,"featured_media":7003,"comment_status":"open","ping_status":"open","sticky":false,"template":"","format":"standard","meta":{"footnotes":""},"categories":[13],"tags":[],"class_list":["post-7002","post","type-post","status-publish","format-standard","has-post-thumbnail","hentry","category-portada"],"yoast_head":"<!-- This site is optimized with the Yoast SEO plugin v25.6 - https:\/\/yoast.com\/wordpress\/plugins\/seo\/ -->\n<title>Ni\u00f1a de 22 meses en estado cr\u00edtico tras brutal ataque de perro en Talavera de la Reina - Diario 21<\/title>\n<meta name=\"robots\" content=\"index, follow, max-snippet:-1, max-image-preview:large, max-video-preview:-1\" \/>\n<link rel=\"canonical\" href=\"https:\/\/www.diario21.tv\/noticias\/nina-de-22-meses-en-estado-critico-tras-brutal-ataque-de-perro-en-talavera-de-la-reina\/\" \/>\n<meta property=\"og:locale\" content=\"es_ES\" \/>\n<meta property=\"og:type\" content=\"article\" \/>\n<meta property=\"og:title\" content=\"Ni\u00f1a de 22 meses en estado cr\u00edtico tras brutal ataque de perro en Talavera de la Reina - Diario 21\" \/>\n<meta property=\"og:description\" content=\"Una peque\u00f1a de 22 meses en estado cr\u00edtico tras sufrir un ataque canino en Talavera de la Reina En un incidente alarmante ocurrido en Talavera de ... Seguir leyendo &rarr;\" \/>\n<meta property=\"og:url\" content=\"https:\/\/www.diario21.tv\/noticias\/nina-de-22-meses-en-estado-critico-tras-brutal-ataque-de-perro-en-talavera-de-la-reina\/\" \/>\n<meta property=\"og:site_name\" content=\"Diario 21\" \/>\n<meta property=\"article:published_time\" content=\"2026-04-25T06:20:17+00:00\" \/>\n<meta property=\"article:modified_time\" content=\"2026-04-25T06:20:19+00:00\" \/>\n<meta property=\"og:image\" content=\"https:\/\/www.diario21.tv\/noticias\/wp-content\/uploads\/2026\/04\/Nina-de-22-meses-en-estado-critico-tras-brutal-ataque.jpg\" \/>\n\t<meta property=\"og:image:width\" content=\"1200\" \/>\n\t<meta property=\"og:image:height\" content=\"840\" \/>\n\t<meta property=\"og:image:type\" content=\"image\/jpeg\" \/>\n<meta name=\"author\" content=\"Juan P\u00e9rez\" \/>\n<meta name=\"twitter:card\" content=\"summary_large_image\" \/>\n<meta name=\"twitter:label1\" content=\"Escrito por\" \/>\n\t<meta name=\"twitter:data1\" content=\"Juan P\u00e9rez\" \/>\n\t<meta name=\"twitter:label2\" content=\"Tiempo de lectura\" \/>\n\t<meta name=\"twitter:data2\" content=\"3 minutos\" \/>\n<script type=\"application\/ld+json\" class=\"yoast-schema-graph\">{\"@context\":\"https:\/\/schema.org\",\"@graph\":[{\"@type\":\"WebPage\",\"@id\":\"https:\/\/www.diario21.tv\/noticias\/nina-de-22-meses-en-estado-critico-tras-brutal-ataque-de-perro-en-talavera-de-la-reina\/\",\"url\":\"https:\/\/www.diario21.tv\/noticias\/nina-de-22-meses-en-estado-critico-tras-brutal-ataque-de-perro-en-talavera-de-la-reina\/\",\"name\":\"Ni\u00f1a de 22 meses en estado cr\u00edtico tras brutal ataque de perro en Talavera de la Reina - Diario 21\",\"isPartOf\":{\"@id\":\"https:\/\/www.diario21.tv\/noticias\/#website\"},\"primaryImageOfPage\":{\"@id\":\"https:\/\/www.diario21.tv\/noticias\/nina-de-22-meses-en-estado-critico-tras-brutal-ataque-de-perro-en-talavera-de-la-reina\/#primaryimage\"},\"image\":{\"@id\":\"https:\/\/www.diario21.tv\/noticias\/nina-de-22-meses-en-estado-critico-tras-brutal-ataque-de-perro-en-talavera-de-la-reina\/#primaryimage\"},\"thumbnailUrl\":\"https:\/\/www.diario21.tv\/noticias\/wp-content\/uploads\/2026\/04\/Nina-de-22-meses-en-estado-critico-tras-brutal-ataque.jpg\",\"datePublished\":\"2026-04-25T06:20:17+00:00\",\"dateModified\":\"2026-04-25T06:20:19+00:00\",\"author\":{\"@id\":\"https:\/\/www.diario21.tv\/noticias\/#\/schema\/person\/dfb778f73814d8f09f302618446a526b\"},\"breadcrumb\":{\"@id\":\"https:\/\/www.diario21.tv\/noticias\/nina-de-22-meses-en-estado-critico-tras-brutal-ataque-de-perro-en-talavera-de-la-reina\/#breadcrumb\"},\"inLanguage\":\"es-AR\",\"potentialAction\":[{\"@type\":\"ReadAction\",\"target\":[\"https:\/\/www.diario21.tv\/noticias\/nina-de-22-meses-en-estado-critico-tras-brutal-ataque-de-perro-en-talavera-de-la-reina\/\"]}]},{\"@type\":\"ImageObject\",\"inLanguage\":\"es-AR\",\"@id\":\"https:\/\/www.diario21.tv\/noticias\/nina-de-22-meses-en-estado-critico-tras-brutal-ataque-de-perro-en-talavera-de-la-reina\/#primaryimage\",\"url\":\"https:\/\/www.diario21.tv\/noticias\/wp-content\/uploads\/2026\/04\/Nina-de-22-meses-en-estado-critico-tras-brutal-ataque.jpg\",\"contentUrl\":\"https:\/\/www.diario21.tv\/noticias\/wp-content\/uploads\/2026\/04\/Nina-de-22-meses-en-estado-critico-tras-brutal-ataque.jpg\",\"width\":1200,\"height\":840,\"caption\":\"En estado muy grave una ni\u00f1a de 22 meses tras ser atacada por un perro en Talavera de la Reina\"},{\"@type\":\"BreadcrumbList\",\"@id\":\"https:\/\/www.diario21.tv\/noticias\/nina-de-22-meses-en-estado-critico-tras-brutal-ataque-de-perro-en-talavera-de-la-reina\/#breadcrumb\",\"itemListElement\":[{\"@type\":\"ListItem\",\"position\":1,\"name\":\"Accueil\",\"item\":\"https:\/\/www.diario21.tv\/noticias\/\"},{\"@type\":\"ListItem\",\"position\":2,\"name\":\"Ni\u00f1a de 22 meses en estado cr\u00edtico tras brutal ataque de perro en Talavera de la Reina\"}]},{\"@type\":\"WebSite\",\"@id\":\"https:\/\/www.diario21.tv\/noticias\/#website\",\"url\":\"https:\/\/www.diario21.tv\/noticias\/\",\"name\":\"Diario 21\",\"description\":\"\",\"potentialAction\":[{\"@type\":\"SearchAction\",\"target\":{\"@type\":\"EntryPoint\",\"urlTemplate\":\"https:\/\/www.diario21.tv\/noticias\/?s={search_term_string}\"},\"query-input\":{\"@type\":\"PropertyValueSpecification\",\"valueRequired\":true,\"valueName\":\"search_term_string\"}}],\"inLanguage\":\"es-AR\"},{\"@type\":\"Person\",\"@id\":\"https:\/\/www.diario21.tv\/noticias\/#\/schema\/person\/dfb778f73814d8f09f302618446a526b\",\"name\":\"Juan P\u00e9rez\",\"image\":{\"@type\":\"ImageObject\",\"inLanguage\":\"es-AR\",\"@id\":\"https:\/\/www.diario21.tv\/noticias\/#\/schema\/person\/image\/\",\"url\":\"https:\/\/secure.gravatar.com\/avatar\/c478a405bd10621167f4c3167cc770f5?s=96&d=mm&r=g\",\"contentUrl\":\"https:\/\/secure.gravatar.com\/avatar\/c478a405bd10621167f4c3167cc770f5?s=96&d=mm&r=g\",\"caption\":\"Juan P\u00e9rez\"},\"description\":\"Juan P\u00e9rez es el redactor en jefe de Diario 21. Con m\u00e1s de 10 a\u00f1os de experiencia en el periodismo, se especializa en pol\u00edtica nacional y an\u00e1lisis socioecon\u00f3mico. Su enfoque cr\u00edtico y riguroso aporta una perspectiva \u00fanica a cada art\u00edculo.\",\"sameAs\":[\"https:\/\/www.diario21.tv\/noticias\/\"],\"url\":\"https:\/\/www.diario21.tv\/noticias\/author\/juan-perez\/\"}]}<\/script>\n<!-- \/ Yoast SEO plugin. -->","yoast_head_json":{"title":"Ni\u00f1a de 22 meses en estado cr\u00edtico tras brutal ataque de perro en Talavera de la Reina - Diario 21","robots":{"index":"index","follow":"follow","max-snippet":"max-snippet:-1","max-image-preview":"max-image-preview:large","max-video-preview":"max-video-preview:-1"},"canonical":"https:\/\/www.diario21.tv\/noticias\/nina-de-22-meses-en-estado-critico-tras-brutal-ataque-de-perro-en-talavera-de-la-reina\/","og_locale":"es_ES","og_type":"article","og_title":"Ni\u00f1a de 22 meses en estado cr\u00edtico tras brutal ataque de perro en Talavera de la Reina - Diario 21","og_description":"Una peque\u00f1a de 22 meses en estado cr\u00edtico tras sufrir un ataque canino en Talavera de la Reina En un incidente alarmante ocurrido en Talavera de ... Seguir leyendo &rarr;","og_url":"https:\/\/www.diario21.tv\/noticias\/nina-de-22-meses-en-estado-critico-tras-brutal-ataque-de-perro-en-talavera-de-la-reina\/","og_site_name":"Diario 21","article_published_time":"2026-04-25T06:20:17+00:00","article_modified_time":"2026-04-25T06:20:19+00:00","og_image":[{"width":1200,"height":840,"url":"https:\/\/www.diario21.tv\/noticias\/wp-content\/uploads\/2026\/04\/Nina-de-22-meses-en-estado-critico-tras-brutal-ataque.jpg","type":"image\/jpeg"}],"author":"Juan P\u00e9rez","twitter_card":"summary_large_image","twitter_misc":{"Escrito por":"Juan P\u00e9rez","Tiempo de lectura":"3 minutos"},"schema":{"@context":"https:\/\/schema.org","@graph":[{"@type":"WebPage","@id":"https:\/\/www.diario21.tv\/noticias\/nina-de-22-meses-en-estado-critico-tras-brutal-ataque-de-perro-en-talavera-de-la-reina\/","url":"https:\/\/www.diario21.tv\/noticias\/nina-de-22-meses-en-estado-critico-tras-brutal-ataque-de-perro-en-talavera-de-la-reina\/","name":"Ni\u00f1a de 22 meses en estado cr\u00edtico tras brutal ataque de perro en Talavera de la Reina - Diario 21","isPartOf":{"@id":"https:\/\/www.diario21.tv\/noticias\/#website"},"primaryImageOfPage":{"@id":"https:\/\/www.diario21.tv\/noticias\/nina-de-22-meses-en-estado-critico-tras-brutal-ataque-de-perro-en-talavera-de-la-reina\/#primaryimage"},"image":{"@id":"https:\/\/www.diario21.tv\/noticias\/nina-de-22-meses-en-estado-critico-tras-brutal-ataque-de-perro-en-talavera-de-la-reina\/#primaryimage"},"thumbnailUrl":"https:\/\/www.diario21.tv\/noticias\/wp-content\/uploads\/2026\/04\/Nina-de-22-meses-en-estado-critico-tras-brutal-ataque.jpg","datePublished":"2026-04-25T06:20:17+00:00","dateModified":"2026-04-25T06:20:19+00:00","author":{"@id":"https:\/\/www.diario21.tv\/noticias\/#\/schema\/person\/dfb778f73814d8f09f302618446a526b"},"breadcrumb":{"@id":"https:\/\/www.diario21.tv\/noticias\/nina-de-22-meses-en-estado-critico-tras-brutal-ataque-de-perro-en-talavera-de-la-reina\/#breadcrumb"},"inLanguage":"es-AR","potentialAction":[{"@type":"ReadAction","target":["https:\/\/www.diario21.tv\/noticias\/nina-de-22-meses-en-estado-critico-tras-brutal-ataque-de-perro-en-talavera-de-la-reina\/"]}]},{"@type":"ImageObject","inLanguage":"es-AR","@id":"https:\/\/www.diario21.tv\/noticias\/nina-de-22-meses-en-estado-critico-tras-brutal-ataque-de-perro-en-talavera-de-la-reina\/#primaryimage","url":"https:\/\/www.diario21.tv\/noticias\/wp-content\/uploads\/2026\/04\/Nina-de-22-meses-en-estado-critico-tras-brutal-ataque.jpg","contentUrl":"https:\/\/www.diario21.tv\/noticias\/wp-content\/uploads\/2026\/04\/Nina-de-22-meses-en-estado-critico-tras-brutal-ataque.jpg","width":1200,"height":840,"caption":"En estado muy grave una ni\u00f1a de 22 meses tras ser atacada por un perro en Talavera de la Reina"},{"@type":"BreadcrumbList","@id":"https:\/\/www.diario21.tv\/noticias\/nina-de-22-meses-en-estado-critico-tras-brutal-ataque-de-perro-en-talavera-de-la-reina\/#breadcrumb","itemListElement":[{"@type":"ListItem","position":1,"name":"Accueil","item":"https:\/\/www.diario21.tv\/noticias\/"},{"@type":"ListItem","position":2,"name":"Ni\u00f1a de 22 meses en estado cr\u00edtico tras brutal ataque de perro en Talavera de la Reina"}]},{"@type":"WebSite","@id":"https:\/\/www.diario21.tv\/noticias\/#website","url":"https:\/\/www.diario21.tv\/noticias\/","name":"Diario 21","description":"","potentialAction":[{"@type":"SearchAction","target":{"@type":"EntryPoint","urlTemplate":"https:\/\/www.diario21.tv\/noticias\/?s={search_term_string}"},"query-input":{"@type":"PropertyValueSpecification","valueRequired":true,"valueName":"search_term_string"}}],"inLanguage":"es-AR"},{"@type":"Person","@id":"https:\/\/www.diario21.tv\/noticias\/#\/schema\/person\/dfb778f73814d8f09f302618446a526b","name":"Juan P\u00e9rez","image":{"@type":"ImageObject","inLanguage":"es-AR","@id":"https:\/\/www.diario21.tv\/noticias\/#\/schema\/person\/image\/","url":"https:\/\/secure.gravatar.com\/avatar\/c478a405bd10621167f4c3167cc770f5?s=96&d=mm&r=g","contentUrl":"https:\/\/secure.gravatar.com\/avatar\/c478a405bd10621167f4c3167cc770f5?s=96&d=mm&r=g","caption":"Juan P\u00e9rez"},"description":"Juan P\u00e9rez es el redactor en jefe de Diario 21. Con m\u00e1s de 10 a\u00f1os de experiencia en el periodismo, se especializa en pol\u00edtica nacional y an\u00e1lisis socioecon\u00f3mico. Su enfoque cr\u00edtico y riguroso aporta una perspectiva \u00fanica a cada art\u00edculo.","sameAs":["https:\/\/www.diario21.tv\/noticias\/"],"url":"https:\/\/www.diario21.tv\/noticias\/author\/juan-perez\/"}]}},"_links":{"self":[{"href":"https:\/\/www.diario21.tv\/noticias\/wp-json\/wp\/v2\/posts\/7002"}],"collection":[{"href":"https:\/\/www.diario21.tv\/noticias\/wp-json\/wp\/v2\/posts"}],"about":[{"href":"https:\/\/www.diario21.tv\/noticias\/wp-json\/wp\/v2\/types\/post"}],"author":[{"embeddable":true,"href":"https:\/\/www.diario21.tv\/noticias\/wp-json\/wp\/v2\/users\/20"}],"replies":[{"embeddable":true,"href":"https:\/\/www.diario21.tv\/noticias\/wp-json\/wp\/v2\/comments?post=7002"}],"version-history":[{"count":1,"href":"https:\/\/www.diario21.tv\/noticias\/wp-json\/wp\/v2\/posts\/7002\/revisions"}],"predecessor-version":[{"id":7004,"href":"https:\/\/www.diario21.tv\/noticias\/wp-json\/wp\/v2\/posts\/7002\/revisions\/7004"}],"wp:featuredmedia":[{"embeddable":true,"href":"https:\/\/www.diario21.tv\/noticias\/wp-json\/wp\/v2\/media\/7003"}],"wp:attachment":[{"href":"https:\/\/www.diario21.tv\/noticias\/wp-json\/wp\/v2\/media?parent=7002"}],"wp:term":[{"taxonomy":"category","embeddable":true,"href":"https:\/\/www.diario21.tv\/noticias\/wp-json\/wp\/v2\/categories?post=7002"},{"taxonomy":"post_tag","embeddable":true,"href":"https:\/\/www.diario21.tv\/noticias\/wp-json\/wp\/v2\/tags?post=7002"}],"curies":[{"name":"wp","href":"https:\/\/api.w.org\/{rel}","templated":true}]}}