{"id":6996,"date":"2026-04-24T18:16:39","date_gmt":"2026-04-24T18:16:39","guid":{"rendered":"https:\/\/www.diario21.tv\/noticias\/alerta-en-almunecar-tiburon-de-tres-metros-avistado-cerca-de-la-costa\/"},"modified":"2026-04-24T18:16:41","modified_gmt":"2026-04-24T18:16:41","slug":"alerta-en-almunecar-tiburon-de-tres-metros-avistado-cerca-de-la-costa","status":"publish","type":"post","link":"https:\/\/www.diario21.tv\/noticias\/alerta-en-almunecar-tiburon-de-tres-metros-avistado-cerca-de-la-costa\/","title":{"rendered":"\u00a1Alerta en Almu\u00f1\u00e9car! Tibur\u00f3n de tres metros avistado cerca de la costa"},"content":{"rendered":"<h2>Observaci\u00f3n de un Tibur\u00f3n de Tres Metros Cerca de Almu\u00f1\u00e9car<\/h2>\n<p>En un reciente y sorprendente evento, un tibur\u00f3n de considerable tama\u00f1o, aproximadamente tres metros de longitud, fue visto en aguas abiertas a unas cuatro millas n\u00e1uticas de la costa de Almu\u00f1\u00e9car. Este avistamiento ha captado la atenci\u00f3n tanto de locales como de autoridades, dada la proximidad del animal a zonas frecuentadas por ba\u00f1istas y embarcaciones.<\/p>\n<h3>Detalles del Avistamiento<\/h3>\n<p>El encuentro tuvo lugar en la ma\u00f1ana del pasado s\u00e1bado, cuando un grupo de pescadores que navegaban en la zona se percataron de la presencia del escualo. Seg\u00fan relatos de los testigos, el tibur\u00f3n parec\u00eda estar simplemente pasando por el \u00e1rea, sin mostrar signos de agresividad o alteraci\u00f3n. A pesar de la sorpresa inicial, los pescadores lograron mantener la calma y observar al animal desde una distancia segura.<\/p>\n<h3>Reacciones y Medidas de Seguridad<\/h3>\n<p>Tras el avistamiento, las autoridades locales se movilizaron para verificar la informaci\u00f3n y evaluar la situaci\u00f3n. Se ha emitido un aviso a los navegantes y ba\u00f1istas para que ejerzan precauci\u00f3n y eviten acercarse a la zona donde fue visto el tibur\u00f3n. Por el momento, no se han reportado otros avistamientos ni incidentes relacionados.<\/p>\n<p>Expertos en vida marina han comentado que aunque los tiburones no son comunes en las aguas cercanas a Almu\u00f1\u00e9car, ocasionalmente pueden ser vistos durante sus migraciones o en b\u00fasqueda de alimento. Recomiendan a la poblaci\u00f3n local y a los turistas mantenerse informados y seguir las indicaciones de las autoridades para garantizar su seguridad.<\/p>\n<h3>Implicaciones para la Comunidad Local<\/h3>\n<p>El avistamiento ha generado curiosidad y un cierto nivel de preocupaci\u00f3n entre los residentes y visitantes de Almu\u00f1\u00e9car. Las playas de la zona son populares entre turistas y lugare\u00f1os, y eventos como este podr\u00edan afectar la percepci\u00f3n de seguridad en el \u00e1rea. Sin embargo, tambi\u00e9n ha proporcionado una oportunidad para educar al p\u00fablico sobre la fauna marina y la importancia de respetar el h\u00e1bitat natural de estas especies.<\/p>\n<p>Las autoridades contin\u00faan monitoreando la situaci\u00f3n y han reforzado las patrullas mar\u00edtimas para asegurar que el tibur\u00f3n no represente una amenaza para la seguridad p\u00fablica. Adem\u00e1s, se est\u00e1n llevando a cabo campa\u00f1as de informaci\u00f3n para asegurar que todos los ba\u00f1istas y navegantes conozcan los protocolos de seguridad en caso de un nuevo avistamiento.<\/p>\n<p>Este evento subraya la necesidad de coexistir respetuosamente con todas las formas de vida marina y de mantener un equilibrio entre las actividades humanas y la conservaci\u00f3n del medio ambiente marino.<\/p>\n\n\n<div class=\"kk-star-ratings kksr-auto kksr-align-left kksr-valign-bottom\"\n    data-payload='{&quot;align&quot;:&quot;left&quot;,&quot;id&quot;:&quot;6996&quot;,&quot;slug&quot;:&quot;default&quot;,&quot;valign&quot;:&quot;bottom&quot;,&quot;ignore&quot;:&quot;&quot;,&quot;reference&quot;:&quot;auto&quot;,&quot;class&quot;:&quot;&quot;,&quot;count&quot;:&quot;0&quot;,&quot;legendonly&quot;:&quot;&quot;,&quot;readonly&quot;:&quot;&quot;,&quot;score&quot;:&quot;0&quot;,&quot;starsonly&quot;:&quot;&quot;,&quot;best&quot;:&quot;5&quot;,&quot;gap&quot;:&quot;5&quot;,&quot;greet&quot;:&quot;Valora este post&quot;,&quot;legend&quot;:&quot;0\\\/5 - (0 votes)&quot;,&quot;size&quot;:&quot;22&quot;,&quot;title&quot;:&quot;\u00a1Alerta en Almu\u00f1\u00e9car! Tibur\u00f3n de tres metros avistado cerca de la costa&quot;,&quot;width&quot;:&quot;0&quot;,&quot;_legend&quot;:&quot;{score}\\\/{best} - ({count} {votes})&quot;,&quot;font_factor&quot;:&quot;1.25&quot;}'>\n            \n<div class=\"kksr-stars\">\n    \n<div class=\"kksr-stars-inactive\">\n            <div class=\"kksr-star\" data-star=\"1\" style=\"padding-right: 5px\">\n            \n\n<div class=\"kksr-icon\" style=\"width: 22px; height: 22px;\"><\/div>\n        <\/div>\n            <div class=\"kksr-star\" data-star=\"2\" style=\"padding-right: 5px\">\n            \n\n<div class=\"kksr-icon\" style=\"width: 22px; height: 22px;\"><\/div>\n        <\/div>\n            <div class=\"kksr-star\" data-star=\"3\" style=\"padding-right: 5px\">\n            \n\n<div class=\"kksr-icon\" style=\"width: 22px; height: 22px;\"><\/div>\n        <\/div>\n            <div class=\"kksr-star\" data-star=\"4\" style=\"padding-right: 5px\">\n            \n\n<div class=\"kksr-icon\" style=\"width: 22px; height: 22px;\"><\/div>\n        <\/div>\n            <div class=\"kksr-star\" data-star=\"5\" style=\"padding-right: 5px\">\n            \n\n<div class=\"kksr-icon\" style=\"width: 22px; height: 22px;\"><\/div>\n        <\/div>\n    <\/div>\n    \n<div class=\"kksr-stars-active\" style=\"width: 0px;\">\n            <div class=\"kksr-star\" style=\"padding-right: 5px\">\n            \n\n<div class=\"kksr-icon\" style=\"width: 22px; height: 22px;\"><\/div>\n        <\/div>\n            <div class=\"kksr-star\" style=\"padding-right: 5px\">\n            \n\n<div class=\"kksr-icon\" style=\"width: 22px; height: 22px;\"><\/div>\n        <\/div>\n            <div class=\"kksr-star\" style=\"padding-right: 5px\">\n            \n\n<div class=\"kksr-icon\" style=\"width: 22px; height: 22px;\"><\/div>\n        <\/div>\n            <div class=\"kksr-star\" style=\"padding-right: 5px\">\n            \n\n<div class=\"kksr-icon\" style=\"width: 22px; height: 22px;\"><\/div>\n        <\/div>\n            <div class=\"kksr-star\" style=\"padding-right: 5px\">\n            \n\n<div class=\"kksr-icon\" style=\"width: 22px; height: 22px;\"><\/div>\n        <\/div>\n    <\/div>\n<\/div>\n                \n\n<div class=\"kksr-legend\" style=\"font-size: 17.6px;\">\n            <span class=\"kksr-muted\">Valora este post<\/span>\n    <\/div>\n    <\/div>\n","protected":false},"excerpt":{"rendered":"<p>Observaci\u00f3n de un Tibur\u00f3n de Tres Metros Cerca de Almu\u00f1\u00e9car En un reciente y sorprendente evento, un tibur\u00f3n de considerable tama\u00f1o, aproximadamente tres metros de longitud, &#8230; <a title=\"\u00a1Alerta en Almu\u00f1\u00e9car! Tibur\u00f3n de tres metros avistado cerca de la costa\" class=\"read-more\" href=\"https:\/\/www.diario21.tv\/noticias\/alerta-en-almunecar-tiburon-de-tres-metros-avistado-cerca-de-la-costa\/\" aria-label=\"Leer m\u00e1s sobre \u00a1Alerta en Almu\u00f1\u00e9car! Tibur\u00f3n de tres metros avistado cerca de la costa\">Seguir leyendo &rarr;<\/a><\/p>\n","protected":false},"author":20,"featured_media":6997,"comment_status":"open","ping_status":"open","sticky":false,"template":"","format":"standard","meta":{"footnotes":""},"categories":[13],"tags":[],"class_list":["post-6996","post","type-post","status-publish","format-standard","has-post-thumbnail","hentry","category-portada"],"yoast_head":"<!-- This site is optimized with the Yoast SEO plugin v25.6 - https:\/\/yoast.com\/wordpress\/plugins\/seo\/ -->\n<title>\u00a1Alerta en Almu\u00f1\u00e9car! Tibur\u00f3n de tres metros avistado cerca de la costa - Diario 21<\/title>\n<meta name=\"robots\" content=\"index, follow, max-snippet:-1, max-image-preview:large, max-video-preview:-1\" \/>\n<link rel=\"canonical\" href=\"https:\/\/www.diario21.tv\/noticias\/alerta-en-almunecar-tiburon-de-tres-metros-avistado-cerca-de-la-costa\/\" \/>\n<meta property=\"og:locale\" content=\"es_ES\" \/>\n<meta property=\"og:type\" content=\"article\" \/>\n<meta property=\"og:title\" content=\"\u00a1Alerta en Almu\u00f1\u00e9car! Tibur\u00f3n de tres metros avistado cerca de la costa - Diario 21\" \/>\n<meta property=\"og:description\" content=\"Observaci\u00f3n de un Tibur\u00f3n de Tres Metros Cerca de Almu\u00f1\u00e9car En un reciente y sorprendente evento, un tibur\u00f3n de considerable tama\u00f1o, aproximadamente tres metros de longitud, ... Seguir leyendo &rarr;\" \/>\n<meta property=\"og:url\" content=\"https:\/\/www.diario21.tv\/noticias\/alerta-en-almunecar-tiburon-de-tres-metros-avistado-cerca-de-la-costa\/\" \/>\n<meta property=\"og:site_name\" content=\"Diario 21\" \/>\n<meta property=\"article:published_time\" content=\"2026-04-24T18:16:39+00:00\" \/>\n<meta property=\"article:modified_time\" content=\"2026-04-24T18:16:41+00:00\" \/>\n<meta property=\"og:image\" content=\"https:\/\/www.diario21.tv\/noticias\/wp-content\/uploads\/2026\/04\/\u00a1Alerta-en-Almunecar-Tiburon-de-tres-metros-avistado-cerca-de.jpg\" \/>\n\t<meta property=\"og:image:width\" content=\"1200\" \/>\n\t<meta property=\"og:image:height\" content=\"840\" \/>\n\t<meta property=\"og:image:type\" content=\"image\/jpeg\" \/>\n<meta name=\"author\" content=\"Juan P\u00e9rez\" \/>\n<meta name=\"twitter:card\" content=\"summary_large_image\" \/>\n<meta name=\"twitter:label1\" content=\"Escrito por\" \/>\n\t<meta name=\"twitter:data1\" content=\"Juan P\u00e9rez\" \/>\n\t<meta name=\"twitter:label2\" content=\"Tiempo de lectura\" \/>\n\t<meta name=\"twitter:data2\" content=\"2 minutos\" \/>\n<script type=\"application\/ld+json\" class=\"yoast-schema-graph\">{\"@context\":\"https:\/\/schema.org\",\"@graph\":[{\"@type\":\"WebPage\",\"@id\":\"https:\/\/www.diario21.tv\/noticias\/alerta-en-almunecar-tiburon-de-tres-metros-avistado-cerca-de-la-costa\/\",\"url\":\"https:\/\/www.diario21.tv\/noticias\/alerta-en-almunecar-tiburon-de-tres-metros-avistado-cerca-de-la-costa\/\",\"name\":\"\u00a1Alerta en Almu\u00f1\u00e9car! Tibur\u00f3n de tres metros avistado cerca de la costa - Diario 21\",\"isPartOf\":{\"@id\":\"https:\/\/www.diario21.tv\/noticias\/#website\"},\"primaryImageOfPage\":{\"@id\":\"https:\/\/www.diario21.tv\/noticias\/alerta-en-almunecar-tiburon-de-tres-metros-avistado-cerca-de-la-costa\/#primaryimage\"},\"image\":{\"@id\":\"https:\/\/www.diario21.tv\/noticias\/alerta-en-almunecar-tiburon-de-tres-metros-avistado-cerca-de-la-costa\/#primaryimage\"},\"thumbnailUrl\":\"https:\/\/www.diario21.tv\/noticias\/wp-content\/uploads\/2026\/04\/\u00a1Alerta-en-Almunecar-Tiburon-de-tres-metros-avistado-cerca-de.jpg\",\"datePublished\":\"2026-04-24T18:16:39+00:00\",\"dateModified\":\"2026-04-24T18:16:41+00:00\",\"author\":{\"@id\":\"https:\/\/www.diario21.tv\/noticias\/#\/schema\/person\/dfb778f73814d8f09f302618446a526b\"},\"breadcrumb\":{\"@id\":\"https:\/\/www.diario21.tv\/noticias\/alerta-en-almunecar-tiburon-de-tres-metros-avistado-cerca-de-la-costa\/#breadcrumb\"},\"inLanguage\":\"es-AR\",\"potentialAction\":[{\"@type\":\"ReadAction\",\"target\":[\"https:\/\/www.diario21.tv\/noticias\/alerta-en-almunecar-tiburon-de-tres-metros-avistado-cerca-de-la-costa\/\"]}]},{\"@type\":\"ImageObject\",\"inLanguage\":\"es-AR\",\"@id\":\"https:\/\/www.diario21.tv\/noticias\/alerta-en-almunecar-tiburon-de-tres-metros-avistado-cerca-de-la-costa\/#primaryimage\",\"url\":\"https:\/\/www.diario21.tv\/noticias\/wp-content\/uploads\/2026\/04\/\u00a1Alerta-en-Almunecar-Tiburon-de-tres-metros-avistado-cerca-de.jpg\",\"contentUrl\":\"https:\/\/www.diario21.tv\/noticias\/wp-content\/uploads\/2026\/04\/\u00a1Alerta-en-Almunecar-Tiburon-de-tres-metros-avistado-cerca-de.jpg\",\"width\":1200,\"height\":840,\"caption\":\"Un tibur\u00f3n de tres metros, avistado a cuatro millas de la costa de Almu\u00f1\u00e9car\"},{\"@type\":\"BreadcrumbList\",\"@id\":\"https:\/\/www.diario21.tv\/noticias\/alerta-en-almunecar-tiburon-de-tres-metros-avistado-cerca-de-la-costa\/#breadcrumb\",\"itemListElement\":[{\"@type\":\"ListItem\",\"position\":1,\"name\":\"Accueil\",\"item\":\"https:\/\/www.diario21.tv\/noticias\/\"},{\"@type\":\"ListItem\",\"position\":2,\"name\":\"\u00a1Alerta en Almu\u00f1\u00e9car! Tibur\u00f3n de tres metros avistado cerca de la costa\"}]},{\"@type\":\"WebSite\",\"@id\":\"https:\/\/www.diario21.tv\/noticias\/#website\",\"url\":\"https:\/\/www.diario21.tv\/noticias\/\",\"name\":\"Diario 21\",\"description\":\"\",\"potentialAction\":[{\"@type\":\"SearchAction\",\"target\":{\"@type\":\"EntryPoint\",\"urlTemplate\":\"https:\/\/www.diario21.tv\/noticias\/?s={search_term_string}\"},\"query-input\":{\"@type\":\"PropertyValueSpecification\",\"valueRequired\":true,\"valueName\":\"search_term_string\"}}],\"inLanguage\":\"es-AR\"},{\"@type\":\"Person\",\"@id\":\"https:\/\/www.diario21.tv\/noticias\/#\/schema\/person\/dfb778f73814d8f09f302618446a526b\",\"name\":\"Juan P\u00e9rez\",\"image\":{\"@type\":\"ImageObject\",\"inLanguage\":\"es-AR\",\"@id\":\"https:\/\/www.diario21.tv\/noticias\/#\/schema\/person\/image\/\",\"url\":\"https:\/\/secure.gravatar.com\/avatar\/c478a405bd10621167f4c3167cc770f5?s=96&d=mm&r=g\",\"contentUrl\":\"https:\/\/secure.gravatar.com\/avatar\/c478a405bd10621167f4c3167cc770f5?s=96&d=mm&r=g\",\"caption\":\"Juan P\u00e9rez\"},\"description\":\"Juan P\u00e9rez es el redactor en jefe de Diario 21. Con m\u00e1s de 10 a\u00f1os de experiencia en el periodismo, se especializa en pol\u00edtica nacional y an\u00e1lisis socioecon\u00f3mico. Su enfoque cr\u00edtico y riguroso aporta una perspectiva \u00fanica a cada art\u00edculo.\",\"sameAs\":[\"https:\/\/www.diario21.tv\/noticias\/\"],\"url\":\"https:\/\/www.diario21.tv\/noticias\/author\/juan-perez\/\"}]}<\/script>\n<!-- \/ Yoast SEO plugin. -->","yoast_head_json":{"title":"\u00a1Alerta en Almu\u00f1\u00e9car! Tibur\u00f3n de tres metros avistado cerca de la costa - Diario 21","robots":{"index":"index","follow":"follow","max-snippet":"max-snippet:-1","max-image-preview":"max-image-preview:large","max-video-preview":"max-video-preview:-1"},"canonical":"https:\/\/www.diario21.tv\/noticias\/alerta-en-almunecar-tiburon-de-tres-metros-avistado-cerca-de-la-costa\/","og_locale":"es_ES","og_type":"article","og_title":"\u00a1Alerta en Almu\u00f1\u00e9car! Tibur\u00f3n de tres metros avistado cerca de la costa - Diario 21","og_description":"Observaci\u00f3n de un Tibur\u00f3n de Tres Metros Cerca de Almu\u00f1\u00e9car En un reciente y sorprendente evento, un tibur\u00f3n de considerable tama\u00f1o, aproximadamente tres metros de longitud, ... Seguir leyendo &rarr;","og_url":"https:\/\/www.diario21.tv\/noticias\/alerta-en-almunecar-tiburon-de-tres-metros-avistado-cerca-de-la-costa\/","og_site_name":"Diario 21","article_published_time":"2026-04-24T18:16:39+00:00","article_modified_time":"2026-04-24T18:16:41+00:00","og_image":[{"width":1200,"height":840,"url":"https:\/\/www.diario21.tv\/noticias\/wp-content\/uploads\/2026\/04\/\u00a1Alerta-en-Almunecar-Tiburon-de-tres-metros-avistado-cerca-de.jpg","type":"image\/jpeg"}],"author":"Juan P\u00e9rez","twitter_card":"summary_large_image","twitter_misc":{"Escrito por":"Juan P\u00e9rez","Tiempo de lectura":"2 minutos"},"schema":{"@context":"https:\/\/schema.org","@graph":[{"@type":"WebPage","@id":"https:\/\/www.diario21.tv\/noticias\/alerta-en-almunecar-tiburon-de-tres-metros-avistado-cerca-de-la-costa\/","url":"https:\/\/www.diario21.tv\/noticias\/alerta-en-almunecar-tiburon-de-tres-metros-avistado-cerca-de-la-costa\/","name":"\u00a1Alerta en Almu\u00f1\u00e9car! Tibur\u00f3n de tres metros avistado cerca de la costa - Diario 21","isPartOf":{"@id":"https:\/\/www.diario21.tv\/noticias\/#website"},"primaryImageOfPage":{"@id":"https:\/\/www.diario21.tv\/noticias\/alerta-en-almunecar-tiburon-de-tres-metros-avistado-cerca-de-la-costa\/#primaryimage"},"image":{"@id":"https:\/\/www.diario21.tv\/noticias\/alerta-en-almunecar-tiburon-de-tres-metros-avistado-cerca-de-la-costa\/#primaryimage"},"thumbnailUrl":"https:\/\/www.diario21.tv\/noticias\/wp-content\/uploads\/2026\/04\/\u00a1Alerta-en-Almunecar-Tiburon-de-tres-metros-avistado-cerca-de.jpg","datePublished":"2026-04-24T18:16:39+00:00","dateModified":"2026-04-24T18:16:41+00:00","author":{"@id":"https:\/\/www.diario21.tv\/noticias\/#\/schema\/person\/dfb778f73814d8f09f302618446a526b"},"breadcrumb":{"@id":"https:\/\/www.diario21.tv\/noticias\/alerta-en-almunecar-tiburon-de-tres-metros-avistado-cerca-de-la-costa\/#breadcrumb"},"inLanguage":"es-AR","potentialAction":[{"@type":"ReadAction","target":["https:\/\/www.diario21.tv\/noticias\/alerta-en-almunecar-tiburon-de-tres-metros-avistado-cerca-de-la-costa\/"]}]},{"@type":"ImageObject","inLanguage":"es-AR","@id":"https:\/\/www.diario21.tv\/noticias\/alerta-en-almunecar-tiburon-de-tres-metros-avistado-cerca-de-la-costa\/#primaryimage","url":"https:\/\/www.diario21.tv\/noticias\/wp-content\/uploads\/2026\/04\/\u00a1Alerta-en-Almunecar-Tiburon-de-tres-metros-avistado-cerca-de.jpg","contentUrl":"https:\/\/www.diario21.tv\/noticias\/wp-content\/uploads\/2026\/04\/\u00a1Alerta-en-Almunecar-Tiburon-de-tres-metros-avistado-cerca-de.jpg","width":1200,"height":840,"caption":"Un tibur\u00f3n de tres metros, avistado a cuatro millas de la costa de Almu\u00f1\u00e9car"},{"@type":"BreadcrumbList","@id":"https:\/\/www.diario21.tv\/noticias\/alerta-en-almunecar-tiburon-de-tres-metros-avistado-cerca-de-la-costa\/#breadcrumb","itemListElement":[{"@type":"ListItem","position":1,"name":"Accueil","item":"https:\/\/www.diario21.tv\/noticias\/"},{"@type":"ListItem","position":2,"name":"\u00a1Alerta en Almu\u00f1\u00e9car! Tibur\u00f3n de tres metros avistado cerca de la costa"}]},{"@type":"WebSite","@id":"https:\/\/www.diario21.tv\/noticias\/#website","url":"https:\/\/www.diario21.tv\/noticias\/","name":"Diario 21","description":"","potentialAction":[{"@type":"SearchAction","target":{"@type":"EntryPoint","urlTemplate":"https:\/\/www.diario21.tv\/noticias\/?s={search_term_string}"},"query-input":{"@type":"PropertyValueSpecification","valueRequired":true,"valueName":"search_term_string"}}],"inLanguage":"es-AR"},{"@type":"Person","@id":"https:\/\/www.diario21.tv\/noticias\/#\/schema\/person\/dfb778f73814d8f09f302618446a526b","name":"Juan P\u00e9rez","image":{"@type":"ImageObject","inLanguage":"es-AR","@id":"https:\/\/www.diario21.tv\/noticias\/#\/schema\/person\/image\/","url":"https:\/\/secure.gravatar.com\/avatar\/c478a405bd10621167f4c3167cc770f5?s=96&d=mm&r=g","contentUrl":"https:\/\/secure.gravatar.com\/avatar\/c478a405bd10621167f4c3167cc770f5?s=96&d=mm&r=g","caption":"Juan P\u00e9rez"},"description":"Juan P\u00e9rez es el redactor en jefe de Diario 21. Con m\u00e1s de 10 a\u00f1os de experiencia en el periodismo, se especializa en pol\u00edtica nacional y an\u00e1lisis socioecon\u00f3mico. Su enfoque cr\u00edtico y riguroso aporta una perspectiva \u00fanica a cada art\u00edculo.","sameAs":["https:\/\/www.diario21.tv\/noticias\/"],"url":"https:\/\/www.diario21.tv\/noticias\/author\/juan-perez\/"}]}},"_links":{"self":[{"href":"https:\/\/www.diario21.tv\/noticias\/wp-json\/wp\/v2\/posts\/6996"}],"collection":[{"href":"https:\/\/www.diario21.tv\/noticias\/wp-json\/wp\/v2\/posts"}],"about":[{"href":"https:\/\/www.diario21.tv\/noticias\/wp-json\/wp\/v2\/types\/post"}],"author":[{"embeddable":true,"href":"https:\/\/www.diario21.tv\/noticias\/wp-json\/wp\/v2\/users\/20"}],"replies":[{"embeddable":true,"href":"https:\/\/www.diario21.tv\/noticias\/wp-json\/wp\/v2\/comments?post=6996"}],"version-history":[{"count":1,"href":"https:\/\/www.diario21.tv\/noticias\/wp-json\/wp\/v2\/posts\/6996\/revisions"}],"predecessor-version":[{"id":6998,"href":"https:\/\/www.diario21.tv\/noticias\/wp-json\/wp\/v2\/posts\/6996\/revisions\/6998"}],"wp:featuredmedia":[{"embeddable":true,"href":"https:\/\/www.diario21.tv\/noticias\/wp-json\/wp\/v2\/media\/6997"}],"wp:attachment":[{"href":"https:\/\/www.diario21.tv\/noticias\/wp-json\/wp\/v2\/media?parent=6996"}],"wp:term":[{"taxonomy":"category","embeddable":true,"href":"https:\/\/www.diario21.tv\/noticias\/wp-json\/wp\/v2\/categories?post=6996"},{"taxonomy":"post_tag","embeddable":true,"href":"https:\/\/www.diario21.tv\/noticias\/wp-json\/wp\/v2\/tags?post=6996"}],"curies":[{"name":"wp","href":"https:\/\/api.w.org\/{rel}","templated":true}]}}