{"id":6993,"date":"2026-04-24T12:15:30","date_gmt":"2026-04-24T12:15:30","guid":{"rendered":"https:\/\/www.diario21.tv\/noticias\/alerta-la-guerra-de-iran-podria-disparar-los-precios-de-los-preservativos\/"},"modified":"2026-04-24T12:15:31","modified_gmt":"2026-04-24T12:15:31","slug":"alerta-la-guerra-de-iran-podria-disparar-los-precios-de-los-preservativos","status":"publish","type":"post","link":"https:\/\/www.diario21.tv\/noticias\/alerta-la-guerra-de-iran-podria-disparar-los-precios-de-los-preservativos\/","title":{"rendered":"\u00a1Alerta! La guerra de Ir\u00e1n podr\u00eda disparar los precios de los preservativos"},"content":{"rendered":"<h2>El Conflicto Iran\u00ed Podr\u00eda Incrementar los Costos de los Condones<\/h2>\n<p>La situaci\u00f3n b\u00e9lica en Ir\u00e1n est\u00e1 planteando una seria amenaza m\u00e1s all\u00e1 de sus fronteras y esferas pol\u00edticas, afectando inesperadamente al mercado global, incluido el precio de los preservativos. Este efecto secundario podr\u00eda parecer menor en el contexto de un conflicto armado, pero tiene el potencial de impactar significativamente en la vida cotidiana de las personas alrededor del mundo.<\/p>\n<h3>Impacto en la Producci\u00f3n de L\u00e1tex<\/h3>\n<p>Ir\u00e1n no es un productor directo de l\u00e1tex, el material principal para la fabricaci\u00f3n de condones, pero el conflicto tiene repercusiones en las rutas comerciales y el acceso a recursos necesarios para la producci\u00f3n de l\u00e1tex en otros pa\u00edses. El aumento de la tensi\u00f3n en la regi\u00f3n puede provocar una disminuci\u00f3n en la producci\u00f3n o dificultades en la distribuci\u00f3n, lo que a su vez afectar\u00eda la disponibilidad de l\u00e1tex en el mercado global.<\/p>\n<h3>Subida de Precios y Efectos Econ\u00f3micos<\/h3>\n<p>Cuando hay escasez de materiales, es com\u00fan que los precios suban. Esto podr\u00eda traducirse en un incremento en el costo de los preservativos, afectando tanto a productores como a consumidores. Para los fabricantes, el aumento en los costos de producci\u00f3n podr\u00eda llevarlos a elevar los precios de venta al p\u00fablico para mantener sus m\u00e1rgenes de ganancia. Los consumidores, por su parte, podr\u00edan encontrarse con precios m\u00e1s altos en las tiendas, lo que podr\u00eda limitar el acceso a este importante m\u00e9todo de protecci\u00f3n y control de la natalidad.<\/p>\n<h3>Consideraciones de Salud P\u00fablica<\/h3>\n<p>El aumento en los costos de los preservativos no es solo una cuesti\u00f3n econ\u00f3mica, sino que tambi\u00e9n tiene importantes implicancias en la salud p\u00fablica. Los condones son una herramienta crucial en la prevenci\u00f3n de enfermedades de transmisi\u00f3n sexual y en la gesti\u00f3n del control de la natalidad. Un aumento en su precio podr\u00eda llevar a una disminuci\u00f3n en su uso, lo que podr\u00eda resultar en un aumento de las tasas de infecciones transmitidas sexualmente y en problemas relacionados con embarazos no planificados.<\/p>\n<h3>Respuestas y Soluciones Potenciales<\/h3>\n<p>Ante esta potencial crisis, es fundamental que los gobiernos y las organizaciones de salud p\u00fablica consideren medidas para asegurar que los preservativos sigan siendo accesibles para todos. Esto podr\u00eda incluir subsidios o apoyo financiero para los fabricantes de preservativos, o campa\u00f1as para promover otros m\u00e9todos de protecci\u00f3n y control de la natalidad que puedan ser m\u00e1s accesibles.<\/p>\n<h3>Conclusi\u00f3n<\/h3>\n<p>Aunque la relaci\u00f3n entre un conflicto militar y el precio de los preservativos puede no ser evidente de inmediato, las consecuencias de tales conflictos a menudo se extienden mucho m\u00e1s all\u00e1 de los campos de batalla. En este caso, el aumento en el costo y la posible escasez de condones podr\u00eda tener efectos duraderos en la salud y el bienestar econ\u00f3mico de las personas a nivel mundial, destacando la interconexi\u00f3n de la econom\u00eda global y la importancia de mantener la estabilidad en todas las regiones.<\/p>\n\n\n<div class=\"kk-star-ratings kksr-auto kksr-align-left kksr-valign-bottom\"\n    data-payload='{&quot;align&quot;:&quot;left&quot;,&quot;id&quot;:&quot;6993&quot;,&quot;slug&quot;:&quot;default&quot;,&quot;valign&quot;:&quot;bottom&quot;,&quot;ignore&quot;:&quot;&quot;,&quot;reference&quot;:&quot;auto&quot;,&quot;class&quot;:&quot;&quot;,&quot;count&quot;:&quot;0&quot;,&quot;legendonly&quot;:&quot;&quot;,&quot;readonly&quot;:&quot;&quot;,&quot;score&quot;:&quot;0&quot;,&quot;starsonly&quot;:&quot;&quot;,&quot;best&quot;:&quot;5&quot;,&quot;gap&quot;:&quot;5&quot;,&quot;greet&quot;:&quot;Valora este post&quot;,&quot;legend&quot;:&quot;0\\\/5 - (0 votes)&quot;,&quot;size&quot;:&quot;22&quot;,&quot;title&quot;:&quot;\u00a1Alerta! La guerra de Ir\u00e1n podr\u00eda disparar los precios de los preservativos&quot;,&quot;width&quot;:&quot;0&quot;,&quot;_legend&quot;:&quot;{score}\\\/{best} - ({count} {votes})&quot;,&quot;font_factor&quot;:&quot;1.25&quot;}'>\n            \n<div class=\"kksr-stars\">\n    \n<div class=\"kksr-stars-inactive\">\n            <div class=\"kksr-star\" data-star=\"1\" style=\"padding-right: 5px\">\n            \n\n<div class=\"kksr-icon\" style=\"width: 22px; height: 22px;\"><\/div>\n        <\/div>\n            <div class=\"kksr-star\" data-star=\"2\" style=\"padding-right: 5px\">\n            \n\n<div class=\"kksr-icon\" style=\"width: 22px; height: 22px;\"><\/div>\n        <\/div>\n            <div class=\"kksr-star\" data-star=\"3\" style=\"padding-right: 5px\">\n            \n\n<div class=\"kksr-icon\" style=\"width: 22px; height: 22px;\"><\/div>\n        <\/div>\n            <div class=\"kksr-star\" data-star=\"4\" style=\"padding-right: 5px\">\n            \n\n<div class=\"kksr-icon\" style=\"width: 22px; height: 22px;\"><\/div>\n        <\/div>\n            <div class=\"kksr-star\" data-star=\"5\" style=\"padding-right: 5px\">\n            \n\n<div class=\"kksr-icon\" style=\"width: 22px; height: 22px;\"><\/div>\n        <\/div>\n    <\/div>\n    \n<div class=\"kksr-stars-active\" style=\"width: 0px;\">\n            <div class=\"kksr-star\" style=\"padding-right: 5px\">\n            \n\n<div class=\"kksr-icon\" style=\"width: 22px; height: 22px;\"><\/div>\n        <\/div>\n            <div class=\"kksr-star\" style=\"padding-right: 5px\">\n            \n\n<div class=\"kksr-icon\" style=\"width: 22px; height: 22px;\"><\/div>\n        <\/div>\n            <div class=\"kksr-star\" style=\"padding-right: 5px\">\n            \n\n<div class=\"kksr-icon\" style=\"width: 22px; height: 22px;\"><\/div>\n        <\/div>\n            <div class=\"kksr-star\" style=\"padding-right: 5px\">\n            \n\n<div class=\"kksr-icon\" style=\"width: 22px; height: 22px;\"><\/div>\n        <\/div>\n            <div class=\"kksr-star\" style=\"padding-right: 5px\">\n            \n\n<div class=\"kksr-icon\" style=\"width: 22px; height: 22px;\"><\/div>\n        <\/div>\n    <\/div>\n<\/div>\n                \n\n<div class=\"kksr-legend\" style=\"font-size: 17.6px;\">\n            <span class=\"kksr-muted\">Valora este post<\/span>\n    <\/div>\n    <\/div>\n","protected":false},"excerpt":{"rendered":"<p>El Conflicto Iran\u00ed Podr\u00eda Incrementar los Costos de los Condones La situaci\u00f3n b\u00e9lica en Ir\u00e1n est\u00e1 planteando una seria amenaza m\u00e1s all\u00e1 de sus fronteras y &#8230; <a title=\"\u00a1Alerta! La guerra de Ir\u00e1n podr\u00eda disparar los precios de los preservativos\" class=\"read-more\" href=\"https:\/\/www.diario21.tv\/noticias\/alerta-la-guerra-de-iran-podria-disparar-los-precios-de-los-preservativos\/\" aria-label=\"Leer m\u00e1s sobre \u00a1Alerta! La guerra de Ir\u00e1n podr\u00eda disparar los precios de los preservativos\">Seguir leyendo &rarr;<\/a><\/p>\n","protected":false},"author":20,"featured_media":6994,"comment_status":"open","ping_status":"open","sticky":false,"template":"","format":"standard","meta":{"footnotes":""},"categories":[13],"tags":[],"class_list":["post-6993","post","type-post","status-publish","format-standard","has-post-thumbnail","hentry","category-portada"],"yoast_head":"<!-- This site is optimized with the Yoast SEO plugin v25.6 - https:\/\/yoast.com\/wordpress\/plugins\/seo\/ -->\n<title>\u00a1Alerta! La guerra de Ir\u00e1n podr\u00eda disparar los precios de los preservativos - Diario 21<\/title>\n<meta name=\"robots\" content=\"index, follow, max-snippet:-1, max-image-preview:large, max-video-preview:-1\" \/>\n<link rel=\"canonical\" href=\"https:\/\/www.diario21.tv\/noticias\/alerta-la-guerra-de-iran-podria-disparar-los-precios-de-los-preservativos\/\" \/>\n<meta property=\"og:locale\" content=\"es_ES\" \/>\n<meta property=\"og:type\" content=\"article\" \/>\n<meta property=\"og:title\" content=\"\u00a1Alerta! La guerra de Ir\u00e1n podr\u00eda disparar los precios de los preservativos - Diario 21\" \/>\n<meta property=\"og:description\" content=\"El Conflicto Iran\u00ed Podr\u00eda Incrementar los Costos de los Condones La situaci\u00f3n b\u00e9lica en Ir\u00e1n est\u00e1 planteando una seria amenaza m\u00e1s all\u00e1 de sus fronteras y ... Seguir leyendo &rarr;\" \/>\n<meta property=\"og:url\" content=\"https:\/\/www.diario21.tv\/noticias\/alerta-la-guerra-de-iran-podria-disparar-los-precios-de-los-preservativos\/\" \/>\n<meta property=\"og:site_name\" content=\"Diario 21\" \/>\n<meta property=\"article:published_time\" content=\"2026-04-24T12:15:30+00:00\" \/>\n<meta property=\"article:modified_time\" content=\"2026-04-24T12:15:31+00:00\" \/>\n<meta property=\"og:image\" content=\"https:\/\/www.diario21.tv\/noticias\/wp-content\/uploads\/2026\/04\/\u00a1Alerta-La-guerra-de-Iran-podria-disparar-los-precios-de.jpg\" \/>\n\t<meta property=\"og:image:width\" content=\"1200\" \/>\n\t<meta property=\"og:image:height\" content=\"840\" \/>\n\t<meta property=\"og:image:type\" content=\"image\/jpeg\" \/>\n<meta name=\"author\" content=\"Juan P\u00e9rez\" \/>\n<meta name=\"twitter:card\" content=\"summary_large_image\" \/>\n<meta name=\"twitter:label1\" content=\"Escrito por\" \/>\n\t<meta name=\"twitter:data1\" content=\"Juan P\u00e9rez\" \/>\n\t<meta name=\"twitter:label2\" content=\"Tiempo de lectura\" \/>\n\t<meta name=\"twitter:data2\" content=\"3 minutos\" \/>\n<script type=\"application\/ld+json\" class=\"yoast-schema-graph\">{\"@context\":\"https:\/\/schema.org\",\"@graph\":[{\"@type\":\"WebPage\",\"@id\":\"https:\/\/www.diario21.tv\/noticias\/alerta-la-guerra-de-iran-podria-disparar-los-precios-de-los-preservativos\/\",\"url\":\"https:\/\/www.diario21.tv\/noticias\/alerta-la-guerra-de-iran-podria-disparar-los-precios-de-los-preservativos\/\",\"name\":\"\u00a1Alerta! La guerra de Ir\u00e1n podr\u00eda disparar los precios de los preservativos - Diario 21\",\"isPartOf\":{\"@id\":\"https:\/\/www.diario21.tv\/noticias\/#website\"},\"primaryImageOfPage\":{\"@id\":\"https:\/\/www.diario21.tv\/noticias\/alerta-la-guerra-de-iran-podria-disparar-los-precios-de-los-preservativos\/#primaryimage\"},\"image\":{\"@id\":\"https:\/\/www.diario21.tv\/noticias\/alerta-la-guerra-de-iran-podria-disparar-los-precios-de-los-preservativos\/#primaryimage\"},\"thumbnailUrl\":\"https:\/\/www.diario21.tv\/noticias\/wp-content\/uploads\/2026\/04\/\u00a1Alerta-La-guerra-de-Iran-podria-disparar-los-precios-de.jpg\",\"datePublished\":\"2026-04-24T12:15:30+00:00\",\"dateModified\":\"2026-04-24T12:15:31+00:00\",\"author\":{\"@id\":\"https:\/\/www.diario21.tv\/noticias\/#\/schema\/person\/dfb778f73814d8f09f302618446a526b\"},\"breadcrumb\":{\"@id\":\"https:\/\/www.diario21.tv\/noticias\/alerta-la-guerra-de-iran-podria-disparar-los-precios-de-los-preservativos\/#breadcrumb\"},\"inLanguage\":\"es-AR\",\"potentialAction\":[{\"@type\":\"ReadAction\",\"target\":[\"https:\/\/www.diario21.tv\/noticias\/alerta-la-guerra-de-iran-podria-disparar-los-precios-de-los-preservativos\/\"]}]},{\"@type\":\"ImageObject\",\"inLanguage\":\"es-AR\",\"@id\":\"https:\/\/www.diario21.tv\/noticias\/alerta-la-guerra-de-iran-podria-disparar-los-precios-de-los-preservativos\/#primaryimage\",\"url\":\"https:\/\/www.diario21.tv\/noticias\/wp-content\/uploads\/2026\/04\/\u00a1Alerta-La-guerra-de-Iran-podria-disparar-los-precios-de.jpg\",\"contentUrl\":\"https:\/\/www.diario21.tv\/noticias\/wp-content\/uploads\/2026\/04\/\u00a1Alerta-La-guerra-de-Iran-podria-disparar-los-precios-de.jpg\",\"width\":1200,\"height\":840,\"caption\":\"La guerra de Ir\u00e1n amenaza con disparar el precio de los preservativos\"},{\"@type\":\"BreadcrumbList\",\"@id\":\"https:\/\/www.diario21.tv\/noticias\/alerta-la-guerra-de-iran-podria-disparar-los-precios-de-los-preservativos\/#breadcrumb\",\"itemListElement\":[{\"@type\":\"ListItem\",\"position\":1,\"name\":\"Accueil\",\"item\":\"https:\/\/www.diario21.tv\/noticias\/\"},{\"@type\":\"ListItem\",\"position\":2,\"name\":\"\u00a1Alerta! La guerra de Ir\u00e1n podr\u00eda disparar los precios de los preservativos\"}]},{\"@type\":\"WebSite\",\"@id\":\"https:\/\/www.diario21.tv\/noticias\/#website\",\"url\":\"https:\/\/www.diario21.tv\/noticias\/\",\"name\":\"Diario 21\",\"description\":\"\",\"potentialAction\":[{\"@type\":\"SearchAction\",\"target\":{\"@type\":\"EntryPoint\",\"urlTemplate\":\"https:\/\/www.diario21.tv\/noticias\/?s={search_term_string}\"},\"query-input\":{\"@type\":\"PropertyValueSpecification\",\"valueRequired\":true,\"valueName\":\"search_term_string\"}}],\"inLanguage\":\"es-AR\"},{\"@type\":\"Person\",\"@id\":\"https:\/\/www.diario21.tv\/noticias\/#\/schema\/person\/dfb778f73814d8f09f302618446a526b\",\"name\":\"Juan P\u00e9rez\",\"image\":{\"@type\":\"ImageObject\",\"inLanguage\":\"es-AR\",\"@id\":\"https:\/\/www.diario21.tv\/noticias\/#\/schema\/person\/image\/\",\"url\":\"https:\/\/secure.gravatar.com\/avatar\/c478a405bd10621167f4c3167cc770f5?s=96&d=mm&r=g\",\"contentUrl\":\"https:\/\/secure.gravatar.com\/avatar\/c478a405bd10621167f4c3167cc770f5?s=96&d=mm&r=g\",\"caption\":\"Juan P\u00e9rez\"},\"description\":\"Juan P\u00e9rez es el redactor en jefe de Diario 21. Con m\u00e1s de 10 a\u00f1os de experiencia en el periodismo, se especializa en pol\u00edtica nacional y an\u00e1lisis socioecon\u00f3mico. Su enfoque cr\u00edtico y riguroso aporta una perspectiva \u00fanica a cada art\u00edculo.\",\"sameAs\":[\"https:\/\/www.diario21.tv\/noticias\/\"],\"url\":\"https:\/\/www.diario21.tv\/noticias\/author\/juan-perez\/\"}]}<\/script>\n<!-- \/ Yoast SEO plugin. -->","yoast_head_json":{"title":"\u00a1Alerta! La guerra de Ir\u00e1n podr\u00eda disparar los precios de los preservativos - Diario 21","robots":{"index":"index","follow":"follow","max-snippet":"max-snippet:-1","max-image-preview":"max-image-preview:large","max-video-preview":"max-video-preview:-1"},"canonical":"https:\/\/www.diario21.tv\/noticias\/alerta-la-guerra-de-iran-podria-disparar-los-precios-de-los-preservativos\/","og_locale":"es_ES","og_type":"article","og_title":"\u00a1Alerta! La guerra de Ir\u00e1n podr\u00eda disparar los precios de los preservativos - Diario 21","og_description":"El Conflicto Iran\u00ed Podr\u00eda Incrementar los Costos de los Condones La situaci\u00f3n b\u00e9lica en Ir\u00e1n est\u00e1 planteando una seria amenaza m\u00e1s all\u00e1 de sus fronteras y ... Seguir leyendo &rarr;","og_url":"https:\/\/www.diario21.tv\/noticias\/alerta-la-guerra-de-iran-podria-disparar-los-precios-de-los-preservativos\/","og_site_name":"Diario 21","article_published_time":"2026-04-24T12:15:30+00:00","article_modified_time":"2026-04-24T12:15:31+00:00","og_image":[{"width":1200,"height":840,"url":"https:\/\/www.diario21.tv\/noticias\/wp-content\/uploads\/2026\/04\/\u00a1Alerta-La-guerra-de-Iran-podria-disparar-los-precios-de.jpg","type":"image\/jpeg"}],"author":"Juan P\u00e9rez","twitter_card":"summary_large_image","twitter_misc":{"Escrito por":"Juan P\u00e9rez","Tiempo de lectura":"3 minutos"},"schema":{"@context":"https:\/\/schema.org","@graph":[{"@type":"WebPage","@id":"https:\/\/www.diario21.tv\/noticias\/alerta-la-guerra-de-iran-podria-disparar-los-precios-de-los-preservativos\/","url":"https:\/\/www.diario21.tv\/noticias\/alerta-la-guerra-de-iran-podria-disparar-los-precios-de-los-preservativos\/","name":"\u00a1Alerta! La guerra de Ir\u00e1n podr\u00eda disparar los precios de los preservativos - Diario 21","isPartOf":{"@id":"https:\/\/www.diario21.tv\/noticias\/#website"},"primaryImageOfPage":{"@id":"https:\/\/www.diario21.tv\/noticias\/alerta-la-guerra-de-iran-podria-disparar-los-precios-de-los-preservativos\/#primaryimage"},"image":{"@id":"https:\/\/www.diario21.tv\/noticias\/alerta-la-guerra-de-iran-podria-disparar-los-precios-de-los-preservativos\/#primaryimage"},"thumbnailUrl":"https:\/\/www.diario21.tv\/noticias\/wp-content\/uploads\/2026\/04\/\u00a1Alerta-La-guerra-de-Iran-podria-disparar-los-precios-de.jpg","datePublished":"2026-04-24T12:15:30+00:00","dateModified":"2026-04-24T12:15:31+00:00","author":{"@id":"https:\/\/www.diario21.tv\/noticias\/#\/schema\/person\/dfb778f73814d8f09f302618446a526b"},"breadcrumb":{"@id":"https:\/\/www.diario21.tv\/noticias\/alerta-la-guerra-de-iran-podria-disparar-los-precios-de-los-preservativos\/#breadcrumb"},"inLanguage":"es-AR","potentialAction":[{"@type":"ReadAction","target":["https:\/\/www.diario21.tv\/noticias\/alerta-la-guerra-de-iran-podria-disparar-los-precios-de-los-preservativos\/"]}]},{"@type":"ImageObject","inLanguage":"es-AR","@id":"https:\/\/www.diario21.tv\/noticias\/alerta-la-guerra-de-iran-podria-disparar-los-precios-de-los-preservativos\/#primaryimage","url":"https:\/\/www.diario21.tv\/noticias\/wp-content\/uploads\/2026\/04\/\u00a1Alerta-La-guerra-de-Iran-podria-disparar-los-precios-de.jpg","contentUrl":"https:\/\/www.diario21.tv\/noticias\/wp-content\/uploads\/2026\/04\/\u00a1Alerta-La-guerra-de-Iran-podria-disparar-los-precios-de.jpg","width":1200,"height":840,"caption":"La guerra de Ir\u00e1n amenaza con disparar el precio de los preservativos"},{"@type":"BreadcrumbList","@id":"https:\/\/www.diario21.tv\/noticias\/alerta-la-guerra-de-iran-podria-disparar-los-precios-de-los-preservativos\/#breadcrumb","itemListElement":[{"@type":"ListItem","position":1,"name":"Accueil","item":"https:\/\/www.diario21.tv\/noticias\/"},{"@type":"ListItem","position":2,"name":"\u00a1Alerta! La guerra de Ir\u00e1n podr\u00eda disparar los precios de los preservativos"}]},{"@type":"WebSite","@id":"https:\/\/www.diario21.tv\/noticias\/#website","url":"https:\/\/www.diario21.tv\/noticias\/","name":"Diario 21","description":"","potentialAction":[{"@type":"SearchAction","target":{"@type":"EntryPoint","urlTemplate":"https:\/\/www.diario21.tv\/noticias\/?s={search_term_string}"},"query-input":{"@type":"PropertyValueSpecification","valueRequired":true,"valueName":"search_term_string"}}],"inLanguage":"es-AR"},{"@type":"Person","@id":"https:\/\/www.diario21.tv\/noticias\/#\/schema\/person\/dfb778f73814d8f09f302618446a526b","name":"Juan P\u00e9rez","image":{"@type":"ImageObject","inLanguage":"es-AR","@id":"https:\/\/www.diario21.tv\/noticias\/#\/schema\/person\/image\/","url":"https:\/\/secure.gravatar.com\/avatar\/c478a405bd10621167f4c3167cc770f5?s=96&d=mm&r=g","contentUrl":"https:\/\/secure.gravatar.com\/avatar\/c478a405bd10621167f4c3167cc770f5?s=96&d=mm&r=g","caption":"Juan P\u00e9rez"},"description":"Juan P\u00e9rez es el redactor en jefe de Diario 21. Con m\u00e1s de 10 a\u00f1os de experiencia en el periodismo, se especializa en pol\u00edtica nacional y an\u00e1lisis socioecon\u00f3mico. Su enfoque cr\u00edtico y riguroso aporta una perspectiva \u00fanica a cada art\u00edculo.","sameAs":["https:\/\/www.diario21.tv\/noticias\/"],"url":"https:\/\/www.diario21.tv\/noticias\/author\/juan-perez\/"}]}},"_links":{"self":[{"href":"https:\/\/www.diario21.tv\/noticias\/wp-json\/wp\/v2\/posts\/6993"}],"collection":[{"href":"https:\/\/www.diario21.tv\/noticias\/wp-json\/wp\/v2\/posts"}],"about":[{"href":"https:\/\/www.diario21.tv\/noticias\/wp-json\/wp\/v2\/types\/post"}],"author":[{"embeddable":true,"href":"https:\/\/www.diario21.tv\/noticias\/wp-json\/wp\/v2\/users\/20"}],"replies":[{"embeddable":true,"href":"https:\/\/www.diario21.tv\/noticias\/wp-json\/wp\/v2\/comments?post=6993"}],"version-history":[{"count":1,"href":"https:\/\/www.diario21.tv\/noticias\/wp-json\/wp\/v2\/posts\/6993\/revisions"}],"predecessor-version":[{"id":6995,"href":"https:\/\/www.diario21.tv\/noticias\/wp-json\/wp\/v2\/posts\/6993\/revisions\/6995"}],"wp:featuredmedia":[{"embeddable":true,"href":"https:\/\/www.diario21.tv\/noticias\/wp-json\/wp\/v2\/media\/6994"}],"wp:attachment":[{"href":"https:\/\/www.diario21.tv\/noticias\/wp-json\/wp\/v2\/media?parent=6993"}],"wp:term":[{"taxonomy":"category","embeddable":true,"href":"https:\/\/www.diario21.tv\/noticias\/wp-json\/wp\/v2\/categories?post=6993"},{"taxonomy":"post_tag","embeddable":true,"href":"https:\/\/www.diario21.tv\/noticias\/wp-json\/wp\/v2\/tags?post=6993"}],"curies":[{"name":"wp","href":"https:\/\/api.w.org\/{rel}","templated":true}]}}