{"id":6987,"date":"2026-04-24T00:12:34","date_gmt":"2026-04-24T00:12:34","guid":{"rendered":"https:\/\/www.diario21.tv\/noticias\/descubrimientos-clave-en-ciencia-filosofa-gana-el-premio-fronteras-del-conocimiento\/"},"modified":"2026-04-24T00:12:35","modified_gmt":"2026-04-24T00:12:35","slug":"descubrimientos-clave-en-ciencia-filosofa-gana-el-premio-fronteras-del-conocimiento","status":"publish","type":"post","link":"https:\/\/www.diario21.tv\/noticias\/descubrimientos-clave-en-ciencia-filosofa-gana-el-premio-fronteras-del-conocimiento\/","title":{"rendered":"Descubrimientos clave en ciencia: Fil\u00f3sofa gana el Premio Fronteras del Conocimiento"},"content":{"rendered":"<h2>Galard\u00f3n Fronteras del Conocimiento otorgado a fil\u00f3sofa que explor\u00f3 el \u00e9xito de la ciencia<\/h2>\n<p>En una ceremonia reciente, se ha concedido el prestigioso Premio Fronteras del Conocimiento a una destacada fil\u00f3sofa cuyos estudios han desentra\u00f1ado las claves del \u00e9xito cient\u00edfico. Este reconocimiento subraya la importancia de entender profundamente c\u00f3mo la ciencia logra sus impresionantes logros, un tema central en la obra de la galardonada.<\/p>\n<h3>Una investigaci\u00f3n que ilumina el camino de la ciencia<\/h3>\n<p>La fil\u00f3sofa premiada ha dedicado buena parte de su carrera a investigar los procesos y metodolog\u00edas que permiten a la ciencia avanzar y obtener resultados que transforman nuestra comprensi\u00f3n del mundo. A trav\u00e9s de su meticuloso trabajo, ha proporcionado una visi\u00f3n exhaustiva de los mecanismos que hacen posible que la ciencia alcance sus \u00e9xitos notorios.<\/p>\n<p>En su enfoque, combina elementos de la filosof\u00eda de la ciencia con an\u00e1lisis pr\u00e1cticos sobre c\u00f3mo los cient\u00edficos llevan a cabo sus investigaciones, desde la formulaci\u00f3n de hip\u00f3tesis hasta la experimentaci\u00f3n y la interpretaci\u00f3n de datos. Su investigaci\u00f3n no solo ha arrojado luz sobre la forma en que la ciencia opera internamente, sino que tambi\u00e9n ha ofrecido perspectivas sobre c\u00f3mo se pueden mejorar los m\u00e9todos cient\u00edficos para fomentar a\u00fan m\u00e1s el progreso.<\/p>\n<h3>Impacto y relevancia del trabajo filos\u00f3fico<\/h3>\n<p>El impacto de su trabajo se extiende m\u00e1s all\u00e1 de los c\u00edrculos acad\u00e9micos. Al desglosar los componentes del \u00e9xito cient\u00edfico, esta fil\u00f3sofa ha influido en c\u00f3mo las instituciones y los policymakers conciben y promueven la investigaci\u00f3n cient\u00edfica. Su influencia se refleja en la implementaci\u00f3n de pol\u00edticas m\u00e1s efectivas que buscan optimizar los recursos y dirigir esfuerzos de investigaci\u00f3n hacia \u00e1reas que prometen mayor impacto y eficiencia.<\/p>\n<p>El Premio Fronteras del Conocimiento no solo reconoce sus contribuciones individuales, sino que tambi\u00e9n destaca la importancia de la filosof\u00eda en la comprensi\u00f3n y mejora de las pr\u00e1cticas cient\u00edficas. Este galard\u00f3n subraya un mensaje clave: comprender c\u00f3mo funciona la ciencia es crucial para dirigir su evoluci\u00f3n futura.<\/p>\n<h3>Una inspiraci\u00f3n para futuras generaciones<\/h3>\n<p>La obra de la fil\u00f3sofa premiada no solo redefine nuestro entendimiento de la ciencia, sino que tambi\u00e9n sirve de inspiraci\u00f3n para las futuras generaciones de fil\u00f3sofos y cient\u00edficos. Al destacar la importancia de una reflexi\u00f3n cr\u00edtica sobre los m\u00e9todos cient\u00edficos, invita a los nuevos investigadores a no dar por sentado el proceso cient\u00edfico, sino a explorarlo y cuestionarlo con el fin de hacerlo m\u00e1s robusto y efectivo.<\/p>\n<p>Este premio resalta la contribuci\u00f3n esencial de la filosof\u00eda al avance del conocimiento humano y reafirma el valor de las investigaciones que buscan no solo entender el mundo, sino mejorar la manera en que interactuamos y aprendemos de \u00e9l.<\/p>\n\n\n<div class=\"kk-star-ratings kksr-auto kksr-align-left kksr-valign-bottom\"\n    data-payload='{&quot;align&quot;:&quot;left&quot;,&quot;id&quot;:&quot;6987&quot;,&quot;slug&quot;:&quot;default&quot;,&quot;valign&quot;:&quot;bottom&quot;,&quot;ignore&quot;:&quot;&quot;,&quot;reference&quot;:&quot;auto&quot;,&quot;class&quot;:&quot;&quot;,&quot;count&quot;:&quot;0&quot;,&quot;legendonly&quot;:&quot;&quot;,&quot;readonly&quot;:&quot;&quot;,&quot;score&quot;:&quot;0&quot;,&quot;starsonly&quot;:&quot;&quot;,&quot;best&quot;:&quot;5&quot;,&quot;gap&quot;:&quot;5&quot;,&quot;greet&quot;:&quot;Valora este post&quot;,&quot;legend&quot;:&quot;0\\\/5 - (0 votes)&quot;,&quot;size&quot;:&quot;22&quot;,&quot;title&quot;:&quot;Descubrimientos clave en ciencia: Fil\u00f3sofa gana el Premio Fronteras del Conocimiento&quot;,&quot;width&quot;:&quot;0&quot;,&quot;_legend&quot;:&quot;{score}\\\/{best} - ({count} {votes})&quot;,&quot;font_factor&quot;:&quot;1.25&quot;}'>\n            \n<div class=\"kksr-stars\">\n    \n<div class=\"kksr-stars-inactive\">\n            <div class=\"kksr-star\" data-star=\"1\" style=\"padding-right: 5px\">\n            \n\n<div class=\"kksr-icon\" style=\"width: 22px; height: 22px;\"><\/div>\n        <\/div>\n            <div class=\"kksr-star\" data-star=\"2\" style=\"padding-right: 5px\">\n            \n\n<div class=\"kksr-icon\" style=\"width: 22px; height: 22px;\"><\/div>\n        <\/div>\n            <div class=\"kksr-star\" data-star=\"3\" style=\"padding-right: 5px\">\n            \n\n<div class=\"kksr-icon\" style=\"width: 22px; height: 22px;\"><\/div>\n        <\/div>\n            <div class=\"kksr-star\" data-star=\"4\" style=\"padding-right: 5px\">\n            \n\n<div class=\"kksr-icon\" style=\"width: 22px; height: 22px;\"><\/div>\n        <\/div>\n            <div class=\"kksr-star\" data-star=\"5\" style=\"padding-right: 5px\">\n            \n\n<div class=\"kksr-icon\" style=\"width: 22px; height: 22px;\"><\/div>\n        <\/div>\n    <\/div>\n    \n<div class=\"kksr-stars-active\" style=\"width: 0px;\">\n            <div class=\"kksr-star\" style=\"padding-right: 5px\">\n            \n\n<div class=\"kksr-icon\" style=\"width: 22px; height: 22px;\"><\/div>\n        <\/div>\n            <div class=\"kksr-star\" style=\"padding-right: 5px\">\n            \n\n<div class=\"kksr-icon\" style=\"width: 22px; height: 22px;\"><\/div>\n        <\/div>\n            <div class=\"kksr-star\" style=\"padding-right: 5px\">\n            \n\n<div class=\"kksr-icon\" style=\"width: 22px; height: 22px;\"><\/div>\n        <\/div>\n            <div class=\"kksr-star\" style=\"padding-right: 5px\">\n            \n\n<div class=\"kksr-icon\" style=\"width: 22px; height: 22px;\"><\/div>\n        <\/div>\n            <div class=\"kksr-star\" style=\"padding-right: 5px\">\n            \n\n<div class=\"kksr-icon\" style=\"width: 22px; height: 22px;\"><\/div>\n        <\/div>\n    <\/div>\n<\/div>\n                \n\n<div class=\"kksr-legend\" style=\"font-size: 17.6px;\">\n            <span class=\"kksr-muted\">Valora este post<\/span>\n    <\/div>\n    <\/div>\n","protected":false},"excerpt":{"rendered":"<p>Galard\u00f3n Fronteras del Conocimiento otorgado a fil\u00f3sofa que explor\u00f3 el \u00e9xito de la ciencia En una ceremonia reciente, se ha concedido el prestigioso Premio Fronteras del &#8230; <a title=\"Descubrimientos clave en ciencia: Fil\u00f3sofa gana el Premio Fronteras del Conocimiento\" class=\"read-more\" href=\"https:\/\/www.diario21.tv\/noticias\/descubrimientos-clave-en-ciencia-filosofa-gana-el-premio-fronteras-del-conocimiento\/\" aria-label=\"Leer m\u00e1s sobre Descubrimientos clave en ciencia: Fil\u00f3sofa gana el Premio Fronteras del Conocimiento\">Seguir leyendo &rarr;<\/a><\/p>\n","protected":false},"author":20,"featured_media":6988,"comment_status":"open","ping_status":"open","sticky":false,"template":"","format":"standard","meta":{"footnotes":""},"categories":[13],"tags":[],"class_list":["post-6987","post","type-post","status-publish","format-standard","has-post-thumbnail","hentry","category-portada"],"yoast_head":"<!-- This site is optimized with the Yoast SEO plugin v25.6 - https:\/\/yoast.com\/wordpress\/plugins\/seo\/ -->\n<title>Descubrimientos clave en ciencia: Fil\u00f3sofa gana el Premio Fronteras del Conocimiento - Diario 21<\/title>\n<meta name=\"robots\" content=\"index, follow, max-snippet:-1, max-image-preview:large, max-video-preview:-1\" \/>\n<link rel=\"canonical\" href=\"https:\/\/www.diario21.tv\/noticias\/descubrimientos-clave-en-ciencia-filosofa-gana-el-premio-fronteras-del-conocimiento\/\" \/>\n<meta property=\"og:locale\" content=\"es_ES\" \/>\n<meta property=\"og:type\" content=\"article\" \/>\n<meta property=\"og:title\" content=\"Descubrimientos clave en ciencia: Fil\u00f3sofa gana el Premio Fronteras del Conocimiento - Diario 21\" \/>\n<meta property=\"og:description\" content=\"Galard\u00f3n Fronteras del Conocimiento otorgado a fil\u00f3sofa que explor\u00f3 el \u00e9xito de la ciencia En una ceremonia reciente, se ha concedido el prestigioso Premio Fronteras del ... Seguir leyendo &rarr;\" \/>\n<meta property=\"og:url\" content=\"https:\/\/www.diario21.tv\/noticias\/descubrimientos-clave-en-ciencia-filosofa-gana-el-premio-fronteras-del-conocimiento\/\" \/>\n<meta property=\"og:site_name\" content=\"Diario 21\" \/>\n<meta property=\"article:published_time\" content=\"2026-04-24T00:12:34+00:00\" \/>\n<meta property=\"article:modified_time\" content=\"2026-04-24T00:12:35+00:00\" \/>\n<meta property=\"og:image\" content=\"https:\/\/www.diario21.tv\/noticias\/wp-content\/uploads\/2026\/04\/Descubrimientos-clave-en-ciencia-Filosofa-gana-el-Premio-Fronteras-del.jpg\" \/>\n\t<meta property=\"og:image:width\" content=\"1200\" \/>\n\t<meta property=\"og:image:height\" content=\"840\" \/>\n\t<meta property=\"og:image:type\" content=\"image\/jpeg\" \/>\n<meta name=\"author\" content=\"Juan P\u00e9rez\" \/>\n<meta name=\"twitter:card\" content=\"summary_large_image\" \/>\n<meta name=\"twitter:label1\" content=\"Escrito por\" \/>\n\t<meta name=\"twitter:data1\" content=\"Juan P\u00e9rez\" \/>\n\t<meta name=\"twitter:label2\" content=\"Tiempo de lectura\" \/>\n\t<meta name=\"twitter:data2\" content=\"2 minutos\" \/>\n<script type=\"application\/ld+json\" class=\"yoast-schema-graph\">{\"@context\":\"https:\/\/schema.org\",\"@graph\":[{\"@type\":\"WebPage\",\"@id\":\"https:\/\/www.diario21.tv\/noticias\/descubrimientos-clave-en-ciencia-filosofa-gana-el-premio-fronteras-del-conocimiento\/\",\"url\":\"https:\/\/www.diario21.tv\/noticias\/descubrimientos-clave-en-ciencia-filosofa-gana-el-premio-fronteras-del-conocimiento\/\",\"name\":\"Descubrimientos clave en ciencia: Fil\u00f3sofa gana el Premio Fronteras del Conocimiento - Diario 21\",\"isPartOf\":{\"@id\":\"https:\/\/www.diario21.tv\/noticias\/#website\"},\"primaryImageOfPage\":{\"@id\":\"https:\/\/www.diario21.tv\/noticias\/descubrimientos-clave-en-ciencia-filosofa-gana-el-premio-fronteras-del-conocimiento\/#primaryimage\"},\"image\":{\"@id\":\"https:\/\/www.diario21.tv\/noticias\/descubrimientos-clave-en-ciencia-filosofa-gana-el-premio-fronteras-del-conocimiento\/#primaryimage\"},\"thumbnailUrl\":\"https:\/\/www.diario21.tv\/noticias\/wp-content\/uploads\/2026\/04\/Descubrimientos-clave-en-ciencia-Filosofa-gana-el-Premio-Fronteras-del.jpg\",\"datePublished\":\"2026-04-24T00:12:34+00:00\",\"dateModified\":\"2026-04-24T00:12:35+00:00\",\"author\":{\"@id\":\"https:\/\/www.diario21.tv\/noticias\/#\/schema\/person\/dfb778f73814d8f09f302618446a526b\"},\"breadcrumb\":{\"@id\":\"https:\/\/www.diario21.tv\/noticias\/descubrimientos-clave-en-ciencia-filosofa-gana-el-premio-fronteras-del-conocimiento\/#breadcrumb\"},\"inLanguage\":\"es-AR\",\"potentialAction\":[{\"@type\":\"ReadAction\",\"target\":[\"https:\/\/www.diario21.tv\/noticias\/descubrimientos-clave-en-ciencia-filosofa-gana-el-premio-fronteras-del-conocimiento\/\"]}]},{\"@type\":\"ImageObject\",\"inLanguage\":\"es-AR\",\"@id\":\"https:\/\/www.diario21.tv\/noticias\/descubrimientos-clave-en-ciencia-filosofa-gana-el-premio-fronteras-del-conocimiento\/#primaryimage\",\"url\":\"https:\/\/www.diario21.tv\/noticias\/wp-content\/uploads\/2026\/04\/Descubrimientos-clave-en-ciencia-Filosofa-gana-el-Premio-Fronteras-del.jpg\",\"contentUrl\":\"https:\/\/www.diario21.tv\/noticias\/wp-content\/uploads\/2026\/04\/Descubrimientos-clave-en-ciencia-Filosofa-gana-el-Premio-Fronteras-del.jpg\",\"width\":1200,\"height\":840,\"caption\":\"Premio Fronteras del Conocimiento para la fil\u00f3sofa que ha descubierto c\u00f3mo la ciencia \u00ablogra los \u00e9xitos que alcanza\u00bb\"},{\"@type\":\"BreadcrumbList\",\"@id\":\"https:\/\/www.diario21.tv\/noticias\/descubrimientos-clave-en-ciencia-filosofa-gana-el-premio-fronteras-del-conocimiento\/#breadcrumb\",\"itemListElement\":[{\"@type\":\"ListItem\",\"position\":1,\"name\":\"Accueil\",\"item\":\"https:\/\/www.diario21.tv\/noticias\/\"},{\"@type\":\"ListItem\",\"position\":2,\"name\":\"Descubrimientos clave en ciencia: Fil\u00f3sofa gana el Premio Fronteras del Conocimiento\"}]},{\"@type\":\"WebSite\",\"@id\":\"https:\/\/www.diario21.tv\/noticias\/#website\",\"url\":\"https:\/\/www.diario21.tv\/noticias\/\",\"name\":\"Diario 21\",\"description\":\"\",\"potentialAction\":[{\"@type\":\"SearchAction\",\"target\":{\"@type\":\"EntryPoint\",\"urlTemplate\":\"https:\/\/www.diario21.tv\/noticias\/?s={search_term_string}\"},\"query-input\":{\"@type\":\"PropertyValueSpecification\",\"valueRequired\":true,\"valueName\":\"search_term_string\"}}],\"inLanguage\":\"es-AR\"},{\"@type\":\"Person\",\"@id\":\"https:\/\/www.diario21.tv\/noticias\/#\/schema\/person\/dfb778f73814d8f09f302618446a526b\",\"name\":\"Juan P\u00e9rez\",\"image\":{\"@type\":\"ImageObject\",\"inLanguage\":\"es-AR\",\"@id\":\"https:\/\/www.diario21.tv\/noticias\/#\/schema\/person\/image\/\",\"url\":\"https:\/\/secure.gravatar.com\/avatar\/c478a405bd10621167f4c3167cc770f5?s=96&d=mm&r=g\",\"contentUrl\":\"https:\/\/secure.gravatar.com\/avatar\/c478a405bd10621167f4c3167cc770f5?s=96&d=mm&r=g\",\"caption\":\"Juan P\u00e9rez\"},\"description\":\"Juan P\u00e9rez es el redactor en jefe de Diario 21. Con m\u00e1s de 10 a\u00f1os de experiencia en el periodismo, se especializa en pol\u00edtica nacional y an\u00e1lisis socioecon\u00f3mico. Su enfoque cr\u00edtico y riguroso aporta una perspectiva \u00fanica a cada art\u00edculo.\",\"sameAs\":[\"https:\/\/www.diario21.tv\/noticias\/\"],\"url\":\"https:\/\/www.diario21.tv\/noticias\/author\/juan-perez\/\"}]}<\/script>\n<!-- \/ Yoast SEO plugin. -->","yoast_head_json":{"title":"Descubrimientos clave en ciencia: Fil\u00f3sofa gana el Premio Fronteras del Conocimiento - Diario 21","robots":{"index":"index","follow":"follow","max-snippet":"max-snippet:-1","max-image-preview":"max-image-preview:large","max-video-preview":"max-video-preview:-1"},"canonical":"https:\/\/www.diario21.tv\/noticias\/descubrimientos-clave-en-ciencia-filosofa-gana-el-premio-fronteras-del-conocimiento\/","og_locale":"es_ES","og_type":"article","og_title":"Descubrimientos clave en ciencia: Fil\u00f3sofa gana el Premio Fronteras del Conocimiento - Diario 21","og_description":"Galard\u00f3n Fronteras del Conocimiento otorgado a fil\u00f3sofa que explor\u00f3 el \u00e9xito de la ciencia En una ceremonia reciente, se ha concedido el prestigioso Premio Fronteras del ... Seguir leyendo &rarr;","og_url":"https:\/\/www.diario21.tv\/noticias\/descubrimientos-clave-en-ciencia-filosofa-gana-el-premio-fronteras-del-conocimiento\/","og_site_name":"Diario 21","article_published_time":"2026-04-24T00:12:34+00:00","article_modified_time":"2026-04-24T00:12:35+00:00","og_image":[{"width":1200,"height":840,"url":"https:\/\/www.diario21.tv\/noticias\/wp-content\/uploads\/2026\/04\/Descubrimientos-clave-en-ciencia-Filosofa-gana-el-Premio-Fronteras-del.jpg","type":"image\/jpeg"}],"author":"Juan P\u00e9rez","twitter_card":"summary_large_image","twitter_misc":{"Escrito por":"Juan P\u00e9rez","Tiempo de lectura":"2 minutos"},"schema":{"@context":"https:\/\/schema.org","@graph":[{"@type":"WebPage","@id":"https:\/\/www.diario21.tv\/noticias\/descubrimientos-clave-en-ciencia-filosofa-gana-el-premio-fronteras-del-conocimiento\/","url":"https:\/\/www.diario21.tv\/noticias\/descubrimientos-clave-en-ciencia-filosofa-gana-el-premio-fronteras-del-conocimiento\/","name":"Descubrimientos clave en ciencia: Fil\u00f3sofa gana el Premio Fronteras del Conocimiento - Diario 21","isPartOf":{"@id":"https:\/\/www.diario21.tv\/noticias\/#website"},"primaryImageOfPage":{"@id":"https:\/\/www.diario21.tv\/noticias\/descubrimientos-clave-en-ciencia-filosofa-gana-el-premio-fronteras-del-conocimiento\/#primaryimage"},"image":{"@id":"https:\/\/www.diario21.tv\/noticias\/descubrimientos-clave-en-ciencia-filosofa-gana-el-premio-fronteras-del-conocimiento\/#primaryimage"},"thumbnailUrl":"https:\/\/www.diario21.tv\/noticias\/wp-content\/uploads\/2026\/04\/Descubrimientos-clave-en-ciencia-Filosofa-gana-el-Premio-Fronteras-del.jpg","datePublished":"2026-04-24T00:12:34+00:00","dateModified":"2026-04-24T00:12:35+00:00","author":{"@id":"https:\/\/www.diario21.tv\/noticias\/#\/schema\/person\/dfb778f73814d8f09f302618446a526b"},"breadcrumb":{"@id":"https:\/\/www.diario21.tv\/noticias\/descubrimientos-clave-en-ciencia-filosofa-gana-el-premio-fronteras-del-conocimiento\/#breadcrumb"},"inLanguage":"es-AR","potentialAction":[{"@type":"ReadAction","target":["https:\/\/www.diario21.tv\/noticias\/descubrimientos-clave-en-ciencia-filosofa-gana-el-premio-fronteras-del-conocimiento\/"]}]},{"@type":"ImageObject","inLanguage":"es-AR","@id":"https:\/\/www.diario21.tv\/noticias\/descubrimientos-clave-en-ciencia-filosofa-gana-el-premio-fronteras-del-conocimiento\/#primaryimage","url":"https:\/\/www.diario21.tv\/noticias\/wp-content\/uploads\/2026\/04\/Descubrimientos-clave-en-ciencia-Filosofa-gana-el-Premio-Fronteras-del.jpg","contentUrl":"https:\/\/www.diario21.tv\/noticias\/wp-content\/uploads\/2026\/04\/Descubrimientos-clave-en-ciencia-Filosofa-gana-el-Premio-Fronteras-del.jpg","width":1200,"height":840,"caption":"Premio Fronteras del Conocimiento para la fil\u00f3sofa que ha descubierto c\u00f3mo la ciencia \u00ablogra los \u00e9xitos que alcanza\u00bb"},{"@type":"BreadcrumbList","@id":"https:\/\/www.diario21.tv\/noticias\/descubrimientos-clave-en-ciencia-filosofa-gana-el-premio-fronteras-del-conocimiento\/#breadcrumb","itemListElement":[{"@type":"ListItem","position":1,"name":"Accueil","item":"https:\/\/www.diario21.tv\/noticias\/"},{"@type":"ListItem","position":2,"name":"Descubrimientos clave en ciencia: Fil\u00f3sofa gana el Premio Fronteras del Conocimiento"}]},{"@type":"WebSite","@id":"https:\/\/www.diario21.tv\/noticias\/#website","url":"https:\/\/www.diario21.tv\/noticias\/","name":"Diario 21","description":"","potentialAction":[{"@type":"SearchAction","target":{"@type":"EntryPoint","urlTemplate":"https:\/\/www.diario21.tv\/noticias\/?s={search_term_string}"},"query-input":{"@type":"PropertyValueSpecification","valueRequired":true,"valueName":"search_term_string"}}],"inLanguage":"es-AR"},{"@type":"Person","@id":"https:\/\/www.diario21.tv\/noticias\/#\/schema\/person\/dfb778f73814d8f09f302618446a526b","name":"Juan P\u00e9rez","image":{"@type":"ImageObject","inLanguage":"es-AR","@id":"https:\/\/www.diario21.tv\/noticias\/#\/schema\/person\/image\/","url":"https:\/\/secure.gravatar.com\/avatar\/c478a405bd10621167f4c3167cc770f5?s=96&d=mm&r=g","contentUrl":"https:\/\/secure.gravatar.com\/avatar\/c478a405bd10621167f4c3167cc770f5?s=96&d=mm&r=g","caption":"Juan P\u00e9rez"},"description":"Juan P\u00e9rez es el redactor en jefe de Diario 21. Con m\u00e1s de 10 a\u00f1os de experiencia en el periodismo, se especializa en pol\u00edtica nacional y an\u00e1lisis socioecon\u00f3mico. Su enfoque cr\u00edtico y riguroso aporta una perspectiva \u00fanica a cada art\u00edculo.","sameAs":["https:\/\/www.diario21.tv\/noticias\/"],"url":"https:\/\/www.diario21.tv\/noticias\/author\/juan-perez\/"}]}},"_links":{"self":[{"href":"https:\/\/www.diario21.tv\/noticias\/wp-json\/wp\/v2\/posts\/6987"}],"collection":[{"href":"https:\/\/www.diario21.tv\/noticias\/wp-json\/wp\/v2\/posts"}],"about":[{"href":"https:\/\/www.diario21.tv\/noticias\/wp-json\/wp\/v2\/types\/post"}],"author":[{"embeddable":true,"href":"https:\/\/www.diario21.tv\/noticias\/wp-json\/wp\/v2\/users\/20"}],"replies":[{"embeddable":true,"href":"https:\/\/www.diario21.tv\/noticias\/wp-json\/wp\/v2\/comments?post=6987"}],"version-history":[{"count":1,"href":"https:\/\/www.diario21.tv\/noticias\/wp-json\/wp\/v2\/posts\/6987\/revisions"}],"predecessor-version":[{"id":6989,"href":"https:\/\/www.diario21.tv\/noticias\/wp-json\/wp\/v2\/posts\/6987\/revisions\/6989"}],"wp:featuredmedia":[{"embeddable":true,"href":"https:\/\/www.diario21.tv\/noticias\/wp-json\/wp\/v2\/media\/6988"}],"wp:attachment":[{"href":"https:\/\/www.diario21.tv\/noticias\/wp-json\/wp\/v2\/media?parent=6987"}],"wp:term":[{"taxonomy":"category","embeddable":true,"href":"https:\/\/www.diario21.tv\/noticias\/wp-json\/wp\/v2\/categories?post=6987"},{"taxonomy":"post_tag","embeddable":true,"href":"https:\/\/www.diario21.tv\/noticias\/wp-json\/wp\/v2\/tags?post=6987"}],"curies":[{"name":"wp","href":"https:\/\/api.w.org\/{rel}","templated":true}]}}