{"id":6981,"date":"2026-04-23T12:06:37","date_gmt":"2026-04-23T12:06:37","guid":{"rendered":"https:\/\/www.diario21.tv\/noticias\/drama-en-alemania-timmy-la-ballena-y-su-heroica-rescate\/"},"modified":"2026-04-23T12:06:39","modified_gmt":"2026-04-23T12:06:39","slug":"drama-en-alemania-timmy-la-ballena-y-su-heroica-rescate","status":"publish","type":"post","link":"https:\/\/www.diario21.tv\/noticias\/drama-en-alemania-timmy-la-ballena-y-su-heroica-rescate\/","title":{"rendered":"Drama en Alemania: Timmy, la ballena y su heroica rescate"},"content":{"rendered":"<h2>El Caso de Timmy, la Ballena, en Alemania y su Intento de Rescate<\/h2>\n<p>En un reciente incidente que ha capturado la atenci\u00f3n p\u00fablica en Alemania, una ballena, a la que se le ha dado el nombre de Timmy, se encontr\u00f3 en una situaci\u00f3n de peligro, desencadenando esfuerzos de rescate que han sido tanto conmovedores como controversiales. Este evento no solo resalta la conexi\u00f3n emocional que las personas pueden sentir hacia los animales marinos, sino tambi\u00e9n los desaf\u00edos \u00e9ticos y pr\u00e1cticos asociados con los intentos de rescate de la vida silvestre.<\/p>\n<h3>Descubrimiento y primeros auxilios<\/h3>\n<p>Timmy fue descubierto varado en una zona poco com\u00fan para el h\u00e1bitat de las ballenas, lo que inmediatamente provoc\u00f3 preocupaci\u00f3n entre los habitantes locales y las autoridades de vida silvestre. Una mujer, que ha sido ampliamente reconocida por su valent\u00eda, fue la primera en notar la situaci\u00f3n complicada de la ballena y no dud\u00f3 en intervenir para ofrecer ayuda. Equipada con lo b\u00e1sico y mucho coraje, esta mujer intent\u00f3 mantener a la ballena hidratada y protegida, mientras llegaban los expertos y los equipos de rescate necesarios.<\/p>\n<h3>La respuesta de la comunidad y los expertos<\/h3>\n<p>La noticia del incidente se difundi\u00f3 r\u00e1pidamente y la comunidad local respondi\u00f3 con un notable esp\u00edritu de colaboraci\u00f3n. Desde voluntarios que ayudaban a mojar las mantas para la ballena hasta aquellos que tra\u00edan suministros, la respuesta fue un reflejo palpable de la solidaridad humana hacia los animales en apuros. Por otro lado, los expertos en vida marina llegaron al lugar con equipos especializados para evaluar la salud de Timmy y determinar la mejor manera de proceder con su rescate.<\/p>\n<p>Sin embargo, no todos estuvieron de acuerdo con las medidas tomadas. Algunos criticaron los m\u00e9todos de rescate, argumentando que podr\u00edan ser m\u00e1s perjudiciales que beneficiosos para la ballena. Este debate abri\u00f3 una discusi\u00f3n m\u00e1s amplia sobre c\u00f3mo deben llevarse a cabo los rescates de animales marinos, especialmente en casos donde la supervivencia del animal podr\u00eda estar en riesgo debido a la intervenci\u00f3n humana.<\/p>\n<h3>Consecuencias y reflexiones<\/h3>\n<p>El caso de Timmy no solo muestra la compasi\u00f3n y el deseo de ayudar a los animales en necesidad, sino que tambi\u00e9n destaca la importancia de tener protocolos claros y efectivos en situaciones de rescate. Es esencial que se balancee la empat\u00eda con la prudencia cient\u00edfica para asegurar que las buenas intenciones no resulten en m\u00e1s da\u00f1o que beneficio.<\/p>\n<p>Adem\u00e1s, este incidente ha servido para educar al p\u00fablico sobre las especies marinas y la necesidad de proteger nuestros ecosistemas acu\u00e1ticos. Ha generado un di\u00e1logo sobre la interacci\u00f3n humana con la fauna silvestre y c\u00f3mo podemos coexistir de manera m\u00e1s sostenible y respetuosa.<\/p>\n<p>En conclusi\u00f3n, la saga de Timmy la ballena en Alemania es un recordatorio de nuestra responsabilidad hacia el mundo natural y las criaturas que lo habitan. Mientras que la situaci\u00f3n espec\u00edfica de Timmy ha sido resuelta, las lecciones aprendidas y las preguntas planteadas perdurar\u00e1n, esperando guiar futuras acciones en la intersecci\u00f3n de la humanidad y la vida silvestre.<\/p>\n\n\n<div class=\"kk-star-ratings kksr-auto kksr-align-left kksr-valign-bottom\"\n    data-payload='{&quot;align&quot;:&quot;left&quot;,&quot;id&quot;:&quot;6981&quot;,&quot;slug&quot;:&quot;default&quot;,&quot;valign&quot;:&quot;bottom&quot;,&quot;ignore&quot;:&quot;&quot;,&quot;reference&quot;:&quot;auto&quot;,&quot;class&quot;:&quot;&quot;,&quot;count&quot;:&quot;0&quot;,&quot;legendonly&quot;:&quot;&quot;,&quot;readonly&quot;:&quot;&quot;,&quot;score&quot;:&quot;0&quot;,&quot;starsonly&quot;:&quot;&quot;,&quot;best&quot;:&quot;5&quot;,&quot;gap&quot;:&quot;5&quot;,&quot;greet&quot;:&quot;Valora este post&quot;,&quot;legend&quot;:&quot;0\\\/5 - (0 votes)&quot;,&quot;size&quot;:&quot;22&quot;,&quot;title&quot;:&quot;Drama en Alemania: Timmy, la ballena y su heroica rescate&quot;,&quot;width&quot;:&quot;0&quot;,&quot;_legend&quot;:&quot;{score}\\\/{best} - ({count} {votes})&quot;,&quot;font_factor&quot;:&quot;1.25&quot;}'>\n            \n<div class=\"kksr-stars\">\n    \n<div class=\"kksr-stars-inactive\">\n            <div class=\"kksr-star\" data-star=\"1\" style=\"padding-right: 5px\">\n            \n\n<div class=\"kksr-icon\" style=\"width: 22px; height: 22px;\"><\/div>\n        <\/div>\n            <div class=\"kksr-star\" data-star=\"2\" style=\"padding-right: 5px\">\n            \n\n<div class=\"kksr-icon\" style=\"width: 22px; height: 22px;\"><\/div>\n        <\/div>\n            <div class=\"kksr-star\" data-star=\"3\" style=\"padding-right: 5px\">\n            \n\n<div class=\"kksr-icon\" style=\"width: 22px; height: 22px;\"><\/div>\n        <\/div>\n            <div class=\"kksr-star\" data-star=\"4\" style=\"padding-right: 5px\">\n            \n\n<div class=\"kksr-icon\" style=\"width: 22px; height: 22px;\"><\/div>\n        <\/div>\n            <div class=\"kksr-star\" data-star=\"5\" style=\"padding-right: 5px\">\n            \n\n<div class=\"kksr-icon\" style=\"width: 22px; height: 22px;\"><\/div>\n        <\/div>\n    <\/div>\n    \n<div class=\"kksr-stars-active\" style=\"width: 0px;\">\n            <div class=\"kksr-star\" style=\"padding-right: 5px\">\n            \n\n<div class=\"kksr-icon\" style=\"width: 22px; height: 22px;\"><\/div>\n        <\/div>\n            <div class=\"kksr-star\" style=\"padding-right: 5px\">\n            \n\n<div class=\"kksr-icon\" style=\"width: 22px; height: 22px;\"><\/div>\n        <\/div>\n            <div class=\"kksr-star\" style=\"padding-right: 5px\">\n            \n\n<div class=\"kksr-icon\" style=\"width: 22px; height: 22px;\"><\/div>\n        <\/div>\n            <div class=\"kksr-star\" style=\"padding-right: 5px\">\n            \n\n<div class=\"kksr-icon\" style=\"width: 22px; height: 22px;\"><\/div>\n        <\/div>\n            <div class=\"kksr-star\" style=\"padding-right: 5px\">\n            \n\n<div class=\"kksr-icon\" style=\"width: 22px; height: 22px;\"><\/div>\n        <\/div>\n    <\/div>\n<\/div>\n                \n\n<div class=\"kksr-legend\" style=\"font-size: 17.6px;\">\n            <span class=\"kksr-muted\">Valora este post<\/span>\n    <\/div>\n    <\/div>\n","protected":false},"excerpt":{"rendered":"<p>El Caso de Timmy, la Ballena, en Alemania y su Intento de Rescate En un reciente incidente que ha capturado la atenci\u00f3n p\u00fablica en Alemania, una &#8230; <a title=\"Drama en Alemania: Timmy, la ballena y su heroica rescate\" class=\"read-more\" href=\"https:\/\/www.diario21.tv\/noticias\/drama-en-alemania-timmy-la-ballena-y-su-heroica-rescate\/\" aria-label=\"Leer m\u00e1s sobre Drama en Alemania: Timmy, la ballena y su heroica rescate\">Seguir leyendo &rarr;<\/a><\/p>\n","protected":false},"author":20,"featured_media":6982,"comment_status":"open","ping_status":"open","sticky":false,"template":"","format":"standard","meta":{"footnotes":""},"categories":[13],"tags":[],"class_list":["post-6981","post","type-post","status-publish","format-standard","has-post-thumbnail","hentry","category-portada"],"yoast_head":"<!-- This site is optimized with the Yoast SEO plugin v25.6 - https:\/\/yoast.com\/wordpress\/plugins\/seo\/ -->\n<title>Drama en Alemania: Timmy, la ballena y su heroica rescate - Diario 21<\/title>\n<meta name=\"robots\" content=\"index, follow, max-snippet:-1, max-image-preview:large, max-video-preview:-1\" \/>\n<link rel=\"canonical\" href=\"https:\/\/www.diario21.tv\/noticias\/drama-en-alemania-timmy-la-ballena-y-su-heroica-rescate\/\" \/>\n<meta property=\"og:locale\" content=\"es_ES\" \/>\n<meta property=\"og:type\" content=\"article\" \/>\n<meta property=\"og:title\" content=\"Drama en Alemania: Timmy, la ballena y su heroica rescate - Diario 21\" \/>\n<meta property=\"og:description\" content=\"El Caso de Timmy, la Ballena, en Alemania y su Intento de Rescate En un reciente incidente que ha capturado la atenci\u00f3n p\u00fablica en Alemania, una ... Seguir leyendo &rarr;\" \/>\n<meta property=\"og:url\" content=\"https:\/\/www.diario21.tv\/noticias\/drama-en-alemania-timmy-la-ballena-y-su-heroica-rescate\/\" \/>\n<meta property=\"og:site_name\" content=\"Diario 21\" \/>\n<meta property=\"article:published_time\" content=\"2026-04-23T12:06:37+00:00\" \/>\n<meta property=\"article:modified_time\" content=\"2026-04-23T12:06:39+00:00\" \/>\n<meta property=\"og:image\" content=\"https:\/\/www.diario21.tv\/noticias\/wp-content\/uploads\/2026\/04\/Drama-en-Alemania-Timmy-la-ballena-y-su-heroica-rescate.jpg\" \/>\n\t<meta property=\"og:image:width\" content=\"1200\" \/>\n\t<meta property=\"og:image:height\" content=\"840\" \/>\n\t<meta property=\"og:image:type\" content=\"image\/jpeg\" \/>\n<meta name=\"author\" content=\"Juan P\u00e9rez\" \/>\n<meta name=\"twitter:card\" content=\"summary_large_image\" \/>\n<meta name=\"twitter:label1\" content=\"Escrito por\" \/>\n\t<meta name=\"twitter:data1\" content=\"Juan P\u00e9rez\" \/>\n\t<meta name=\"twitter:label2\" content=\"Tiempo de lectura\" \/>\n\t<meta name=\"twitter:data2\" content=\"3 minutos\" \/>\n<script type=\"application\/ld+json\" class=\"yoast-schema-graph\">{\"@context\":\"https:\/\/schema.org\",\"@graph\":[{\"@type\":\"WebPage\",\"@id\":\"https:\/\/www.diario21.tv\/noticias\/drama-en-alemania-timmy-la-ballena-y-su-heroica-rescate\/\",\"url\":\"https:\/\/www.diario21.tv\/noticias\/drama-en-alemania-timmy-la-ballena-y-su-heroica-rescate\/\",\"name\":\"Drama en Alemania: Timmy, la ballena y su heroica rescate - Diario 21\",\"isPartOf\":{\"@id\":\"https:\/\/www.diario21.tv\/noticias\/#website\"},\"primaryImageOfPage\":{\"@id\":\"https:\/\/www.diario21.tv\/noticias\/drama-en-alemania-timmy-la-ballena-y-su-heroica-rescate\/#primaryimage\"},\"image\":{\"@id\":\"https:\/\/www.diario21.tv\/noticias\/drama-en-alemania-timmy-la-ballena-y-su-heroica-rescate\/#primaryimage\"},\"thumbnailUrl\":\"https:\/\/www.diario21.tv\/noticias\/wp-content\/uploads\/2026\/04\/Drama-en-Alemania-Timmy-la-ballena-y-su-heroica-rescate.jpg\",\"datePublished\":\"2026-04-23T12:06:37+00:00\",\"dateModified\":\"2026-04-23T12:06:39+00:00\",\"author\":{\"@id\":\"https:\/\/www.diario21.tv\/noticias\/#\/schema\/person\/dfb778f73814d8f09f302618446a526b\"},\"breadcrumb\":{\"@id\":\"https:\/\/www.diario21.tv\/noticias\/drama-en-alemania-timmy-la-ballena-y-su-heroica-rescate\/#breadcrumb\"},\"inLanguage\":\"es-AR\",\"potentialAction\":[{\"@type\":\"ReadAction\",\"target\":[\"https:\/\/www.diario21.tv\/noticias\/drama-en-alemania-timmy-la-ballena-y-su-heroica-rescate\/\"]}]},{\"@type\":\"ImageObject\",\"inLanguage\":\"es-AR\",\"@id\":\"https:\/\/www.diario21.tv\/noticias\/drama-en-alemania-timmy-la-ballena-y-su-heroica-rescate\/#primaryimage\",\"url\":\"https:\/\/www.diario21.tv\/noticias\/wp-content\/uploads\/2026\/04\/Drama-en-Alemania-Timmy-la-ballena-y-su-heroica-rescate.jpg\",\"contentUrl\":\"https:\/\/www.diario21.tv\/noticias\/wp-content\/uploads\/2026\/04\/Drama-en-Alemania-Timmy-la-ballena-y-su-heroica-rescate.jpg\",\"width\":1200,\"height\":840,\"caption\":\"El drama en Alemania por la ballena Timmy y su rescatadora\"},{\"@type\":\"BreadcrumbList\",\"@id\":\"https:\/\/www.diario21.tv\/noticias\/drama-en-alemania-timmy-la-ballena-y-su-heroica-rescate\/#breadcrumb\",\"itemListElement\":[{\"@type\":\"ListItem\",\"position\":1,\"name\":\"Accueil\",\"item\":\"https:\/\/www.diario21.tv\/noticias\/\"},{\"@type\":\"ListItem\",\"position\":2,\"name\":\"Drama en Alemania: Timmy, la ballena y su heroica rescate\"}]},{\"@type\":\"WebSite\",\"@id\":\"https:\/\/www.diario21.tv\/noticias\/#website\",\"url\":\"https:\/\/www.diario21.tv\/noticias\/\",\"name\":\"Diario 21\",\"description\":\"\",\"potentialAction\":[{\"@type\":\"SearchAction\",\"target\":{\"@type\":\"EntryPoint\",\"urlTemplate\":\"https:\/\/www.diario21.tv\/noticias\/?s={search_term_string}\"},\"query-input\":{\"@type\":\"PropertyValueSpecification\",\"valueRequired\":true,\"valueName\":\"search_term_string\"}}],\"inLanguage\":\"es-AR\"},{\"@type\":\"Person\",\"@id\":\"https:\/\/www.diario21.tv\/noticias\/#\/schema\/person\/dfb778f73814d8f09f302618446a526b\",\"name\":\"Juan P\u00e9rez\",\"image\":{\"@type\":\"ImageObject\",\"inLanguage\":\"es-AR\",\"@id\":\"https:\/\/www.diario21.tv\/noticias\/#\/schema\/person\/image\/\",\"url\":\"https:\/\/secure.gravatar.com\/avatar\/c478a405bd10621167f4c3167cc770f5?s=96&d=mm&r=g\",\"contentUrl\":\"https:\/\/secure.gravatar.com\/avatar\/c478a405bd10621167f4c3167cc770f5?s=96&d=mm&r=g\",\"caption\":\"Juan P\u00e9rez\"},\"description\":\"Juan P\u00e9rez es el redactor en jefe de Diario 21. Con m\u00e1s de 10 a\u00f1os de experiencia en el periodismo, se especializa en pol\u00edtica nacional y an\u00e1lisis socioecon\u00f3mico. Su enfoque cr\u00edtico y riguroso aporta una perspectiva \u00fanica a cada art\u00edculo.\",\"sameAs\":[\"https:\/\/www.diario21.tv\/noticias\/\"],\"url\":\"https:\/\/www.diario21.tv\/noticias\/author\/juan-perez\/\"}]}<\/script>\n<!-- \/ Yoast SEO plugin. -->","yoast_head_json":{"title":"Drama en Alemania: Timmy, la ballena y su heroica rescate - Diario 21","robots":{"index":"index","follow":"follow","max-snippet":"max-snippet:-1","max-image-preview":"max-image-preview:large","max-video-preview":"max-video-preview:-1"},"canonical":"https:\/\/www.diario21.tv\/noticias\/drama-en-alemania-timmy-la-ballena-y-su-heroica-rescate\/","og_locale":"es_ES","og_type":"article","og_title":"Drama en Alemania: Timmy, la ballena y su heroica rescate - Diario 21","og_description":"El Caso de Timmy, la Ballena, en Alemania y su Intento de Rescate En un reciente incidente que ha capturado la atenci\u00f3n p\u00fablica en Alemania, una ... Seguir leyendo &rarr;","og_url":"https:\/\/www.diario21.tv\/noticias\/drama-en-alemania-timmy-la-ballena-y-su-heroica-rescate\/","og_site_name":"Diario 21","article_published_time":"2026-04-23T12:06:37+00:00","article_modified_time":"2026-04-23T12:06:39+00:00","og_image":[{"width":1200,"height":840,"url":"https:\/\/www.diario21.tv\/noticias\/wp-content\/uploads\/2026\/04\/Drama-en-Alemania-Timmy-la-ballena-y-su-heroica-rescate.jpg","type":"image\/jpeg"}],"author":"Juan P\u00e9rez","twitter_card":"summary_large_image","twitter_misc":{"Escrito por":"Juan P\u00e9rez","Tiempo de lectura":"3 minutos"},"schema":{"@context":"https:\/\/schema.org","@graph":[{"@type":"WebPage","@id":"https:\/\/www.diario21.tv\/noticias\/drama-en-alemania-timmy-la-ballena-y-su-heroica-rescate\/","url":"https:\/\/www.diario21.tv\/noticias\/drama-en-alemania-timmy-la-ballena-y-su-heroica-rescate\/","name":"Drama en Alemania: Timmy, la ballena y su heroica rescate - Diario 21","isPartOf":{"@id":"https:\/\/www.diario21.tv\/noticias\/#website"},"primaryImageOfPage":{"@id":"https:\/\/www.diario21.tv\/noticias\/drama-en-alemania-timmy-la-ballena-y-su-heroica-rescate\/#primaryimage"},"image":{"@id":"https:\/\/www.diario21.tv\/noticias\/drama-en-alemania-timmy-la-ballena-y-su-heroica-rescate\/#primaryimage"},"thumbnailUrl":"https:\/\/www.diario21.tv\/noticias\/wp-content\/uploads\/2026\/04\/Drama-en-Alemania-Timmy-la-ballena-y-su-heroica-rescate.jpg","datePublished":"2026-04-23T12:06:37+00:00","dateModified":"2026-04-23T12:06:39+00:00","author":{"@id":"https:\/\/www.diario21.tv\/noticias\/#\/schema\/person\/dfb778f73814d8f09f302618446a526b"},"breadcrumb":{"@id":"https:\/\/www.diario21.tv\/noticias\/drama-en-alemania-timmy-la-ballena-y-su-heroica-rescate\/#breadcrumb"},"inLanguage":"es-AR","potentialAction":[{"@type":"ReadAction","target":["https:\/\/www.diario21.tv\/noticias\/drama-en-alemania-timmy-la-ballena-y-su-heroica-rescate\/"]}]},{"@type":"ImageObject","inLanguage":"es-AR","@id":"https:\/\/www.diario21.tv\/noticias\/drama-en-alemania-timmy-la-ballena-y-su-heroica-rescate\/#primaryimage","url":"https:\/\/www.diario21.tv\/noticias\/wp-content\/uploads\/2026\/04\/Drama-en-Alemania-Timmy-la-ballena-y-su-heroica-rescate.jpg","contentUrl":"https:\/\/www.diario21.tv\/noticias\/wp-content\/uploads\/2026\/04\/Drama-en-Alemania-Timmy-la-ballena-y-su-heroica-rescate.jpg","width":1200,"height":840,"caption":"El drama en Alemania por la ballena Timmy y su rescatadora"},{"@type":"BreadcrumbList","@id":"https:\/\/www.diario21.tv\/noticias\/drama-en-alemania-timmy-la-ballena-y-su-heroica-rescate\/#breadcrumb","itemListElement":[{"@type":"ListItem","position":1,"name":"Accueil","item":"https:\/\/www.diario21.tv\/noticias\/"},{"@type":"ListItem","position":2,"name":"Drama en Alemania: Timmy, la ballena y su heroica rescate"}]},{"@type":"WebSite","@id":"https:\/\/www.diario21.tv\/noticias\/#website","url":"https:\/\/www.diario21.tv\/noticias\/","name":"Diario 21","description":"","potentialAction":[{"@type":"SearchAction","target":{"@type":"EntryPoint","urlTemplate":"https:\/\/www.diario21.tv\/noticias\/?s={search_term_string}"},"query-input":{"@type":"PropertyValueSpecification","valueRequired":true,"valueName":"search_term_string"}}],"inLanguage":"es-AR"},{"@type":"Person","@id":"https:\/\/www.diario21.tv\/noticias\/#\/schema\/person\/dfb778f73814d8f09f302618446a526b","name":"Juan P\u00e9rez","image":{"@type":"ImageObject","inLanguage":"es-AR","@id":"https:\/\/www.diario21.tv\/noticias\/#\/schema\/person\/image\/","url":"https:\/\/secure.gravatar.com\/avatar\/c478a405bd10621167f4c3167cc770f5?s=96&d=mm&r=g","contentUrl":"https:\/\/secure.gravatar.com\/avatar\/c478a405bd10621167f4c3167cc770f5?s=96&d=mm&r=g","caption":"Juan P\u00e9rez"},"description":"Juan P\u00e9rez es el redactor en jefe de Diario 21. Con m\u00e1s de 10 a\u00f1os de experiencia en el periodismo, se especializa en pol\u00edtica nacional y an\u00e1lisis socioecon\u00f3mico. Su enfoque cr\u00edtico y riguroso aporta una perspectiva \u00fanica a cada art\u00edculo.","sameAs":["https:\/\/www.diario21.tv\/noticias\/"],"url":"https:\/\/www.diario21.tv\/noticias\/author\/juan-perez\/"}]}},"_links":{"self":[{"href":"https:\/\/www.diario21.tv\/noticias\/wp-json\/wp\/v2\/posts\/6981"}],"collection":[{"href":"https:\/\/www.diario21.tv\/noticias\/wp-json\/wp\/v2\/posts"}],"about":[{"href":"https:\/\/www.diario21.tv\/noticias\/wp-json\/wp\/v2\/types\/post"}],"author":[{"embeddable":true,"href":"https:\/\/www.diario21.tv\/noticias\/wp-json\/wp\/v2\/users\/20"}],"replies":[{"embeddable":true,"href":"https:\/\/www.diario21.tv\/noticias\/wp-json\/wp\/v2\/comments?post=6981"}],"version-history":[{"count":1,"href":"https:\/\/www.diario21.tv\/noticias\/wp-json\/wp\/v2\/posts\/6981\/revisions"}],"predecessor-version":[{"id":6983,"href":"https:\/\/www.diario21.tv\/noticias\/wp-json\/wp\/v2\/posts\/6981\/revisions\/6983"}],"wp:featuredmedia":[{"embeddable":true,"href":"https:\/\/www.diario21.tv\/noticias\/wp-json\/wp\/v2\/media\/6982"}],"wp:attachment":[{"href":"https:\/\/www.diario21.tv\/noticias\/wp-json\/wp\/v2\/media?parent=6981"}],"wp:term":[{"taxonomy":"category","embeddable":true,"href":"https:\/\/www.diario21.tv\/noticias\/wp-json\/wp\/v2\/categories?post=6981"},{"taxonomy":"post_tag","embeddable":true,"href":"https:\/\/www.diario21.tv\/noticias\/wp-json\/wp\/v2\/tags?post=6981"}],"curies":[{"name":"wp","href":"https:\/\/api.w.org\/{rel}","templated":true}]}}