{"id":6978,"date":"2026-04-23T00:00:30","date_gmt":"2026-04-23T00:00:30","guid":{"rendered":"https:\/\/www.diario21.tv\/noticias\/escandalo-revelado-informe-forense-cuestiona-robos-de-bebes-en-hospitales-franquistas\/"},"modified":"2026-04-23T00:00:32","modified_gmt":"2026-04-23T00:00:32","slug":"escandalo-revelado-informe-forense-cuestiona-robos-de-bebes-en-hospitales-franquistas","status":"publish","type":"post","link":"https:\/\/www.diario21.tv\/noticias\/escandalo-revelado-informe-forense-cuestiona-robos-de-bebes-en-hospitales-franquistas\/","title":{"rendered":"\u00a1Esc\u00e1ndalo revelado! Informe forense cuestiona robos de beb\u00e9s en hospitales franquistas"},"content":{"rendered":"<h2>Dudas sobre la supuesta sustracci\u00f3n de infantes en centros hospitalarios durante la era franquista<\/h2>\n<p>Un reciente estudio forense ha puesto en tela de juicio las afirmaciones sobre un presunto robo organizado de reci\u00e9n nacidos en hospitales de Espa\u00f1a bajo el r\u00e9gimen de Francisco Franco. El informe, elaborado por expertos en ciencias forenses, analiza detenidamente los casos reportados y las pruebas presentadas hasta la fecha, llegando a conclusiones que podr\u00edan cambiar la percepci\u00f3n p\u00fablica sobre estos eventos.<\/p>\n<h3>Investigaci\u00f3n y hallazgos clave<\/h3>\n<p>El estudio forense se centr\u00f3 en revisar exhaustivamente los documentos, testimonios y otros tipos de evidencia relacionados con los casos denunciados de robo de beb\u00e9s. Los expertos buscaron patrones y consistencias que pudieran indicar la existencia de una pr\u00e1ctica sistem\u00e1tica de sustracci\u00f3n de menores en las instituciones m\u00e9dicas durante las d\u00e9cadas en las que Franco estuvo en el poder.<\/p>\n<p>A lo largo de la investigaci\u00f3n, se hizo evidente que muchas de las acusaciones carec\u00edan de fundamentos s\u00f3lidos y que los datos a menudo eran anecd\u00f3ticos o basados en recuerdos que no se pod\u00edan verificar de manera independiente. Adem\u00e1s, el informe se\u00f1al\u00f3 una falta de documentaci\u00f3n oficial que respaldara la teor\u00eda de una pol\u00edtica estatal o administrativa dirigida a la apropiaci\u00f3n ilegal de ni\u00f1os.<\/p>\n<h3>Reacciones y consecuencias<\/h3>\n<p>La publicaci\u00f3n de este informe ha generado una variedad de respuestas. Por un lado, grupos de v\u00edctimas y familiares que han defendido la existencia de estos robos durante a\u00f1os expresaron su desacuerdo y consternaci\u00f3n, preocupados de que el estudio pueda ser utilizado para desacreditar sus reclamaciones y luchas. Por otro lado, algunos sectores acad\u00e9micos y jur\u00eddicos han recibido el informe como una herramienta crucial para reevaluar y posiblemente redirigir las investigaciones actuales sobre el tema.<\/p>\n<p>Adem\u00e1s, este an\u00e1lisis forense ha abierto un debate m\u00e1s amplio sobre c\u00f3mo se debe manejar la memoria hist\u00f3rica y las acusaciones de delitos pasados que son dif\u00edciles de probar. La necesidad de una metodolog\u00eda rigurosa y una revisi\u00f3n cr\u00edtica de la evidencia disponible se ha vuelto m\u00e1s apremiante para evitar conclusiones err\u00f3neas que puedan afectar tanto a las v\u00edctimas como a la justicia hist\u00f3rica.<\/p>\n<h3>Implicaciones para el futuro<\/h3>\n<p>El impacto de este informe podr\u00eda extenderse m\u00e1s all\u00e1 de la reinterpretaci\u00f3n de los supuestos robos de beb\u00e9s. Podr\u00eda influir en c\u00f3mo los historiadores y juristas abordan otros aspectos controvertidos del franquismo y la transici\u00f3n a la democracia en Espa\u00f1a. Asimismo, pone de relieve la importancia de aplicar rigor cient\u00edfico y objetividad en la investigaci\u00f3n de violaciones de derechos humanos, independientemente de cu\u00e1ndo hayan ocurrido.<\/p>\n<p>En conclusi\u00f3n, aunque el informe forense no descarta por completo que se hayan cometido delitos individuales en el robo de beb\u00e9s, s\u00ed cuestiona fuertemente la narrativa de que estos actos fueron una pol\u00edtica sistem\u00e1tica y extendida durante el r\u00e9gimen franquista. La discusi\u00f3n sobre este tema seguramente continuar\u00e1, impulsada tanto por la b\u00fasqueda de verdad y justicia por parte de las familias afectadas como por el inter\u00e9s acad\u00e9mico y social en comprender plenamente esta compleja \u00e9poca hist\u00f3rica.<\/p>\n\n\n<div class=\"kk-star-ratings kksr-auto kksr-align-left kksr-valign-bottom\"\n    data-payload='{&quot;align&quot;:&quot;left&quot;,&quot;id&quot;:&quot;6978&quot;,&quot;slug&quot;:&quot;default&quot;,&quot;valign&quot;:&quot;bottom&quot;,&quot;ignore&quot;:&quot;&quot;,&quot;reference&quot;:&quot;auto&quot;,&quot;class&quot;:&quot;&quot;,&quot;count&quot;:&quot;0&quot;,&quot;legendonly&quot;:&quot;&quot;,&quot;readonly&quot;:&quot;&quot;,&quot;score&quot;:&quot;0&quot;,&quot;starsonly&quot;:&quot;&quot;,&quot;best&quot;:&quot;5&quot;,&quot;gap&quot;:&quot;5&quot;,&quot;greet&quot;:&quot;Valora este post&quot;,&quot;legend&quot;:&quot;0\\\/5 - (0 votes)&quot;,&quot;size&quot;:&quot;22&quot;,&quot;title&quot;:&quot;\u00a1Esc\u00e1ndalo revelado! Informe forense cuestiona robos de beb\u00e9s en hospitales franquistas&quot;,&quot;width&quot;:&quot;0&quot;,&quot;_legend&quot;:&quot;{score}\\\/{best} - ({count} {votes})&quot;,&quot;font_factor&quot;:&quot;1.25&quot;}'>\n            \n<div class=\"kksr-stars\">\n    \n<div class=\"kksr-stars-inactive\">\n            <div class=\"kksr-star\" data-star=\"1\" style=\"padding-right: 5px\">\n            \n\n<div class=\"kksr-icon\" style=\"width: 22px; height: 22px;\"><\/div>\n        <\/div>\n            <div class=\"kksr-star\" data-star=\"2\" style=\"padding-right: 5px\">\n            \n\n<div class=\"kksr-icon\" style=\"width: 22px; height: 22px;\"><\/div>\n        <\/div>\n            <div class=\"kksr-star\" data-star=\"3\" style=\"padding-right: 5px\">\n            \n\n<div class=\"kksr-icon\" style=\"width: 22px; height: 22px;\"><\/div>\n        <\/div>\n            <div class=\"kksr-star\" data-star=\"4\" style=\"padding-right: 5px\">\n            \n\n<div class=\"kksr-icon\" style=\"width: 22px; height: 22px;\"><\/div>\n        <\/div>\n            <div class=\"kksr-star\" data-star=\"5\" style=\"padding-right: 5px\">\n            \n\n<div class=\"kksr-icon\" style=\"width: 22px; height: 22px;\"><\/div>\n        <\/div>\n    <\/div>\n    \n<div class=\"kksr-stars-active\" style=\"width: 0px;\">\n            <div class=\"kksr-star\" style=\"padding-right: 5px\">\n            \n\n<div class=\"kksr-icon\" style=\"width: 22px; height: 22px;\"><\/div>\n        <\/div>\n            <div class=\"kksr-star\" style=\"padding-right: 5px\">\n            \n\n<div class=\"kksr-icon\" style=\"width: 22px; height: 22px;\"><\/div>\n        <\/div>\n            <div class=\"kksr-star\" style=\"padding-right: 5px\">\n            \n\n<div class=\"kksr-icon\" style=\"width: 22px; height: 22px;\"><\/div>\n        <\/div>\n            <div class=\"kksr-star\" style=\"padding-right: 5px\">\n            \n\n<div class=\"kksr-icon\" style=\"width: 22px; height: 22px;\"><\/div>\n        <\/div>\n            <div class=\"kksr-star\" style=\"padding-right: 5px\">\n            \n\n<div class=\"kksr-icon\" style=\"width: 22px; height: 22px;\"><\/div>\n        <\/div>\n    <\/div>\n<\/div>\n                \n\n<div class=\"kksr-legend\" style=\"font-size: 17.6px;\">\n            <span class=\"kksr-muted\">Valora este post<\/span>\n    <\/div>\n    <\/div>\n","protected":false},"excerpt":{"rendered":"<p>Dudas sobre la supuesta sustracci\u00f3n de infantes en centros hospitalarios durante la era franquista Un reciente estudio forense ha puesto en tela de juicio las afirmaciones &#8230; <a title=\"\u00a1Esc\u00e1ndalo revelado! Informe forense cuestiona robos de beb\u00e9s en hospitales franquistas\" class=\"read-more\" href=\"https:\/\/www.diario21.tv\/noticias\/escandalo-revelado-informe-forense-cuestiona-robos-de-bebes-en-hospitales-franquistas\/\" aria-label=\"Leer m\u00e1s sobre \u00a1Esc\u00e1ndalo revelado! Informe forense cuestiona robos de beb\u00e9s en hospitales franquistas\">Seguir leyendo &rarr;<\/a><\/p>\n","protected":false},"author":20,"featured_media":6979,"comment_status":"open","ping_status":"open","sticky":false,"template":"","format":"standard","meta":{"footnotes":""},"categories":[13],"tags":[],"class_list":["post-6978","post","type-post","status-publish","format-standard","has-post-thumbnail","hentry","category-portada"],"yoast_head":"<!-- This site is optimized with the Yoast SEO plugin v25.6 - https:\/\/yoast.com\/wordpress\/plugins\/seo\/ -->\n<title>\u00a1Esc\u00e1ndalo revelado! Informe forense cuestiona robos de beb\u00e9s en hospitales franquistas - Diario 21<\/title>\n<meta name=\"robots\" content=\"index, follow, max-snippet:-1, max-image-preview:large, max-video-preview:-1\" \/>\n<link rel=\"canonical\" href=\"https:\/\/www.diario21.tv\/noticias\/escandalo-revelado-informe-forense-cuestiona-robos-de-bebes-en-hospitales-franquistas\/\" \/>\n<meta property=\"og:locale\" content=\"es_ES\" \/>\n<meta property=\"og:type\" content=\"article\" \/>\n<meta property=\"og:title\" content=\"\u00a1Esc\u00e1ndalo revelado! Informe forense cuestiona robos de beb\u00e9s en hospitales franquistas - Diario 21\" \/>\n<meta property=\"og:description\" content=\"Dudas sobre la supuesta sustracci\u00f3n de infantes en centros hospitalarios durante la era franquista Un reciente estudio forense ha puesto en tela de juicio las afirmaciones ... Seguir leyendo &rarr;\" \/>\n<meta property=\"og:url\" content=\"https:\/\/www.diario21.tv\/noticias\/escandalo-revelado-informe-forense-cuestiona-robos-de-bebes-en-hospitales-franquistas\/\" \/>\n<meta property=\"og:site_name\" content=\"Diario 21\" \/>\n<meta property=\"article:published_time\" content=\"2026-04-23T00:00:30+00:00\" \/>\n<meta property=\"article:modified_time\" content=\"2026-04-23T00:00:32+00:00\" \/>\n<meta property=\"og:image\" content=\"https:\/\/www.diario21.tv\/noticias\/wp-content\/uploads\/2026\/04\/\u00a1Escandalo-revelado-Informe-forense-cuestiona-robos-de-bebes-en-hospitales.jpg\" \/>\n\t<meta property=\"og:image:width\" content=\"1200\" \/>\n\t<meta property=\"og:image:height\" content=\"840\" \/>\n\t<meta property=\"og:image:type\" content=\"image\/jpeg\" \/>\n<meta name=\"author\" content=\"Juan P\u00e9rez\" \/>\n<meta name=\"twitter:card\" content=\"summary_large_image\" \/>\n<meta name=\"twitter:label1\" content=\"Escrito por\" \/>\n\t<meta name=\"twitter:data1\" content=\"Juan P\u00e9rez\" \/>\n\t<meta name=\"twitter:label2\" content=\"Tiempo de lectura\" \/>\n\t<meta name=\"twitter:data2\" content=\"3 minutos\" \/>\n<script type=\"application\/ld+json\" class=\"yoast-schema-graph\">{\"@context\":\"https:\/\/schema.org\",\"@graph\":[{\"@type\":\"WebPage\",\"@id\":\"https:\/\/www.diario21.tv\/noticias\/escandalo-revelado-informe-forense-cuestiona-robos-de-bebes-en-hospitales-franquistas\/\",\"url\":\"https:\/\/www.diario21.tv\/noticias\/escandalo-revelado-informe-forense-cuestiona-robos-de-bebes-en-hospitales-franquistas\/\",\"name\":\"\u00a1Esc\u00e1ndalo revelado! Informe forense cuestiona robos de beb\u00e9s en hospitales franquistas - Diario 21\",\"isPartOf\":{\"@id\":\"https:\/\/www.diario21.tv\/noticias\/#website\"},\"primaryImageOfPage\":{\"@id\":\"https:\/\/www.diario21.tv\/noticias\/escandalo-revelado-informe-forense-cuestiona-robos-de-bebes-en-hospitales-franquistas\/#primaryimage\"},\"image\":{\"@id\":\"https:\/\/www.diario21.tv\/noticias\/escandalo-revelado-informe-forense-cuestiona-robos-de-bebes-en-hospitales-franquistas\/#primaryimage\"},\"thumbnailUrl\":\"https:\/\/www.diario21.tv\/noticias\/wp-content\/uploads\/2026\/04\/\u00a1Escandalo-revelado-Informe-forense-cuestiona-robos-de-bebes-en-hospitales.jpg\",\"datePublished\":\"2026-04-23T00:00:30+00:00\",\"dateModified\":\"2026-04-23T00:00:32+00:00\",\"author\":{\"@id\":\"https:\/\/www.diario21.tv\/noticias\/#\/schema\/person\/dfb778f73814d8f09f302618446a526b\"},\"breadcrumb\":{\"@id\":\"https:\/\/www.diario21.tv\/noticias\/escandalo-revelado-informe-forense-cuestiona-robos-de-bebes-en-hospitales-franquistas\/#breadcrumb\"},\"inLanguage\":\"es-AR\",\"potentialAction\":[{\"@type\":\"ReadAction\",\"target\":[\"https:\/\/www.diario21.tv\/noticias\/escandalo-revelado-informe-forense-cuestiona-robos-de-bebes-en-hospitales-franquistas\/\"]}]},{\"@type\":\"ImageObject\",\"inLanguage\":\"es-AR\",\"@id\":\"https:\/\/www.diario21.tv\/noticias\/escandalo-revelado-informe-forense-cuestiona-robos-de-bebes-en-hospitales-franquistas\/#primaryimage\",\"url\":\"https:\/\/www.diario21.tv\/noticias\/wp-content\/uploads\/2026\/04\/\u00a1Escandalo-revelado-Informe-forense-cuestiona-robos-de-bebes-en-hospitales.jpg\",\"contentUrl\":\"https:\/\/www.diario21.tv\/noticias\/wp-content\/uploads\/2026\/04\/\u00a1Escandalo-revelado-Informe-forense-cuestiona-robos-de-bebes-en-hospitales.jpg\",\"width\":1200,\"height\":840,\"caption\":\"Un informe forense cuestiona el \u00abrobo sistem\u00e1tico de beb\u00e9s en hospitales durante el franquismo\u00bb\"},{\"@type\":\"BreadcrumbList\",\"@id\":\"https:\/\/www.diario21.tv\/noticias\/escandalo-revelado-informe-forense-cuestiona-robos-de-bebes-en-hospitales-franquistas\/#breadcrumb\",\"itemListElement\":[{\"@type\":\"ListItem\",\"position\":1,\"name\":\"Accueil\",\"item\":\"https:\/\/www.diario21.tv\/noticias\/\"},{\"@type\":\"ListItem\",\"position\":2,\"name\":\"\u00a1Esc\u00e1ndalo revelado! Informe forense cuestiona robos de beb\u00e9s en hospitales franquistas\"}]},{\"@type\":\"WebSite\",\"@id\":\"https:\/\/www.diario21.tv\/noticias\/#website\",\"url\":\"https:\/\/www.diario21.tv\/noticias\/\",\"name\":\"Diario 21\",\"description\":\"\",\"potentialAction\":[{\"@type\":\"SearchAction\",\"target\":{\"@type\":\"EntryPoint\",\"urlTemplate\":\"https:\/\/www.diario21.tv\/noticias\/?s={search_term_string}\"},\"query-input\":{\"@type\":\"PropertyValueSpecification\",\"valueRequired\":true,\"valueName\":\"search_term_string\"}}],\"inLanguage\":\"es-AR\"},{\"@type\":\"Person\",\"@id\":\"https:\/\/www.diario21.tv\/noticias\/#\/schema\/person\/dfb778f73814d8f09f302618446a526b\",\"name\":\"Juan P\u00e9rez\",\"image\":{\"@type\":\"ImageObject\",\"inLanguage\":\"es-AR\",\"@id\":\"https:\/\/www.diario21.tv\/noticias\/#\/schema\/person\/image\/\",\"url\":\"https:\/\/secure.gravatar.com\/avatar\/c478a405bd10621167f4c3167cc770f5?s=96&d=mm&r=g\",\"contentUrl\":\"https:\/\/secure.gravatar.com\/avatar\/c478a405bd10621167f4c3167cc770f5?s=96&d=mm&r=g\",\"caption\":\"Juan P\u00e9rez\"},\"description\":\"Juan P\u00e9rez es el redactor en jefe de Diario 21. Con m\u00e1s de 10 a\u00f1os de experiencia en el periodismo, se especializa en pol\u00edtica nacional y an\u00e1lisis socioecon\u00f3mico. Su enfoque cr\u00edtico y riguroso aporta una perspectiva \u00fanica a cada art\u00edculo.\",\"sameAs\":[\"https:\/\/www.diario21.tv\/noticias\/\"],\"url\":\"https:\/\/www.diario21.tv\/noticias\/author\/juan-perez\/\"}]}<\/script>\n<!-- \/ Yoast SEO plugin. -->","yoast_head_json":{"title":"\u00a1Esc\u00e1ndalo revelado! Informe forense cuestiona robos de beb\u00e9s en hospitales franquistas - Diario 21","robots":{"index":"index","follow":"follow","max-snippet":"max-snippet:-1","max-image-preview":"max-image-preview:large","max-video-preview":"max-video-preview:-1"},"canonical":"https:\/\/www.diario21.tv\/noticias\/escandalo-revelado-informe-forense-cuestiona-robos-de-bebes-en-hospitales-franquistas\/","og_locale":"es_ES","og_type":"article","og_title":"\u00a1Esc\u00e1ndalo revelado! Informe forense cuestiona robos de beb\u00e9s en hospitales franquistas - Diario 21","og_description":"Dudas sobre la supuesta sustracci\u00f3n de infantes en centros hospitalarios durante la era franquista Un reciente estudio forense ha puesto en tela de juicio las afirmaciones ... Seguir leyendo &rarr;","og_url":"https:\/\/www.diario21.tv\/noticias\/escandalo-revelado-informe-forense-cuestiona-robos-de-bebes-en-hospitales-franquistas\/","og_site_name":"Diario 21","article_published_time":"2026-04-23T00:00:30+00:00","article_modified_time":"2026-04-23T00:00:32+00:00","og_image":[{"width":1200,"height":840,"url":"https:\/\/www.diario21.tv\/noticias\/wp-content\/uploads\/2026\/04\/\u00a1Escandalo-revelado-Informe-forense-cuestiona-robos-de-bebes-en-hospitales.jpg","type":"image\/jpeg"}],"author":"Juan P\u00e9rez","twitter_card":"summary_large_image","twitter_misc":{"Escrito por":"Juan P\u00e9rez","Tiempo de lectura":"3 minutos"},"schema":{"@context":"https:\/\/schema.org","@graph":[{"@type":"WebPage","@id":"https:\/\/www.diario21.tv\/noticias\/escandalo-revelado-informe-forense-cuestiona-robos-de-bebes-en-hospitales-franquistas\/","url":"https:\/\/www.diario21.tv\/noticias\/escandalo-revelado-informe-forense-cuestiona-robos-de-bebes-en-hospitales-franquistas\/","name":"\u00a1Esc\u00e1ndalo revelado! Informe forense cuestiona robos de beb\u00e9s en hospitales franquistas - Diario 21","isPartOf":{"@id":"https:\/\/www.diario21.tv\/noticias\/#website"},"primaryImageOfPage":{"@id":"https:\/\/www.diario21.tv\/noticias\/escandalo-revelado-informe-forense-cuestiona-robos-de-bebes-en-hospitales-franquistas\/#primaryimage"},"image":{"@id":"https:\/\/www.diario21.tv\/noticias\/escandalo-revelado-informe-forense-cuestiona-robos-de-bebes-en-hospitales-franquistas\/#primaryimage"},"thumbnailUrl":"https:\/\/www.diario21.tv\/noticias\/wp-content\/uploads\/2026\/04\/\u00a1Escandalo-revelado-Informe-forense-cuestiona-robos-de-bebes-en-hospitales.jpg","datePublished":"2026-04-23T00:00:30+00:00","dateModified":"2026-04-23T00:00:32+00:00","author":{"@id":"https:\/\/www.diario21.tv\/noticias\/#\/schema\/person\/dfb778f73814d8f09f302618446a526b"},"breadcrumb":{"@id":"https:\/\/www.diario21.tv\/noticias\/escandalo-revelado-informe-forense-cuestiona-robos-de-bebes-en-hospitales-franquistas\/#breadcrumb"},"inLanguage":"es-AR","potentialAction":[{"@type":"ReadAction","target":["https:\/\/www.diario21.tv\/noticias\/escandalo-revelado-informe-forense-cuestiona-robos-de-bebes-en-hospitales-franquistas\/"]}]},{"@type":"ImageObject","inLanguage":"es-AR","@id":"https:\/\/www.diario21.tv\/noticias\/escandalo-revelado-informe-forense-cuestiona-robos-de-bebes-en-hospitales-franquistas\/#primaryimage","url":"https:\/\/www.diario21.tv\/noticias\/wp-content\/uploads\/2026\/04\/\u00a1Escandalo-revelado-Informe-forense-cuestiona-robos-de-bebes-en-hospitales.jpg","contentUrl":"https:\/\/www.diario21.tv\/noticias\/wp-content\/uploads\/2026\/04\/\u00a1Escandalo-revelado-Informe-forense-cuestiona-robos-de-bebes-en-hospitales.jpg","width":1200,"height":840,"caption":"Un informe forense cuestiona el \u00abrobo sistem\u00e1tico de beb\u00e9s en hospitales durante el franquismo\u00bb"},{"@type":"BreadcrumbList","@id":"https:\/\/www.diario21.tv\/noticias\/escandalo-revelado-informe-forense-cuestiona-robos-de-bebes-en-hospitales-franquistas\/#breadcrumb","itemListElement":[{"@type":"ListItem","position":1,"name":"Accueil","item":"https:\/\/www.diario21.tv\/noticias\/"},{"@type":"ListItem","position":2,"name":"\u00a1Esc\u00e1ndalo revelado! Informe forense cuestiona robos de beb\u00e9s en hospitales franquistas"}]},{"@type":"WebSite","@id":"https:\/\/www.diario21.tv\/noticias\/#website","url":"https:\/\/www.diario21.tv\/noticias\/","name":"Diario 21","description":"","potentialAction":[{"@type":"SearchAction","target":{"@type":"EntryPoint","urlTemplate":"https:\/\/www.diario21.tv\/noticias\/?s={search_term_string}"},"query-input":{"@type":"PropertyValueSpecification","valueRequired":true,"valueName":"search_term_string"}}],"inLanguage":"es-AR"},{"@type":"Person","@id":"https:\/\/www.diario21.tv\/noticias\/#\/schema\/person\/dfb778f73814d8f09f302618446a526b","name":"Juan P\u00e9rez","image":{"@type":"ImageObject","inLanguage":"es-AR","@id":"https:\/\/www.diario21.tv\/noticias\/#\/schema\/person\/image\/","url":"https:\/\/secure.gravatar.com\/avatar\/c478a405bd10621167f4c3167cc770f5?s=96&d=mm&r=g","contentUrl":"https:\/\/secure.gravatar.com\/avatar\/c478a405bd10621167f4c3167cc770f5?s=96&d=mm&r=g","caption":"Juan P\u00e9rez"},"description":"Juan P\u00e9rez es el redactor en jefe de Diario 21. Con m\u00e1s de 10 a\u00f1os de experiencia en el periodismo, se especializa en pol\u00edtica nacional y an\u00e1lisis socioecon\u00f3mico. Su enfoque cr\u00edtico y riguroso aporta una perspectiva \u00fanica a cada art\u00edculo.","sameAs":["https:\/\/www.diario21.tv\/noticias\/"],"url":"https:\/\/www.diario21.tv\/noticias\/author\/juan-perez\/"}]}},"_links":{"self":[{"href":"https:\/\/www.diario21.tv\/noticias\/wp-json\/wp\/v2\/posts\/6978"}],"collection":[{"href":"https:\/\/www.diario21.tv\/noticias\/wp-json\/wp\/v2\/posts"}],"about":[{"href":"https:\/\/www.diario21.tv\/noticias\/wp-json\/wp\/v2\/types\/post"}],"author":[{"embeddable":true,"href":"https:\/\/www.diario21.tv\/noticias\/wp-json\/wp\/v2\/users\/20"}],"replies":[{"embeddable":true,"href":"https:\/\/www.diario21.tv\/noticias\/wp-json\/wp\/v2\/comments?post=6978"}],"version-history":[{"count":1,"href":"https:\/\/www.diario21.tv\/noticias\/wp-json\/wp\/v2\/posts\/6978\/revisions"}],"predecessor-version":[{"id":6980,"href":"https:\/\/www.diario21.tv\/noticias\/wp-json\/wp\/v2\/posts\/6978\/revisions\/6980"}],"wp:featuredmedia":[{"embeddable":true,"href":"https:\/\/www.diario21.tv\/noticias\/wp-json\/wp\/v2\/media\/6979"}],"wp:attachment":[{"href":"https:\/\/www.diario21.tv\/noticias\/wp-json\/wp\/v2\/media?parent=6978"}],"wp:term":[{"taxonomy":"category","embeddable":true,"href":"https:\/\/www.diario21.tv\/noticias\/wp-json\/wp\/v2\/categories?post=6978"},{"taxonomy":"post_tag","embeddable":true,"href":"https:\/\/www.diario21.tv\/noticias\/wp-json\/wp\/v2\/tags?post=6978"}],"curies":[{"name":"wp","href":"https:\/\/api.w.org\/{rel}","templated":true}]}}