{"id":6975,"date":"2026-04-22T17:59:04","date_gmt":"2026-04-22T17:59:04","guid":{"rendered":"https:\/\/www.diario21.tv\/noticias\/madre-enfrenta-psicopatas-viales-exige-penas-mas-duras-tras-la-muerte-de-su-hijo\/"},"modified":"2026-04-22T17:59:05","modified_gmt":"2026-04-22T17:59:05","slug":"madre-enfrenta-psicopatas-viales-exige-penas-mas-duras-tras-la-muerte-de-su-hijo","status":"publish","type":"post","link":"https:\/\/www.diario21.tv\/noticias\/madre-enfrenta-psicopatas-viales-exige-penas-mas-duras-tras-la-muerte-de-su-hijo\/","title":{"rendered":"Madre enfrenta psic\u00f3patas viales: \u00a1Exige penas m\u00e1s duras tras la muerte de su hijo!"},"content":{"rendered":"<h2>Una Madre en Combate por Penas M\u00e1s Severas en Delitos de Tr\u00e1fico: &#8220;Un Psic\u00f3pata de la Carretera Mat\u00f3 a Mi Hijo&#8221;<\/h2>\n<p>Cada d\u00eda, miles de personas toman las carreteras con la intenci\u00f3n de llegar a sus destinos de manera segura. Sin embargo, no todos los conductores ejercen la responsabilidad y el cuidado necesarios, lo que a veces lleva a consecuencias tr\u00e1gicas. Este es el relato de una madre que, tras perder a su hijo en un tr\u00e1gico incidente vial, ha decidido luchar incansablemente por endurecer las condenas para los delitos de tr\u00e1fico.<\/p>\n<h3>El Tr\u00e1gico D\u00eda que Cambi\u00f3 Todo<\/h3>\n<p>Era un d\u00eda como cualquier otro cuando la vida de Mar\u00eda (nombre ficticio para proteger la privacidad de la persona) tom\u00f3 un giro dram\u00e1tico e irreversible. Su hijo, un joven vibrante y lleno de vida, fue v\u00edctima de un conductor irresponsable que manejaba a velocidades extremadamente altas y con una negligencia que cost\u00f3 una vida preciosa. &#8220;Mi hijo no solo fue v\u00edctima de un accidente; fue asesinado por un psic\u00f3pata de la carretera&#8221;, explica Mar\u00eda con una mezcla de dolor y firmeza en su voz.<\/p>\n<h3>La Lucha de Una Madre<\/h3>\n<p>Desde ese fat\u00eddico d\u00eda, Mar\u00eda ha dedicado su vida a buscar justicia y a promover cambios en las leyes de tr\u00e1fico. Su misi\u00f3n es clara: quiere que se implementen penas m\u00e1s severas para aquellos que, por su conducta temeraria al volante, terminan quitando vidas. &#8220;No quiero que ninguna otra familia tenga que pasar por este infierno&#8221;, afirma.<\/p>\n<p>Mar\u00eda ha organizado campa\u00f1as, participado en reuniones comunitarias y se ha acercado a legisladores para discutir la necesidad de reformas legales en materia de tr\u00e1fico. Su persistencia ha comenzado a dar frutos, y cada vez m\u00e1s personas se unen a su causa, reconociendo la importancia de tener carreteras m\u00e1s seguras y de responsabilizar debidamente a quienes las ponen en peligro.<\/p>\n<h3>Propuestas para Cambiar la Legislaci\u00f3n<\/h3>\n<p>Una de las propuestas clave que Mar\u00eda y sus seguidores est\u00e1n impulsando es la revisi\u00f3n de las leyes que definen y penalizan los delitos de tr\u00e1fico. Proponen que actos de conducci\u00f3n extremadamente negligentes, como el que llev\u00f3 a la muerte de su hijo, sean considerados como homicidios vehiculares, con las consecuentes penas que esto implicar\u00eda.<\/p>\n<p>Adem\u00e1s, est\u00e1 la propuesta de aumentar las penas para los reincidentes y para aquellos conductores que, a pesar de tener historiales de infracciones previas, contin\u00faan poniendo en riesgo la vida de los dem\u00e1s. Mar\u00eda y su equipo tambi\u00e9n abogan por la implementaci\u00f3n de programas educativos m\u00e1s robustos que enfaticen la importancia de la conducci\u00f3n responsable.<\/p>\n<h3>Un Llamado a la Acci\u00f3n Comunitaria<\/h3>\n<p>Mar\u00eda sabe que su lucha es compleja y que los cambios legales requieren tiempo y persistencia. Sin embargo, ella est\u00e1 decidida a no rendirse. Hace un llamado a la comunidad para que se unan a su causa, no solo apoyando las propuestas de ley, sino tambi\u00e9n promoviendo una cultura de respeto y prudencia en las carreteras.<\/p>\n<p>&#8220;Todos somos responsables de nuestras acciones al volante. Debemos entender que un veh\u00edculo puede ser un arma letal si no se maneja adecuadamente&#8221;, se\u00f1ala Mar\u00eda. Con cada presentaci\u00f3n, cada reuni\u00f3n y cada firma que recoge para sus peticiones, ella espera no solo honrar la memoria de su hijo, sino tambi\u00e9n proteger a futuras generaciones de una tragedia similar.<\/p>\n<h3>Conclusi\u00f3n<\/h3>\n<p>La historia de Mar\u00eda es un poderoso recordatorio de c\u00f3mo la tragedia personal puede transformarse en un catalizador para el cambio social. A trav\u00e9s de su dolor, esta valiente madre est\u00e1 forjando un camino hacia una legislaci\u00f3n m\u00e1s justa y unas carreteras m\u00e1s seguras para todos. Su lucha contin\u00faa, y su voz, junto con la de muchos otros que se han sumado a su causa, resuena cada vez m\u00e1s fuerte en la b\u00fasqueda de justicia y prevenci\u00f3n.<\/p>\n\n\n<div class=\"kk-star-ratings kksr-auto kksr-align-left kksr-valign-bottom\"\n    data-payload='{&quot;align&quot;:&quot;left&quot;,&quot;id&quot;:&quot;6975&quot;,&quot;slug&quot;:&quot;default&quot;,&quot;valign&quot;:&quot;bottom&quot;,&quot;ignore&quot;:&quot;&quot;,&quot;reference&quot;:&quot;auto&quot;,&quot;class&quot;:&quot;&quot;,&quot;count&quot;:&quot;0&quot;,&quot;legendonly&quot;:&quot;&quot;,&quot;readonly&quot;:&quot;&quot;,&quot;score&quot;:&quot;0&quot;,&quot;starsonly&quot;:&quot;&quot;,&quot;best&quot;:&quot;5&quot;,&quot;gap&quot;:&quot;5&quot;,&quot;greet&quot;:&quot;Valora este post&quot;,&quot;legend&quot;:&quot;0\\\/5 - (0 votes)&quot;,&quot;size&quot;:&quot;22&quot;,&quot;title&quot;:&quot;Madre enfrenta psic\u00f3patas viales: \u00a1Exige penas m\u00e1s duras tras la muerte de su hijo!&quot;,&quot;width&quot;:&quot;0&quot;,&quot;_legend&quot;:&quot;{score}\\\/{best} - ({count} {votes})&quot;,&quot;font_factor&quot;:&quot;1.25&quot;}'>\n            \n<div class=\"kksr-stars\">\n    \n<div class=\"kksr-stars-inactive\">\n            <div class=\"kksr-star\" data-star=\"1\" style=\"padding-right: 5px\">\n            \n\n<div class=\"kksr-icon\" style=\"width: 22px; height: 22px;\"><\/div>\n        <\/div>\n            <div class=\"kksr-star\" data-star=\"2\" style=\"padding-right: 5px\">\n            \n\n<div class=\"kksr-icon\" style=\"width: 22px; height: 22px;\"><\/div>\n        <\/div>\n            <div class=\"kksr-star\" data-star=\"3\" style=\"padding-right: 5px\">\n            \n\n<div class=\"kksr-icon\" style=\"width: 22px; height: 22px;\"><\/div>\n        <\/div>\n            <div class=\"kksr-star\" data-star=\"4\" style=\"padding-right: 5px\">\n            \n\n<div class=\"kksr-icon\" style=\"width: 22px; height: 22px;\"><\/div>\n        <\/div>\n            <div class=\"kksr-star\" data-star=\"5\" style=\"padding-right: 5px\">\n            \n\n<div class=\"kksr-icon\" style=\"width: 22px; height: 22px;\"><\/div>\n        <\/div>\n    <\/div>\n    \n<div class=\"kksr-stars-active\" style=\"width: 0px;\">\n            <div class=\"kksr-star\" style=\"padding-right: 5px\">\n            \n\n<div class=\"kksr-icon\" style=\"width: 22px; height: 22px;\"><\/div>\n        <\/div>\n            <div class=\"kksr-star\" style=\"padding-right: 5px\">\n            \n\n<div class=\"kksr-icon\" style=\"width: 22px; height: 22px;\"><\/div>\n        <\/div>\n            <div class=\"kksr-star\" style=\"padding-right: 5px\">\n            \n\n<div class=\"kksr-icon\" style=\"width: 22px; height: 22px;\"><\/div>\n        <\/div>\n            <div class=\"kksr-star\" style=\"padding-right: 5px\">\n            \n\n<div class=\"kksr-icon\" style=\"width: 22px; height: 22px;\"><\/div>\n        <\/div>\n            <div class=\"kksr-star\" style=\"padding-right: 5px\">\n            \n\n<div class=\"kksr-icon\" style=\"width: 22px; height: 22px;\"><\/div>\n        <\/div>\n    <\/div>\n<\/div>\n                \n\n<div class=\"kksr-legend\" style=\"font-size: 17.6px;\">\n            <span class=\"kksr-muted\">Valora este post<\/span>\n    <\/div>\n    <\/div>\n","protected":false},"excerpt":{"rendered":"<p>Una Madre en Combate por Penas M\u00e1s Severas en Delitos de Tr\u00e1fico: &#8220;Un Psic\u00f3pata de la Carretera Mat\u00f3 a Mi Hijo&#8221; Cada d\u00eda, miles de personas &#8230; <a title=\"Madre enfrenta psic\u00f3patas viales: \u00a1Exige penas m\u00e1s duras tras la muerte de su hijo!\" class=\"read-more\" href=\"https:\/\/www.diario21.tv\/noticias\/madre-enfrenta-psicopatas-viales-exige-penas-mas-duras-tras-la-muerte-de-su-hijo\/\" aria-label=\"Leer m\u00e1s sobre Madre enfrenta psic\u00f3patas viales: \u00a1Exige penas m\u00e1s duras tras la muerte de su hijo!\">Seguir leyendo &rarr;<\/a><\/p>\n","protected":false},"author":20,"featured_media":6976,"comment_status":"open","ping_status":"open","sticky":false,"template":"","format":"standard","meta":{"footnotes":""},"categories":[13],"tags":[],"class_list":["post-6975","post","type-post","status-publish","format-standard","has-post-thumbnail","hentry","category-portada"],"yoast_head":"<!-- This site is optimized with the Yoast SEO plugin v25.6 - https:\/\/yoast.com\/wordpress\/plugins\/seo\/ -->\n<title>Madre enfrenta psic\u00f3patas viales: \u00a1Exige penas m\u00e1s duras tras la muerte de su hijo! - Diario 21<\/title>\n<meta name=\"robots\" content=\"index, follow, max-snippet:-1, max-image-preview:large, max-video-preview:-1\" \/>\n<link rel=\"canonical\" href=\"https:\/\/www.diario21.tv\/noticias\/madre-enfrenta-psicopatas-viales-exige-penas-mas-duras-tras-la-muerte-de-su-hijo\/\" \/>\n<meta property=\"og:locale\" content=\"es_ES\" \/>\n<meta property=\"og:type\" content=\"article\" \/>\n<meta property=\"og:title\" content=\"Madre enfrenta psic\u00f3patas viales: \u00a1Exige penas m\u00e1s duras tras la muerte de su hijo! - Diario 21\" \/>\n<meta property=\"og:description\" content=\"Una Madre en Combate por Penas M\u00e1s Severas en Delitos de Tr\u00e1fico: &#8220;Un Psic\u00f3pata de la Carretera Mat\u00f3 a Mi Hijo&#8221; Cada d\u00eda, miles de personas ... Seguir leyendo &rarr;\" \/>\n<meta property=\"og:url\" content=\"https:\/\/www.diario21.tv\/noticias\/madre-enfrenta-psicopatas-viales-exige-penas-mas-duras-tras-la-muerte-de-su-hijo\/\" \/>\n<meta property=\"og:site_name\" content=\"Diario 21\" \/>\n<meta property=\"article:published_time\" content=\"2026-04-22T17:59:04+00:00\" \/>\n<meta property=\"article:modified_time\" content=\"2026-04-22T17:59:05+00:00\" \/>\n<meta property=\"og:image\" content=\"https:\/\/www.diario21.tv\/noticias\/wp-content\/uploads\/2026\/04\/Madre-enfrenta-psicopatas-viales-\u00a1Exige-penas-mas-duras-tras-la.jpg\" \/>\n\t<meta property=\"og:image:width\" content=\"1200\" \/>\n\t<meta property=\"og:image:height\" content=\"840\" \/>\n\t<meta property=\"og:image:type\" content=\"image\/jpeg\" \/>\n<meta name=\"author\" content=\"Juan P\u00e9rez\" \/>\n<meta name=\"twitter:card\" content=\"summary_large_image\" \/>\n<meta name=\"twitter:label1\" content=\"Escrito por\" \/>\n\t<meta name=\"twitter:data1\" content=\"Juan P\u00e9rez\" \/>\n\t<meta name=\"twitter:label2\" content=\"Tiempo de lectura\" \/>\n\t<meta name=\"twitter:data2\" content=\"3 minutos\" \/>\n<script type=\"application\/ld+json\" class=\"yoast-schema-graph\">{\"@context\":\"https:\/\/schema.org\",\"@graph\":[{\"@type\":\"WebPage\",\"@id\":\"https:\/\/www.diario21.tv\/noticias\/madre-enfrenta-psicopatas-viales-exige-penas-mas-duras-tras-la-muerte-de-su-hijo\/\",\"url\":\"https:\/\/www.diario21.tv\/noticias\/madre-enfrenta-psicopatas-viales-exige-penas-mas-duras-tras-la-muerte-de-su-hijo\/\",\"name\":\"Madre enfrenta psic\u00f3patas viales: \u00a1Exige penas m\u00e1s duras tras la muerte de su hijo! - Diario 21\",\"isPartOf\":{\"@id\":\"https:\/\/www.diario21.tv\/noticias\/#website\"},\"primaryImageOfPage\":{\"@id\":\"https:\/\/www.diario21.tv\/noticias\/madre-enfrenta-psicopatas-viales-exige-penas-mas-duras-tras-la-muerte-de-su-hijo\/#primaryimage\"},\"image\":{\"@id\":\"https:\/\/www.diario21.tv\/noticias\/madre-enfrenta-psicopatas-viales-exige-penas-mas-duras-tras-la-muerte-de-su-hijo\/#primaryimage\"},\"thumbnailUrl\":\"https:\/\/www.diario21.tv\/noticias\/wp-content\/uploads\/2026\/04\/Madre-enfrenta-psicopatas-viales-\u00a1Exige-penas-mas-duras-tras-la.jpg\",\"datePublished\":\"2026-04-22T17:59:04+00:00\",\"dateModified\":\"2026-04-22T17:59:05+00:00\",\"author\":{\"@id\":\"https:\/\/www.diario21.tv\/noticias\/#\/schema\/person\/dfb778f73814d8f09f302618446a526b\"},\"breadcrumb\":{\"@id\":\"https:\/\/www.diario21.tv\/noticias\/madre-enfrenta-psicopatas-viales-exige-penas-mas-duras-tras-la-muerte-de-su-hijo\/#breadcrumb\"},\"inLanguage\":\"es-AR\",\"potentialAction\":[{\"@type\":\"ReadAction\",\"target\":[\"https:\/\/www.diario21.tv\/noticias\/madre-enfrenta-psicopatas-viales-exige-penas-mas-duras-tras-la-muerte-de-su-hijo\/\"]}]},{\"@type\":\"ImageObject\",\"inLanguage\":\"es-AR\",\"@id\":\"https:\/\/www.diario21.tv\/noticias\/madre-enfrenta-psicopatas-viales-exige-penas-mas-duras-tras-la-muerte-de-su-hijo\/#primaryimage\",\"url\":\"https:\/\/www.diario21.tv\/noticias\/wp-content\/uploads\/2026\/04\/Madre-enfrenta-psicopatas-viales-\u00a1Exige-penas-mas-duras-tras-la.jpg\",\"contentUrl\":\"https:\/\/www.diario21.tv\/noticias\/wp-content\/uploads\/2026\/04\/Madre-enfrenta-psicopatas-viales-\u00a1Exige-penas-mas-duras-tras-la.jpg\",\"width\":1200,\"height\":840,\"caption\":\"La madre que lucha por endurecer las condenas de tr\u00e1fico: \u00abMi hijo fue asesinado por un psic\u00f3pata vial\u00bb\"},{\"@type\":\"BreadcrumbList\",\"@id\":\"https:\/\/www.diario21.tv\/noticias\/madre-enfrenta-psicopatas-viales-exige-penas-mas-duras-tras-la-muerte-de-su-hijo\/#breadcrumb\",\"itemListElement\":[{\"@type\":\"ListItem\",\"position\":1,\"name\":\"Accueil\",\"item\":\"https:\/\/www.diario21.tv\/noticias\/\"},{\"@type\":\"ListItem\",\"position\":2,\"name\":\"Madre enfrenta psic\u00f3patas viales: \u00a1Exige penas m\u00e1s duras tras la muerte de su hijo!\"}]},{\"@type\":\"WebSite\",\"@id\":\"https:\/\/www.diario21.tv\/noticias\/#website\",\"url\":\"https:\/\/www.diario21.tv\/noticias\/\",\"name\":\"Diario 21\",\"description\":\"\",\"potentialAction\":[{\"@type\":\"SearchAction\",\"target\":{\"@type\":\"EntryPoint\",\"urlTemplate\":\"https:\/\/www.diario21.tv\/noticias\/?s={search_term_string}\"},\"query-input\":{\"@type\":\"PropertyValueSpecification\",\"valueRequired\":true,\"valueName\":\"search_term_string\"}}],\"inLanguage\":\"es-AR\"},{\"@type\":\"Person\",\"@id\":\"https:\/\/www.diario21.tv\/noticias\/#\/schema\/person\/dfb778f73814d8f09f302618446a526b\",\"name\":\"Juan P\u00e9rez\",\"image\":{\"@type\":\"ImageObject\",\"inLanguage\":\"es-AR\",\"@id\":\"https:\/\/www.diario21.tv\/noticias\/#\/schema\/person\/image\/\",\"url\":\"https:\/\/secure.gravatar.com\/avatar\/c478a405bd10621167f4c3167cc770f5?s=96&d=mm&r=g\",\"contentUrl\":\"https:\/\/secure.gravatar.com\/avatar\/c478a405bd10621167f4c3167cc770f5?s=96&d=mm&r=g\",\"caption\":\"Juan P\u00e9rez\"},\"description\":\"Juan P\u00e9rez es el redactor en jefe de Diario 21. Con m\u00e1s de 10 a\u00f1os de experiencia en el periodismo, se especializa en pol\u00edtica nacional y an\u00e1lisis socioecon\u00f3mico. Su enfoque cr\u00edtico y riguroso aporta una perspectiva \u00fanica a cada art\u00edculo.\",\"sameAs\":[\"https:\/\/www.diario21.tv\/noticias\/\"],\"url\":\"https:\/\/www.diario21.tv\/noticias\/author\/juan-perez\/\"}]}<\/script>\n<!-- \/ Yoast SEO plugin. -->","yoast_head_json":{"title":"Madre enfrenta psic\u00f3patas viales: \u00a1Exige penas m\u00e1s duras tras la muerte de su hijo! - Diario 21","robots":{"index":"index","follow":"follow","max-snippet":"max-snippet:-1","max-image-preview":"max-image-preview:large","max-video-preview":"max-video-preview:-1"},"canonical":"https:\/\/www.diario21.tv\/noticias\/madre-enfrenta-psicopatas-viales-exige-penas-mas-duras-tras-la-muerte-de-su-hijo\/","og_locale":"es_ES","og_type":"article","og_title":"Madre enfrenta psic\u00f3patas viales: \u00a1Exige penas m\u00e1s duras tras la muerte de su hijo! - Diario 21","og_description":"Una Madre en Combate por Penas M\u00e1s Severas en Delitos de Tr\u00e1fico: &#8220;Un Psic\u00f3pata de la Carretera Mat\u00f3 a Mi Hijo&#8221; Cada d\u00eda, miles de personas ... Seguir leyendo &rarr;","og_url":"https:\/\/www.diario21.tv\/noticias\/madre-enfrenta-psicopatas-viales-exige-penas-mas-duras-tras-la-muerte-de-su-hijo\/","og_site_name":"Diario 21","article_published_time":"2026-04-22T17:59:04+00:00","article_modified_time":"2026-04-22T17:59:05+00:00","og_image":[{"width":1200,"height":840,"url":"https:\/\/www.diario21.tv\/noticias\/wp-content\/uploads\/2026\/04\/Madre-enfrenta-psicopatas-viales-\u00a1Exige-penas-mas-duras-tras-la.jpg","type":"image\/jpeg"}],"author":"Juan P\u00e9rez","twitter_card":"summary_large_image","twitter_misc":{"Escrito por":"Juan P\u00e9rez","Tiempo de lectura":"3 minutos"},"schema":{"@context":"https:\/\/schema.org","@graph":[{"@type":"WebPage","@id":"https:\/\/www.diario21.tv\/noticias\/madre-enfrenta-psicopatas-viales-exige-penas-mas-duras-tras-la-muerte-de-su-hijo\/","url":"https:\/\/www.diario21.tv\/noticias\/madre-enfrenta-psicopatas-viales-exige-penas-mas-duras-tras-la-muerte-de-su-hijo\/","name":"Madre enfrenta psic\u00f3patas viales: \u00a1Exige penas m\u00e1s duras tras la muerte de su hijo! - Diario 21","isPartOf":{"@id":"https:\/\/www.diario21.tv\/noticias\/#website"},"primaryImageOfPage":{"@id":"https:\/\/www.diario21.tv\/noticias\/madre-enfrenta-psicopatas-viales-exige-penas-mas-duras-tras-la-muerte-de-su-hijo\/#primaryimage"},"image":{"@id":"https:\/\/www.diario21.tv\/noticias\/madre-enfrenta-psicopatas-viales-exige-penas-mas-duras-tras-la-muerte-de-su-hijo\/#primaryimage"},"thumbnailUrl":"https:\/\/www.diario21.tv\/noticias\/wp-content\/uploads\/2026\/04\/Madre-enfrenta-psicopatas-viales-\u00a1Exige-penas-mas-duras-tras-la.jpg","datePublished":"2026-04-22T17:59:04+00:00","dateModified":"2026-04-22T17:59:05+00:00","author":{"@id":"https:\/\/www.diario21.tv\/noticias\/#\/schema\/person\/dfb778f73814d8f09f302618446a526b"},"breadcrumb":{"@id":"https:\/\/www.diario21.tv\/noticias\/madre-enfrenta-psicopatas-viales-exige-penas-mas-duras-tras-la-muerte-de-su-hijo\/#breadcrumb"},"inLanguage":"es-AR","potentialAction":[{"@type":"ReadAction","target":["https:\/\/www.diario21.tv\/noticias\/madre-enfrenta-psicopatas-viales-exige-penas-mas-duras-tras-la-muerte-de-su-hijo\/"]}]},{"@type":"ImageObject","inLanguage":"es-AR","@id":"https:\/\/www.diario21.tv\/noticias\/madre-enfrenta-psicopatas-viales-exige-penas-mas-duras-tras-la-muerte-de-su-hijo\/#primaryimage","url":"https:\/\/www.diario21.tv\/noticias\/wp-content\/uploads\/2026\/04\/Madre-enfrenta-psicopatas-viales-\u00a1Exige-penas-mas-duras-tras-la.jpg","contentUrl":"https:\/\/www.diario21.tv\/noticias\/wp-content\/uploads\/2026\/04\/Madre-enfrenta-psicopatas-viales-\u00a1Exige-penas-mas-duras-tras-la.jpg","width":1200,"height":840,"caption":"La madre que lucha por endurecer las condenas de tr\u00e1fico: \u00abMi hijo fue asesinado por un psic\u00f3pata vial\u00bb"},{"@type":"BreadcrumbList","@id":"https:\/\/www.diario21.tv\/noticias\/madre-enfrenta-psicopatas-viales-exige-penas-mas-duras-tras-la-muerte-de-su-hijo\/#breadcrumb","itemListElement":[{"@type":"ListItem","position":1,"name":"Accueil","item":"https:\/\/www.diario21.tv\/noticias\/"},{"@type":"ListItem","position":2,"name":"Madre enfrenta psic\u00f3patas viales: \u00a1Exige penas m\u00e1s duras tras la muerte de su hijo!"}]},{"@type":"WebSite","@id":"https:\/\/www.diario21.tv\/noticias\/#website","url":"https:\/\/www.diario21.tv\/noticias\/","name":"Diario 21","description":"","potentialAction":[{"@type":"SearchAction","target":{"@type":"EntryPoint","urlTemplate":"https:\/\/www.diario21.tv\/noticias\/?s={search_term_string}"},"query-input":{"@type":"PropertyValueSpecification","valueRequired":true,"valueName":"search_term_string"}}],"inLanguage":"es-AR"},{"@type":"Person","@id":"https:\/\/www.diario21.tv\/noticias\/#\/schema\/person\/dfb778f73814d8f09f302618446a526b","name":"Juan P\u00e9rez","image":{"@type":"ImageObject","inLanguage":"es-AR","@id":"https:\/\/www.diario21.tv\/noticias\/#\/schema\/person\/image\/","url":"https:\/\/secure.gravatar.com\/avatar\/c478a405bd10621167f4c3167cc770f5?s=96&d=mm&r=g","contentUrl":"https:\/\/secure.gravatar.com\/avatar\/c478a405bd10621167f4c3167cc770f5?s=96&d=mm&r=g","caption":"Juan P\u00e9rez"},"description":"Juan P\u00e9rez es el redactor en jefe de Diario 21. Con m\u00e1s de 10 a\u00f1os de experiencia en el periodismo, se especializa en pol\u00edtica nacional y an\u00e1lisis socioecon\u00f3mico. Su enfoque cr\u00edtico y riguroso aporta una perspectiva \u00fanica a cada art\u00edculo.","sameAs":["https:\/\/www.diario21.tv\/noticias\/"],"url":"https:\/\/www.diario21.tv\/noticias\/author\/juan-perez\/"}]}},"_links":{"self":[{"href":"https:\/\/www.diario21.tv\/noticias\/wp-json\/wp\/v2\/posts\/6975"}],"collection":[{"href":"https:\/\/www.diario21.tv\/noticias\/wp-json\/wp\/v2\/posts"}],"about":[{"href":"https:\/\/www.diario21.tv\/noticias\/wp-json\/wp\/v2\/types\/post"}],"author":[{"embeddable":true,"href":"https:\/\/www.diario21.tv\/noticias\/wp-json\/wp\/v2\/users\/20"}],"replies":[{"embeddable":true,"href":"https:\/\/www.diario21.tv\/noticias\/wp-json\/wp\/v2\/comments?post=6975"}],"version-history":[{"count":1,"href":"https:\/\/www.diario21.tv\/noticias\/wp-json\/wp\/v2\/posts\/6975\/revisions"}],"predecessor-version":[{"id":6977,"href":"https:\/\/www.diario21.tv\/noticias\/wp-json\/wp\/v2\/posts\/6975\/revisions\/6977"}],"wp:featuredmedia":[{"embeddable":true,"href":"https:\/\/www.diario21.tv\/noticias\/wp-json\/wp\/v2\/media\/6976"}],"wp:attachment":[{"href":"https:\/\/www.diario21.tv\/noticias\/wp-json\/wp\/v2\/media?parent=6975"}],"wp:term":[{"taxonomy":"category","embeddable":true,"href":"https:\/\/www.diario21.tv\/noticias\/wp-json\/wp\/v2\/categories?post=6975"},{"taxonomy":"post_tag","embeddable":true,"href":"https:\/\/www.diario21.tv\/noticias\/wp-json\/wp\/v2\/tags?post=6975"}],"curies":[{"name":"wp","href":"https:\/\/api.w.org\/{rel}","templated":true}]}}