{"id":6966,"date":"2026-04-21T23:53:24","date_gmt":"2026-04-21T23:53:24","guid":{"rendered":"https:\/\/www.diario21.tv\/noticias\/tragedia-en-tenerife-un-muerto-y-siete-heridos-en-incendio-devastador\/"},"modified":"2026-04-21T23:53:25","modified_gmt":"2026-04-21T23:53:25","slug":"tragedia-en-tenerife-un-muerto-y-siete-heridos-en-incendio-devastador","status":"publish","type":"post","link":"https:\/\/www.diario21.tv\/noticias\/tragedia-en-tenerife-un-muerto-y-siete-heridos-en-incendio-devastador\/","title":{"rendered":"Tragedia en Tenerife: un muerto y siete heridos en incendio devastador"},"content":{"rendered":"<h2>Incendio en una residencia de Tenerife resulta en una v\u00edctima mortal y varios lesionados<\/h2>\n<p>Un tr\u00e1gico suceso sacudi\u00f3 a la comunidad de Tenerife recientemente cuando un incendio se desat\u00f3 en una casa, provocando la muerte de una mujer y dejando a siete personas heridas. Este evento ha conmocionado a los residentes de la zona y ha puesto de relieve la importancia de las medidas de seguridad contra incendios en los hogares.<\/p>\n<h3>Detalles del incidente<\/h3>\n<p>El incendio comenz\u00f3 en horas de la ma\u00f1ana en una vivienda ubicada en Tenerife. Las llamas se propagaron r\u00e1pidamente, lo que dificult\u00f3 los esfuerzos de evacuaci\u00f3n y rescate. A pesar de la r\u00e1pida respuesta de los servicios de emergencia, una mujer perdi\u00f3 la vida como consecuencia del incidente. Adem\u00e1s, siete personas resultaron heridas, incluyendo tanto a residentes del inmueble afectado como a vecinos que intentaron ayudar a controlar el fuego antes de la llegada de los bomberos.<\/p>\n<h3>Respuesta de los servicios de emergencia<\/h3>\n<p>Los bomberos llegaron al lugar poco despu\u00e9s de que se reportara el incendio y trabajaron arduamente para controlar las llamas y prevenir que se extendieran a otras propiedades cercanas. Los servicios m\u00e9dicos, por su parte, atendieron a los heridos en el sitio antes de trasladarlos a diferentes centros hospitalarios para recibir tratamiento adicional. Las autoridades est\u00e1n llevando a cabo una investigaci\u00f3n para determinar la causa exacta del incendio y evaluar si se podr\u00edan haber tomado medidas para evitar esta tragedia.<\/p>\n<h3>Impacto en la comunidad<\/h3>\n<p>La noticia del incendio y la p\u00e9rdida de una vida ha impactado profundamente a la comunidad de Tenerife. Vecinos y conocidos de las v\u00edctimas se han unido para ofrecer apoyo y asistencia a los afectados por este desafortunado evento. Adem\u00e1s, se ha iniciado una campa\u00f1a de concientizaci\u00f3n sobre la importancia de instalar y mantener detectores de humo en las viviendas, as\u00ed como de planificar rutas de evacuaci\u00f3n claras para situaciones de emergencia.<\/p>\n<p>Este triste incidente sirve como un doloroso recordatorio de los peligros que los incendios representan y la necesidad de estar siempre preparados para responder de manera efectiva ante estos desastres. Las autoridades locales han prometido revisar y reforzar las regulaciones de seguridad contra incendios para proteger mejor a los ciudadanos y prevenir que sucesos como este se repitan en el futuro.<\/p>\n\n\n<div class=\"kk-star-ratings kksr-auto kksr-align-left kksr-valign-bottom\"\n    data-payload='{&quot;align&quot;:&quot;left&quot;,&quot;id&quot;:&quot;6966&quot;,&quot;slug&quot;:&quot;default&quot;,&quot;valign&quot;:&quot;bottom&quot;,&quot;ignore&quot;:&quot;&quot;,&quot;reference&quot;:&quot;auto&quot;,&quot;class&quot;:&quot;&quot;,&quot;count&quot;:&quot;0&quot;,&quot;legendonly&quot;:&quot;&quot;,&quot;readonly&quot;:&quot;&quot;,&quot;score&quot;:&quot;0&quot;,&quot;starsonly&quot;:&quot;&quot;,&quot;best&quot;:&quot;5&quot;,&quot;gap&quot;:&quot;5&quot;,&quot;greet&quot;:&quot;Valora este post&quot;,&quot;legend&quot;:&quot;0\\\/5 - (0 votes)&quot;,&quot;size&quot;:&quot;22&quot;,&quot;title&quot;:&quot;Tragedia en Tenerife: un muerto y siete heridos en incendio devastador&quot;,&quot;width&quot;:&quot;0&quot;,&quot;_legend&quot;:&quot;{score}\\\/{best} - ({count} {votes})&quot;,&quot;font_factor&quot;:&quot;1.25&quot;}'>\n            \n<div class=\"kksr-stars\">\n    \n<div class=\"kksr-stars-inactive\">\n            <div class=\"kksr-star\" data-star=\"1\" style=\"padding-right: 5px\">\n            \n\n<div class=\"kksr-icon\" style=\"width: 22px; height: 22px;\"><\/div>\n        <\/div>\n            <div class=\"kksr-star\" data-star=\"2\" style=\"padding-right: 5px\">\n            \n\n<div class=\"kksr-icon\" style=\"width: 22px; height: 22px;\"><\/div>\n        <\/div>\n            <div class=\"kksr-star\" data-star=\"3\" style=\"padding-right: 5px\">\n            \n\n<div class=\"kksr-icon\" style=\"width: 22px; height: 22px;\"><\/div>\n        <\/div>\n            <div class=\"kksr-star\" data-star=\"4\" style=\"padding-right: 5px\">\n            \n\n<div class=\"kksr-icon\" style=\"width: 22px; height: 22px;\"><\/div>\n        <\/div>\n            <div class=\"kksr-star\" data-star=\"5\" style=\"padding-right: 5px\">\n            \n\n<div class=\"kksr-icon\" style=\"width: 22px; height: 22px;\"><\/div>\n        <\/div>\n    <\/div>\n    \n<div class=\"kksr-stars-active\" style=\"width: 0px;\">\n            <div class=\"kksr-star\" style=\"padding-right: 5px\">\n            \n\n<div class=\"kksr-icon\" style=\"width: 22px; height: 22px;\"><\/div>\n        <\/div>\n            <div class=\"kksr-star\" style=\"padding-right: 5px\">\n            \n\n<div class=\"kksr-icon\" style=\"width: 22px; height: 22px;\"><\/div>\n        <\/div>\n            <div class=\"kksr-star\" style=\"padding-right: 5px\">\n            \n\n<div class=\"kksr-icon\" style=\"width: 22px; height: 22px;\"><\/div>\n        <\/div>\n            <div class=\"kksr-star\" style=\"padding-right: 5px\">\n            \n\n<div class=\"kksr-icon\" style=\"width: 22px; height: 22px;\"><\/div>\n        <\/div>\n            <div class=\"kksr-star\" style=\"padding-right: 5px\">\n            \n\n<div class=\"kksr-icon\" style=\"width: 22px; height: 22px;\"><\/div>\n        <\/div>\n    <\/div>\n<\/div>\n                \n\n<div class=\"kksr-legend\" style=\"font-size: 17.6px;\">\n            <span class=\"kksr-muted\">Valora este post<\/span>\n    <\/div>\n    <\/div>\n","protected":false},"excerpt":{"rendered":"<p>Incendio en una residencia de Tenerife resulta en una v\u00edctima mortal y varios lesionados Un tr\u00e1gico suceso sacudi\u00f3 a la comunidad de Tenerife recientemente cuando un &#8230; <a title=\"Tragedia en Tenerife: un muerto y siete heridos en incendio devastador\" class=\"read-more\" href=\"https:\/\/www.diario21.tv\/noticias\/tragedia-en-tenerife-un-muerto-y-siete-heridos-en-incendio-devastador\/\" aria-label=\"Leer m\u00e1s sobre Tragedia en Tenerife: un muerto y siete heridos en incendio devastador\">Seguir leyendo &rarr;<\/a><\/p>\n","protected":false},"author":20,"featured_media":6967,"comment_status":"open","ping_status":"open","sticky":false,"template":"","format":"standard","meta":{"footnotes":""},"categories":[13],"tags":[],"class_list":["post-6966","post","type-post","status-publish","format-standard","has-post-thumbnail","hentry","category-portada"],"yoast_head":"<!-- This site is optimized with the Yoast SEO plugin v25.6 - https:\/\/yoast.com\/wordpress\/plugins\/seo\/ -->\n<title>Tragedia en Tenerife: un muerto y siete heridos en incendio devastador - Diario 21<\/title>\n<meta name=\"robots\" content=\"index, follow, max-snippet:-1, max-image-preview:large, max-video-preview:-1\" \/>\n<link rel=\"canonical\" href=\"https:\/\/www.diario21.tv\/noticias\/tragedia-en-tenerife-un-muerto-y-siete-heridos-en-incendio-devastador\/\" \/>\n<meta property=\"og:locale\" content=\"es_ES\" \/>\n<meta property=\"og:type\" content=\"article\" \/>\n<meta property=\"og:title\" content=\"Tragedia en Tenerife: un muerto y siete heridos en incendio devastador - Diario 21\" \/>\n<meta property=\"og:description\" content=\"Incendio en una residencia de Tenerife resulta en una v\u00edctima mortal y varios lesionados Un tr\u00e1gico suceso sacudi\u00f3 a la comunidad de Tenerife recientemente cuando un ... Seguir leyendo &rarr;\" \/>\n<meta property=\"og:url\" content=\"https:\/\/www.diario21.tv\/noticias\/tragedia-en-tenerife-un-muerto-y-siete-heridos-en-incendio-devastador\/\" \/>\n<meta property=\"og:site_name\" content=\"Diario 21\" \/>\n<meta property=\"article:published_time\" content=\"2026-04-21T23:53:24+00:00\" \/>\n<meta property=\"article:modified_time\" content=\"2026-04-21T23:53:25+00:00\" \/>\n<meta property=\"og:image\" content=\"https:\/\/www.diario21.tv\/noticias\/wp-content\/uploads\/2026\/04\/Tragedia-en-Tenerife-un-muerto-y-siete-heridos-en-incendio.jpg\" \/>\n\t<meta property=\"og:image:width\" content=\"1200\" \/>\n\t<meta property=\"og:image:height\" content=\"840\" \/>\n\t<meta property=\"og:image:type\" content=\"image\/jpeg\" \/>\n<meta name=\"author\" content=\"Juan P\u00e9rez\" \/>\n<meta name=\"twitter:card\" content=\"summary_large_image\" \/>\n<meta name=\"twitter:label1\" content=\"Escrito por\" \/>\n\t<meta name=\"twitter:data1\" content=\"Juan P\u00e9rez\" \/>\n\t<meta name=\"twitter:label2\" content=\"Tiempo de lectura\" \/>\n\t<meta name=\"twitter:data2\" content=\"2 minutos\" \/>\n<script type=\"application\/ld+json\" class=\"yoast-schema-graph\">{\"@context\":\"https:\/\/schema.org\",\"@graph\":[{\"@type\":\"WebPage\",\"@id\":\"https:\/\/www.diario21.tv\/noticias\/tragedia-en-tenerife-un-muerto-y-siete-heridos-en-incendio-devastador\/\",\"url\":\"https:\/\/www.diario21.tv\/noticias\/tragedia-en-tenerife-un-muerto-y-siete-heridos-en-incendio-devastador\/\",\"name\":\"Tragedia en Tenerife: un muerto y siete heridos en incendio devastador - Diario 21\",\"isPartOf\":{\"@id\":\"https:\/\/www.diario21.tv\/noticias\/#website\"},\"primaryImageOfPage\":{\"@id\":\"https:\/\/www.diario21.tv\/noticias\/tragedia-en-tenerife-un-muerto-y-siete-heridos-en-incendio-devastador\/#primaryimage\"},\"image\":{\"@id\":\"https:\/\/www.diario21.tv\/noticias\/tragedia-en-tenerife-un-muerto-y-siete-heridos-en-incendio-devastador\/#primaryimage\"},\"thumbnailUrl\":\"https:\/\/www.diario21.tv\/noticias\/wp-content\/uploads\/2026\/04\/Tragedia-en-Tenerife-un-muerto-y-siete-heridos-en-incendio.jpg\",\"datePublished\":\"2026-04-21T23:53:24+00:00\",\"dateModified\":\"2026-04-21T23:53:25+00:00\",\"author\":{\"@id\":\"https:\/\/www.diario21.tv\/noticias\/#\/schema\/person\/dfb778f73814d8f09f302618446a526b\"},\"breadcrumb\":{\"@id\":\"https:\/\/www.diario21.tv\/noticias\/tragedia-en-tenerife-un-muerto-y-siete-heridos-en-incendio-devastador\/#breadcrumb\"},\"inLanguage\":\"es-AR\",\"potentialAction\":[{\"@type\":\"ReadAction\",\"target\":[\"https:\/\/www.diario21.tv\/noticias\/tragedia-en-tenerife-un-muerto-y-siete-heridos-en-incendio-devastador\/\"]}]},{\"@type\":\"ImageObject\",\"inLanguage\":\"es-AR\",\"@id\":\"https:\/\/www.diario21.tv\/noticias\/tragedia-en-tenerife-un-muerto-y-siete-heridos-en-incendio-devastador\/#primaryimage\",\"url\":\"https:\/\/www.diario21.tv\/noticias\/wp-content\/uploads\/2026\/04\/Tragedia-en-Tenerife-un-muerto-y-siete-heridos-en-incendio.jpg\",\"contentUrl\":\"https:\/\/www.diario21.tv\/noticias\/wp-content\/uploads\/2026\/04\/Tragedia-en-Tenerife-un-muerto-y-siete-heridos-en-incendio.jpg\",\"width\":1200,\"height\":840,\"caption\":\"Ascienden a tres las v\u00edctimas mortales en el incendio de una vivienda en Tenerife\"},{\"@type\":\"BreadcrumbList\",\"@id\":\"https:\/\/www.diario21.tv\/noticias\/tragedia-en-tenerife-un-muerto-y-siete-heridos-en-incendio-devastador\/#breadcrumb\",\"itemListElement\":[{\"@type\":\"ListItem\",\"position\":1,\"name\":\"Accueil\",\"item\":\"https:\/\/www.diario21.tv\/noticias\/\"},{\"@type\":\"ListItem\",\"position\":2,\"name\":\"Tragedia en Tenerife: un muerto y siete heridos en incendio devastador\"}]},{\"@type\":\"WebSite\",\"@id\":\"https:\/\/www.diario21.tv\/noticias\/#website\",\"url\":\"https:\/\/www.diario21.tv\/noticias\/\",\"name\":\"Diario 21\",\"description\":\"\",\"potentialAction\":[{\"@type\":\"SearchAction\",\"target\":{\"@type\":\"EntryPoint\",\"urlTemplate\":\"https:\/\/www.diario21.tv\/noticias\/?s={search_term_string}\"},\"query-input\":{\"@type\":\"PropertyValueSpecification\",\"valueRequired\":true,\"valueName\":\"search_term_string\"}}],\"inLanguage\":\"es-AR\"},{\"@type\":\"Person\",\"@id\":\"https:\/\/www.diario21.tv\/noticias\/#\/schema\/person\/dfb778f73814d8f09f302618446a526b\",\"name\":\"Juan P\u00e9rez\",\"image\":{\"@type\":\"ImageObject\",\"inLanguage\":\"es-AR\",\"@id\":\"https:\/\/www.diario21.tv\/noticias\/#\/schema\/person\/image\/\",\"url\":\"https:\/\/secure.gravatar.com\/avatar\/c478a405bd10621167f4c3167cc770f5?s=96&d=mm&r=g\",\"contentUrl\":\"https:\/\/secure.gravatar.com\/avatar\/c478a405bd10621167f4c3167cc770f5?s=96&d=mm&r=g\",\"caption\":\"Juan P\u00e9rez\"},\"description\":\"Juan P\u00e9rez es el redactor en jefe de Diario 21. Con m\u00e1s de 10 a\u00f1os de experiencia en el periodismo, se especializa en pol\u00edtica nacional y an\u00e1lisis socioecon\u00f3mico. Su enfoque cr\u00edtico y riguroso aporta una perspectiva \u00fanica a cada art\u00edculo.\",\"sameAs\":[\"https:\/\/www.diario21.tv\/noticias\/\"],\"url\":\"https:\/\/www.diario21.tv\/noticias\/author\/juan-perez\/\"}]}<\/script>\n<!-- \/ Yoast SEO plugin. -->","yoast_head_json":{"title":"Tragedia en Tenerife: un muerto y siete heridos en incendio devastador - Diario 21","robots":{"index":"index","follow":"follow","max-snippet":"max-snippet:-1","max-image-preview":"max-image-preview:large","max-video-preview":"max-video-preview:-1"},"canonical":"https:\/\/www.diario21.tv\/noticias\/tragedia-en-tenerife-un-muerto-y-siete-heridos-en-incendio-devastador\/","og_locale":"es_ES","og_type":"article","og_title":"Tragedia en Tenerife: un muerto y siete heridos en incendio devastador - Diario 21","og_description":"Incendio en una residencia de Tenerife resulta en una v\u00edctima mortal y varios lesionados Un tr\u00e1gico suceso sacudi\u00f3 a la comunidad de Tenerife recientemente cuando un ... Seguir leyendo &rarr;","og_url":"https:\/\/www.diario21.tv\/noticias\/tragedia-en-tenerife-un-muerto-y-siete-heridos-en-incendio-devastador\/","og_site_name":"Diario 21","article_published_time":"2026-04-21T23:53:24+00:00","article_modified_time":"2026-04-21T23:53:25+00:00","og_image":[{"width":1200,"height":840,"url":"https:\/\/www.diario21.tv\/noticias\/wp-content\/uploads\/2026\/04\/Tragedia-en-Tenerife-un-muerto-y-siete-heridos-en-incendio.jpg","type":"image\/jpeg"}],"author":"Juan P\u00e9rez","twitter_card":"summary_large_image","twitter_misc":{"Escrito por":"Juan P\u00e9rez","Tiempo de lectura":"2 minutos"},"schema":{"@context":"https:\/\/schema.org","@graph":[{"@type":"WebPage","@id":"https:\/\/www.diario21.tv\/noticias\/tragedia-en-tenerife-un-muerto-y-siete-heridos-en-incendio-devastador\/","url":"https:\/\/www.diario21.tv\/noticias\/tragedia-en-tenerife-un-muerto-y-siete-heridos-en-incendio-devastador\/","name":"Tragedia en Tenerife: un muerto y siete heridos en incendio devastador - Diario 21","isPartOf":{"@id":"https:\/\/www.diario21.tv\/noticias\/#website"},"primaryImageOfPage":{"@id":"https:\/\/www.diario21.tv\/noticias\/tragedia-en-tenerife-un-muerto-y-siete-heridos-en-incendio-devastador\/#primaryimage"},"image":{"@id":"https:\/\/www.diario21.tv\/noticias\/tragedia-en-tenerife-un-muerto-y-siete-heridos-en-incendio-devastador\/#primaryimage"},"thumbnailUrl":"https:\/\/www.diario21.tv\/noticias\/wp-content\/uploads\/2026\/04\/Tragedia-en-Tenerife-un-muerto-y-siete-heridos-en-incendio.jpg","datePublished":"2026-04-21T23:53:24+00:00","dateModified":"2026-04-21T23:53:25+00:00","author":{"@id":"https:\/\/www.diario21.tv\/noticias\/#\/schema\/person\/dfb778f73814d8f09f302618446a526b"},"breadcrumb":{"@id":"https:\/\/www.diario21.tv\/noticias\/tragedia-en-tenerife-un-muerto-y-siete-heridos-en-incendio-devastador\/#breadcrumb"},"inLanguage":"es-AR","potentialAction":[{"@type":"ReadAction","target":["https:\/\/www.diario21.tv\/noticias\/tragedia-en-tenerife-un-muerto-y-siete-heridos-en-incendio-devastador\/"]}]},{"@type":"ImageObject","inLanguage":"es-AR","@id":"https:\/\/www.diario21.tv\/noticias\/tragedia-en-tenerife-un-muerto-y-siete-heridos-en-incendio-devastador\/#primaryimage","url":"https:\/\/www.diario21.tv\/noticias\/wp-content\/uploads\/2026\/04\/Tragedia-en-Tenerife-un-muerto-y-siete-heridos-en-incendio.jpg","contentUrl":"https:\/\/www.diario21.tv\/noticias\/wp-content\/uploads\/2026\/04\/Tragedia-en-Tenerife-un-muerto-y-siete-heridos-en-incendio.jpg","width":1200,"height":840,"caption":"Ascienden a tres las v\u00edctimas mortales en el incendio de una vivienda en Tenerife"},{"@type":"BreadcrumbList","@id":"https:\/\/www.diario21.tv\/noticias\/tragedia-en-tenerife-un-muerto-y-siete-heridos-en-incendio-devastador\/#breadcrumb","itemListElement":[{"@type":"ListItem","position":1,"name":"Accueil","item":"https:\/\/www.diario21.tv\/noticias\/"},{"@type":"ListItem","position":2,"name":"Tragedia en Tenerife: un muerto y siete heridos en incendio devastador"}]},{"@type":"WebSite","@id":"https:\/\/www.diario21.tv\/noticias\/#website","url":"https:\/\/www.diario21.tv\/noticias\/","name":"Diario 21","description":"","potentialAction":[{"@type":"SearchAction","target":{"@type":"EntryPoint","urlTemplate":"https:\/\/www.diario21.tv\/noticias\/?s={search_term_string}"},"query-input":{"@type":"PropertyValueSpecification","valueRequired":true,"valueName":"search_term_string"}}],"inLanguage":"es-AR"},{"@type":"Person","@id":"https:\/\/www.diario21.tv\/noticias\/#\/schema\/person\/dfb778f73814d8f09f302618446a526b","name":"Juan P\u00e9rez","image":{"@type":"ImageObject","inLanguage":"es-AR","@id":"https:\/\/www.diario21.tv\/noticias\/#\/schema\/person\/image\/","url":"https:\/\/secure.gravatar.com\/avatar\/c478a405bd10621167f4c3167cc770f5?s=96&d=mm&r=g","contentUrl":"https:\/\/secure.gravatar.com\/avatar\/c478a405bd10621167f4c3167cc770f5?s=96&d=mm&r=g","caption":"Juan P\u00e9rez"},"description":"Juan P\u00e9rez es el redactor en jefe de Diario 21. Con m\u00e1s de 10 a\u00f1os de experiencia en el periodismo, se especializa en pol\u00edtica nacional y an\u00e1lisis socioecon\u00f3mico. Su enfoque cr\u00edtico y riguroso aporta una perspectiva \u00fanica a cada art\u00edculo.","sameAs":["https:\/\/www.diario21.tv\/noticias\/"],"url":"https:\/\/www.diario21.tv\/noticias\/author\/juan-perez\/"}]}},"_links":{"self":[{"href":"https:\/\/www.diario21.tv\/noticias\/wp-json\/wp\/v2\/posts\/6966"}],"collection":[{"href":"https:\/\/www.diario21.tv\/noticias\/wp-json\/wp\/v2\/posts"}],"about":[{"href":"https:\/\/www.diario21.tv\/noticias\/wp-json\/wp\/v2\/types\/post"}],"author":[{"embeddable":true,"href":"https:\/\/www.diario21.tv\/noticias\/wp-json\/wp\/v2\/users\/20"}],"replies":[{"embeddable":true,"href":"https:\/\/www.diario21.tv\/noticias\/wp-json\/wp\/v2\/comments?post=6966"}],"version-history":[{"count":1,"href":"https:\/\/www.diario21.tv\/noticias\/wp-json\/wp\/v2\/posts\/6966\/revisions"}],"predecessor-version":[{"id":6968,"href":"https:\/\/www.diario21.tv\/noticias\/wp-json\/wp\/v2\/posts\/6966\/revisions\/6968"}],"wp:featuredmedia":[{"embeddable":true,"href":"https:\/\/www.diario21.tv\/noticias\/wp-json\/wp\/v2\/media\/6967"}],"wp:attachment":[{"href":"https:\/\/www.diario21.tv\/noticias\/wp-json\/wp\/v2\/media?parent=6966"}],"wp:term":[{"taxonomy":"category","embeddable":true,"href":"https:\/\/www.diario21.tv\/noticias\/wp-json\/wp\/v2\/categories?post=6966"},{"taxonomy":"post_tag","embeddable":true,"href":"https:\/\/www.diario21.tv\/noticias\/wp-json\/wp\/v2\/tags?post=6966"}],"curies":[{"name":"wp","href":"https:\/\/api.w.org\/{rel}","templated":true}]}}