{"id":6963,"date":"2026-04-21T17:50:46","date_gmt":"2026-04-21T17:50:46","guid":{"rendered":"https:\/\/www.diario21.tv\/noticias\/impactante-la-mediacion-internacional-pudo-suavizar-la-postguerra-civil\/"},"modified":"2026-04-21T17:50:49","modified_gmt":"2026-04-21T17:50:49","slug":"impactante-la-mediacion-internacional-pudo-suavizar-la-postguerra-civil","status":"publish","type":"post","link":"https:\/\/www.diario21.tv\/noticias\/impactante-la-mediacion-internacional-pudo-suavizar-la-postguerra-civil\/","title":{"rendered":"\u00a1Impactante! La mediaci\u00f3n internacional pudo suavizar la postguerra civil"},"content":{"rendered":"<h2>La Influencia de la Mediaci\u00f3n Internacional en la Postguerra Civil<\/h2>\n<p>El impacto de la intervenci\u00f3n internacional durante los conflictos civiles puede ser decisivo, no solo en la resoluci\u00f3n de los mismos, sino tambi\u00e9n en la definici\u00f3n del car\u00e1cter y severidad de los periodos posconflicto. Un an\u00e1lisis detallado sugiere que, si hubiera existido una mayor participaci\u00f3n de entidades internacionales en la mediaci\u00f3n durante la guerra civil, es probable que las consecuencias y reconstrucci\u00f3n postb\u00e9licas hubieran sido menos severas.<\/p>\n<h3>El Rol de la Mediaci\u00f3n Internacional<\/h3>\n<p>La mediaci\u00f3n internacional, que involucra la intervenci\u00f3n de terceros pa\u00edses o organizaciones internacionales, tiene como objetivo facilitar la resoluci\u00f3n de conflictos y promover la paz entre las partes enfrentadas. Este tipo de mediaci\u00f3n no solo busca un alto al fuego, sino tambi\u00e9n establecer las bases para un di\u00e1logo constructivo que pueda conducir a un acuerdo de paz sostenible.<\/p>\n<h3>Impacto en los Periodos de Postguerra<\/h3>\n<p>Cuando los conflictos civiles se resuelven sin una mediaci\u00f3n internacional efectiva, las secuelas suelen ser m\u00e1s duras. La ausencia de un mediador neutral puede llevar a soluciones parciales o injustas que no satisfacen a todas las partes, lo que puede resultar en un resentimiento prolongado y la posibilidad de futuros conflictos. Por otro lado, una mediaci\u00f3n efectiva puede ayudar a establecer un marco de trabajo para la reconstrucci\u00f3n postconflicto y la reconciliaci\u00f3n nacional, lo que aliviar\u00eda las condiciones de la postguerra y promover\u00eda una paz m\u00e1s duradera.<\/p>\n<h3>Conclusi\u00f3n<\/h3>\n<p>En resumen, la implicaci\u00f3n de mediadores internacionales en las guerras civiles no es solo crucial para terminar con el conflicto de manera m\u00e1s r\u00e1pida y eficaz, sino tambi\u00e9n para asegurar que el periodo postconflicto sea menos complicado y doloroso para el pa\u00eds afectado. La historia ha demostrado que cuando se implementa adecuadamente, la mediaci\u00f3n internacional tiene el potencial de transformar radicalmente las din\u00e1micas de postguerra, llevando a una recuperaci\u00f3n m\u00e1s r\u00e1pida y equitativa.<\/p>\n\n\n<div class=\"kk-star-ratings kksr-auto kksr-align-left kksr-valign-bottom\"\n    data-payload='{&quot;align&quot;:&quot;left&quot;,&quot;id&quot;:&quot;6963&quot;,&quot;slug&quot;:&quot;default&quot;,&quot;valign&quot;:&quot;bottom&quot;,&quot;ignore&quot;:&quot;&quot;,&quot;reference&quot;:&quot;auto&quot;,&quot;class&quot;:&quot;&quot;,&quot;count&quot;:&quot;0&quot;,&quot;legendonly&quot;:&quot;&quot;,&quot;readonly&quot;:&quot;&quot;,&quot;score&quot;:&quot;0&quot;,&quot;starsonly&quot;:&quot;&quot;,&quot;best&quot;:&quot;5&quot;,&quot;gap&quot;:&quot;5&quot;,&quot;greet&quot;:&quot;Valora este post&quot;,&quot;legend&quot;:&quot;0\\\/5 - (0 votes)&quot;,&quot;size&quot;:&quot;22&quot;,&quot;title&quot;:&quot;\u00a1Impactante! La mediaci\u00f3n internacional pudo suavizar la postguerra civil&quot;,&quot;width&quot;:&quot;0&quot;,&quot;_legend&quot;:&quot;{score}\\\/{best} - ({count} {votes})&quot;,&quot;font_factor&quot;:&quot;1.25&quot;}'>\n            \n<div class=\"kksr-stars\">\n    \n<div class=\"kksr-stars-inactive\">\n            <div class=\"kksr-star\" data-star=\"1\" style=\"padding-right: 5px\">\n            \n\n<div class=\"kksr-icon\" style=\"width: 22px; height: 22px;\"><\/div>\n        <\/div>\n            <div class=\"kksr-star\" data-star=\"2\" style=\"padding-right: 5px\">\n            \n\n<div class=\"kksr-icon\" style=\"width: 22px; height: 22px;\"><\/div>\n        <\/div>\n            <div class=\"kksr-star\" data-star=\"3\" style=\"padding-right: 5px\">\n            \n\n<div class=\"kksr-icon\" style=\"width: 22px; height: 22px;\"><\/div>\n        <\/div>\n            <div class=\"kksr-star\" data-star=\"4\" style=\"padding-right: 5px\">\n            \n\n<div class=\"kksr-icon\" style=\"width: 22px; height: 22px;\"><\/div>\n        <\/div>\n            <div class=\"kksr-star\" data-star=\"5\" style=\"padding-right: 5px\">\n            \n\n<div class=\"kksr-icon\" style=\"width: 22px; height: 22px;\"><\/div>\n        <\/div>\n    <\/div>\n    \n<div class=\"kksr-stars-active\" style=\"width: 0px;\">\n            <div class=\"kksr-star\" style=\"padding-right: 5px\">\n            \n\n<div class=\"kksr-icon\" style=\"width: 22px; height: 22px;\"><\/div>\n        <\/div>\n            <div class=\"kksr-star\" style=\"padding-right: 5px\">\n            \n\n<div class=\"kksr-icon\" style=\"width: 22px; height: 22px;\"><\/div>\n        <\/div>\n            <div class=\"kksr-star\" style=\"padding-right: 5px\">\n            \n\n<div class=\"kksr-icon\" style=\"width: 22px; height: 22px;\"><\/div>\n        <\/div>\n            <div class=\"kksr-star\" style=\"padding-right: 5px\">\n            \n\n<div class=\"kksr-icon\" style=\"width: 22px; height: 22px;\"><\/div>\n        <\/div>\n            <div class=\"kksr-star\" style=\"padding-right: 5px\">\n            \n\n<div class=\"kksr-icon\" style=\"width: 22px; height: 22px;\"><\/div>\n        <\/div>\n    <\/div>\n<\/div>\n                \n\n<div class=\"kksr-legend\" style=\"font-size: 17.6px;\">\n            <span class=\"kksr-muted\">Valora este post<\/span>\n    <\/div>\n    <\/div>\n","protected":false},"excerpt":{"rendered":"<p>La Influencia de la Mediaci\u00f3n Internacional en la Postguerra Civil El impacto de la intervenci\u00f3n internacional durante los conflictos civiles puede ser decisivo, no solo en &#8230; <a title=\"\u00a1Impactante! La mediaci\u00f3n internacional pudo suavizar la postguerra civil\" class=\"read-more\" href=\"https:\/\/www.diario21.tv\/noticias\/impactante-la-mediacion-internacional-pudo-suavizar-la-postguerra-civil\/\" aria-label=\"Leer m\u00e1s sobre \u00a1Impactante! La mediaci\u00f3n internacional pudo suavizar la postguerra civil\">Seguir leyendo &rarr;<\/a><\/p>\n","protected":false},"author":20,"featured_media":6964,"comment_status":"open","ping_status":"open","sticky":false,"template":"","format":"standard","meta":{"footnotes":""},"categories":[13],"tags":[],"class_list":["post-6963","post","type-post","status-publish","format-standard","has-post-thumbnail","hentry","category-portada"],"yoast_head":"<!-- This site is optimized with the Yoast SEO plugin v25.6 - https:\/\/yoast.com\/wordpress\/plugins\/seo\/ -->\n<title>\u00a1Impactante! La mediaci\u00f3n internacional pudo suavizar la postguerra civil - Diario 21<\/title>\n<meta name=\"robots\" content=\"index, follow, max-snippet:-1, max-image-preview:large, max-video-preview:-1\" \/>\n<link rel=\"canonical\" href=\"https:\/\/www.diario21.tv\/noticias\/impactante-la-mediacion-internacional-pudo-suavizar-la-postguerra-civil\/\" \/>\n<meta property=\"og:locale\" content=\"es_ES\" \/>\n<meta property=\"og:type\" content=\"article\" \/>\n<meta property=\"og:title\" content=\"\u00a1Impactante! La mediaci\u00f3n internacional pudo suavizar la postguerra civil - Diario 21\" \/>\n<meta property=\"og:description\" content=\"La Influencia de la Mediaci\u00f3n Internacional en la Postguerra Civil El impacto de la intervenci\u00f3n internacional durante los conflictos civiles puede ser decisivo, no solo en ... Seguir leyendo &rarr;\" \/>\n<meta property=\"og:url\" content=\"https:\/\/www.diario21.tv\/noticias\/impactante-la-mediacion-internacional-pudo-suavizar-la-postguerra-civil\/\" \/>\n<meta property=\"og:site_name\" content=\"Diario 21\" \/>\n<meta property=\"article:published_time\" content=\"2026-04-21T17:50:46+00:00\" \/>\n<meta property=\"article:modified_time\" content=\"2026-04-21T17:50:49+00:00\" \/>\n<meta property=\"og:image\" content=\"https:\/\/www.diario21.tv\/noticias\/wp-content\/uploads\/2026\/04\/\u00a1Impactante-La-mediacion-internacional-pudo-suavizar-la-postguerra-civil.PNG\" \/>\n\t<meta property=\"og:image:width\" content=\"1200\" \/>\n\t<meta property=\"og:image:height\" content=\"840\" \/>\n\t<meta property=\"og:image:type\" content=\"image\/png\" \/>\n<meta name=\"author\" content=\"Juan P\u00e9rez\" \/>\n<meta name=\"twitter:card\" content=\"summary_large_image\" \/>\n<meta name=\"twitter:label1\" content=\"Escrito por\" \/>\n\t<meta name=\"twitter:data1\" content=\"Juan P\u00e9rez\" \/>\n\t<meta name=\"twitter:label2\" content=\"Tiempo de lectura\" \/>\n\t<meta name=\"twitter:data2\" content=\"2 minutos\" \/>\n<script type=\"application\/ld+json\" class=\"yoast-schema-graph\">{\"@context\":\"https:\/\/schema.org\",\"@graph\":[{\"@type\":\"WebPage\",\"@id\":\"https:\/\/www.diario21.tv\/noticias\/impactante-la-mediacion-internacional-pudo-suavizar-la-postguerra-civil\/\",\"url\":\"https:\/\/www.diario21.tv\/noticias\/impactante-la-mediacion-internacional-pudo-suavizar-la-postguerra-civil\/\",\"name\":\"\u00a1Impactante! La mediaci\u00f3n internacional pudo suavizar la postguerra civil - Diario 21\",\"isPartOf\":{\"@id\":\"https:\/\/www.diario21.tv\/noticias\/#website\"},\"primaryImageOfPage\":{\"@id\":\"https:\/\/www.diario21.tv\/noticias\/impactante-la-mediacion-internacional-pudo-suavizar-la-postguerra-civil\/#primaryimage\"},\"image\":{\"@id\":\"https:\/\/www.diario21.tv\/noticias\/impactante-la-mediacion-internacional-pudo-suavizar-la-postguerra-civil\/#primaryimage\"},\"thumbnailUrl\":\"https:\/\/www.diario21.tv\/noticias\/wp-content\/uploads\/2026\/04\/\u00a1Impactante-La-mediacion-internacional-pudo-suavizar-la-postguerra-civil.PNG\",\"datePublished\":\"2026-04-21T17:50:46+00:00\",\"dateModified\":\"2026-04-21T17:50:49+00:00\",\"author\":{\"@id\":\"https:\/\/www.diario21.tv\/noticias\/#\/schema\/person\/dfb778f73814d8f09f302618446a526b\"},\"breadcrumb\":{\"@id\":\"https:\/\/www.diario21.tv\/noticias\/impactante-la-mediacion-internacional-pudo-suavizar-la-postguerra-civil\/#breadcrumb\"},\"inLanguage\":\"es-AR\",\"potentialAction\":[{\"@type\":\"ReadAction\",\"target\":[\"https:\/\/www.diario21.tv\/noticias\/impactante-la-mediacion-internacional-pudo-suavizar-la-postguerra-civil\/\"]}]},{\"@type\":\"ImageObject\",\"inLanguage\":\"es-AR\",\"@id\":\"https:\/\/www.diario21.tv\/noticias\/impactante-la-mediacion-internacional-pudo-suavizar-la-postguerra-civil\/#primaryimage\",\"url\":\"https:\/\/www.diario21.tv\/noticias\/wp-content\/uploads\/2026\/04\/\u00a1Impactante-La-mediacion-internacional-pudo-suavizar-la-postguerra-civil.PNG\",\"contentUrl\":\"https:\/\/www.diario21.tv\/noticias\/wp-content\/uploads\/2026\/04\/\u00a1Impactante-La-mediacion-internacional-pudo-suavizar-la-postguerra-civil.PNG\",\"width\":1200,\"height\":840,\"caption\":\"\u00abCon mediaci\u00f3n internacional en la Guerra Civil, la postguerra habr\u00eda sido menos dura\u00bb\"},{\"@type\":\"BreadcrumbList\",\"@id\":\"https:\/\/www.diario21.tv\/noticias\/impactante-la-mediacion-internacional-pudo-suavizar-la-postguerra-civil\/#breadcrumb\",\"itemListElement\":[{\"@type\":\"ListItem\",\"position\":1,\"name\":\"Accueil\",\"item\":\"https:\/\/www.diario21.tv\/noticias\/\"},{\"@type\":\"ListItem\",\"position\":2,\"name\":\"\u00a1Impactante! La mediaci\u00f3n internacional pudo suavizar la postguerra civil\"}]},{\"@type\":\"WebSite\",\"@id\":\"https:\/\/www.diario21.tv\/noticias\/#website\",\"url\":\"https:\/\/www.diario21.tv\/noticias\/\",\"name\":\"Diario 21\",\"description\":\"\",\"potentialAction\":[{\"@type\":\"SearchAction\",\"target\":{\"@type\":\"EntryPoint\",\"urlTemplate\":\"https:\/\/www.diario21.tv\/noticias\/?s={search_term_string}\"},\"query-input\":{\"@type\":\"PropertyValueSpecification\",\"valueRequired\":true,\"valueName\":\"search_term_string\"}}],\"inLanguage\":\"es-AR\"},{\"@type\":\"Person\",\"@id\":\"https:\/\/www.diario21.tv\/noticias\/#\/schema\/person\/dfb778f73814d8f09f302618446a526b\",\"name\":\"Juan P\u00e9rez\",\"image\":{\"@type\":\"ImageObject\",\"inLanguage\":\"es-AR\",\"@id\":\"https:\/\/www.diario21.tv\/noticias\/#\/schema\/person\/image\/\",\"url\":\"https:\/\/secure.gravatar.com\/avatar\/c478a405bd10621167f4c3167cc770f5?s=96&d=mm&r=g\",\"contentUrl\":\"https:\/\/secure.gravatar.com\/avatar\/c478a405bd10621167f4c3167cc770f5?s=96&d=mm&r=g\",\"caption\":\"Juan P\u00e9rez\"},\"description\":\"Juan P\u00e9rez es el redactor en jefe de Diario 21. Con m\u00e1s de 10 a\u00f1os de experiencia en el periodismo, se especializa en pol\u00edtica nacional y an\u00e1lisis socioecon\u00f3mico. Su enfoque cr\u00edtico y riguroso aporta una perspectiva \u00fanica a cada art\u00edculo.\",\"sameAs\":[\"https:\/\/www.diario21.tv\/noticias\/\"],\"url\":\"https:\/\/www.diario21.tv\/noticias\/author\/juan-perez\/\"}]}<\/script>\n<!-- \/ Yoast SEO plugin. -->","yoast_head_json":{"title":"\u00a1Impactante! La mediaci\u00f3n internacional pudo suavizar la postguerra civil - Diario 21","robots":{"index":"index","follow":"follow","max-snippet":"max-snippet:-1","max-image-preview":"max-image-preview:large","max-video-preview":"max-video-preview:-1"},"canonical":"https:\/\/www.diario21.tv\/noticias\/impactante-la-mediacion-internacional-pudo-suavizar-la-postguerra-civil\/","og_locale":"es_ES","og_type":"article","og_title":"\u00a1Impactante! La mediaci\u00f3n internacional pudo suavizar la postguerra civil - Diario 21","og_description":"La Influencia de la Mediaci\u00f3n Internacional en la Postguerra Civil El impacto de la intervenci\u00f3n internacional durante los conflictos civiles puede ser decisivo, no solo en ... Seguir leyendo &rarr;","og_url":"https:\/\/www.diario21.tv\/noticias\/impactante-la-mediacion-internacional-pudo-suavizar-la-postguerra-civil\/","og_site_name":"Diario 21","article_published_time":"2026-04-21T17:50:46+00:00","article_modified_time":"2026-04-21T17:50:49+00:00","og_image":[{"width":1200,"height":840,"url":"https:\/\/www.diario21.tv\/noticias\/wp-content\/uploads\/2026\/04\/\u00a1Impactante-La-mediacion-internacional-pudo-suavizar-la-postguerra-civil.PNG","type":"image\/png"}],"author":"Juan P\u00e9rez","twitter_card":"summary_large_image","twitter_misc":{"Escrito por":"Juan P\u00e9rez","Tiempo de lectura":"2 minutos"},"schema":{"@context":"https:\/\/schema.org","@graph":[{"@type":"WebPage","@id":"https:\/\/www.diario21.tv\/noticias\/impactante-la-mediacion-internacional-pudo-suavizar-la-postguerra-civil\/","url":"https:\/\/www.diario21.tv\/noticias\/impactante-la-mediacion-internacional-pudo-suavizar-la-postguerra-civil\/","name":"\u00a1Impactante! La mediaci\u00f3n internacional pudo suavizar la postguerra civil - Diario 21","isPartOf":{"@id":"https:\/\/www.diario21.tv\/noticias\/#website"},"primaryImageOfPage":{"@id":"https:\/\/www.diario21.tv\/noticias\/impactante-la-mediacion-internacional-pudo-suavizar-la-postguerra-civil\/#primaryimage"},"image":{"@id":"https:\/\/www.diario21.tv\/noticias\/impactante-la-mediacion-internacional-pudo-suavizar-la-postguerra-civil\/#primaryimage"},"thumbnailUrl":"https:\/\/www.diario21.tv\/noticias\/wp-content\/uploads\/2026\/04\/\u00a1Impactante-La-mediacion-internacional-pudo-suavizar-la-postguerra-civil.PNG","datePublished":"2026-04-21T17:50:46+00:00","dateModified":"2026-04-21T17:50:49+00:00","author":{"@id":"https:\/\/www.diario21.tv\/noticias\/#\/schema\/person\/dfb778f73814d8f09f302618446a526b"},"breadcrumb":{"@id":"https:\/\/www.diario21.tv\/noticias\/impactante-la-mediacion-internacional-pudo-suavizar-la-postguerra-civil\/#breadcrumb"},"inLanguage":"es-AR","potentialAction":[{"@type":"ReadAction","target":["https:\/\/www.diario21.tv\/noticias\/impactante-la-mediacion-internacional-pudo-suavizar-la-postguerra-civil\/"]}]},{"@type":"ImageObject","inLanguage":"es-AR","@id":"https:\/\/www.diario21.tv\/noticias\/impactante-la-mediacion-internacional-pudo-suavizar-la-postguerra-civil\/#primaryimage","url":"https:\/\/www.diario21.tv\/noticias\/wp-content\/uploads\/2026\/04\/\u00a1Impactante-La-mediacion-internacional-pudo-suavizar-la-postguerra-civil.PNG","contentUrl":"https:\/\/www.diario21.tv\/noticias\/wp-content\/uploads\/2026\/04\/\u00a1Impactante-La-mediacion-internacional-pudo-suavizar-la-postguerra-civil.PNG","width":1200,"height":840,"caption":"\u00abCon mediaci\u00f3n internacional en la Guerra Civil, la postguerra habr\u00eda sido menos dura\u00bb"},{"@type":"BreadcrumbList","@id":"https:\/\/www.diario21.tv\/noticias\/impactante-la-mediacion-internacional-pudo-suavizar-la-postguerra-civil\/#breadcrumb","itemListElement":[{"@type":"ListItem","position":1,"name":"Accueil","item":"https:\/\/www.diario21.tv\/noticias\/"},{"@type":"ListItem","position":2,"name":"\u00a1Impactante! La mediaci\u00f3n internacional pudo suavizar la postguerra civil"}]},{"@type":"WebSite","@id":"https:\/\/www.diario21.tv\/noticias\/#website","url":"https:\/\/www.diario21.tv\/noticias\/","name":"Diario 21","description":"","potentialAction":[{"@type":"SearchAction","target":{"@type":"EntryPoint","urlTemplate":"https:\/\/www.diario21.tv\/noticias\/?s={search_term_string}"},"query-input":{"@type":"PropertyValueSpecification","valueRequired":true,"valueName":"search_term_string"}}],"inLanguage":"es-AR"},{"@type":"Person","@id":"https:\/\/www.diario21.tv\/noticias\/#\/schema\/person\/dfb778f73814d8f09f302618446a526b","name":"Juan P\u00e9rez","image":{"@type":"ImageObject","inLanguage":"es-AR","@id":"https:\/\/www.diario21.tv\/noticias\/#\/schema\/person\/image\/","url":"https:\/\/secure.gravatar.com\/avatar\/c478a405bd10621167f4c3167cc770f5?s=96&d=mm&r=g","contentUrl":"https:\/\/secure.gravatar.com\/avatar\/c478a405bd10621167f4c3167cc770f5?s=96&d=mm&r=g","caption":"Juan P\u00e9rez"},"description":"Juan P\u00e9rez es el redactor en jefe de Diario 21. Con m\u00e1s de 10 a\u00f1os de experiencia en el periodismo, se especializa en pol\u00edtica nacional y an\u00e1lisis socioecon\u00f3mico. Su enfoque cr\u00edtico y riguroso aporta una perspectiva \u00fanica a cada art\u00edculo.","sameAs":["https:\/\/www.diario21.tv\/noticias\/"],"url":"https:\/\/www.diario21.tv\/noticias\/author\/juan-perez\/"}]}},"_links":{"self":[{"href":"https:\/\/www.diario21.tv\/noticias\/wp-json\/wp\/v2\/posts\/6963"}],"collection":[{"href":"https:\/\/www.diario21.tv\/noticias\/wp-json\/wp\/v2\/posts"}],"about":[{"href":"https:\/\/www.diario21.tv\/noticias\/wp-json\/wp\/v2\/types\/post"}],"author":[{"embeddable":true,"href":"https:\/\/www.diario21.tv\/noticias\/wp-json\/wp\/v2\/users\/20"}],"replies":[{"embeddable":true,"href":"https:\/\/www.diario21.tv\/noticias\/wp-json\/wp\/v2\/comments?post=6963"}],"version-history":[{"count":1,"href":"https:\/\/www.diario21.tv\/noticias\/wp-json\/wp\/v2\/posts\/6963\/revisions"}],"predecessor-version":[{"id":6965,"href":"https:\/\/www.diario21.tv\/noticias\/wp-json\/wp\/v2\/posts\/6963\/revisions\/6965"}],"wp:featuredmedia":[{"embeddable":true,"href":"https:\/\/www.diario21.tv\/noticias\/wp-json\/wp\/v2\/media\/6964"}],"wp:attachment":[{"href":"https:\/\/www.diario21.tv\/noticias\/wp-json\/wp\/v2\/media?parent=6963"}],"wp:term":[{"taxonomy":"category","embeddable":true,"href":"https:\/\/www.diario21.tv\/noticias\/wp-json\/wp\/v2\/categories?post=6963"},{"taxonomy":"post_tag","embeddable":true,"href":"https:\/\/www.diario21.tv\/noticias\/wp-json\/wp\/v2\/tags?post=6963"}],"curies":[{"name":"wp","href":"https:\/\/api.w.org\/{rel}","templated":true}]}}