{"id":6960,"date":"2026-04-21T11:44:30","date_gmt":"2026-04-21T11:44:30","guid":{"rendered":"https:\/\/www.diario21.tv\/noticias\/impactante-nino-de-14-anos-hospitalizado-tras-brutal-agresion-en-instituto-de-fuengirola\/"},"modified":"2026-04-21T11:44:31","modified_gmt":"2026-04-21T11:44:31","slug":"impactante-nino-de-14-anos-hospitalizado-tras-brutal-agresion-en-instituto-de-fuengirola","status":"publish","type":"post","link":"https:\/\/www.diario21.tv\/noticias\/impactante-nino-de-14-anos-hospitalizado-tras-brutal-agresion-en-instituto-de-fuengirola\/","title":{"rendered":"\u00a1Impactante! Ni\u00f1o de 14 a\u00f1os hospitalizado tras brutal agresi\u00f3n en instituto de Fuengirola"},"content":{"rendered":"<h2>Adolescente de 14 A\u00f1os Ingresado en el Hospital Despu\u00e9s de un Serio Incidente en un Colegio de Fuengirola<\/h2>\n<p>Un joven de 14 a\u00f1os ha sido hospitalizado despu\u00e9s de sufrir una agresi\u00f3n significativa en un instituto ubicado en Fuengirola, un suceso que ha conmocionado a la comunidad educativa local. El incidente ocurri\u00f3 durante el horario escolar y las circunstancias espec\u00edficas que rodearon el evento est\u00e1n siendo investigadas por las autoridades pertinentes.<\/p>\n<h3>Detalles del Incidente<\/h3>\n<p>Seg\u00fan los informes preliminares, el adolescente fue atacado por uno o varios compa\u00f1eros, lo que result\u00f3 en lesiones graves que necesitaron atenci\u00f3n m\u00e9dica inmediata. El personal del colegio intervino r\u00e1pidamente, y el menor fue trasladado a un hospital cercano donde actualmente recibe tratamiento. Aunque los detalles espec\u00edficos de sus lesiones no se han revelado completamente, se sabe que su estado es grave.<\/p>\n<h3>Reacci\u00f3n de la Comunidad Educativa<\/h3>\n<p>La noticia de la agresi\u00f3n ha causado gran consternaci\u00f3n entre estudiantes, padres de familia y docentes. La direcci\u00f3n del instituto ha emitido un comunicado expresando su preocupaci\u00f3n y su compromiso con la seguridad de todos los estudiantes. Adem\u00e1s, se han iniciado conversaciones sobre c\u00f3mo mejorar las medidas de seguridad dentro del establecimiento para prevenir futuros incidentes de esta naturaleza.<\/p>\n<h3>Investigaci\u00f3n en Curso<\/h3>\n<p>Las autoridades locales, incluyendo la polic\u00eda de Fuengirola, han comenzado una investigaci\u00f3n exhaustiva para esclarecer los hechos y determinar las responsabilidades correspondientes. Se ha solicitado la colaboraci\u00f3n de testigos y se est\u00e1n revisando las grabaciones de c\u00e1maras de seguridad para recabar m\u00e1s evidencias que ayuden a entender la din\u00e1mica del suceso.<\/p>\n<h3>Medidas a Tomar<\/h3>\n<p>El incidente ha reavivado el debate sobre la seguridad en las escuelas y la necesidad de programas de prevenci\u00f3n de violencia escolar m\u00e1s efectivos. Se est\u00e1 considerando la implementaci\u00f3n de talleres y sesiones educativas que promuevan la convivencia pac\u00edfica y el respeto mutuo entre los estudiantes.<\/p>\n<p>Mientras tanto, la comunidad educativa est\u00e1 mostrando su apoyo al joven afectado y a su familia, esperando una pronta recuperaci\u00f3n y el retorno a la normalidad. El instituto ha prometido cooperar plenamente con las autoridades y asegurar que se tomen todas las medidas necesarias para garantizar un entorno seguro para todos los estudiantes.<\/p>\n\n\n<div class=\"kk-star-ratings kksr-auto kksr-align-left kksr-valign-bottom\"\n    data-payload='{&quot;align&quot;:&quot;left&quot;,&quot;id&quot;:&quot;6960&quot;,&quot;slug&quot;:&quot;default&quot;,&quot;valign&quot;:&quot;bottom&quot;,&quot;ignore&quot;:&quot;&quot;,&quot;reference&quot;:&quot;auto&quot;,&quot;class&quot;:&quot;&quot;,&quot;count&quot;:&quot;0&quot;,&quot;legendonly&quot;:&quot;&quot;,&quot;readonly&quot;:&quot;&quot;,&quot;score&quot;:&quot;0&quot;,&quot;starsonly&quot;:&quot;&quot;,&quot;best&quot;:&quot;5&quot;,&quot;gap&quot;:&quot;5&quot;,&quot;greet&quot;:&quot;Valora este post&quot;,&quot;legend&quot;:&quot;0\\\/5 - (0 votes)&quot;,&quot;size&quot;:&quot;22&quot;,&quot;title&quot;:&quot;\u00a1Impactante! Ni\u00f1o de 14 a\u00f1os hospitalizado tras brutal agresi\u00f3n en instituto de Fuengirola&quot;,&quot;width&quot;:&quot;0&quot;,&quot;_legend&quot;:&quot;{score}\\\/{best} - ({count} {votes})&quot;,&quot;font_factor&quot;:&quot;1.25&quot;}'>\n            \n<div class=\"kksr-stars\">\n    \n<div class=\"kksr-stars-inactive\">\n            <div class=\"kksr-star\" data-star=\"1\" style=\"padding-right: 5px\">\n            \n\n<div class=\"kksr-icon\" style=\"width: 22px; height: 22px;\"><\/div>\n        <\/div>\n            <div class=\"kksr-star\" data-star=\"2\" style=\"padding-right: 5px\">\n            \n\n<div class=\"kksr-icon\" style=\"width: 22px; height: 22px;\"><\/div>\n        <\/div>\n            <div class=\"kksr-star\" data-star=\"3\" style=\"padding-right: 5px\">\n            \n\n<div class=\"kksr-icon\" style=\"width: 22px; height: 22px;\"><\/div>\n        <\/div>\n            <div class=\"kksr-star\" data-star=\"4\" style=\"padding-right: 5px\">\n            \n\n<div class=\"kksr-icon\" style=\"width: 22px; height: 22px;\"><\/div>\n        <\/div>\n            <div class=\"kksr-star\" data-star=\"5\" style=\"padding-right: 5px\">\n            \n\n<div class=\"kksr-icon\" style=\"width: 22px; height: 22px;\"><\/div>\n        <\/div>\n    <\/div>\n    \n<div class=\"kksr-stars-active\" style=\"width: 0px;\">\n            <div class=\"kksr-star\" style=\"padding-right: 5px\">\n            \n\n<div class=\"kksr-icon\" style=\"width: 22px; height: 22px;\"><\/div>\n        <\/div>\n            <div class=\"kksr-star\" style=\"padding-right: 5px\">\n            \n\n<div class=\"kksr-icon\" style=\"width: 22px; height: 22px;\"><\/div>\n        <\/div>\n            <div class=\"kksr-star\" style=\"padding-right: 5px\">\n            \n\n<div class=\"kksr-icon\" style=\"width: 22px; height: 22px;\"><\/div>\n        <\/div>\n            <div class=\"kksr-star\" style=\"padding-right: 5px\">\n            \n\n<div class=\"kksr-icon\" style=\"width: 22px; height: 22px;\"><\/div>\n        <\/div>\n            <div class=\"kksr-star\" style=\"padding-right: 5px\">\n            \n\n<div class=\"kksr-icon\" style=\"width: 22px; height: 22px;\"><\/div>\n        <\/div>\n    <\/div>\n<\/div>\n                \n\n<div class=\"kksr-legend\" style=\"font-size: 17.6px;\">\n            <span class=\"kksr-muted\">Valora este post<\/span>\n    <\/div>\n    <\/div>\n","protected":false},"excerpt":{"rendered":"<p>Adolescente de 14 A\u00f1os Ingresado en el Hospital Despu\u00e9s de un Serio Incidente en un Colegio de Fuengirola Un joven de 14 a\u00f1os ha sido hospitalizado &#8230; <a title=\"\u00a1Impactante! Ni\u00f1o de 14 a\u00f1os hospitalizado tras brutal agresi\u00f3n en instituto de Fuengirola\" class=\"read-more\" href=\"https:\/\/www.diario21.tv\/noticias\/impactante-nino-de-14-anos-hospitalizado-tras-brutal-agresion-en-instituto-de-fuengirola\/\" aria-label=\"Leer m\u00e1s sobre \u00a1Impactante! Ni\u00f1o de 14 a\u00f1os hospitalizado tras brutal agresi\u00f3n en instituto de Fuengirola\">Seguir leyendo &rarr;<\/a><\/p>\n","protected":false},"author":20,"featured_media":6961,"comment_status":"open","ping_status":"open","sticky":false,"template":"","format":"standard","meta":{"footnotes":""},"categories":[13],"tags":[],"class_list":["post-6960","post","type-post","status-publish","format-standard","has-post-thumbnail","hentry","category-portada"],"yoast_head":"<!-- This site is optimized with the Yoast SEO plugin v25.6 - https:\/\/yoast.com\/wordpress\/plugins\/seo\/ -->\n<title>\u00a1Impactante! Ni\u00f1o de 14 a\u00f1os hospitalizado tras brutal agresi\u00f3n en instituto de Fuengirola - Diario 21<\/title>\n<meta name=\"robots\" content=\"index, follow, max-snippet:-1, max-image-preview:large, max-video-preview:-1\" \/>\n<link rel=\"canonical\" href=\"https:\/\/www.diario21.tv\/noticias\/impactante-nino-de-14-anos-hospitalizado-tras-brutal-agresion-en-instituto-de-fuengirola\/\" \/>\n<meta property=\"og:locale\" content=\"es_ES\" \/>\n<meta property=\"og:type\" content=\"article\" \/>\n<meta property=\"og:title\" content=\"\u00a1Impactante! Ni\u00f1o de 14 a\u00f1os hospitalizado tras brutal agresi\u00f3n en instituto de Fuengirola - Diario 21\" \/>\n<meta property=\"og:description\" content=\"Adolescente de 14 A\u00f1os Ingresado en el Hospital Despu\u00e9s de un Serio Incidente en un Colegio de Fuengirola Un joven de 14 a\u00f1os ha sido hospitalizado ... Seguir leyendo &rarr;\" \/>\n<meta property=\"og:url\" content=\"https:\/\/www.diario21.tv\/noticias\/impactante-nino-de-14-anos-hospitalizado-tras-brutal-agresion-en-instituto-de-fuengirola\/\" \/>\n<meta property=\"og:site_name\" content=\"Diario 21\" \/>\n<meta property=\"article:published_time\" content=\"2026-04-21T11:44:30+00:00\" \/>\n<meta property=\"article:modified_time\" content=\"2026-04-21T11:44:31+00:00\" \/>\n<meta property=\"og:image\" content=\"https:\/\/www.diario21.tv\/noticias\/wp-content\/uploads\/2026\/04\/\u00a1Impactante-Nino-de-14-anos-hospitalizado-tras-brutal-agresion-en.jpg\" \/>\n\t<meta property=\"og:image:width\" content=\"1200\" \/>\n\t<meta property=\"og:image:height\" content=\"840\" \/>\n\t<meta property=\"og:image:type\" content=\"image\/jpeg\" \/>\n<meta name=\"author\" content=\"Juan P\u00e9rez\" \/>\n<meta name=\"twitter:card\" content=\"summary_large_image\" \/>\n<meta name=\"twitter:label1\" content=\"Escrito por\" \/>\n\t<meta name=\"twitter:data1\" content=\"Juan P\u00e9rez\" \/>\n\t<meta name=\"twitter:label2\" content=\"Tiempo de lectura\" \/>\n\t<meta name=\"twitter:data2\" content=\"2 minutos\" \/>\n<script type=\"application\/ld+json\" class=\"yoast-schema-graph\">{\"@context\":\"https:\/\/schema.org\",\"@graph\":[{\"@type\":\"WebPage\",\"@id\":\"https:\/\/www.diario21.tv\/noticias\/impactante-nino-de-14-anos-hospitalizado-tras-brutal-agresion-en-instituto-de-fuengirola\/\",\"url\":\"https:\/\/www.diario21.tv\/noticias\/impactante-nino-de-14-anos-hospitalizado-tras-brutal-agresion-en-instituto-de-fuengirola\/\",\"name\":\"\u00a1Impactante! Ni\u00f1o de 14 a\u00f1os hospitalizado tras brutal agresi\u00f3n en instituto de Fuengirola - Diario 21\",\"isPartOf\":{\"@id\":\"https:\/\/www.diario21.tv\/noticias\/#website\"},\"primaryImageOfPage\":{\"@id\":\"https:\/\/www.diario21.tv\/noticias\/impactante-nino-de-14-anos-hospitalizado-tras-brutal-agresion-en-instituto-de-fuengirola\/#primaryimage\"},\"image\":{\"@id\":\"https:\/\/www.diario21.tv\/noticias\/impactante-nino-de-14-anos-hospitalizado-tras-brutal-agresion-en-instituto-de-fuengirola\/#primaryimage\"},\"thumbnailUrl\":\"https:\/\/www.diario21.tv\/noticias\/wp-content\/uploads\/2026\/04\/\u00a1Impactante-Nino-de-14-anos-hospitalizado-tras-brutal-agresion-en.jpg\",\"datePublished\":\"2026-04-21T11:44:30+00:00\",\"dateModified\":\"2026-04-21T11:44:31+00:00\",\"author\":{\"@id\":\"https:\/\/www.diario21.tv\/noticias\/#\/schema\/person\/dfb778f73814d8f09f302618446a526b\"},\"breadcrumb\":{\"@id\":\"https:\/\/www.diario21.tv\/noticias\/impactante-nino-de-14-anos-hospitalizado-tras-brutal-agresion-en-instituto-de-fuengirola\/#breadcrumb\"},\"inLanguage\":\"es-AR\",\"potentialAction\":[{\"@type\":\"ReadAction\",\"target\":[\"https:\/\/www.diario21.tv\/noticias\/impactante-nino-de-14-anos-hospitalizado-tras-brutal-agresion-en-instituto-de-fuengirola\/\"]}]},{\"@type\":\"ImageObject\",\"inLanguage\":\"es-AR\",\"@id\":\"https:\/\/www.diario21.tv\/noticias\/impactante-nino-de-14-anos-hospitalizado-tras-brutal-agresion-en-instituto-de-fuengirola\/#primaryimage\",\"url\":\"https:\/\/www.diario21.tv\/noticias\/wp-content\/uploads\/2026\/04\/\u00a1Impactante-Nino-de-14-anos-hospitalizado-tras-brutal-agresion-en.jpg\",\"contentUrl\":\"https:\/\/www.diario21.tv\/noticias\/wp-content\/uploads\/2026\/04\/\u00a1Impactante-Nino-de-14-anos-hospitalizado-tras-brutal-agresion-en.jpg\",\"width\":1200,\"height\":840,\"caption\":\"Un menor de 14 a\u00f1os, hospitalizado tras una grave agresi\u00f3n en un instituto de Fuengirola\"},{\"@type\":\"BreadcrumbList\",\"@id\":\"https:\/\/www.diario21.tv\/noticias\/impactante-nino-de-14-anos-hospitalizado-tras-brutal-agresion-en-instituto-de-fuengirola\/#breadcrumb\",\"itemListElement\":[{\"@type\":\"ListItem\",\"position\":1,\"name\":\"Accueil\",\"item\":\"https:\/\/www.diario21.tv\/noticias\/\"},{\"@type\":\"ListItem\",\"position\":2,\"name\":\"\u00a1Impactante! Ni\u00f1o de 14 a\u00f1os hospitalizado tras brutal agresi\u00f3n en instituto de Fuengirola\"}]},{\"@type\":\"WebSite\",\"@id\":\"https:\/\/www.diario21.tv\/noticias\/#website\",\"url\":\"https:\/\/www.diario21.tv\/noticias\/\",\"name\":\"Diario 21\",\"description\":\"\",\"potentialAction\":[{\"@type\":\"SearchAction\",\"target\":{\"@type\":\"EntryPoint\",\"urlTemplate\":\"https:\/\/www.diario21.tv\/noticias\/?s={search_term_string}\"},\"query-input\":{\"@type\":\"PropertyValueSpecification\",\"valueRequired\":true,\"valueName\":\"search_term_string\"}}],\"inLanguage\":\"es-AR\"},{\"@type\":\"Person\",\"@id\":\"https:\/\/www.diario21.tv\/noticias\/#\/schema\/person\/dfb778f73814d8f09f302618446a526b\",\"name\":\"Juan P\u00e9rez\",\"image\":{\"@type\":\"ImageObject\",\"inLanguage\":\"es-AR\",\"@id\":\"https:\/\/www.diario21.tv\/noticias\/#\/schema\/person\/image\/\",\"url\":\"https:\/\/secure.gravatar.com\/avatar\/c478a405bd10621167f4c3167cc770f5?s=96&d=mm&r=g\",\"contentUrl\":\"https:\/\/secure.gravatar.com\/avatar\/c478a405bd10621167f4c3167cc770f5?s=96&d=mm&r=g\",\"caption\":\"Juan P\u00e9rez\"},\"description\":\"Juan P\u00e9rez es el redactor en jefe de Diario 21. Con m\u00e1s de 10 a\u00f1os de experiencia en el periodismo, se especializa en pol\u00edtica nacional y an\u00e1lisis socioecon\u00f3mico. Su enfoque cr\u00edtico y riguroso aporta una perspectiva \u00fanica a cada art\u00edculo.\",\"sameAs\":[\"https:\/\/www.diario21.tv\/noticias\/\"],\"url\":\"https:\/\/www.diario21.tv\/noticias\/author\/juan-perez\/\"}]}<\/script>\n<!-- \/ Yoast SEO plugin. -->","yoast_head_json":{"title":"\u00a1Impactante! Ni\u00f1o de 14 a\u00f1os hospitalizado tras brutal agresi\u00f3n en instituto de Fuengirola - Diario 21","robots":{"index":"index","follow":"follow","max-snippet":"max-snippet:-1","max-image-preview":"max-image-preview:large","max-video-preview":"max-video-preview:-1"},"canonical":"https:\/\/www.diario21.tv\/noticias\/impactante-nino-de-14-anos-hospitalizado-tras-brutal-agresion-en-instituto-de-fuengirola\/","og_locale":"es_ES","og_type":"article","og_title":"\u00a1Impactante! Ni\u00f1o de 14 a\u00f1os hospitalizado tras brutal agresi\u00f3n en instituto de Fuengirola - Diario 21","og_description":"Adolescente de 14 A\u00f1os Ingresado en el Hospital Despu\u00e9s de un Serio Incidente en un Colegio de Fuengirola Un joven de 14 a\u00f1os ha sido hospitalizado ... Seguir leyendo &rarr;","og_url":"https:\/\/www.diario21.tv\/noticias\/impactante-nino-de-14-anos-hospitalizado-tras-brutal-agresion-en-instituto-de-fuengirola\/","og_site_name":"Diario 21","article_published_time":"2026-04-21T11:44:30+00:00","article_modified_time":"2026-04-21T11:44:31+00:00","og_image":[{"width":1200,"height":840,"url":"https:\/\/www.diario21.tv\/noticias\/wp-content\/uploads\/2026\/04\/\u00a1Impactante-Nino-de-14-anos-hospitalizado-tras-brutal-agresion-en.jpg","type":"image\/jpeg"}],"author":"Juan P\u00e9rez","twitter_card":"summary_large_image","twitter_misc":{"Escrito por":"Juan P\u00e9rez","Tiempo de lectura":"2 minutos"},"schema":{"@context":"https:\/\/schema.org","@graph":[{"@type":"WebPage","@id":"https:\/\/www.diario21.tv\/noticias\/impactante-nino-de-14-anos-hospitalizado-tras-brutal-agresion-en-instituto-de-fuengirola\/","url":"https:\/\/www.diario21.tv\/noticias\/impactante-nino-de-14-anos-hospitalizado-tras-brutal-agresion-en-instituto-de-fuengirola\/","name":"\u00a1Impactante! Ni\u00f1o de 14 a\u00f1os hospitalizado tras brutal agresi\u00f3n en instituto de Fuengirola - Diario 21","isPartOf":{"@id":"https:\/\/www.diario21.tv\/noticias\/#website"},"primaryImageOfPage":{"@id":"https:\/\/www.diario21.tv\/noticias\/impactante-nino-de-14-anos-hospitalizado-tras-brutal-agresion-en-instituto-de-fuengirola\/#primaryimage"},"image":{"@id":"https:\/\/www.diario21.tv\/noticias\/impactante-nino-de-14-anos-hospitalizado-tras-brutal-agresion-en-instituto-de-fuengirola\/#primaryimage"},"thumbnailUrl":"https:\/\/www.diario21.tv\/noticias\/wp-content\/uploads\/2026\/04\/\u00a1Impactante-Nino-de-14-anos-hospitalizado-tras-brutal-agresion-en.jpg","datePublished":"2026-04-21T11:44:30+00:00","dateModified":"2026-04-21T11:44:31+00:00","author":{"@id":"https:\/\/www.diario21.tv\/noticias\/#\/schema\/person\/dfb778f73814d8f09f302618446a526b"},"breadcrumb":{"@id":"https:\/\/www.diario21.tv\/noticias\/impactante-nino-de-14-anos-hospitalizado-tras-brutal-agresion-en-instituto-de-fuengirola\/#breadcrumb"},"inLanguage":"es-AR","potentialAction":[{"@type":"ReadAction","target":["https:\/\/www.diario21.tv\/noticias\/impactante-nino-de-14-anos-hospitalizado-tras-brutal-agresion-en-instituto-de-fuengirola\/"]}]},{"@type":"ImageObject","inLanguage":"es-AR","@id":"https:\/\/www.diario21.tv\/noticias\/impactante-nino-de-14-anos-hospitalizado-tras-brutal-agresion-en-instituto-de-fuengirola\/#primaryimage","url":"https:\/\/www.diario21.tv\/noticias\/wp-content\/uploads\/2026\/04\/\u00a1Impactante-Nino-de-14-anos-hospitalizado-tras-brutal-agresion-en.jpg","contentUrl":"https:\/\/www.diario21.tv\/noticias\/wp-content\/uploads\/2026\/04\/\u00a1Impactante-Nino-de-14-anos-hospitalizado-tras-brutal-agresion-en.jpg","width":1200,"height":840,"caption":"Un menor de 14 a\u00f1os, hospitalizado tras una grave agresi\u00f3n en un instituto de Fuengirola"},{"@type":"BreadcrumbList","@id":"https:\/\/www.diario21.tv\/noticias\/impactante-nino-de-14-anos-hospitalizado-tras-brutal-agresion-en-instituto-de-fuengirola\/#breadcrumb","itemListElement":[{"@type":"ListItem","position":1,"name":"Accueil","item":"https:\/\/www.diario21.tv\/noticias\/"},{"@type":"ListItem","position":2,"name":"\u00a1Impactante! Ni\u00f1o de 14 a\u00f1os hospitalizado tras brutal agresi\u00f3n en instituto de Fuengirola"}]},{"@type":"WebSite","@id":"https:\/\/www.diario21.tv\/noticias\/#website","url":"https:\/\/www.diario21.tv\/noticias\/","name":"Diario 21","description":"","potentialAction":[{"@type":"SearchAction","target":{"@type":"EntryPoint","urlTemplate":"https:\/\/www.diario21.tv\/noticias\/?s={search_term_string}"},"query-input":{"@type":"PropertyValueSpecification","valueRequired":true,"valueName":"search_term_string"}}],"inLanguage":"es-AR"},{"@type":"Person","@id":"https:\/\/www.diario21.tv\/noticias\/#\/schema\/person\/dfb778f73814d8f09f302618446a526b","name":"Juan P\u00e9rez","image":{"@type":"ImageObject","inLanguage":"es-AR","@id":"https:\/\/www.diario21.tv\/noticias\/#\/schema\/person\/image\/","url":"https:\/\/secure.gravatar.com\/avatar\/c478a405bd10621167f4c3167cc770f5?s=96&d=mm&r=g","contentUrl":"https:\/\/secure.gravatar.com\/avatar\/c478a405bd10621167f4c3167cc770f5?s=96&d=mm&r=g","caption":"Juan P\u00e9rez"},"description":"Juan P\u00e9rez es el redactor en jefe de Diario 21. Con m\u00e1s de 10 a\u00f1os de experiencia en el periodismo, se especializa en pol\u00edtica nacional y an\u00e1lisis socioecon\u00f3mico. Su enfoque cr\u00edtico y riguroso aporta una perspectiva \u00fanica a cada art\u00edculo.","sameAs":["https:\/\/www.diario21.tv\/noticias\/"],"url":"https:\/\/www.diario21.tv\/noticias\/author\/juan-perez\/"}]}},"_links":{"self":[{"href":"https:\/\/www.diario21.tv\/noticias\/wp-json\/wp\/v2\/posts\/6960"}],"collection":[{"href":"https:\/\/www.diario21.tv\/noticias\/wp-json\/wp\/v2\/posts"}],"about":[{"href":"https:\/\/www.diario21.tv\/noticias\/wp-json\/wp\/v2\/types\/post"}],"author":[{"embeddable":true,"href":"https:\/\/www.diario21.tv\/noticias\/wp-json\/wp\/v2\/users\/20"}],"replies":[{"embeddable":true,"href":"https:\/\/www.diario21.tv\/noticias\/wp-json\/wp\/v2\/comments?post=6960"}],"version-history":[{"count":1,"href":"https:\/\/www.diario21.tv\/noticias\/wp-json\/wp\/v2\/posts\/6960\/revisions"}],"predecessor-version":[{"id":6962,"href":"https:\/\/www.diario21.tv\/noticias\/wp-json\/wp\/v2\/posts\/6960\/revisions\/6962"}],"wp:featuredmedia":[{"embeddable":true,"href":"https:\/\/www.diario21.tv\/noticias\/wp-json\/wp\/v2\/media\/6961"}],"wp:attachment":[{"href":"https:\/\/www.diario21.tv\/noticias\/wp-json\/wp\/v2\/media?parent=6960"}],"wp:term":[{"taxonomy":"category","embeddable":true,"href":"https:\/\/www.diario21.tv\/noticias\/wp-json\/wp\/v2\/categories?post=6960"},{"taxonomy":"post_tag","embeddable":true,"href":"https:\/\/www.diario21.tv\/noticias\/wp-json\/wp\/v2\/tags?post=6960"}],"curies":[{"name":"wp","href":"https:\/\/api.w.org\/{rel}","templated":true}]}}