{"id":6957,"date":"2026-04-21T05:41:22","date_gmt":"2026-04-21T05:41:22","guid":{"rendered":"https:\/\/www.diario21.tv\/noticias\/alerta-en-valencia-42-detenidos-por-la-estafa-del-hijo-en-apuros-por-la-policia-nacional\/"},"modified":"2026-04-21T05:41:23","modified_gmt":"2026-04-21T05:41:23","slug":"alerta-en-valencia-42-detenidos-por-la-estafa-del-hijo-en-apuros-por-la-policia-nacional","status":"publish","type":"post","link":"https:\/\/www.diario21.tv\/noticias\/alerta-en-valencia-42-detenidos-por-la-estafa-del-hijo-en-apuros-por-la-policia-nacional\/","title":{"rendered":"\u00a1Alerta en Valencia! 42 detenidos por la estafa del &#8216;hijo en apuros&#8217; por la Polic\u00eda Nacional"},"content":{"rendered":"<h2>Detenci\u00f3n masiva en Valencia por estafas relacionadas con el enga\u00f1o del &#8216;hijo en problemas&#8217;<\/h2>\n<p>La Polic\u00eda Nacional ha llevado a cabo una operaci\u00f3n significativa en Valencia, resultando en la detenci\u00f3n de 42 individuos implicados en una serie de fraudes conocidos como estafas del &#8216;hijo en apuros&#8217;. Este tipo de enga\u00f1o, que juega con la angustia emocional de los padres, ha visto un aumento en su pr\u00e1ctica, alertando a las autoridades sobre la necesidad de una intervenci\u00f3n decidida.<\/p>\n<h3>Modus Operandi de los Estafadores<\/h3>\n<p>El m\u00e9todo utilizado por los delincuentes consist\u00eda en contactar a sus v\u00edctimas, generalmente personas mayores, haci\u00e9ndose pasar por un hijo o un familiar cercano. Los estafadores relataban una situaci\u00f3n de emergencia falsa, como un accidente de tr\u00e1fico o un problema legal urgente, en la que supuestamente el familiar necesitaba una cantidad significativa de dinero de manera inmediata para resolver el problema. La urgencia y la desesperaci\u00f3n ficticias eran clave en el \u00e9xito de estas estafas, presionando a las v\u00edctimas para que actuaran r\u00e1pidamente y sin cuestionar la situaci\u00f3n.<\/p>\n<h3>La Investigaci\u00f3n y las Detenciones<\/h3>\n<p>La investigaci\u00f3n se inici\u00f3 tras recibir m\u00faltiples denuncias de ciudadanos afectados, lo que alert\u00f3 a la Polic\u00eda Nacional sobre la operaci\u00f3n de esta red delictiva. La meticulosa labor policial permiti\u00f3 identificar y localizar a los sospechosos, quienes operaban coordinadamente para llevar a cabo estas estafas a escala nacional. Las detenciones se realizaron en un operativo bien planificado que buscaba desmantelar completamente la red y evitar futuros incidentes.<\/p>\n<h3>Recomendaciones para la Prevenci\u00f3n<\/h3>\n<p>Ante el aumento de estos delitos, la Polic\u00eda Nacional ha emitido una serie de recomendaciones para prevenir que m\u00e1s personas caigan en estas trampas. Entre las sugerencias m\u00e1s importantes se encuentra la de verificar siempre la identidad de quien llama, especialmente si solicita dinero de manera urgente. Se aconseja a los ciudadanos mantener la calma, no actuar bajo presi\u00f3n y confirmar la situaci\u00f3n a trav\u00e9s de otros medios o contactos antes de realizar cualquier tipo de transacci\u00f3n econ\u00f3mica.<\/p>\n<h3>Implicaciones Legales y Advertencias<\/h3>\n<p>Las autoridades han advertido que este tipo de delitos no solo tiene un impacto econ\u00f3mico significativo en las v\u00edctimas, sino que tambi\u00e9n conlleva severas consecuencias legales para los perpetradores. Las penas por estafas y fraudes pueden incluir largos per\u00edodos de prisi\u00f3n, destacando la seriedad con la que el sistema judicial trata estos casos. La operaci\u00f3n en Valencia es un claro ejemplo del compromiso policial para combatir el fraude y proteger a los ciudadanos, especialmente a los m\u00e1s vulnerables.<\/p>\n<p>La Polic\u00eda Nacional contin\u00faa trabajando en estas investigaciones y no descarta la posibilidad de m\u00e1s detenciones conforme avance el caso. Se hace un llamado a la poblaci\u00f3n para que denuncie cualquier actividad sospechosa y colabore con las autoridades en la lucha contra el fraude.<\/p>\n\n\n<div class=\"kk-star-ratings kksr-auto kksr-align-left kksr-valign-bottom\"\n    data-payload='{&quot;align&quot;:&quot;left&quot;,&quot;id&quot;:&quot;6957&quot;,&quot;slug&quot;:&quot;default&quot;,&quot;valign&quot;:&quot;bottom&quot;,&quot;ignore&quot;:&quot;&quot;,&quot;reference&quot;:&quot;auto&quot;,&quot;class&quot;:&quot;&quot;,&quot;count&quot;:&quot;0&quot;,&quot;legendonly&quot;:&quot;&quot;,&quot;readonly&quot;:&quot;&quot;,&quot;score&quot;:&quot;0&quot;,&quot;starsonly&quot;:&quot;&quot;,&quot;best&quot;:&quot;5&quot;,&quot;gap&quot;:&quot;5&quot;,&quot;greet&quot;:&quot;Valora este post&quot;,&quot;legend&quot;:&quot;0\\\/5 - (0 votes)&quot;,&quot;size&quot;:&quot;22&quot;,&quot;title&quot;:&quot;\u00a1Alerta en Valencia! 42 detenidos por la estafa del \\u0026#039;hijo en apuros\\u0026#039; por la Polic\u00eda Nacional&quot;,&quot;width&quot;:&quot;0&quot;,&quot;_legend&quot;:&quot;{score}\\\/{best} - ({count} {votes})&quot;,&quot;font_factor&quot;:&quot;1.25&quot;}'>\n            \n<div class=\"kksr-stars\">\n    \n<div class=\"kksr-stars-inactive\">\n            <div class=\"kksr-star\" data-star=\"1\" style=\"padding-right: 5px\">\n            \n\n<div class=\"kksr-icon\" style=\"width: 22px; height: 22px;\"><\/div>\n        <\/div>\n            <div class=\"kksr-star\" data-star=\"2\" style=\"padding-right: 5px\">\n            \n\n<div class=\"kksr-icon\" style=\"width: 22px; height: 22px;\"><\/div>\n        <\/div>\n            <div class=\"kksr-star\" data-star=\"3\" style=\"padding-right: 5px\">\n            \n\n<div class=\"kksr-icon\" style=\"width: 22px; height: 22px;\"><\/div>\n        <\/div>\n            <div class=\"kksr-star\" data-star=\"4\" style=\"padding-right: 5px\">\n            \n\n<div class=\"kksr-icon\" style=\"width: 22px; height: 22px;\"><\/div>\n        <\/div>\n            <div class=\"kksr-star\" data-star=\"5\" style=\"padding-right: 5px\">\n            \n\n<div class=\"kksr-icon\" style=\"width: 22px; height: 22px;\"><\/div>\n        <\/div>\n    <\/div>\n    \n<div class=\"kksr-stars-active\" style=\"width: 0px;\">\n            <div class=\"kksr-star\" style=\"padding-right: 5px\">\n            \n\n<div class=\"kksr-icon\" style=\"width: 22px; height: 22px;\"><\/div>\n        <\/div>\n            <div class=\"kksr-star\" style=\"padding-right: 5px\">\n            \n\n<div class=\"kksr-icon\" style=\"width: 22px; height: 22px;\"><\/div>\n        <\/div>\n            <div class=\"kksr-star\" style=\"padding-right: 5px\">\n            \n\n<div class=\"kksr-icon\" style=\"width: 22px; height: 22px;\"><\/div>\n        <\/div>\n            <div class=\"kksr-star\" style=\"padding-right: 5px\">\n            \n\n<div class=\"kksr-icon\" style=\"width: 22px; height: 22px;\"><\/div>\n        <\/div>\n            <div class=\"kksr-star\" style=\"padding-right: 5px\">\n            \n\n<div class=\"kksr-icon\" style=\"width: 22px; height: 22px;\"><\/div>\n        <\/div>\n    <\/div>\n<\/div>\n                \n\n<div class=\"kksr-legend\" style=\"font-size: 17.6px;\">\n            <span class=\"kksr-muted\">Valora este post<\/span>\n    <\/div>\n    <\/div>\n","protected":false},"excerpt":{"rendered":"<p>Detenci\u00f3n masiva en Valencia por estafas relacionadas con el enga\u00f1o del &#8216;hijo en problemas&#8217; La Polic\u00eda Nacional ha llevado a cabo una operaci\u00f3n significativa en Valencia, &#8230; <a title=\"\u00a1Alerta en Valencia! 42 detenidos por la estafa del &#8216;hijo en apuros&#8217; por la Polic\u00eda Nacional\" class=\"read-more\" href=\"https:\/\/www.diario21.tv\/noticias\/alerta-en-valencia-42-detenidos-por-la-estafa-del-hijo-en-apuros-por-la-policia-nacional\/\" aria-label=\"Leer m\u00e1s sobre \u00a1Alerta en Valencia! 42 detenidos por la estafa del &#8216;hijo en apuros&#8217; por la Polic\u00eda Nacional\">Seguir leyendo &rarr;<\/a><\/p>\n","protected":false},"author":20,"featured_media":6958,"comment_status":"open","ping_status":"open","sticky":false,"template":"","format":"standard","meta":{"footnotes":""},"categories":[13],"tags":[],"class_list":["post-6957","post","type-post","status-publish","format-standard","has-post-thumbnail","hentry","category-portada"],"yoast_head":"<!-- This site is optimized with the Yoast SEO plugin v25.6 - https:\/\/yoast.com\/wordpress\/plugins\/seo\/ -->\n<title>\u00a1Alerta en Valencia! 42 detenidos por la estafa del &#039;hijo en apuros&#039; por la Polic\u00eda Nacional - Diario 21<\/title>\n<meta name=\"robots\" content=\"index, follow, max-snippet:-1, max-image-preview:large, max-video-preview:-1\" \/>\n<link rel=\"canonical\" href=\"https:\/\/www.diario21.tv\/noticias\/alerta-en-valencia-42-detenidos-por-la-estafa-del-hijo-en-apuros-por-la-policia-nacional\/\" \/>\n<meta property=\"og:locale\" content=\"es_ES\" \/>\n<meta property=\"og:type\" content=\"article\" \/>\n<meta property=\"og:title\" content=\"\u00a1Alerta en Valencia! 42 detenidos por la estafa del &#039;hijo en apuros&#039; por la Polic\u00eda Nacional - Diario 21\" \/>\n<meta property=\"og:description\" content=\"Detenci\u00f3n masiva en Valencia por estafas relacionadas con el enga\u00f1o del &#8216;hijo en problemas&#8217; La Polic\u00eda Nacional ha llevado a cabo una operaci\u00f3n significativa en Valencia, ... Seguir leyendo &rarr;\" \/>\n<meta property=\"og:url\" content=\"https:\/\/www.diario21.tv\/noticias\/alerta-en-valencia-42-detenidos-por-la-estafa-del-hijo-en-apuros-por-la-policia-nacional\/\" \/>\n<meta property=\"og:site_name\" content=\"Diario 21\" \/>\n<meta property=\"article:published_time\" content=\"2026-04-21T05:41:22+00:00\" \/>\n<meta property=\"article:modified_time\" content=\"2026-04-21T05:41:23+00:00\" \/>\n<meta property=\"og:image\" content=\"https:\/\/www.diario21.tv\/noticias\/wp-content\/uploads\/2026\/04\/\u00a1Alerta-en-Valencia-42-detenidos-por-la-estafa-del-hijo.jpg\" \/>\n\t<meta property=\"og:image:width\" content=\"1200\" \/>\n\t<meta property=\"og:image:height\" content=\"840\" \/>\n\t<meta property=\"og:image:type\" content=\"image\/jpeg\" \/>\n<meta name=\"author\" content=\"Juan P\u00e9rez\" \/>\n<meta name=\"twitter:card\" content=\"summary_large_image\" \/>\n<meta name=\"twitter:label1\" content=\"Escrito por\" \/>\n\t<meta name=\"twitter:data1\" content=\"Juan P\u00e9rez\" \/>\n\t<meta name=\"twitter:label2\" content=\"Tiempo de lectura\" \/>\n\t<meta name=\"twitter:data2\" content=\"2 minutos\" \/>\n<script type=\"application\/ld+json\" class=\"yoast-schema-graph\">{\"@context\":\"https:\/\/schema.org\",\"@graph\":[{\"@type\":\"WebPage\",\"@id\":\"https:\/\/www.diario21.tv\/noticias\/alerta-en-valencia-42-detenidos-por-la-estafa-del-hijo-en-apuros-por-la-policia-nacional\/\",\"url\":\"https:\/\/www.diario21.tv\/noticias\/alerta-en-valencia-42-detenidos-por-la-estafa-del-hijo-en-apuros-por-la-policia-nacional\/\",\"name\":\"\u00a1Alerta en Valencia! 42 detenidos por la estafa del 'hijo en apuros' por la Polic\u00eda Nacional - Diario 21\",\"isPartOf\":{\"@id\":\"https:\/\/www.diario21.tv\/noticias\/#website\"},\"primaryImageOfPage\":{\"@id\":\"https:\/\/www.diario21.tv\/noticias\/alerta-en-valencia-42-detenidos-por-la-estafa-del-hijo-en-apuros-por-la-policia-nacional\/#primaryimage\"},\"image\":{\"@id\":\"https:\/\/www.diario21.tv\/noticias\/alerta-en-valencia-42-detenidos-por-la-estafa-del-hijo-en-apuros-por-la-policia-nacional\/#primaryimage\"},\"thumbnailUrl\":\"https:\/\/www.diario21.tv\/noticias\/wp-content\/uploads\/2026\/04\/\u00a1Alerta-en-Valencia-42-detenidos-por-la-estafa-del-hijo.jpg\",\"datePublished\":\"2026-04-21T05:41:22+00:00\",\"dateModified\":\"2026-04-21T05:41:23+00:00\",\"author\":{\"@id\":\"https:\/\/www.diario21.tv\/noticias\/#\/schema\/person\/dfb778f73814d8f09f302618446a526b\"},\"breadcrumb\":{\"@id\":\"https:\/\/www.diario21.tv\/noticias\/alerta-en-valencia-42-detenidos-por-la-estafa-del-hijo-en-apuros-por-la-policia-nacional\/#breadcrumb\"},\"inLanguage\":\"es-AR\",\"potentialAction\":[{\"@type\":\"ReadAction\",\"target\":[\"https:\/\/www.diario21.tv\/noticias\/alerta-en-valencia-42-detenidos-por-la-estafa-del-hijo-en-apuros-por-la-policia-nacional\/\"]}]},{\"@type\":\"ImageObject\",\"inLanguage\":\"es-AR\",\"@id\":\"https:\/\/www.diario21.tv\/noticias\/alerta-en-valencia-42-detenidos-por-la-estafa-del-hijo-en-apuros-por-la-policia-nacional\/#primaryimage\",\"url\":\"https:\/\/www.diario21.tv\/noticias\/wp-content\/uploads\/2026\/04\/\u00a1Alerta-en-Valencia-42-detenidos-por-la-estafa-del-hijo.jpg\",\"contentUrl\":\"https:\/\/www.diario21.tv\/noticias\/wp-content\/uploads\/2026\/04\/\u00a1Alerta-en-Valencia-42-detenidos-por-la-estafa-del-hijo.jpg\",\"width\":1200,\"height\":840,\"caption\":\"La Polic\u00eda Nacional detiene en Valencia a 42 personas por cometer estafas del &amp;#039;hijo en apuros&amp;#039;\"},{\"@type\":\"BreadcrumbList\",\"@id\":\"https:\/\/www.diario21.tv\/noticias\/alerta-en-valencia-42-detenidos-por-la-estafa-del-hijo-en-apuros-por-la-policia-nacional\/#breadcrumb\",\"itemListElement\":[{\"@type\":\"ListItem\",\"position\":1,\"name\":\"Accueil\",\"item\":\"https:\/\/www.diario21.tv\/noticias\/\"},{\"@type\":\"ListItem\",\"position\":2,\"name\":\"\u00a1Alerta en Valencia! 42 detenidos por la estafa del &#8216;hijo en apuros&#8217; por la Polic\u00eda Nacional\"}]},{\"@type\":\"WebSite\",\"@id\":\"https:\/\/www.diario21.tv\/noticias\/#website\",\"url\":\"https:\/\/www.diario21.tv\/noticias\/\",\"name\":\"Diario 21\",\"description\":\"\",\"potentialAction\":[{\"@type\":\"SearchAction\",\"target\":{\"@type\":\"EntryPoint\",\"urlTemplate\":\"https:\/\/www.diario21.tv\/noticias\/?s={search_term_string}\"},\"query-input\":{\"@type\":\"PropertyValueSpecification\",\"valueRequired\":true,\"valueName\":\"search_term_string\"}}],\"inLanguage\":\"es-AR\"},{\"@type\":\"Person\",\"@id\":\"https:\/\/www.diario21.tv\/noticias\/#\/schema\/person\/dfb778f73814d8f09f302618446a526b\",\"name\":\"Juan P\u00e9rez\",\"image\":{\"@type\":\"ImageObject\",\"inLanguage\":\"es-AR\",\"@id\":\"https:\/\/www.diario21.tv\/noticias\/#\/schema\/person\/image\/\",\"url\":\"https:\/\/secure.gravatar.com\/avatar\/c478a405bd10621167f4c3167cc770f5?s=96&d=mm&r=g\",\"contentUrl\":\"https:\/\/secure.gravatar.com\/avatar\/c478a405bd10621167f4c3167cc770f5?s=96&d=mm&r=g\",\"caption\":\"Juan P\u00e9rez\"},\"description\":\"Juan P\u00e9rez es el redactor en jefe de Diario 21. Con m\u00e1s de 10 a\u00f1os de experiencia en el periodismo, se especializa en pol\u00edtica nacional y an\u00e1lisis socioecon\u00f3mico. Su enfoque cr\u00edtico y riguroso aporta una perspectiva \u00fanica a cada art\u00edculo.\",\"sameAs\":[\"https:\/\/www.diario21.tv\/noticias\/\"],\"url\":\"https:\/\/www.diario21.tv\/noticias\/author\/juan-perez\/\"}]}<\/script>\n<!-- \/ Yoast SEO plugin. -->","yoast_head_json":{"title":"\u00a1Alerta en Valencia! 42 detenidos por la estafa del 'hijo en apuros' por la Polic\u00eda Nacional - Diario 21","robots":{"index":"index","follow":"follow","max-snippet":"max-snippet:-1","max-image-preview":"max-image-preview:large","max-video-preview":"max-video-preview:-1"},"canonical":"https:\/\/www.diario21.tv\/noticias\/alerta-en-valencia-42-detenidos-por-la-estafa-del-hijo-en-apuros-por-la-policia-nacional\/","og_locale":"es_ES","og_type":"article","og_title":"\u00a1Alerta en Valencia! 42 detenidos por la estafa del 'hijo en apuros' por la Polic\u00eda Nacional - Diario 21","og_description":"Detenci\u00f3n masiva en Valencia por estafas relacionadas con el enga\u00f1o del &#8216;hijo en problemas&#8217; La Polic\u00eda Nacional ha llevado a cabo una operaci\u00f3n significativa en Valencia, ... Seguir leyendo &rarr;","og_url":"https:\/\/www.diario21.tv\/noticias\/alerta-en-valencia-42-detenidos-por-la-estafa-del-hijo-en-apuros-por-la-policia-nacional\/","og_site_name":"Diario 21","article_published_time":"2026-04-21T05:41:22+00:00","article_modified_time":"2026-04-21T05:41:23+00:00","og_image":[{"width":1200,"height":840,"url":"https:\/\/www.diario21.tv\/noticias\/wp-content\/uploads\/2026\/04\/\u00a1Alerta-en-Valencia-42-detenidos-por-la-estafa-del-hijo.jpg","type":"image\/jpeg"}],"author":"Juan P\u00e9rez","twitter_card":"summary_large_image","twitter_misc":{"Escrito por":"Juan P\u00e9rez","Tiempo de lectura":"2 minutos"},"schema":{"@context":"https:\/\/schema.org","@graph":[{"@type":"WebPage","@id":"https:\/\/www.diario21.tv\/noticias\/alerta-en-valencia-42-detenidos-por-la-estafa-del-hijo-en-apuros-por-la-policia-nacional\/","url":"https:\/\/www.diario21.tv\/noticias\/alerta-en-valencia-42-detenidos-por-la-estafa-del-hijo-en-apuros-por-la-policia-nacional\/","name":"\u00a1Alerta en Valencia! 42 detenidos por la estafa del 'hijo en apuros' por la Polic\u00eda Nacional - Diario 21","isPartOf":{"@id":"https:\/\/www.diario21.tv\/noticias\/#website"},"primaryImageOfPage":{"@id":"https:\/\/www.diario21.tv\/noticias\/alerta-en-valencia-42-detenidos-por-la-estafa-del-hijo-en-apuros-por-la-policia-nacional\/#primaryimage"},"image":{"@id":"https:\/\/www.diario21.tv\/noticias\/alerta-en-valencia-42-detenidos-por-la-estafa-del-hijo-en-apuros-por-la-policia-nacional\/#primaryimage"},"thumbnailUrl":"https:\/\/www.diario21.tv\/noticias\/wp-content\/uploads\/2026\/04\/\u00a1Alerta-en-Valencia-42-detenidos-por-la-estafa-del-hijo.jpg","datePublished":"2026-04-21T05:41:22+00:00","dateModified":"2026-04-21T05:41:23+00:00","author":{"@id":"https:\/\/www.diario21.tv\/noticias\/#\/schema\/person\/dfb778f73814d8f09f302618446a526b"},"breadcrumb":{"@id":"https:\/\/www.diario21.tv\/noticias\/alerta-en-valencia-42-detenidos-por-la-estafa-del-hijo-en-apuros-por-la-policia-nacional\/#breadcrumb"},"inLanguage":"es-AR","potentialAction":[{"@type":"ReadAction","target":["https:\/\/www.diario21.tv\/noticias\/alerta-en-valencia-42-detenidos-por-la-estafa-del-hijo-en-apuros-por-la-policia-nacional\/"]}]},{"@type":"ImageObject","inLanguage":"es-AR","@id":"https:\/\/www.diario21.tv\/noticias\/alerta-en-valencia-42-detenidos-por-la-estafa-del-hijo-en-apuros-por-la-policia-nacional\/#primaryimage","url":"https:\/\/www.diario21.tv\/noticias\/wp-content\/uploads\/2026\/04\/\u00a1Alerta-en-Valencia-42-detenidos-por-la-estafa-del-hijo.jpg","contentUrl":"https:\/\/www.diario21.tv\/noticias\/wp-content\/uploads\/2026\/04\/\u00a1Alerta-en-Valencia-42-detenidos-por-la-estafa-del-hijo.jpg","width":1200,"height":840,"caption":"La Polic\u00eda Nacional detiene en Valencia a 42 personas por cometer estafas del &amp;#039;hijo en apuros&amp;#039;"},{"@type":"BreadcrumbList","@id":"https:\/\/www.diario21.tv\/noticias\/alerta-en-valencia-42-detenidos-por-la-estafa-del-hijo-en-apuros-por-la-policia-nacional\/#breadcrumb","itemListElement":[{"@type":"ListItem","position":1,"name":"Accueil","item":"https:\/\/www.diario21.tv\/noticias\/"},{"@type":"ListItem","position":2,"name":"\u00a1Alerta en Valencia! 42 detenidos por la estafa del &#8216;hijo en apuros&#8217; por la Polic\u00eda Nacional"}]},{"@type":"WebSite","@id":"https:\/\/www.diario21.tv\/noticias\/#website","url":"https:\/\/www.diario21.tv\/noticias\/","name":"Diario 21","description":"","potentialAction":[{"@type":"SearchAction","target":{"@type":"EntryPoint","urlTemplate":"https:\/\/www.diario21.tv\/noticias\/?s={search_term_string}"},"query-input":{"@type":"PropertyValueSpecification","valueRequired":true,"valueName":"search_term_string"}}],"inLanguage":"es-AR"},{"@type":"Person","@id":"https:\/\/www.diario21.tv\/noticias\/#\/schema\/person\/dfb778f73814d8f09f302618446a526b","name":"Juan P\u00e9rez","image":{"@type":"ImageObject","inLanguage":"es-AR","@id":"https:\/\/www.diario21.tv\/noticias\/#\/schema\/person\/image\/","url":"https:\/\/secure.gravatar.com\/avatar\/c478a405bd10621167f4c3167cc770f5?s=96&d=mm&r=g","contentUrl":"https:\/\/secure.gravatar.com\/avatar\/c478a405bd10621167f4c3167cc770f5?s=96&d=mm&r=g","caption":"Juan P\u00e9rez"},"description":"Juan P\u00e9rez es el redactor en jefe de Diario 21. Con m\u00e1s de 10 a\u00f1os de experiencia en el periodismo, se especializa en pol\u00edtica nacional y an\u00e1lisis socioecon\u00f3mico. Su enfoque cr\u00edtico y riguroso aporta una perspectiva \u00fanica a cada art\u00edculo.","sameAs":["https:\/\/www.diario21.tv\/noticias\/"],"url":"https:\/\/www.diario21.tv\/noticias\/author\/juan-perez\/"}]}},"_links":{"self":[{"href":"https:\/\/www.diario21.tv\/noticias\/wp-json\/wp\/v2\/posts\/6957"}],"collection":[{"href":"https:\/\/www.diario21.tv\/noticias\/wp-json\/wp\/v2\/posts"}],"about":[{"href":"https:\/\/www.diario21.tv\/noticias\/wp-json\/wp\/v2\/types\/post"}],"author":[{"embeddable":true,"href":"https:\/\/www.diario21.tv\/noticias\/wp-json\/wp\/v2\/users\/20"}],"replies":[{"embeddable":true,"href":"https:\/\/www.diario21.tv\/noticias\/wp-json\/wp\/v2\/comments?post=6957"}],"version-history":[{"count":1,"href":"https:\/\/www.diario21.tv\/noticias\/wp-json\/wp\/v2\/posts\/6957\/revisions"}],"predecessor-version":[{"id":6959,"href":"https:\/\/www.diario21.tv\/noticias\/wp-json\/wp\/v2\/posts\/6957\/revisions\/6959"}],"wp:featuredmedia":[{"embeddable":true,"href":"https:\/\/www.diario21.tv\/noticias\/wp-json\/wp\/v2\/media\/6958"}],"wp:attachment":[{"href":"https:\/\/www.diario21.tv\/noticias\/wp-json\/wp\/v2\/media?parent=6957"}],"wp:term":[{"taxonomy":"category","embeddable":true,"href":"https:\/\/www.diario21.tv\/noticias\/wp-json\/wp\/v2\/categories?post=6957"},{"taxonomy":"post_tag","embeddable":true,"href":"https:\/\/www.diario21.tv\/noticias\/wp-json\/wp\/v2\/tags?post=6957"}],"curies":[{"name":"wp","href":"https:\/\/api.w.org\/{rel}","templated":true}]}}