{"id":6954,"date":"2026-04-20T23:40:42","date_gmt":"2026-04-20T23:40:42","guid":{"rendered":"https:\/\/www.diario21.tv\/noticias\/tragedia-en-bioparc-valencia-muere-miri-la-elefanta-tras-accidente-fatal\/"},"modified":"2026-04-20T23:40:44","modified_gmt":"2026-04-20T23:40:44","slug":"tragedia-en-bioparc-valencia-muere-miri-la-elefanta-tras-accidente-fatal","status":"publish","type":"post","link":"https:\/\/www.diario21.tv\/noticias\/tragedia-en-bioparc-valencia-muere-miri-la-elefanta-tras-accidente-fatal\/","title":{"rendered":"Tragedia en Bioparc Valencia: Muere Miri, la elefanta, tras accidente fatal"},"content":{"rendered":"<h2>Triste noticia en el Bioparc Valencia: Fallece Miri, la elefanta, debido a un accidente<\/h2>\n<p>En un lamentable suceso ocurrido recientemente en el Bioparc Valencia, Miri, una de las elefantas del parque, ha perdido la vida tras verse involucrada en un tr\u00e1gico accidente. Este evento ha causado una profunda conmoci\u00f3n tanto en el equipo del parque como en los visitantes habituales y amantes de los animales.<\/p>\n<h3>Detalles del accidente<\/h3>\n<p>El incidente tuvo lugar en una de las \u00e1reas restringidas del parque, dise\u00f1adas para el cuidado y mantenimiento de los animales. Seg\u00fan los primeros informes, Miri se encontraba realizando su rutina diaria cuando, de manera accidental, se vio atrapada en una de las estructuras met\u00e1licas que forman parte de su h\u00e1bitat. A pesar de los esfuerzos inmediatos del equipo de veterinarios y cuidadores del parque, las heridas sufridas fueron de tal gravedad que la elefanta no pudo superarlas.<\/p>\n<h3>Reacciones y condolencias<\/h3>\n<p>La noticia del fallecimiento de Miri ha generado una ola de tristeza entre los trabajadores del Bioparc y los visitantes que a lo largo de los a\u00f1os hab\u00edan desarrollado un especial cari\u00f1o hacia la elefanta. A trav\u00e9s de las redes sociales y otros medios, muchas personas han expresado sus condolencias y han compartido recuerdos afectuosos de Miri, record\u00e1ndola como un ser gentil y majestuoso.<\/p>\n<h3>Investigaci\u00f3n en curso<\/h3>\n<p>El Bioparc Valencia ha iniciado una investigaci\u00f3n exhaustiva para determinar las circunstancias exactas del accidente y para evaluar posibles medidas que puedan prevenir incidentes similares en el futuro. La seguridad de los animales es una prioridad para el parque, y este tr\u00e1gico evento ha fortalecido el compromiso del equipo en seguir mejorando los protocolos de seguridad y bienestar animal.<\/p>\n<h3>Un adi\u00f3s a Miri<\/h3>\n<p>Miri hab\u00eda sido una parte integral del Bioparc Valencia desde su llegada hace varios a\u00f1os y era conocida por su comportamiento tranquilo y amistoso. Su presencia ser\u00e1 enormemente extra\u00f1ada por todos los que la conocieron y amaron. El parque ha anunciado que se llevar\u00e1n a cabo varios actos conmemorativos en honor a Miri, permitiendo que aquellos que lo deseen puedan despedirse y rendir homenaje a la memoria de la elefanta.<\/p>\n<p>Este triste acontecimiento ha recordado a todos la importancia de mantener y cuidar con el m\u00e1ximo respeto y dedicaci\u00f3n a los animales que viven en cautiverio. El Bioparc Valencia contin\u00faa comprometido con su misi\u00f3n de conservaci\u00f3n y educaci\u00f3n, esperando que el legado de Miri ayude a fomentar un mayor respeto y amor por la vida animal.<\/p>\n\n\n<div class=\"kk-star-ratings kksr-auto kksr-align-left kksr-valign-bottom\"\n    data-payload='{&quot;align&quot;:&quot;left&quot;,&quot;id&quot;:&quot;6954&quot;,&quot;slug&quot;:&quot;default&quot;,&quot;valign&quot;:&quot;bottom&quot;,&quot;ignore&quot;:&quot;&quot;,&quot;reference&quot;:&quot;auto&quot;,&quot;class&quot;:&quot;&quot;,&quot;count&quot;:&quot;0&quot;,&quot;legendonly&quot;:&quot;&quot;,&quot;readonly&quot;:&quot;&quot;,&quot;score&quot;:&quot;0&quot;,&quot;starsonly&quot;:&quot;&quot;,&quot;best&quot;:&quot;5&quot;,&quot;gap&quot;:&quot;5&quot;,&quot;greet&quot;:&quot;Valora este post&quot;,&quot;legend&quot;:&quot;0\\\/5 - (0 votes)&quot;,&quot;size&quot;:&quot;22&quot;,&quot;title&quot;:&quot;Tragedia en Bioparc Valencia: Muere Miri, la elefanta, tras accidente fatal&quot;,&quot;width&quot;:&quot;0&quot;,&quot;_legend&quot;:&quot;{score}\\\/{best} - ({count} {votes})&quot;,&quot;font_factor&quot;:&quot;1.25&quot;}'>\n            \n<div class=\"kksr-stars\">\n    \n<div class=\"kksr-stars-inactive\">\n            <div class=\"kksr-star\" data-star=\"1\" style=\"padding-right: 5px\">\n            \n\n<div class=\"kksr-icon\" style=\"width: 22px; height: 22px;\"><\/div>\n        <\/div>\n            <div class=\"kksr-star\" data-star=\"2\" style=\"padding-right: 5px\">\n            \n\n<div class=\"kksr-icon\" style=\"width: 22px; height: 22px;\"><\/div>\n        <\/div>\n            <div class=\"kksr-star\" data-star=\"3\" style=\"padding-right: 5px\">\n            \n\n<div class=\"kksr-icon\" style=\"width: 22px; height: 22px;\"><\/div>\n        <\/div>\n            <div class=\"kksr-star\" data-star=\"4\" style=\"padding-right: 5px\">\n            \n\n<div class=\"kksr-icon\" style=\"width: 22px; height: 22px;\"><\/div>\n        <\/div>\n            <div class=\"kksr-star\" data-star=\"5\" style=\"padding-right: 5px\">\n            \n\n<div class=\"kksr-icon\" style=\"width: 22px; height: 22px;\"><\/div>\n        <\/div>\n    <\/div>\n    \n<div class=\"kksr-stars-active\" style=\"width: 0px;\">\n            <div class=\"kksr-star\" style=\"padding-right: 5px\">\n            \n\n<div class=\"kksr-icon\" style=\"width: 22px; height: 22px;\"><\/div>\n        <\/div>\n            <div class=\"kksr-star\" style=\"padding-right: 5px\">\n            \n\n<div class=\"kksr-icon\" style=\"width: 22px; height: 22px;\"><\/div>\n        <\/div>\n            <div class=\"kksr-star\" style=\"padding-right: 5px\">\n            \n\n<div class=\"kksr-icon\" style=\"width: 22px; height: 22px;\"><\/div>\n        <\/div>\n            <div class=\"kksr-star\" style=\"padding-right: 5px\">\n            \n\n<div class=\"kksr-icon\" style=\"width: 22px; height: 22px;\"><\/div>\n        <\/div>\n            <div class=\"kksr-star\" style=\"padding-right: 5px\">\n            \n\n<div class=\"kksr-icon\" style=\"width: 22px; height: 22px;\"><\/div>\n        <\/div>\n    <\/div>\n<\/div>\n                \n\n<div class=\"kksr-legend\" style=\"font-size: 17.6px;\">\n            <span class=\"kksr-muted\">Valora este post<\/span>\n    <\/div>\n    <\/div>\n","protected":false},"excerpt":{"rendered":"<p>Triste noticia en el Bioparc Valencia: Fallece Miri, la elefanta, debido a un accidente En un lamentable suceso ocurrido recientemente en el Bioparc Valencia, Miri, una &#8230; <a title=\"Tragedia en Bioparc Valencia: Muere Miri, la elefanta, tras accidente fatal\" class=\"read-more\" href=\"https:\/\/www.diario21.tv\/noticias\/tragedia-en-bioparc-valencia-muere-miri-la-elefanta-tras-accidente-fatal\/\" aria-label=\"Leer m\u00e1s sobre Tragedia en Bioparc Valencia: Muere Miri, la elefanta, tras accidente fatal\">Seguir leyendo &rarr;<\/a><\/p>\n","protected":false},"author":20,"featured_media":6955,"comment_status":"open","ping_status":"open","sticky":false,"template":"","format":"standard","meta":{"footnotes":""},"categories":[13],"tags":[],"class_list":["post-6954","post","type-post","status-publish","format-standard","has-post-thumbnail","hentry","category-portada"],"yoast_head":"<!-- This site is optimized with the Yoast SEO plugin v25.6 - https:\/\/yoast.com\/wordpress\/plugins\/seo\/ -->\n<title>Tragedia en Bioparc Valencia: Muere Miri, la elefanta, tras accidente fatal - Diario 21<\/title>\n<meta name=\"robots\" content=\"index, follow, max-snippet:-1, max-image-preview:large, max-video-preview:-1\" \/>\n<link rel=\"canonical\" href=\"https:\/\/www.diario21.tv\/noticias\/tragedia-en-bioparc-valencia-muere-miri-la-elefanta-tras-accidente-fatal\/\" \/>\n<meta property=\"og:locale\" content=\"es_ES\" \/>\n<meta property=\"og:type\" content=\"article\" \/>\n<meta property=\"og:title\" content=\"Tragedia en Bioparc Valencia: Muere Miri, la elefanta, tras accidente fatal - Diario 21\" \/>\n<meta property=\"og:description\" content=\"Triste noticia en el Bioparc Valencia: Fallece Miri, la elefanta, debido a un accidente En un lamentable suceso ocurrido recientemente en el Bioparc Valencia, Miri, una ... Seguir leyendo &rarr;\" \/>\n<meta property=\"og:url\" content=\"https:\/\/www.diario21.tv\/noticias\/tragedia-en-bioparc-valencia-muere-miri-la-elefanta-tras-accidente-fatal\/\" \/>\n<meta property=\"og:site_name\" content=\"Diario 21\" \/>\n<meta property=\"article:published_time\" content=\"2026-04-20T23:40:42+00:00\" \/>\n<meta property=\"article:modified_time\" content=\"2026-04-20T23:40:44+00:00\" \/>\n<meta property=\"og:image\" content=\"https:\/\/www.diario21.tv\/noticias\/wp-content\/uploads\/2026\/04\/Tragedia-en-Bioparc-Valencia-Muere-Miri-la-elefanta-tras-accidente.jpg\" \/>\n\t<meta property=\"og:image:width\" content=\"1200\" \/>\n\t<meta property=\"og:image:height\" content=\"840\" \/>\n\t<meta property=\"og:image:type\" content=\"image\/jpeg\" \/>\n<meta name=\"author\" content=\"Juan P\u00e9rez\" \/>\n<meta name=\"twitter:card\" content=\"summary_large_image\" \/>\n<meta name=\"twitter:label1\" content=\"Escrito por\" \/>\n\t<meta name=\"twitter:data1\" content=\"Juan P\u00e9rez\" \/>\n\t<meta name=\"twitter:label2\" content=\"Tiempo de lectura\" \/>\n\t<meta name=\"twitter:data2\" content=\"2 minutos\" \/>\n<script type=\"application\/ld+json\" class=\"yoast-schema-graph\">{\"@context\":\"https:\/\/schema.org\",\"@graph\":[{\"@type\":\"WebPage\",\"@id\":\"https:\/\/www.diario21.tv\/noticias\/tragedia-en-bioparc-valencia-muere-miri-la-elefanta-tras-accidente-fatal\/\",\"url\":\"https:\/\/www.diario21.tv\/noticias\/tragedia-en-bioparc-valencia-muere-miri-la-elefanta-tras-accidente-fatal\/\",\"name\":\"Tragedia en Bioparc Valencia: Muere Miri, la elefanta, tras accidente fatal - Diario 21\",\"isPartOf\":{\"@id\":\"https:\/\/www.diario21.tv\/noticias\/#website\"},\"primaryImageOfPage\":{\"@id\":\"https:\/\/www.diario21.tv\/noticias\/tragedia-en-bioparc-valencia-muere-miri-la-elefanta-tras-accidente-fatal\/#primaryimage\"},\"image\":{\"@id\":\"https:\/\/www.diario21.tv\/noticias\/tragedia-en-bioparc-valencia-muere-miri-la-elefanta-tras-accidente-fatal\/#primaryimage\"},\"thumbnailUrl\":\"https:\/\/www.diario21.tv\/noticias\/wp-content\/uploads\/2026\/04\/Tragedia-en-Bioparc-Valencia-Muere-Miri-la-elefanta-tras-accidente.jpg\",\"datePublished\":\"2026-04-20T23:40:42+00:00\",\"dateModified\":\"2026-04-20T23:40:44+00:00\",\"author\":{\"@id\":\"https:\/\/www.diario21.tv\/noticias\/#\/schema\/person\/dfb778f73814d8f09f302618446a526b\"},\"breadcrumb\":{\"@id\":\"https:\/\/www.diario21.tv\/noticias\/tragedia-en-bioparc-valencia-muere-miri-la-elefanta-tras-accidente-fatal\/#breadcrumb\"},\"inLanguage\":\"es-AR\",\"potentialAction\":[{\"@type\":\"ReadAction\",\"target\":[\"https:\/\/www.diario21.tv\/noticias\/tragedia-en-bioparc-valencia-muere-miri-la-elefanta-tras-accidente-fatal\/\"]}]},{\"@type\":\"ImageObject\",\"inLanguage\":\"es-AR\",\"@id\":\"https:\/\/www.diario21.tv\/noticias\/tragedia-en-bioparc-valencia-muere-miri-la-elefanta-tras-accidente-fatal\/#primaryimage\",\"url\":\"https:\/\/www.diario21.tv\/noticias\/wp-content\/uploads\/2026\/04\/Tragedia-en-Bioparc-Valencia-Muere-Miri-la-elefanta-tras-accidente.jpg\",\"contentUrl\":\"https:\/\/www.diario21.tv\/noticias\/wp-content\/uploads\/2026\/04\/Tragedia-en-Bioparc-Valencia-Muere-Miri-la-elefanta-tras-accidente.jpg\",\"width\":1200,\"height\":840,\"caption\":\"Muere Miri, una de las elefantas del Bioparc Valencia, tras un tr\u00e1gico accidente en el parque\"},{\"@type\":\"BreadcrumbList\",\"@id\":\"https:\/\/www.diario21.tv\/noticias\/tragedia-en-bioparc-valencia-muere-miri-la-elefanta-tras-accidente-fatal\/#breadcrumb\",\"itemListElement\":[{\"@type\":\"ListItem\",\"position\":1,\"name\":\"Accueil\",\"item\":\"https:\/\/www.diario21.tv\/noticias\/\"},{\"@type\":\"ListItem\",\"position\":2,\"name\":\"Tragedia en Bioparc Valencia: Muere Miri, la elefanta, tras accidente fatal\"}]},{\"@type\":\"WebSite\",\"@id\":\"https:\/\/www.diario21.tv\/noticias\/#website\",\"url\":\"https:\/\/www.diario21.tv\/noticias\/\",\"name\":\"Diario 21\",\"description\":\"\",\"potentialAction\":[{\"@type\":\"SearchAction\",\"target\":{\"@type\":\"EntryPoint\",\"urlTemplate\":\"https:\/\/www.diario21.tv\/noticias\/?s={search_term_string}\"},\"query-input\":{\"@type\":\"PropertyValueSpecification\",\"valueRequired\":true,\"valueName\":\"search_term_string\"}}],\"inLanguage\":\"es-AR\"},{\"@type\":\"Person\",\"@id\":\"https:\/\/www.diario21.tv\/noticias\/#\/schema\/person\/dfb778f73814d8f09f302618446a526b\",\"name\":\"Juan P\u00e9rez\",\"image\":{\"@type\":\"ImageObject\",\"inLanguage\":\"es-AR\",\"@id\":\"https:\/\/www.diario21.tv\/noticias\/#\/schema\/person\/image\/\",\"url\":\"https:\/\/secure.gravatar.com\/avatar\/c478a405bd10621167f4c3167cc770f5?s=96&d=mm&r=g\",\"contentUrl\":\"https:\/\/secure.gravatar.com\/avatar\/c478a405bd10621167f4c3167cc770f5?s=96&d=mm&r=g\",\"caption\":\"Juan P\u00e9rez\"},\"description\":\"Juan P\u00e9rez es el redactor en jefe de Diario 21. Con m\u00e1s de 10 a\u00f1os de experiencia en el periodismo, se especializa en pol\u00edtica nacional y an\u00e1lisis socioecon\u00f3mico. Su enfoque cr\u00edtico y riguroso aporta una perspectiva \u00fanica a cada art\u00edculo.\",\"sameAs\":[\"https:\/\/www.diario21.tv\/noticias\/\"],\"url\":\"https:\/\/www.diario21.tv\/noticias\/author\/juan-perez\/\"}]}<\/script>\n<!-- \/ Yoast SEO plugin. -->","yoast_head_json":{"title":"Tragedia en Bioparc Valencia: Muere Miri, la elefanta, tras accidente fatal - Diario 21","robots":{"index":"index","follow":"follow","max-snippet":"max-snippet:-1","max-image-preview":"max-image-preview:large","max-video-preview":"max-video-preview:-1"},"canonical":"https:\/\/www.diario21.tv\/noticias\/tragedia-en-bioparc-valencia-muere-miri-la-elefanta-tras-accidente-fatal\/","og_locale":"es_ES","og_type":"article","og_title":"Tragedia en Bioparc Valencia: Muere Miri, la elefanta, tras accidente fatal - Diario 21","og_description":"Triste noticia en el Bioparc Valencia: Fallece Miri, la elefanta, debido a un accidente En un lamentable suceso ocurrido recientemente en el Bioparc Valencia, Miri, una ... Seguir leyendo &rarr;","og_url":"https:\/\/www.diario21.tv\/noticias\/tragedia-en-bioparc-valencia-muere-miri-la-elefanta-tras-accidente-fatal\/","og_site_name":"Diario 21","article_published_time":"2026-04-20T23:40:42+00:00","article_modified_time":"2026-04-20T23:40:44+00:00","og_image":[{"width":1200,"height":840,"url":"https:\/\/www.diario21.tv\/noticias\/wp-content\/uploads\/2026\/04\/Tragedia-en-Bioparc-Valencia-Muere-Miri-la-elefanta-tras-accidente.jpg","type":"image\/jpeg"}],"author":"Juan P\u00e9rez","twitter_card":"summary_large_image","twitter_misc":{"Escrito por":"Juan P\u00e9rez","Tiempo de lectura":"2 minutos"},"schema":{"@context":"https:\/\/schema.org","@graph":[{"@type":"WebPage","@id":"https:\/\/www.diario21.tv\/noticias\/tragedia-en-bioparc-valencia-muere-miri-la-elefanta-tras-accidente-fatal\/","url":"https:\/\/www.diario21.tv\/noticias\/tragedia-en-bioparc-valencia-muere-miri-la-elefanta-tras-accidente-fatal\/","name":"Tragedia en Bioparc Valencia: Muere Miri, la elefanta, tras accidente fatal - Diario 21","isPartOf":{"@id":"https:\/\/www.diario21.tv\/noticias\/#website"},"primaryImageOfPage":{"@id":"https:\/\/www.diario21.tv\/noticias\/tragedia-en-bioparc-valencia-muere-miri-la-elefanta-tras-accidente-fatal\/#primaryimage"},"image":{"@id":"https:\/\/www.diario21.tv\/noticias\/tragedia-en-bioparc-valencia-muere-miri-la-elefanta-tras-accidente-fatal\/#primaryimage"},"thumbnailUrl":"https:\/\/www.diario21.tv\/noticias\/wp-content\/uploads\/2026\/04\/Tragedia-en-Bioparc-Valencia-Muere-Miri-la-elefanta-tras-accidente.jpg","datePublished":"2026-04-20T23:40:42+00:00","dateModified":"2026-04-20T23:40:44+00:00","author":{"@id":"https:\/\/www.diario21.tv\/noticias\/#\/schema\/person\/dfb778f73814d8f09f302618446a526b"},"breadcrumb":{"@id":"https:\/\/www.diario21.tv\/noticias\/tragedia-en-bioparc-valencia-muere-miri-la-elefanta-tras-accidente-fatal\/#breadcrumb"},"inLanguage":"es-AR","potentialAction":[{"@type":"ReadAction","target":["https:\/\/www.diario21.tv\/noticias\/tragedia-en-bioparc-valencia-muere-miri-la-elefanta-tras-accidente-fatal\/"]}]},{"@type":"ImageObject","inLanguage":"es-AR","@id":"https:\/\/www.diario21.tv\/noticias\/tragedia-en-bioparc-valencia-muere-miri-la-elefanta-tras-accidente-fatal\/#primaryimage","url":"https:\/\/www.diario21.tv\/noticias\/wp-content\/uploads\/2026\/04\/Tragedia-en-Bioparc-Valencia-Muere-Miri-la-elefanta-tras-accidente.jpg","contentUrl":"https:\/\/www.diario21.tv\/noticias\/wp-content\/uploads\/2026\/04\/Tragedia-en-Bioparc-Valencia-Muere-Miri-la-elefanta-tras-accidente.jpg","width":1200,"height":840,"caption":"Muere Miri, una de las elefantas del Bioparc Valencia, tras un tr\u00e1gico accidente en el parque"},{"@type":"BreadcrumbList","@id":"https:\/\/www.diario21.tv\/noticias\/tragedia-en-bioparc-valencia-muere-miri-la-elefanta-tras-accidente-fatal\/#breadcrumb","itemListElement":[{"@type":"ListItem","position":1,"name":"Accueil","item":"https:\/\/www.diario21.tv\/noticias\/"},{"@type":"ListItem","position":2,"name":"Tragedia en Bioparc Valencia: Muere Miri, la elefanta, tras accidente fatal"}]},{"@type":"WebSite","@id":"https:\/\/www.diario21.tv\/noticias\/#website","url":"https:\/\/www.diario21.tv\/noticias\/","name":"Diario 21","description":"","potentialAction":[{"@type":"SearchAction","target":{"@type":"EntryPoint","urlTemplate":"https:\/\/www.diario21.tv\/noticias\/?s={search_term_string}"},"query-input":{"@type":"PropertyValueSpecification","valueRequired":true,"valueName":"search_term_string"}}],"inLanguage":"es-AR"},{"@type":"Person","@id":"https:\/\/www.diario21.tv\/noticias\/#\/schema\/person\/dfb778f73814d8f09f302618446a526b","name":"Juan P\u00e9rez","image":{"@type":"ImageObject","inLanguage":"es-AR","@id":"https:\/\/www.diario21.tv\/noticias\/#\/schema\/person\/image\/","url":"https:\/\/secure.gravatar.com\/avatar\/c478a405bd10621167f4c3167cc770f5?s=96&d=mm&r=g","contentUrl":"https:\/\/secure.gravatar.com\/avatar\/c478a405bd10621167f4c3167cc770f5?s=96&d=mm&r=g","caption":"Juan P\u00e9rez"},"description":"Juan P\u00e9rez es el redactor en jefe de Diario 21. Con m\u00e1s de 10 a\u00f1os de experiencia en el periodismo, se especializa en pol\u00edtica nacional y an\u00e1lisis socioecon\u00f3mico. Su enfoque cr\u00edtico y riguroso aporta una perspectiva \u00fanica a cada art\u00edculo.","sameAs":["https:\/\/www.diario21.tv\/noticias\/"],"url":"https:\/\/www.diario21.tv\/noticias\/author\/juan-perez\/"}]}},"_links":{"self":[{"href":"https:\/\/www.diario21.tv\/noticias\/wp-json\/wp\/v2\/posts\/6954"}],"collection":[{"href":"https:\/\/www.diario21.tv\/noticias\/wp-json\/wp\/v2\/posts"}],"about":[{"href":"https:\/\/www.diario21.tv\/noticias\/wp-json\/wp\/v2\/types\/post"}],"author":[{"embeddable":true,"href":"https:\/\/www.diario21.tv\/noticias\/wp-json\/wp\/v2\/users\/20"}],"replies":[{"embeddable":true,"href":"https:\/\/www.diario21.tv\/noticias\/wp-json\/wp\/v2\/comments?post=6954"}],"version-history":[{"count":1,"href":"https:\/\/www.diario21.tv\/noticias\/wp-json\/wp\/v2\/posts\/6954\/revisions"}],"predecessor-version":[{"id":6956,"href":"https:\/\/www.diario21.tv\/noticias\/wp-json\/wp\/v2\/posts\/6954\/revisions\/6956"}],"wp:featuredmedia":[{"embeddable":true,"href":"https:\/\/www.diario21.tv\/noticias\/wp-json\/wp\/v2\/media\/6955"}],"wp:attachment":[{"href":"https:\/\/www.diario21.tv\/noticias\/wp-json\/wp\/v2\/media?parent=6954"}],"wp:term":[{"taxonomy":"category","embeddable":true,"href":"https:\/\/www.diario21.tv\/noticias\/wp-json\/wp\/v2\/categories?post=6954"},{"taxonomy":"post_tag","embeddable":true,"href":"https:\/\/www.diario21.tv\/noticias\/wp-json\/wp\/v2\/tags?post=6954"}],"curies":[{"name":"wp","href":"https:\/\/api.w.org\/{rel}","templated":true}]}}