{"id":6945,"date":"2026-04-20T05:37:31","date_gmt":"2026-04-20T05:37:31","guid":{"rendered":"https:\/\/www.diario21.tv\/noticias\/capturado-en-valladolid-usaba-camaras-infrarrojas-para-espiar-a-mujeres-en-privado\/"},"modified":"2026-04-20T05:37:32","modified_gmt":"2026-04-20T05:37:32","slug":"capturado-en-valladolid-usaba-camaras-infrarrojas-para-espiar-a-mujeres-en-privado","status":"publish","type":"post","link":"https:\/\/www.diario21.tv\/noticias\/capturado-en-valladolid-usaba-camaras-infrarrojas-para-espiar-a-mujeres-en-privado\/","title":{"rendered":"\u00a1Capturado en Valladolid! Usaba c\u00e1maras infrarrojas para espiar a mujeres en privado"},"content":{"rendered":"<h2>Arresto en Valladolid por la Instalaci\u00f3n de C\u00e1maras Ocultas para Filmar a Mujeres<\/h2>\n<p>En un reciente incidente en Valladolid, un hombre ha sido arrestado por las autoridades tras descubrirse que hab\u00eda instalado c\u00e1maras ocultas con tecnolog\u00eda de infrarrojos en varios espacios privados con el fin de grabar a mujeres sin su consentimiento. Este acto ha provocado una gran alarma social y ha puesto en alerta sobre la seguridad en lugares destinados a la intimidad personal.<\/p>\n<h3>Descubrimiento de las C\u00e1maras Ocultas<\/h3>\n<p>La investigaci\u00f3n comenz\u00f3 cuando varias mujeres reportaron sentirse vigiladas en espacios como ba\u00f1os y vestuarios. Tras las denuncias, se inici\u00f3 una operaci\u00f3n policial que llev\u00f3 al descubrimiento de dispositivos de grabaci\u00f3n escondidos estrat\u00e9gicamente para captar im\u00e1genes sin ser detectados. Estas c\u00e1maras, equipadas con tecnolog\u00eda infrarroja, permit\u00edan al detenido obtener im\u00e1genes claras incluso en condiciones de baja iluminaci\u00f3n.<\/p>\n<h3>Detenci\u00f3n y Consecuencias Legales<\/h3>\n<p>El sospechoso, cuya identidad no ha sido revelada para proteger la integridad de la investigaci\u00f3n, fue detenido por la polic\u00eda local. Se le acusa de violar la intimidad de las v\u00edctimas y se enfrenta a serias acusaciones que podr\u00edan resultar en una condena significativa. Las autoridades han asegurado que este caso es tratado con la m\u00e1xima seriedad y han llamado a cualquier otra posible v\u00edctima a presentar denuncias.<\/p>\n<h3>Reacciones y Medidas de Seguridad<\/h3>\n<p>Este evento ha suscitado una ola de preocupaci\u00f3n entre la ciudadan\u00eda y ha impulsado debates sobre la necesidad de mejorar las medidas de seguridad en espacios p\u00fablicos y privados. Expertos en seguridad han recomendado la instalaci\u00f3n de sistemas de detecci\u00f3n m\u00e1s sofisticados que puedan alertar sobre la presencia de dispositivos no autorizados. Adem\u00e1s, han destacado la importancia de la concienciaci\u00f3n y la educaci\u00f3n en cuanto a la privacidad y la seguridad personal.<\/p>\n<h3>Conclusi\u00f3n<\/h3>\n<p>El incidente de Valladolid subraya la vulnerabilidad de los espacios privados a invasiones tecnol\u00f3gicas y la importancia de mantener una vigilancia constante para proteger la intimidad de las personas. Las autoridades contin\u00faan trabajando para garantizar que los responsables de tales actos sean llevados ante la justicia y para fortalecer las leyes que protegen contra este tipo de violaciones a la privacidad.<\/p>\n\n\n<div class=\"kk-star-ratings kksr-auto kksr-align-left kksr-valign-bottom\"\n    data-payload='{&quot;align&quot;:&quot;left&quot;,&quot;id&quot;:&quot;6945&quot;,&quot;slug&quot;:&quot;default&quot;,&quot;valign&quot;:&quot;bottom&quot;,&quot;ignore&quot;:&quot;&quot;,&quot;reference&quot;:&quot;auto&quot;,&quot;class&quot;:&quot;&quot;,&quot;count&quot;:&quot;0&quot;,&quot;legendonly&quot;:&quot;&quot;,&quot;readonly&quot;:&quot;&quot;,&quot;score&quot;:&quot;0&quot;,&quot;starsonly&quot;:&quot;&quot;,&quot;best&quot;:&quot;5&quot;,&quot;gap&quot;:&quot;5&quot;,&quot;greet&quot;:&quot;Valora este post&quot;,&quot;legend&quot;:&quot;0\\\/5 - (0 votes)&quot;,&quot;size&quot;:&quot;22&quot;,&quot;title&quot;:&quot;\u00a1Capturado en Valladolid! Usaba c\u00e1maras infrarrojas para espiar a mujeres en privado&quot;,&quot;width&quot;:&quot;0&quot;,&quot;_legend&quot;:&quot;{score}\\\/{best} - ({count} {votes})&quot;,&quot;font_factor&quot;:&quot;1.25&quot;}'>\n            \n<div class=\"kksr-stars\">\n    \n<div class=\"kksr-stars-inactive\">\n            <div class=\"kksr-star\" data-star=\"1\" style=\"padding-right: 5px\">\n            \n\n<div class=\"kksr-icon\" style=\"width: 22px; height: 22px;\"><\/div>\n        <\/div>\n            <div class=\"kksr-star\" data-star=\"2\" style=\"padding-right: 5px\">\n            \n\n<div class=\"kksr-icon\" style=\"width: 22px; height: 22px;\"><\/div>\n        <\/div>\n            <div class=\"kksr-star\" data-star=\"3\" style=\"padding-right: 5px\">\n            \n\n<div class=\"kksr-icon\" style=\"width: 22px; height: 22px;\"><\/div>\n        <\/div>\n            <div class=\"kksr-star\" data-star=\"4\" style=\"padding-right: 5px\">\n            \n\n<div class=\"kksr-icon\" style=\"width: 22px; height: 22px;\"><\/div>\n        <\/div>\n            <div class=\"kksr-star\" data-star=\"5\" style=\"padding-right: 5px\">\n            \n\n<div class=\"kksr-icon\" style=\"width: 22px; height: 22px;\"><\/div>\n        <\/div>\n    <\/div>\n    \n<div class=\"kksr-stars-active\" style=\"width: 0px;\">\n            <div class=\"kksr-star\" style=\"padding-right: 5px\">\n            \n\n<div class=\"kksr-icon\" style=\"width: 22px; height: 22px;\"><\/div>\n        <\/div>\n            <div class=\"kksr-star\" style=\"padding-right: 5px\">\n            \n\n<div class=\"kksr-icon\" style=\"width: 22px; height: 22px;\"><\/div>\n        <\/div>\n            <div class=\"kksr-star\" style=\"padding-right: 5px\">\n            \n\n<div class=\"kksr-icon\" style=\"width: 22px; height: 22px;\"><\/div>\n        <\/div>\n            <div class=\"kksr-star\" style=\"padding-right: 5px\">\n            \n\n<div class=\"kksr-icon\" style=\"width: 22px; height: 22px;\"><\/div>\n        <\/div>\n            <div class=\"kksr-star\" style=\"padding-right: 5px\">\n            \n\n<div class=\"kksr-icon\" style=\"width: 22px; height: 22px;\"><\/div>\n        <\/div>\n    <\/div>\n<\/div>\n                \n\n<div class=\"kksr-legend\" style=\"font-size: 17.6px;\">\n            <span class=\"kksr-muted\">Valora este post<\/span>\n    <\/div>\n    <\/div>\n","protected":false},"excerpt":{"rendered":"<p>Arresto en Valladolid por la Instalaci\u00f3n de C\u00e1maras Ocultas para Filmar a Mujeres En un reciente incidente en Valladolid, un hombre ha sido arrestado por las &#8230; <a title=\"\u00a1Capturado en Valladolid! Usaba c\u00e1maras infrarrojas para espiar a mujeres en privado\" class=\"read-more\" href=\"https:\/\/www.diario21.tv\/noticias\/capturado-en-valladolid-usaba-camaras-infrarrojas-para-espiar-a-mujeres-en-privado\/\" aria-label=\"Leer m\u00e1s sobre \u00a1Capturado en Valladolid! Usaba c\u00e1maras infrarrojas para espiar a mujeres en privado\">Seguir leyendo &rarr;<\/a><\/p>\n","protected":false},"author":20,"featured_media":6946,"comment_status":"open","ping_status":"open","sticky":false,"template":"","format":"standard","meta":{"footnotes":""},"categories":[13],"tags":[],"class_list":["post-6945","post","type-post","status-publish","format-standard","has-post-thumbnail","hentry","category-portada"],"yoast_head":"<!-- This site is optimized with the Yoast SEO plugin v25.6 - https:\/\/yoast.com\/wordpress\/plugins\/seo\/ -->\n<title>\u00a1Capturado en Valladolid! Usaba c\u00e1maras infrarrojas para espiar a mujeres en privado - Diario 21<\/title>\n<meta name=\"robots\" content=\"index, follow, max-snippet:-1, max-image-preview:large, max-video-preview:-1\" \/>\n<link rel=\"canonical\" href=\"https:\/\/www.diario21.tv\/noticias\/capturado-en-valladolid-usaba-camaras-infrarrojas-para-espiar-a-mujeres-en-privado\/\" \/>\n<meta property=\"og:locale\" content=\"es_ES\" \/>\n<meta property=\"og:type\" content=\"article\" \/>\n<meta property=\"og:title\" content=\"\u00a1Capturado en Valladolid! Usaba c\u00e1maras infrarrojas para espiar a mujeres en privado - Diario 21\" \/>\n<meta property=\"og:description\" content=\"Arresto en Valladolid por la Instalaci\u00f3n de C\u00e1maras Ocultas para Filmar a Mujeres En un reciente incidente en Valladolid, un hombre ha sido arrestado por las ... Seguir leyendo &rarr;\" \/>\n<meta property=\"og:url\" content=\"https:\/\/www.diario21.tv\/noticias\/capturado-en-valladolid-usaba-camaras-infrarrojas-para-espiar-a-mujeres-en-privado\/\" \/>\n<meta property=\"og:site_name\" content=\"Diario 21\" \/>\n<meta property=\"article:published_time\" content=\"2026-04-20T05:37:31+00:00\" \/>\n<meta property=\"article:modified_time\" content=\"2026-04-20T05:37:32+00:00\" \/>\n<meta property=\"og:image\" content=\"https:\/\/www.diario21.tv\/noticias\/wp-content\/uploads\/2026\/04\/\u00a1Capturado-en-Valladolid-Usaba-camaras-infrarrojas-para-espiar-a-mujeres.jpg\" \/>\n\t<meta property=\"og:image:width\" content=\"1200\" \/>\n\t<meta property=\"og:image:height\" content=\"840\" \/>\n\t<meta property=\"og:image:type\" content=\"image\/jpeg\" \/>\n<meta name=\"author\" content=\"Juan P\u00e9rez\" \/>\n<meta name=\"twitter:card\" content=\"summary_large_image\" \/>\n<meta name=\"twitter:label1\" content=\"Escrito por\" \/>\n\t<meta name=\"twitter:data1\" content=\"Juan P\u00e9rez\" \/>\n\t<meta name=\"twitter:label2\" content=\"Tiempo de lectura\" \/>\n\t<meta name=\"twitter:data2\" content=\"2 minutos\" \/>\n<script type=\"application\/ld+json\" class=\"yoast-schema-graph\">{\"@context\":\"https:\/\/schema.org\",\"@graph\":[{\"@type\":\"WebPage\",\"@id\":\"https:\/\/www.diario21.tv\/noticias\/capturado-en-valladolid-usaba-camaras-infrarrojas-para-espiar-a-mujeres-en-privado\/\",\"url\":\"https:\/\/www.diario21.tv\/noticias\/capturado-en-valladolid-usaba-camaras-infrarrojas-para-espiar-a-mujeres-en-privado\/\",\"name\":\"\u00a1Capturado en Valladolid! Usaba c\u00e1maras infrarrojas para espiar a mujeres en privado - Diario 21\",\"isPartOf\":{\"@id\":\"https:\/\/www.diario21.tv\/noticias\/#website\"},\"primaryImageOfPage\":{\"@id\":\"https:\/\/www.diario21.tv\/noticias\/capturado-en-valladolid-usaba-camaras-infrarrojas-para-espiar-a-mujeres-en-privado\/#primaryimage\"},\"image\":{\"@id\":\"https:\/\/www.diario21.tv\/noticias\/capturado-en-valladolid-usaba-camaras-infrarrojas-para-espiar-a-mujeres-en-privado\/#primaryimage\"},\"thumbnailUrl\":\"https:\/\/www.diario21.tv\/noticias\/wp-content\/uploads\/2026\/04\/\u00a1Capturado-en-Valladolid-Usaba-camaras-infrarrojas-para-espiar-a-mujeres.jpg\",\"datePublished\":\"2026-04-20T05:37:31+00:00\",\"dateModified\":\"2026-04-20T05:37:32+00:00\",\"author\":{\"@id\":\"https:\/\/www.diario21.tv\/noticias\/#\/schema\/person\/dfb778f73814d8f09f302618446a526b\"},\"breadcrumb\":{\"@id\":\"https:\/\/www.diario21.tv\/noticias\/capturado-en-valladolid-usaba-camaras-infrarrojas-para-espiar-a-mujeres-en-privado\/#breadcrumb\"},\"inLanguage\":\"es-AR\",\"potentialAction\":[{\"@type\":\"ReadAction\",\"target\":[\"https:\/\/www.diario21.tv\/noticias\/capturado-en-valladolid-usaba-camaras-infrarrojas-para-espiar-a-mujeres-en-privado\/\"]}]},{\"@type\":\"ImageObject\",\"inLanguage\":\"es-AR\",\"@id\":\"https:\/\/www.diario21.tv\/noticias\/capturado-en-valladolid-usaba-camaras-infrarrojas-para-espiar-a-mujeres-en-privado\/#primaryimage\",\"url\":\"https:\/\/www.diario21.tv\/noticias\/wp-content\/uploads\/2026\/04\/\u00a1Capturado-en-Valladolid-Usaba-camaras-infrarrojas-para-espiar-a-mujeres.jpg\",\"contentUrl\":\"https:\/\/www.diario21.tv\/noticias\/wp-content\/uploads\/2026\/04\/\u00a1Capturado-en-Valladolid-Usaba-camaras-infrarrojas-para-espiar-a-mujeres.jpg\",\"width\":1200,\"height\":840,\"caption\":\"Detenido por grabar a mujeres con c\u00e1maras ocultas de infrarrojos en espacios de intimidad en Valladolid\"},{\"@type\":\"BreadcrumbList\",\"@id\":\"https:\/\/www.diario21.tv\/noticias\/capturado-en-valladolid-usaba-camaras-infrarrojas-para-espiar-a-mujeres-en-privado\/#breadcrumb\",\"itemListElement\":[{\"@type\":\"ListItem\",\"position\":1,\"name\":\"Accueil\",\"item\":\"https:\/\/www.diario21.tv\/noticias\/\"},{\"@type\":\"ListItem\",\"position\":2,\"name\":\"\u00a1Capturado en Valladolid! Usaba c\u00e1maras infrarrojas para espiar a mujeres en privado\"}]},{\"@type\":\"WebSite\",\"@id\":\"https:\/\/www.diario21.tv\/noticias\/#website\",\"url\":\"https:\/\/www.diario21.tv\/noticias\/\",\"name\":\"Diario 21\",\"description\":\"\",\"potentialAction\":[{\"@type\":\"SearchAction\",\"target\":{\"@type\":\"EntryPoint\",\"urlTemplate\":\"https:\/\/www.diario21.tv\/noticias\/?s={search_term_string}\"},\"query-input\":{\"@type\":\"PropertyValueSpecification\",\"valueRequired\":true,\"valueName\":\"search_term_string\"}}],\"inLanguage\":\"es-AR\"},{\"@type\":\"Person\",\"@id\":\"https:\/\/www.diario21.tv\/noticias\/#\/schema\/person\/dfb778f73814d8f09f302618446a526b\",\"name\":\"Juan P\u00e9rez\",\"image\":{\"@type\":\"ImageObject\",\"inLanguage\":\"es-AR\",\"@id\":\"https:\/\/www.diario21.tv\/noticias\/#\/schema\/person\/image\/\",\"url\":\"https:\/\/secure.gravatar.com\/avatar\/c478a405bd10621167f4c3167cc770f5?s=96&d=mm&r=g\",\"contentUrl\":\"https:\/\/secure.gravatar.com\/avatar\/c478a405bd10621167f4c3167cc770f5?s=96&d=mm&r=g\",\"caption\":\"Juan P\u00e9rez\"},\"description\":\"Juan P\u00e9rez es el redactor en jefe de Diario 21. Con m\u00e1s de 10 a\u00f1os de experiencia en el periodismo, se especializa en pol\u00edtica nacional y an\u00e1lisis socioecon\u00f3mico. Su enfoque cr\u00edtico y riguroso aporta una perspectiva \u00fanica a cada art\u00edculo.\",\"sameAs\":[\"https:\/\/www.diario21.tv\/noticias\/\"],\"url\":\"https:\/\/www.diario21.tv\/noticias\/author\/juan-perez\/\"}]}<\/script>\n<!-- \/ Yoast SEO plugin. -->","yoast_head_json":{"title":"\u00a1Capturado en Valladolid! Usaba c\u00e1maras infrarrojas para espiar a mujeres en privado - Diario 21","robots":{"index":"index","follow":"follow","max-snippet":"max-snippet:-1","max-image-preview":"max-image-preview:large","max-video-preview":"max-video-preview:-1"},"canonical":"https:\/\/www.diario21.tv\/noticias\/capturado-en-valladolid-usaba-camaras-infrarrojas-para-espiar-a-mujeres-en-privado\/","og_locale":"es_ES","og_type":"article","og_title":"\u00a1Capturado en Valladolid! Usaba c\u00e1maras infrarrojas para espiar a mujeres en privado - Diario 21","og_description":"Arresto en Valladolid por la Instalaci\u00f3n de C\u00e1maras Ocultas para Filmar a Mujeres En un reciente incidente en Valladolid, un hombre ha sido arrestado por las ... Seguir leyendo &rarr;","og_url":"https:\/\/www.diario21.tv\/noticias\/capturado-en-valladolid-usaba-camaras-infrarrojas-para-espiar-a-mujeres-en-privado\/","og_site_name":"Diario 21","article_published_time":"2026-04-20T05:37:31+00:00","article_modified_time":"2026-04-20T05:37:32+00:00","og_image":[{"width":1200,"height":840,"url":"https:\/\/www.diario21.tv\/noticias\/wp-content\/uploads\/2026\/04\/\u00a1Capturado-en-Valladolid-Usaba-camaras-infrarrojas-para-espiar-a-mujeres.jpg","type":"image\/jpeg"}],"author":"Juan P\u00e9rez","twitter_card":"summary_large_image","twitter_misc":{"Escrito por":"Juan P\u00e9rez","Tiempo de lectura":"2 minutos"},"schema":{"@context":"https:\/\/schema.org","@graph":[{"@type":"WebPage","@id":"https:\/\/www.diario21.tv\/noticias\/capturado-en-valladolid-usaba-camaras-infrarrojas-para-espiar-a-mujeres-en-privado\/","url":"https:\/\/www.diario21.tv\/noticias\/capturado-en-valladolid-usaba-camaras-infrarrojas-para-espiar-a-mujeres-en-privado\/","name":"\u00a1Capturado en Valladolid! Usaba c\u00e1maras infrarrojas para espiar a mujeres en privado - Diario 21","isPartOf":{"@id":"https:\/\/www.diario21.tv\/noticias\/#website"},"primaryImageOfPage":{"@id":"https:\/\/www.diario21.tv\/noticias\/capturado-en-valladolid-usaba-camaras-infrarrojas-para-espiar-a-mujeres-en-privado\/#primaryimage"},"image":{"@id":"https:\/\/www.diario21.tv\/noticias\/capturado-en-valladolid-usaba-camaras-infrarrojas-para-espiar-a-mujeres-en-privado\/#primaryimage"},"thumbnailUrl":"https:\/\/www.diario21.tv\/noticias\/wp-content\/uploads\/2026\/04\/\u00a1Capturado-en-Valladolid-Usaba-camaras-infrarrojas-para-espiar-a-mujeres.jpg","datePublished":"2026-04-20T05:37:31+00:00","dateModified":"2026-04-20T05:37:32+00:00","author":{"@id":"https:\/\/www.diario21.tv\/noticias\/#\/schema\/person\/dfb778f73814d8f09f302618446a526b"},"breadcrumb":{"@id":"https:\/\/www.diario21.tv\/noticias\/capturado-en-valladolid-usaba-camaras-infrarrojas-para-espiar-a-mujeres-en-privado\/#breadcrumb"},"inLanguage":"es-AR","potentialAction":[{"@type":"ReadAction","target":["https:\/\/www.diario21.tv\/noticias\/capturado-en-valladolid-usaba-camaras-infrarrojas-para-espiar-a-mujeres-en-privado\/"]}]},{"@type":"ImageObject","inLanguage":"es-AR","@id":"https:\/\/www.diario21.tv\/noticias\/capturado-en-valladolid-usaba-camaras-infrarrojas-para-espiar-a-mujeres-en-privado\/#primaryimage","url":"https:\/\/www.diario21.tv\/noticias\/wp-content\/uploads\/2026\/04\/\u00a1Capturado-en-Valladolid-Usaba-camaras-infrarrojas-para-espiar-a-mujeres.jpg","contentUrl":"https:\/\/www.diario21.tv\/noticias\/wp-content\/uploads\/2026\/04\/\u00a1Capturado-en-Valladolid-Usaba-camaras-infrarrojas-para-espiar-a-mujeres.jpg","width":1200,"height":840,"caption":"Detenido por grabar a mujeres con c\u00e1maras ocultas de infrarrojos en espacios de intimidad en Valladolid"},{"@type":"BreadcrumbList","@id":"https:\/\/www.diario21.tv\/noticias\/capturado-en-valladolid-usaba-camaras-infrarrojas-para-espiar-a-mujeres-en-privado\/#breadcrumb","itemListElement":[{"@type":"ListItem","position":1,"name":"Accueil","item":"https:\/\/www.diario21.tv\/noticias\/"},{"@type":"ListItem","position":2,"name":"\u00a1Capturado en Valladolid! Usaba c\u00e1maras infrarrojas para espiar a mujeres en privado"}]},{"@type":"WebSite","@id":"https:\/\/www.diario21.tv\/noticias\/#website","url":"https:\/\/www.diario21.tv\/noticias\/","name":"Diario 21","description":"","potentialAction":[{"@type":"SearchAction","target":{"@type":"EntryPoint","urlTemplate":"https:\/\/www.diario21.tv\/noticias\/?s={search_term_string}"},"query-input":{"@type":"PropertyValueSpecification","valueRequired":true,"valueName":"search_term_string"}}],"inLanguage":"es-AR"},{"@type":"Person","@id":"https:\/\/www.diario21.tv\/noticias\/#\/schema\/person\/dfb778f73814d8f09f302618446a526b","name":"Juan P\u00e9rez","image":{"@type":"ImageObject","inLanguage":"es-AR","@id":"https:\/\/www.diario21.tv\/noticias\/#\/schema\/person\/image\/","url":"https:\/\/secure.gravatar.com\/avatar\/c478a405bd10621167f4c3167cc770f5?s=96&d=mm&r=g","contentUrl":"https:\/\/secure.gravatar.com\/avatar\/c478a405bd10621167f4c3167cc770f5?s=96&d=mm&r=g","caption":"Juan P\u00e9rez"},"description":"Juan P\u00e9rez es el redactor en jefe de Diario 21. Con m\u00e1s de 10 a\u00f1os de experiencia en el periodismo, se especializa en pol\u00edtica nacional y an\u00e1lisis socioecon\u00f3mico. Su enfoque cr\u00edtico y riguroso aporta una perspectiva \u00fanica a cada art\u00edculo.","sameAs":["https:\/\/www.diario21.tv\/noticias\/"],"url":"https:\/\/www.diario21.tv\/noticias\/author\/juan-perez\/"}]}},"_links":{"self":[{"href":"https:\/\/www.diario21.tv\/noticias\/wp-json\/wp\/v2\/posts\/6945"}],"collection":[{"href":"https:\/\/www.diario21.tv\/noticias\/wp-json\/wp\/v2\/posts"}],"about":[{"href":"https:\/\/www.diario21.tv\/noticias\/wp-json\/wp\/v2\/types\/post"}],"author":[{"embeddable":true,"href":"https:\/\/www.diario21.tv\/noticias\/wp-json\/wp\/v2\/users\/20"}],"replies":[{"embeddable":true,"href":"https:\/\/www.diario21.tv\/noticias\/wp-json\/wp\/v2\/comments?post=6945"}],"version-history":[{"count":1,"href":"https:\/\/www.diario21.tv\/noticias\/wp-json\/wp\/v2\/posts\/6945\/revisions"}],"predecessor-version":[{"id":6947,"href":"https:\/\/www.diario21.tv\/noticias\/wp-json\/wp\/v2\/posts\/6945\/revisions\/6947"}],"wp:featuredmedia":[{"embeddable":true,"href":"https:\/\/www.diario21.tv\/noticias\/wp-json\/wp\/v2\/media\/6946"}],"wp:attachment":[{"href":"https:\/\/www.diario21.tv\/noticias\/wp-json\/wp\/v2\/media?parent=6945"}],"wp:term":[{"taxonomy":"category","embeddable":true,"href":"https:\/\/www.diario21.tv\/noticias\/wp-json\/wp\/v2\/categories?post=6945"},{"taxonomy":"post_tag","embeddable":true,"href":"https:\/\/www.diario21.tv\/noticias\/wp-json\/wp\/v2\/tags?post=6945"}],"curies":[{"name":"wp","href":"https:\/\/api.w.org\/{rel}","templated":true}]}}