{"id":6942,"date":"2026-04-19T23:36:33","date_gmt":"2026-04-19T23:36:33","guid":{"rendered":"https:\/\/www.diario21.tv\/noticias\/alerta-un-tercio-de-espanoles-en-riesgo-por-abuso-de-redes-sociales\/"},"modified":"2026-04-19T23:36:34","modified_gmt":"2026-04-19T23:36:34","slug":"alerta-un-tercio-de-espanoles-en-riesgo-por-abuso-de-redes-sociales","status":"publish","type":"post","link":"https:\/\/www.diario21.tv\/noticias\/alerta-un-tercio-de-espanoles-en-riesgo-por-abuso-de-redes-sociales\/","title":{"rendered":"\u00a1Alerta! Un tercio de espa\u00f1oles en riesgo por abuso de redes sociales"},"content":{"rendered":"<h2>Un Tercio de la Poblaci\u00f3n Espa\u00f1ola Podr\u00eda Enfrentar Desaf\u00edos de Salud Mental Debido al Uso Excesivo de Redes Sociales<\/h2>\n<p>En Espa\u00f1a, un preocupante 33% de los ciudadanos se encuentra en una posici\u00f3n vulnerable de experimentar dificultades relacionadas con la salud mental, originadas por el consumo excesivo de las plataformas digitales de comunicaci\u00f3n. Este fen\u00f3meno, que afecta a una significativa porci\u00f3n de la poblaci\u00f3n, ha encendido alarmas entre expertos en salud y tecnolog\u00eda.<\/p>\n<h3>Impacto Profundo en el Bienestar Emocional<\/h3>\n<p>El uso intensivo y no regulado de redes sociales est\u00e1 generando una serie de consecuencias negativas en los usuarios, especialmente en t\u00e9rminos de ansiedad, aislamiento y depresi\u00f3n. Las plataformas, dise\u00f1adas para capturar la atenci\u00f3n de los usuarios durante el mayor tiempo posible, pueden llevar a un ciclo vicioso de dependencia y necesidad de validaci\u00f3n a trav\u00e9s de &#8216;likes&#8217; y comentarios, lo cual, a largo plazo, deteriora el estado mental de las personas.<\/p>\n<h3>Desencadenantes y S\u00edntomas de la Adicci\u00f3n a Redes<\/h3>\n<p>Los especialistas identifican varios factores que contribuyen al desarrollo de una dependencia insalubre de las redes sociales. Entre estos, destacan la comparaci\u00f3n constante con otros, la exposici\u00f3n a una idealizaci\u00f3n de la realidad ajena, y la presi\u00f3n por mantener una presencia y reputaci\u00f3n online perfectas. Estos elementos pueden desencadenar una serie de s\u00edntomas preocupantes como la ansiedad, baja autoestima, disturbios del sue\u00f1o y un sentimiento generalizado de insatisfacci\u00f3n personal.<\/p>\n<h3>Recomendaciones para un Uso Saludable<\/h3>\n<p>Frente a este escenario, los expertos aconsejan establecer l\u00edmites claros de uso. Recomiendan horarios espec\u00edficos para conectarse y desconnectarse, as\u00ed como la participaci\u00f3n en actividades que no involucren el uso de dispositivos electr\u00f3nicos. Adem\u00e1s, sugieren fomentar interacciones cara a cara y desarrollar hobbies que permitan desconectar de la presi\u00f3n social digital.<\/p>\n<p>Este llamado a la moderaci\u00f3n busca prevenir futuras complicaciones de salud mental y mejorar la calidad de vida de los espa\u00f1oles, record\u00e1ndoles que la vida fuera de las pantallas es donde realmente se encuentran las experiencias m\u00e1s gratificantes y aut\u00e9nticas.<\/p>\n\n\n<div class=\"kk-star-ratings kksr-auto kksr-align-left kksr-valign-bottom\"\n    data-payload='{&quot;align&quot;:&quot;left&quot;,&quot;id&quot;:&quot;6942&quot;,&quot;slug&quot;:&quot;default&quot;,&quot;valign&quot;:&quot;bottom&quot;,&quot;ignore&quot;:&quot;&quot;,&quot;reference&quot;:&quot;auto&quot;,&quot;class&quot;:&quot;&quot;,&quot;count&quot;:&quot;0&quot;,&quot;legendonly&quot;:&quot;&quot;,&quot;readonly&quot;:&quot;&quot;,&quot;score&quot;:&quot;0&quot;,&quot;starsonly&quot;:&quot;&quot;,&quot;best&quot;:&quot;5&quot;,&quot;gap&quot;:&quot;5&quot;,&quot;greet&quot;:&quot;Valora este post&quot;,&quot;legend&quot;:&quot;0\\\/5 - (0 votes)&quot;,&quot;size&quot;:&quot;22&quot;,&quot;title&quot;:&quot;\u00a1Alerta! Un tercio de espa\u00f1oles en riesgo por abuso de redes sociales&quot;,&quot;width&quot;:&quot;0&quot;,&quot;_legend&quot;:&quot;{score}\\\/{best} - ({count} {votes})&quot;,&quot;font_factor&quot;:&quot;1.25&quot;}'>\n            \n<div class=\"kksr-stars\">\n    \n<div class=\"kksr-stars-inactive\">\n            <div class=\"kksr-star\" data-star=\"1\" style=\"padding-right: 5px\">\n            \n\n<div class=\"kksr-icon\" style=\"width: 22px; height: 22px;\"><\/div>\n        <\/div>\n            <div class=\"kksr-star\" data-star=\"2\" style=\"padding-right: 5px\">\n            \n\n<div class=\"kksr-icon\" style=\"width: 22px; height: 22px;\"><\/div>\n        <\/div>\n            <div class=\"kksr-star\" data-star=\"3\" style=\"padding-right: 5px\">\n            \n\n<div class=\"kksr-icon\" style=\"width: 22px; height: 22px;\"><\/div>\n        <\/div>\n            <div class=\"kksr-star\" data-star=\"4\" style=\"padding-right: 5px\">\n            \n\n<div class=\"kksr-icon\" style=\"width: 22px; height: 22px;\"><\/div>\n        <\/div>\n            <div class=\"kksr-star\" data-star=\"5\" style=\"padding-right: 5px\">\n            \n\n<div class=\"kksr-icon\" style=\"width: 22px; height: 22px;\"><\/div>\n        <\/div>\n    <\/div>\n    \n<div class=\"kksr-stars-active\" style=\"width: 0px;\">\n            <div class=\"kksr-star\" style=\"padding-right: 5px\">\n            \n\n<div class=\"kksr-icon\" style=\"width: 22px; height: 22px;\"><\/div>\n        <\/div>\n            <div class=\"kksr-star\" style=\"padding-right: 5px\">\n            \n\n<div class=\"kksr-icon\" style=\"width: 22px; height: 22px;\"><\/div>\n        <\/div>\n            <div class=\"kksr-star\" style=\"padding-right: 5px\">\n            \n\n<div class=\"kksr-icon\" style=\"width: 22px; height: 22px;\"><\/div>\n        <\/div>\n            <div class=\"kksr-star\" style=\"padding-right: 5px\">\n            \n\n<div class=\"kksr-icon\" style=\"width: 22px; height: 22px;\"><\/div>\n        <\/div>\n            <div class=\"kksr-star\" style=\"padding-right: 5px\">\n            \n\n<div class=\"kksr-icon\" style=\"width: 22px; height: 22px;\"><\/div>\n        <\/div>\n    <\/div>\n<\/div>\n                \n\n<div class=\"kksr-legend\" style=\"font-size: 17.6px;\">\n            <span class=\"kksr-muted\">Valora este post<\/span>\n    <\/div>\n    <\/div>\n","protected":false},"excerpt":{"rendered":"<p>Un Tercio de la Poblaci\u00f3n Espa\u00f1ola Podr\u00eda Enfrentar Desaf\u00edos de Salud Mental Debido al Uso Excesivo de Redes Sociales En Espa\u00f1a, un preocupante 33% de los &#8230; <a title=\"\u00a1Alerta! Un tercio de espa\u00f1oles en riesgo por abuso de redes sociales\" class=\"read-more\" href=\"https:\/\/www.diario21.tv\/noticias\/alerta-un-tercio-de-espanoles-en-riesgo-por-abuso-de-redes-sociales\/\" aria-label=\"Leer m\u00e1s sobre \u00a1Alerta! Un tercio de espa\u00f1oles en riesgo por abuso de redes sociales\">Seguir leyendo &rarr;<\/a><\/p>\n","protected":false},"author":20,"featured_media":6943,"comment_status":"open","ping_status":"open","sticky":false,"template":"","format":"standard","meta":{"footnotes":""},"categories":[13],"tags":[],"class_list":["post-6942","post","type-post","status-publish","format-standard","has-post-thumbnail","hentry","category-portada"],"yoast_head":"<!-- This site is optimized with the Yoast SEO plugin v25.6 - https:\/\/yoast.com\/wordpress\/plugins\/seo\/ -->\n<title>\u00a1Alerta! Un tercio de espa\u00f1oles en riesgo por abuso de redes sociales - Diario 21<\/title>\n<meta name=\"robots\" content=\"index, follow, max-snippet:-1, max-image-preview:large, max-video-preview:-1\" \/>\n<link rel=\"canonical\" href=\"https:\/\/www.diario21.tv\/noticias\/alerta-un-tercio-de-espanoles-en-riesgo-por-abuso-de-redes-sociales\/\" \/>\n<meta property=\"og:locale\" content=\"es_ES\" \/>\n<meta property=\"og:type\" content=\"article\" \/>\n<meta property=\"og:title\" content=\"\u00a1Alerta! Un tercio de espa\u00f1oles en riesgo por abuso de redes sociales - Diario 21\" \/>\n<meta property=\"og:description\" content=\"Un Tercio de la Poblaci\u00f3n Espa\u00f1ola Podr\u00eda Enfrentar Desaf\u00edos de Salud Mental Debido al Uso Excesivo de Redes Sociales En Espa\u00f1a, un preocupante 33% de los ... Seguir leyendo &rarr;\" \/>\n<meta property=\"og:url\" content=\"https:\/\/www.diario21.tv\/noticias\/alerta-un-tercio-de-espanoles-en-riesgo-por-abuso-de-redes-sociales\/\" \/>\n<meta property=\"og:site_name\" content=\"Diario 21\" \/>\n<meta property=\"article:published_time\" content=\"2026-04-19T23:36:33+00:00\" \/>\n<meta property=\"article:modified_time\" content=\"2026-04-19T23:36:34+00:00\" \/>\n<meta property=\"og:image\" content=\"https:\/\/www.diario21.tv\/noticias\/wp-content\/uploads\/2026\/04\/\u00a1Alerta-Un-tercio-de-espanoles-en-riesgo-por-abuso-de.jpg\" \/>\n\t<meta property=\"og:image:width\" content=\"1200\" \/>\n\t<meta property=\"og:image:height\" content=\"840\" \/>\n\t<meta property=\"og:image:type\" content=\"image\/jpeg\" \/>\n<meta name=\"author\" content=\"Juan P\u00e9rez\" \/>\n<meta name=\"twitter:card\" content=\"summary_large_image\" \/>\n<meta name=\"twitter:label1\" content=\"Escrito por\" \/>\n\t<meta name=\"twitter:data1\" content=\"Juan P\u00e9rez\" \/>\n\t<meta name=\"twitter:label2\" content=\"Tiempo de lectura\" \/>\n\t<meta name=\"twitter:data2\" content=\"2 minutos\" \/>\n<script type=\"application\/ld+json\" class=\"yoast-schema-graph\">{\"@context\":\"https:\/\/schema.org\",\"@graph\":[{\"@type\":\"WebPage\",\"@id\":\"https:\/\/www.diario21.tv\/noticias\/alerta-un-tercio-de-espanoles-en-riesgo-por-abuso-de-redes-sociales\/\",\"url\":\"https:\/\/www.diario21.tv\/noticias\/alerta-un-tercio-de-espanoles-en-riesgo-por-abuso-de-redes-sociales\/\",\"name\":\"\u00a1Alerta! Un tercio de espa\u00f1oles en riesgo por abuso de redes sociales - Diario 21\",\"isPartOf\":{\"@id\":\"https:\/\/www.diario21.tv\/noticias\/#website\"},\"primaryImageOfPage\":{\"@id\":\"https:\/\/www.diario21.tv\/noticias\/alerta-un-tercio-de-espanoles-en-riesgo-por-abuso-de-redes-sociales\/#primaryimage\"},\"image\":{\"@id\":\"https:\/\/www.diario21.tv\/noticias\/alerta-un-tercio-de-espanoles-en-riesgo-por-abuso-de-redes-sociales\/#primaryimage\"},\"thumbnailUrl\":\"https:\/\/www.diario21.tv\/noticias\/wp-content\/uploads\/2026\/04\/\u00a1Alerta-Un-tercio-de-espanoles-en-riesgo-por-abuso-de.jpg\",\"datePublished\":\"2026-04-19T23:36:33+00:00\",\"dateModified\":\"2026-04-19T23:36:34+00:00\",\"author\":{\"@id\":\"https:\/\/www.diario21.tv\/noticias\/#\/schema\/person\/dfb778f73814d8f09f302618446a526b\"},\"breadcrumb\":{\"@id\":\"https:\/\/www.diario21.tv\/noticias\/alerta-un-tercio-de-espanoles-en-riesgo-por-abuso-de-redes-sociales\/#breadcrumb\"},\"inLanguage\":\"es-AR\",\"potentialAction\":[{\"@type\":\"ReadAction\",\"target\":[\"https:\/\/www.diario21.tv\/noticias\/alerta-un-tercio-de-espanoles-en-riesgo-por-abuso-de-redes-sociales\/\"]}]},{\"@type\":\"ImageObject\",\"inLanguage\":\"es-AR\",\"@id\":\"https:\/\/www.diario21.tv\/noticias\/alerta-un-tercio-de-espanoles-en-riesgo-por-abuso-de-redes-sociales\/#primaryimage\",\"url\":\"https:\/\/www.diario21.tv\/noticias\/wp-content\/uploads\/2026\/04\/\u00a1Alerta-Un-tercio-de-espanoles-en-riesgo-por-abuso-de.jpg\",\"contentUrl\":\"https:\/\/www.diario21.tv\/noticias\/wp-content\/uploads\/2026\/04\/\u00a1Alerta-Un-tercio-de-espanoles-en-riesgo-por-abuso-de.jpg\",\"width\":1200,\"height\":840,\"caption\":\"Un tercio de espa\u00f1oles est\u00e1 en riesgo de sufrir problemas mentales por abusar de las redes\"},{\"@type\":\"BreadcrumbList\",\"@id\":\"https:\/\/www.diario21.tv\/noticias\/alerta-un-tercio-de-espanoles-en-riesgo-por-abuso-de-redes-sociales\/#breadcrumb\",\"itemListElement\":[{\"@type\":\"ListItem\",\"position\":1,\"name\":\"Accueil\",\"item\":\"https:\/\/www.diario21.tv\/noticias\/\"},{\"@type\":\"ListItem\",\"position\":2,\"name\":\"\u00a1Alerta! Un tercio de espa\u00f1oles en riesgo por abuso de redes sociales\"}]},{\"@type\":\"WebSite\",\"@id\":\"https:\/\/www.diario21.tv\/noticias\/#website\",\"url\":\"https:\/\/www.diario21.tv\/noticias\/\",\"name\":\"Diario 21\",\"description\":\"\",\"potentialAction\":[{\"@type\":\"SearchAction\",\"target\":{\"@type\":\"EntryPoint\",\"urlTemplate\":\"https:\/\/www.diario21.tv\/noticias\/?s={search_term_string}\"},\"query-input\":{\"@type\":\"PropertyValueSpecification\",\"valueRequired\":true,\"valueName\":\"search_term_string\"}}],\"inLanguage\":\"es-AR\"},{\"@type\":\"Person\",\"@id\":\"https:\/\/www.diario21.tv\/noticias\/#\/schema\/person\/dfb778f73814d8f09f302618446a526b\",\"name\":\"Juan P\u00e9rez\",\"image\":{\"@type\":\"ImageObject\",\"inLanguage\":\"es-AR\",\"@id\":\"https:\/\/www.diario21.tv\/noticias\/#\/schema\/person\/image\/\",\"url\":\"https:\/\/secure.gravatar.com\/avatar\/c478a405bd10621167f4c3167cc770f5?s=96&d=mm&r=g\",\"contentUrl\":\"https:\/\/secure.gravatar.com\/avatar\/c478a405bd10621167f4c3167cc770f5?s=96&d=mm&r=g\",\"caption\":\"Juan P\u00e9rez\"},\"description\":\"Juan P\u00e9rez es el redactor en jefe de Diario 21. Con m\u00e1s de 10 a\u00f1os de experiencia en el periodismo, se especializa en pol\u00edtica nacional y an\u00e1lisis socioecon\u00f3mico. Su enfoque cr\u00edtico y riguroso aporta una perspectiva \u00fanica a cada art\u00edculo.\",\"sameAs\":[\"https:\/\/www.diario21.tv\/noticias\/\"],\"url\":\"https:\/\/www.diario21.tv\/noticias\/author\/juan-perez\/\"}]}<\/script>\n<!-- \/ Yoast SEO plugin. -->","yoast_head_json":{"title":"\u00a1Alerta! Un tercio de espa\u00f1oles en riesgo por abuso de redes sociales - Diario 21","robots":{"index":"index","follow":"follow","max-snippet":"max-snippet:-1","max-image-preview":"max-image-preview:large","max-video-preview":"max-video-preview:-1"},"canonical":"https:\/\/www.diario21.tv\/noticias\/alerta-un-tercio-de-espanoles-en-riesgo-por-abuso-de-redes-sociales\/","og_locale":"es_ES","og_type":"article","og_title":"\u00a1Alerta! Un tercio de espa\u00f1oles en riesgo por abuso de redes sociales - Diario 21","og_description":"Un Tercio de la Poblaci\u00f3n Espa\u00f1ola Podr\u00eda Enfrentar Desaf\u00edos de Salud Mental Debido al Uso Excesivo de Redes Sociales En Espa\u00f1a, un preocupante 33% de los ... Seguir leyendo &rarr;","og_url":"https:\/\/www.diario21.tv\/noticias\/alerta-un-tercio-de-espanoles-en-riesgo-por-abuso-de-redes-sociales\/","og_site_name":"Diario 21","article_published_time":"2026-04-19T23:36:33+00:00","article_modified_time":"2026-04-19T23:36:34+00:00","og_image":[{"width":1200,"height":840,"url":"https:\/\/www.diario21.tv\/noticias\/wp-content\/uploads\/2026\/04\/\u00a1Alerta-Un-tercio-de-espanoles-en-riesgo-por-abuso-de.jpg","type":"image\/jpeg"}],"author":"Juan P\u00e9rez","twitter_card":"summary_large_image","twitter_misc":{"Escrito por":"Juan P\u00e9rez","Tiempo de lectura":"2 minutos"},"schema":{"@context":"https:\/\/schema.org","@graph":[{"@type":"WebPage","@id":"https:\/\/www.diario21.tv\/noticias\/alerta-un-tercio-de-espanoles-en-riesgo-por-abuso-de-redes-sociales\/","url":"https:\/\/www.diario21.tv\/noticias\/alerta-un-tercio-de-espanoles-en-riesgo-por-abuso-de-redes-sociales\/","name":"\u00a1Alerta! Un tercio de espa\u00f1oles en riesgo por abuso de redes sociales - Diario 21","isPartOf":{"@id":"https:\/\/www.diario21.tv\/noticias\/#website"},"primaryImageOfPage":{"@id":"https:\/\/www.diario21.tv\/noticias\/alerta-un-tercio-de-espanoles-en-riesgo-por-abuso-de-redes-sociales\/#primaryimage"},"image":{"@id":"https:\/\/www.diario21.tv\/noticias\/alerta-un-tercio-de-espanoles-en-riesgo-por-abuso-de-redes-sociales\/#primaryimage"},"thumbnailUrl":"https:\/\/www.diario21.tv\/noticias\/wp-content\/uploads\/2026\/04\/\u00a1Alerta-Un-tercio-de-espanoles-en-riesgo-por-abuso-de.jpg","datePublished":"2026-04-19T23:36:33+00:00","dateModified":"2026-04-19T23:36:34+00:00","author":{"@id":"https:\/\/www.diario21.tv\/noticias\/#\/schema\/person\/dfb778f73814d8f09f302618446a526b"},"breadcrumb":{"@id":"https:\/\/www.diario21.tv\/noticias\/alerta-un-tercio-de-espanoles-en-riesgo-por-abuso-de-redes-sociales\/#breadcrumb"},"inLanguage":"es-AR","potentialAction":[{"@type":"ReadAction","target":["https:\/\/www.diario21.tv\/noticias\/alerta-un-tercio-de-espanoles-en-riesgo-por-abuso-de-redes-sociales\/"]}]},{"@type":"ImageObject","inLanguage":"es-AR","@id":"https:\/\/www.diario21.tv\/noticias\/alerta-un-tercio-de-espanoles-en-riesgo-por-abuso-de-redes-sociales\/#primaryimage","url":"https:\/\/www.diario21.tv\/noticias\/wp-content\/uploads\/2026\/04\/\u00a1Alerta-Un-tercio-de-espanoles-en-riesgo-por-abuso-de.jpg","contentUrl":"https:\/\/www.diario21.tv\/noticias\/wp-content\/uploads\/2026\/04\/\u00a1Alerta-Un-tercio-de-espanoles-en-riesgo-por-abuso-de.jpg","width":1200,"height":840,"caption":"Un tercio de espa\u00f1oles est\u00e1 en riesgo de sufrir problemas mentales por abusar de las redes"},{"@type":"BreadcrumbList","@id":"https:\/\/www.diario21.tv\/noticias\/alerta-un-tercio-de-espanoles-en-riesgo-por-abuso-de-redes-sociales\/#breadcrumb","itemListElement":[{"@type":"ListItem","position":1,"name":"Accueil","item":"https:\/\/www.diario21.tv\/noticias\/"},{"@type":"ListItem","position":2,"name":"\u00a1Alerta! Un tercio de espa\u00f1oles en riesgo por abuso de redes sociales"}]},{"@type":"WebSite","@id":"https:\/\/www.diario21.tv\/noticias\/#website","url":"https:\/\/www.diario21.tv\/noticias\/","name":"Diario 21","description":"","potentialAction":[{"@type":"SearchAction","target":{"@type":"EntryPoint","urlTemplate":"https:\/\/www.diario21.tv\/noticias\/?s={search_term_string}"},"query-input":{"@type":"PropertyValueSpecification","valueRequired":true,"valueName":"search_term_string"}}],"inLanguage":"es-AR"},{"@type":"Person","@id":"https:\/\/www.diario21.tv\/noticias\/#\/schema\/person\/dfb778f73814d8f09f302618446a526b","name":"Juan P\u00e9rez","image":{"@type":"ImageObject","inLanguage":"es-AR","@id":"https:\/\/www.diario21.tv\/noticias\/#\/schema\/person\/image\/","url":"https:\/\/secure.gravatar.com\/avatar\/c478a405bd10621167f4c3167cc770f5?s=96&d=mm&r=g","contentUrl":"https:\/\/secure.gravatar.com\/avatar\/c478a405bd10621167f4c3167cc770f5?s=96&d=mm&r=g","caption":"Juan P\u00e9rez"},"description":"Juan P\u00e9rez es el redactor en jefe de Diario 21. Con m\u00e1s de 10 a\u00f1os de experiencia en el periodismo, se especializa en pol\u00edtica nacional y an\u00e1lisis socioecon\u00f3mico. Su enfoque cr\u00edtico y riguroso aporta una perspectiva \u00fanica a cada art\u00edculo.","sameAs":["https:\/\/www.diario21.tv\/noticias\/"],"url":"https:\/\/www.diario21.tv\/noticias\/author\/juan-perez\/"}]}},"_links":{"self":[{"href":"https:\/\/www.diario21.tv\/noticias\/wp-json\/wp\/v2\/posts\/6942"}],"collection":[{"href":"https:\/\/www.diario21.tv\/noticias\/wp-json\/wp\/v2\/posts"}],"about":[{"href":"https:\/\/www.diario21.tv\/noticias\/wp-json\/wp\/v2\/types\/post"}],"author":[{"embeddable":true,"href":"https:\/\/www.diario21.tv\/noticias\/wp-json\/wp\/v2\/users\/20"}],"replies":[{"embeddable":true,"href":"https:\/\/www.diario21.tv\/noticias\/wp-json\/wp\/v2\/comments?post=6942"}],"version-history":[{"count":1,"href":"https:\/\/www.diario21.tv\/noticias\/wp-json\/wp\/v2\/posts\/6942\/revisions"}],"predecessor-version":[{"id":6944,"href":"https:\/\/www.diario21.tv\/noticias\/wp-json\/wp\/v2\/posts\/6942\/revisions\/6944"}],"wp:featuredmedia":[{"embeddable":true,"href":"https:\/\/www.diario21.tv\/noticias\/wp-json\/wp\/v2\/media\/6943"}],"wp:attachment":[{"href":"https:\/\/www.diario21.tv\/noticias\/wp-json\/wp\/v2\/media?parent=6942"}],"wp:term":[{"taxonomy":"category","embeddable":true,"href":"https:\/\/www.diario21.tv\/noticias\/wp-json\/wp\/v2\/categories?post=6942"},{"taxonomy":"post_tag","embeddable":true,"href":"https:\/\/www.diario21.tv\/noticias\/wp-json\/wp\/v2\/tags?post=6942"}],"curies":[{"name":"wp","href":"https:\/\/api.w.org\/{rel}","templated":true}]}}