{"id":6933,"date":"2026-04-19T05:33:21","date_gmt":"2026-04-19T05:33:21","guid":{"rendered":"https:\/\/www.diario21.tv\/noticias\/exclusivo-fin-del-registro-en-sotano-del-sospechoso-por-la-muerte-de-esther-lopez-tras-15-horas-intensas\/"},"modified":"2026-04-19T05:33:23","modified_gmt":"2026-04-19T05:33:23","slug":"exclusivo-fin-del-registro-en-sotano-del-sospechoso-por-la-muerte-de-esther-lopez-tras-15-horas-intensas","status":"publish","type":"post","link":"https:\/\/www.diario21.tv\/noticias\/exclusivo-fin-del-registro-en-sotano-del-sospechoso-por-la-muerte-de-esther-lopez-tras-15-horas-intensas\/","title":{"rendered":"\u00a1Exclusivo! Fin del registro en s\u00f3tano del sospechoso por la muerte de Esther L\u00f3pez tras 15 horas intensas"},"content":{"rendered":"<h2>La Guardia Civil Finaliza la Inspecci\u00f3n del S\u00f3tano del Sospechoso en el Caso de Esther L\u00f3pez Tras Extensa B\u00fasqueda<\/h2>\n<p>Despu\u00e9s de una exhaustiva b\u00fasqueda que super\u00f3 las quince horas, la Guardia Civil ha terminado el registro del s\u00f3tano perteneciente a un individuo investigado en relaci\u00f3n con el fallecimiento de Esther L\u00f3pez. Este evento marca un nuevo cap\u00edtulo en la investigaci\u00f3n que busca esclarecer las circunstancias detr\u00e1s de la tr\u00e1gica muerte de L\u00f3pez.<\/p>\n<h3>Detalles del Registro<\/h3>\n<p>El proceso de registro se llev\u00f3 a cabo con meticulosidad, abarcando cada rinc\u00f3n del s\u00f3tano en busca de pruebas que pudieran arrojar luz sobre el caso. La operaci\u00f3n fue dirigida por expertos forenses y unidades especializadas de la Guardia Civil, quienes emplearon avanzadas t\u00e9cnicas de b\u00fasqueda para asegurarse de no pasar por alto ning\u00fan detalle.<\/p>\n<h3>Implicaciones para el Sospechoso<\/h3>\n<p>El individuo cuyo s\u00f3tano fue objeto de registro ha estado bajo la lupa de la justicia desde que se le vincul\u00f3 con el caso. Aunque a\u00fan no se ha establecido una conexi\u00f3n directa con la muerte de Esther L\u00f3pez, la finalizaci\u00f3n del registro podr\u00eda significar un avance significativo en la investigaci\u00f3n. Dependiendo de los resultados obtenidos del an\u00e1lisis de las pruebas recabadas, podr\u00eda alterarse el curso de las acciones legales contra el sospechoso.<\/p>\n<h3>Reacciones y Continuaci\u00f3n de la Investigaci\u00f3n<\/h3>\n<p>La comunidad y los medios de comunicaci\u00f3n han seguido de cerca el desarrollo de este caso, esperando respuestas que puedan dar justicia a Esther L\u00f3pez. La Guardia Civil ha asegurado que la investigaci\u00f3n contin\u00faa en marcha, con la promesa de mantener al p\u00fablico informado sobre cualquier progreso. Adem\u00e1s, han hecho un llamado a la calma y a la paciencia, subrayando la importancia de un proceso meticuloso para garantizar resultados precisos y justos.<\/p>\n<p>La finalizaci\u00f3n de este registro no significa el fin de la investigaci\u00f3n, sino que es un paso m\u00e1s hacia la resoluci\u00f3n de un caso que ha capturado la atenci\u00f3n de la naci\u00f3n. La esperanza es que, con cada pieza de evidencia que se analiza, se acerquen m\u00e1s a entender qu\u00e9 sucedi\u00f3 realmente y, en \u00faltima instancia, a proporcionar algo de cierre a todos los afectados por esta lamentable p\u00e9rdida.<\/p>\n\n\n<div class=\"kk-star-ratings kksr-auto kksr-align-left kksr-valign-bottom\"\n    data-payload='{&quot;align&quot;:&quot;left&quot;,&quot;id&quot;:&quot;6933&quot;,&quot;slug&quot;:&quot;default&quot;,&quot;valign&quot;:&quot;bottom&quot;,&quot;ignore&quot;:&quot;&quot;,&quot;reference&quot;:&quot;auto&quot;,&quot;class&quot;:&quot;&quot;,&quot;count&quot;:&quot;0&quot;,&quot;legendonly&quot;:&quot;&quot;,&quot;readonly&quot;:&quot;&quot;,&quot;score&quot;:&quot;0&quot;,&quot;starsonly&quot;:&quot;&quot;,&quot;best&quot;:&quot;5&quot;,&quot;gap&quot;:&quot;5&quot;,&quot;greet&quot;:&quot;Valora este post&quot;,&quot;legend&quot;:&quot;0\\\/5 - (0 votes)&quot;,&quot;size&quot;:&quot;22&quot;,&quot;title&quot;:&quot;\u00a1Exclusivo! Fin del registro en s\u00f3tano del sospechoso por la muerte de Esther L\u00f3pez tras 15 horas intensas&quot;,&quot;width&quot;:&quot;0&quot;,&quot;_legend&quot;:&quot;{score}\\\/{best} - ({count} {votes})&quot;,&quot;font_factor&quot;:&quot;1.25&quot;}'>\n            \n<div class=\"kksr-stars\">\n    \n<div class=\"kksr-stars-inactive\">\n            <div class=\"kksr-star\" data-star=\"1\" style=\"padding-right: 5px\">\n            \n\n<div class=\"kksr-icon\" style=\"width: 22px; height: 22px;\"><\/div>\n        <\/div>\n            <div class=\"kksr-star\" data-star=\"2\" style=\"padding-right: 5px\">\n            \n\n<div class=\"kksr-icon\" style=\"width: 22px; height: 22px;\"><\/div>\n        <\/div>\n            <div class=\"kksr-star\" data-star=\"3\" style=\"padding-right: 5px\">\n            \n\n<div class=\"kksr-icon\" style=\"width: 22px; height: 22px;\"><\/div>\n        <\/div>\n            <div class=\"kksr-star\" data-star=\"4\" style=\"padding-right: 5px\">\n            \n\n<div class=\"kksr-icon\" style=\"width: 22px; height: 22px;\"><\/div>\n        <\/div>\n            <div class=\"kksr-star\" data-star=\"5\" style=\"padding-right: 5px\">\n            \n\n<div class=\"kksr-icon\" style=\"width: 22px; height: 22px;\"><\/div>\n        <\/div>\n    <\/div>\n    \n<div class=\"kksr-stars-active\" style=\"width: 0px;\">\n            <div class=\"kksr-star\" style=\"padding-right: 5px\">\n            \n\n<div class=\"kksr-icon\" style=\"width: 22px; height: 22px;\"><\/div>\n        <\/div>\n            <div class=\"kksr-star\" style=\"padding-right: 5px\">\n            \n\n<div class=\"kksr-icon\" style=\"width: 22px; height: 22px;\"><\/div>\n        <\/div>\n            <div class=\"kksr-star\" style=\"padding-right: 5px\">\n            \n\n<div class=\"kksr-icon\" style=\"width: 22px; height: 22px;\"><\/div>\n        <\/div>\n            <div class=\"kksr-star\" style=\"padding-right: 5px\">\n            \n\n<div class=\"kksr-icon\" style=\"width: 22px; height: 22px;\"><\/div>\n        <\/div>\n            <div class=\"kksr-star\" style=\"padding-right: 5px\">\n            \n\n<div class=\"kksr-icon\" style=\"width: 22px; height: 22px;\"><\/div>\n        <\/div>\n    <\/div>\n<\/div>\n                \n\n<div class=\"kksr-legend\" style=\"font-size: 17.6px;\">\n            <span class=\"kksr-muted\">Valora este post<\/span>\n    <\/div>\n    <\/div>\n","protected":false},"excerpt":{"rendered":"<p>La Guardia Civil Finaliza la Inspecci\u00f3n del S\u00f3tano del Sospechoso en el Caso de Esther L\u00f3pez Tras Extensa B\u00fasqueda Despu\u00e9s de una exhaustiva b\u00fasqueda que super\u00f3 &#8230; <a title=\"\u00a1Exclusivo! Fin del registro en s\u00f3tano del sospechoso por la muerte de Esther L\u00f3pez tras 15 horas intensas\" class=\"read-more\" href=\"https:\/\/www.diario21.tv\/noticias\/exclusivo-fin-del-registro-en-sotano-del-sospechoso-por-la-muerte-de-esther-lopez-tras-15-horas-intensas\/\" aria-label=\"Leer m\u00e1s sobre \u00a1Exclusivo! Fin del registro en s\u00f3tano del sospechoso por la muerte de Esther L\u00f3pez tras 15 horas intensas\">Seguir leyendo &rarr;<\/a><\/p>\n","protected":false},"author":20,"featured_media":6934,"comment_status":"open","ping_status":"open","sticky":false,"template":"","format":"standard","meta":{"footnotes":""},"categories":[13],"tags":[],"class_list":["post-6933","post","type-post","status-publish","format-standard","has-post-thumbnail","hentry","category-portada"],"yoast_head":"<!-- This site is optimized with the Yoast SEO plugin v25.6 - https:\/\/yoast.com\/wordpress\/plugins\/seo\/ -->\n<title>\u00a1Exclusivo! Fin del registro en s\u00f3tano del sospechoso por la muerte de Esther L\u00f3pez tras 15 horas intensas - Diario 21<\/title>\n<meta name=\"robots\" content=\"index, follow, max-snippet:-1, max-image-preview:large, max-video-preview:-1\" \/>\n<link rel=\"canonical\" href=\"https:\/\/www.diario21.tv\/noticias\/exclusivo-fin-del-registro-en-sotano-del-sospechoso-por-la-muerte-de-esther-lopez-tras-15-horas-intensas\/\" \/>\n<meta property=\"og:locale\" content=\"es_ES\" \/>\n<meta property=\"og:type\" content=\"article\" \/>\n<meta property=\"og:title\" content=\"\u00a1Exclusivo! Fin del registro en s\u00f3tano del sospechoso por la muerte de Esther L\u00f3pez tras 15 horas intensas - Diario 21\" \/>\n<meta property=\"og:description\" content=\"La Guardia Civil Finaliza la Inspecci\u00f3n del S\u00f3tano del Sospechoso en el Caso de Esther L\u00f3pez Tras Extensa B\u00fasqueda Despu\u00e9s de una exhaustiva b\u00fasqueda que super\u00f3 ... Seguir leyendo &rarr;\" \/>\n<meta property=\"og:url\" content=\"https:\/\/www.diario21.tv\/noticias\/exclusivo-fin-del-registro-en-sotano-del-sospechoso-por-la-muerte-de-esther-lopez-tras-15-horas-intensas\/\" \/>\n<meta property=\"og:site_name\" content=\"Diario 21\" \/>\n<meta property=\"article:published_time\" content=\"2026-04-19T05:33:21+00:00\" \/>\n<meta property=\"article:modified_time\" content=\"2026-04-19T05:33:23+00:00\" \/>\n<meta property=\"og:image\" content=\"https:\/\/www.diario21.tv\/noticias\/wp-content\/uploads\/2026\/04\/\u00a1Exclusivo-Fin-del-registro-en-sotano-del-sospechoso-por-la.JPG\" \/>\n\t<meta property=\"og:image:width\" content=\"1200\" \/>\n\t<meta property=\"og:image:height\" content=\"840\" \/>\n\t<meta property=\"og:image:type\" content=\"image\/jpeg\" \/>\n<meta name=\"author\" content=\"Juan P\u00e9rez\" \/>\n<meta name=\"twitter:card\" content=\"summary_large_image\" \/>\n<meta name=\"twitter:label1\" content=\"Escrito por\" \/>\n\t<meta name=\"twitter:data1\" content=\"Juan P\u00e9rez\" \/>\n\t<meta name=\"twitter:label2\" content=\"Tiempo de lectura\" \/>\n\t<meta name=\"twitter:data2\" content=\"2 minutos\" \/>\n<script type=\"application\/ld+json\" class=\"yoast-schema-graph\">{\"@context\":\"https:\/\/schema.org\",\"@graph\":[{\"@type\":\"WebPage\",\"@id\":\"https:\/\/www.diario21.tv\/noticias\/exclusivo-fin-del-registro-en-sotano-del-sospechoso-por-la-muerte-de-esther-lopez-tras-15-horas-intensas\/\",\"url\":\"https:\/\/www.diario21.tv\/noticias\/exclusivo-fin-del-registro-en-sotano-del-sospechoso-por-la-muerte-de-esther-lopez-tras-15-horas-intensas\/\",\"name\":\"\u00a1Exclusivo! Fin del registro en s\u00f3tano del sospechoso por la muerte de Esther L\u00f3pez tras 15 horas intensas - Diario 21\",\"isPartOf\":{\"@id\":\"https:\/\/www.diario21.tv\/noticias\/#website\"},\"primaryImageOfPage\":{\"@id\":\"https:\/\/www.diario21.tv\/noticias\/exclusivo-fin-del-registro-en-sotano-del-sospechoso-por-la-muerte-de-esther-lopez-tras-15-horas-intensas\/#primaryimage\"},\"image\":{\"@id\":\"https:\/\/www.diario21.tv\/noticias\/exclusivo-fin-del-registro-en-sotano-del-sospechoso-por-la-muerte-de-esther-lopez-tras-15-horas-intensas\/#primaryimage\"},\"thumbnailUrl\":\"https:\/\/www.diario21.tv\/noticias\/wp-content\/uploads\/2026\/04\/\u00a1Exclusivo-Fin-del-registro-en-sotano-del-sospechoso-por-la.JPG\",\"datePublished\":\"2026-04-19T05:33:21+00:00\",\"dateModified\":\"2026-04-19T05:33:23+00:00\",\"author\":{\"@id\":\"https:\/\/www.diario21.tv\/noticias\/#\/schema\/person\/dfb778f73814d8f09f302618446a526b\"},\"breadcrumb\":{\"@id\":\"https:\/\/www.diario21.tv\/noticias\/exclusivo-fin-del-registro-en-sotano-del-sospechoso-por-la-muerte-de-esther-lopez-tras-15-horas-intensas\/#breadcrumb\"},\"inLanguage\":\"es-AR\",\"potentialAction\":[{\"@type\":\"ReadAction\",\"target\":[\"https:\/\/www.diario21.tv\/noticias\/exclusivo-fin-del-registro-en-sotano-del-sospechoso-por-la-muerte-de-esther-lopez-tras-15-horas-intensas\/\"]}]},{\"@type\":\"ImageObject\",\"inLanguage\":\"es-AR\",\"@id\":\"https:\/\/www.diario21.tv\/noticias\/exclusivo-fin-del-registro-en-sotano-del-sospechoso-por-la-muerte-de-esther-lopez-tras-15-horas-intensas\/#primaryimage\",\"url\":\"https:\/\/www.diario21.tv\/noticias\/wp-content\/uploads\/2026\/04\/\u00a1Exclusivo-Fin-del-registro-en-sotano-del-sospechoso-por-la.JPG\",\"contentUrl\":\"https:\/\/www.diario21.tv\/noticias\/wp-content\/uploads\/2026\/04\/\u00a1Exclusivo-Fin-del-registro-en-sotano-del-sospechoso-por-la.JPG\",\"width\":1200,\"height\":840,\"caption\":\"La Guardia Civil concluye el registro del s\u00f3tano del investigado por la muerte de Esther L\u00f3pez tras m\u00e1s de quince horas\"},{\"@type\":\"BreadcrumbList\",\"@id\":\"https:\/\/www.diario21.tv\/noticias\/exclusivo-fin-del-registro-en-sotano-del-sospechoso-por-la-muerte-de-esther-lopez-tras-15-horas-intensas\/#breadcrumb\",\"itemListElement\":[{\"@type\":\"ListItem\",\"position\":1,\"name\":\"Accueil\",\"item\":\"https:\/\/www.diario21.tv\/noticias\/\"},{\"@type\":\"ListItem\",\"position\":2,\"name\":\"\u00a1Exclusivo! Fin del registro en s\u00f3tano del sospechoso por la muerte de Esther L\u00f3pez tras 15 horas intensas\"}]},{\"@type\":\"WebSite\",\"@id\":\"https:\/\/www.diario21.tv\/noticias\/#website\",\"url\":\"https:\/\/www.diario21.tv\/noticias\/\",\"name\":\"Diario 21\",\"description\":\"\",\"potentialAction\":[{\"@type\":\"SearchAction\",\"target\":{\"@type\":\"EntryPoint\",\"urlTemplate\":\"https:\/\/www.diario21.tv\/noticias\/?s={search_term_string}\"},\"query-input\":{\"@type\":\"PropertyValueSpecification\",\"valueRequired\":true,\"valueName\":\"search_term_string\"}}],\"inLanguage\":\"es-AR\"},{\"@type\":\"Person\",\"@id\":\"https:\/\/www.diario21.tv\/noticias\/#\/schema\/person\/dfb778f73814d8f09f302618446a526b\",\"name\":\"Juan P\u00e9rez\",\"image\":{\"@type\":\"ImageObject\",\"inLanguage\":\"es-AR\",\"@id\":\"https:\/\/www.diario21.tv\/noticias\/#\/schema\/person\/image\/\",\"url\":\"https:\/\/secure.gravatar.com\/avatar\/c478a405bd10621167f4c3167cc770f5?s=96&d=mm&r=g\",\"contentUrl\":\"https:\/\/secure.gravatar.com\/avatar\/c478a405bd10621167f4c3167cc770f5?s=96&d=mm&r=g\",\"caption\":\"Juan P\u00e9rez\"},\"description\":\"Juan P\u00e9rez es el redactor en jefe de Diario 21. Con m\u00e1s de 10 a\u00f1os de experiencia en el periodismo, se especializa en pol\u00edtica nacional y an\u00e1lisis socioecon\u00f3mico. Su enfoque cr\u00edtico y riguroso aporta una perspectiva \u00fanica a cada art\u00edculo.\",\"sameAs\":[\"https:\/\/www.diario21.tv\/noticias\/\"],\"url\":\"https:\/\/www.diario21.tv\/noticias\/author\/juan-perez\/\"}]}<\/script>\n<!-- \/ Yoast SEO plugin. -->","yoast_head_json":{"title":"\u00a1Exclusivo! Fin del registro en s\u00f3tano del sospechoso por la muerte de Esther L\u00f3pez tras 15 horas intensas - Diario 21","robots":{"index":"index","follow":"follow","max-snippet":"max-snippet:-1","max-image-preview":"max-image-preview:large","max-video-preview":"max-video-preview:-1"},"canonical":"https:\/\/www.diario21.tv\/noticias\/exclusivo-fin-del-registro-en-sotano-del-sospechoso-por-la-muerte-de-esther-lopez-tras-15-horas-intensas\/","og_locale":"es_ES","og_type":"article","og_title":"\u00a1Exclusivo! Fin del registro en s\u00f3tano del sospechoso por la muerte de Esther L\u00f3pez tras 15 horas intensas - Diario 21","og_description":"La Guardia Civil Finaliza la Inspecci\u00f3n del S\u00f3tano del Sospechoso en el Caso de Esther L\u00f3pez Tras Extensa B\u00fasqueda Despu\u00e9s de una exhaustiva b\u00fasqueda que super\u00f3 ... Seguir leyendo &rarr;","og_url":"https:\/\/www.diario21.tv\/noticias\/exclusivo-fin-del-registro-en-sotano-del-sospechoso-por-la-muerte-de-esther-lopez-tras-15-horas-intensas\/","og_site_name":"Diario 21","article_published_time":"2026-04-19T05:33:21+00:00","article_modified_time":"2026-04-19T05:33:23+00:00","og_image":[{"width":1200,"height":840,"url":"https:\/\/www.diario21.tv\/noticias\/wp-content\/uploads\/2026\/04\/\u00a1Exclusivo-Fin-del-registro-en-sotano-del-sospechoso-por-la.JPG","type":"image\/jpeg"}],"author":"Juan P\u00e9rez","twitter_card":"summary_large_image","twitter_misc":{"Escrito por":"Juan P\u00e9rez","Tiempo de lectura":"2 minutos"},"schema":{"@context":"https:\/\/schema.org","@graph":[{"@type":"WebPage","@id":"https:\/\/www.diario21.tv\/noticias\/exclusivo-fin-del-registro-en-sotano-del-sospechoso-por-la-muerte-de-esther-lopez-tras-15-horas-intensas\/","url":"https:\/\/www.diario21.tv\/noticias\/exclusivo-fin-del-registro-en-sotano-del-sospechoso-por-la-muerte-de-esther-lopez-tras-15-horas-intensas\/","name":"\u00a1Exclusivo! Fin del registro en s\u00f3tano del sospechoso por la muerte de Esther L\u00f3pez tras 15 horas intensas - Diario 21","isPartOf":{"@id":"https:\/\/www.diario21.tv\/noticias\/#website"},"primaryImageOfPage":{"@id":"https:\/\/www.diario21.tv\/noticias\/exclusivo-fin-del-registro-en-sotano-del-sospechoso-por-la-muerte-de-esther-lopez-tras-15-horas-intensas\/#primaryimage"},"image":{"@id":"https:\/\/www.diario21.tv\/noticias\/exclusivo-fin-del-registro-en-sotano-del-sospechoso-por-la-muerte-de-esther-lopez-tras-15-horas-intensas\/#primaryimage"},"thumbnailUrl":"https:\/\/www.diario21.tv\/noticias\/wp-content\/uploads\/2026\/04\/\u00a1Exclusivo-Fin-del-registro-en-sotano-del-sospechoso-por-la.JPG","datePublished":"2026-04-19T05:33:21+00:00","dateModified":"2026-04-19T05:33:23+00:00","author":{"@id":"https:\/\/www.diario21.tv\/noticias\/#\/schema\/person\/dfb778f73814d8f09f302618446a526b"},"breadcrumb":{"@id":"https:\/\/www.diario21.tv\/noticias\/exclusivo-fin-del-registro-en-sotano-del-sospechoso-por-la-muerte-de-esther-lopez-tras-15-horas-intensas\/#breadcrumb"},"inLanguage":"es-AR","potentialAction":[{"@type":"ReadAction","target":["https:\/\/www.diario21.tv\/noticias\/exclusivo-fin-del-registro-en-sotano-del-sospechoso-por-la-muerte-de-esther-lopez-tras-15-horas-intensas\/"]}]},{"@type":"ImageObject","inLanguage":"es-AR","@id":"https:\/\/www.diario21.tv\/noticias\/exclusivo-fin-del-registro-en-sotano-del-sospechoso-por-la-muerte-de-esther-lopez-tras-15-horas-intensas\/#primaryimage","url":"https:\/\/www.diario21.tv\/noticias\/wp-content\/uploads\/2026\/04\/\u00a1Exclusivo-Fin-del-registro-en-sotano-del-sospechoso-por-la.JPG","contentUrl":"https:\/\/www.diario21.tv\/noticias\/wp-content\/uploads\/2026\/04\/\u00a1Exclusivo-Fin-del-registro-en-sotano-del-sospechoso-por-la.JPG","width":1200,"height":840,"caption":"La Guardia Civil concluye el registro del s\u00f3tano del investigado por la muerte de Esther L\u00f3pez tras m\u00e1s de quince horas"},{"@type":"BreadcrumbList","@id":"https:\/\/www.diario21.tv\/noticias\/exclusivo-fin-del-registro-en-sotano-del-sospechoso-por-la-muerte-de-esther-lopez-tras-15-horas-intensas\/#breadcrumb","itemListElement":[{"@type":"ListItem","position":1,"name":"Accueil","item":"https:\/\/www.diario21.tv\/noticias\/"},{"@type":"ListItem","position":2,"name":"\u00a1Exclusivo! Fin del registro en s\u00f3tano del sospechoso por la muerte de Esther L\u00f3pez tras 15 horas intensas"}]},{"@type":"WebSite","@id":"https:\/\/www.diario21.tv\/noticias\/#website","url":"https:\/\/www.diario21.tv\/noticias\/","name":"Diario 21","description":"","potentialAction":[{"@type":"SearchAction","target":{"@type":"EntryPoint","urlTemplate":"https:\/\/www.diario21.tv\/noticias\/?s={search_term_string}"},"query-input":{"@type":"PropertyValueSpecification","valueRequired":true,"valueName":"search_term_string"}}],"inLanguage":"es-AR"},{"@type":"Person","@id":"https:\/\/www.diario21.tv\/noticias\/#\/schema\/person\/dfb778f73814d8f09f302618446a526b","name":"Juan P\u00e9rez","image":{"@type":"ImageObject","inLanguage":"es-AR","@id":"https:\/\/www.diario21.tv\/noticias\/#\/schema\/person\/image\/","url":"https:\/\/secure.gravatar.com\/avatar\/c478a405bd10621167f4c3167cc770f5?s=96&d=mm&r=g","contentUrl":"https:\/\/secure.gravatar.com\/avatar\/c478a405bd10621167f4c3167cc770f5?s=96&d=mm&r=g","caption":"Juan P\u00e9rez"},"description":"Juan P\u00e9rez es el redactor en jefe de Diario 21. Con m\u00e1s de 10 a\u00f1os de experiencia en el periodismo, se especializa en pol\u00edtica nacional y an\u00e1lisis socioecon\u00f3mico. Su enfoque cr\u00edtico y riguroso aporta una perspectiva \u00fanica a cada art\u00edculo.","sameAs":["https:\/\/www.diario21.tv\/noticias\/"],"url":"https:\/\/www.diario21.tv\/noticias\/author\/juan-perez\/"}]}},"_links":{"self":[{"href":"https:\/\/www.diario21.tv\/noticias\/wp-json\/wp\/v2\/posts\/6933"}],"collection":[{"href":"https:\/\/www.diario21.tv\/noticias\/wp-json\/wp\/v2\/posts"}],"about":[{"href":"https:\/\/www.diario21.tv\/noticias\/wp-json\/wp\/v2\/types\/post"}],"author":[{"embeddable":true,"href":"https:\/\/www.diario21.tv\/noticias\/wp-json\/wp\/v2\/users\/20"}],"replies":[{"embeddable":true,"href":"https:\/\/www.diario21.tv\/noticias\/wp-json\/wp\/v2\/comments?post=6933"}],"version-history":[{"count":1,"href":"https:\/\/www.diario21.tv\/noticias\/wp-json\/wp\/v2\/posts\/6933\/revisions"}],"predecessor-version":[{"id":6935,"href":"https:\/\/www.diario21.tv\/noticias\/wp-json\/wp\/v2\/posts\/6933\/revisions\/6935"}],"wp:featuredmedia":[{"embeddable":true,"href":"https:\/\/www.diario21.tv\/noticias\/wp-json\/wp\/v2\/media\/6934"}],"wp:attachment":[{"href":"https:\/\/www.diario21.tv\/noticias\/wp-json\/wp\/v2\/media?parent=6933"}],"wp:term":[{"taxonomy":"category","embeddable":true,"href":"https:\/\/www.diario21.tv\/noticias\/wp-json\/wp\/v2\/categories?post=6933"},{"taxonomy":"post_tag","embeddable":true,"href":"https:\/\/www.diario21.tv\/noticias\/wp-json\/wp\/v2\/tags?post=6933"}],"curies":[{"name":"wp","href":"https:\/\/api.w.org\/{rel}","templated":true}]}}